{"id":103118,"date":"2024-12-13T08:54:11","date_gmt":"2024-12-13T07:54:11","guid":{"rendered":"https:\/\/kulturonline.tv\/?p=103118"},"modified":"2024-12-13T08:54:13","modified_gmt":"2024-12-13T07:54:13","slug":"premiere-hundeadvent-wien","status":"publish","type":"post","link":"https:\/\/kulturonline.tv\/at\/premiere-hundeadvent-wien\/","title":{"rendered":"Premiere Hundeadvent Wien"},"content":{"rendered":"\n<p>Der gr\u00f6\u00dfte Adventmarkt f\u00fcr Hundeliebhaber in \u00d6sterreich<\/p>\n\n\n\n<p>Am 14. und 15. Dezember 2024 verwandelt sich das Schloss Neugeb\u00e4ude in Wien erstmals in ein Paradies f\u00fcr Hundefans: Der\u00a0<strong>Hundeadvent Wien<\/strong>\u00a0organisiert vom Team der EXOTICA\/Haustiermesse Wien lockt mit \u00fcber 50 Ausstellern. <\/p>\n\n\n\n<figure class=\"wp-block-image size-full\"><img fetchpriority=\"high\" decoding=\"async\" width=\"1280\" height=\"720\" src=\"https:\/\/kulturonline.tv\/wp-content\/uploads\/2024\/12\/puppy-4608266_1280-edited.jpg\" alt=\"\" class=\"wp-image-103121\" srcset=\"https:\/\/kulturonline.tv\/wp-content\/uploads\/2024\/12\/puppy-4608266_1280-edited.jpg 1280w, https:\/\/kulturonline.tv\/wp-content\/uploads\/2024\/12\/puppy-4608266_1280-edited-800x450.jpg 800w, https:\/\/kulturonline.tv\/wp-content\/uploads\/2024\/12\/puppy-4608266_1280-edited-768x432.jpg 768w\" sizes=\"(max-width: 1280px) 100vw, 1280px\" \/><\/figure>\n\n\n\n<p>Von 10:00 bis 18:00 Uhr k\u00f6nnen Besucher bei freiem Eintritt alles entdecken, was das Herz von Hund und Halter h\u00f6herschlagen l\u00e4sst.<br>Die meisten Aussteller sind kleine Manufakturen aus \u00d6sterreich mit handgemachten Produkten wie Hundem\u00e4nteln, Leinen, Halsb\u00e4ndern, Spielzeug, Leckerlis und Zubeh\u00f6r &#8211; alles einzigartig und besonders.<br><br>Neben den tollen St\u00e4nden gibt es auch ein spannendes Vortragsprogramm. Themen wie \u201eEntspannte Hundebegegnungen\u201c, oder \u201eAnti-Giftk\u00f6der-Training\u201c bieten praktische Tipps und Inspiration f\u00fcr den Alltag mit Hund. Die Expertinnen stehen nach den Vortr\u00e4gen f\u00fcr Fragen bereit.<\/p>\n\n\n\n<p>Kulinarisch kommen sowohl Menschen mit Adventleckereien als auch Hunde mit eigenen K\u00f6stlichkeiten im festlichen Ambiente des Schloss Neugeb\u00e4ude auf ihre Kosten.<\/p>\n\n\n\n<p>Der Eintritt ist frei und direkt beim Schloss gibt es&nbsp;<strong>hunderte gratis Parkpl\u00e4tze&nbsp;<\/strong>und eine eigene<strong>&nbsp;Busstation des 73A.<\/strong><br><strong>Mehr Infos auf&nbsp;<\/strong><a target=\"_blank\" rel=\"noreferrer noopener\" href=\"http:\/\/www.hundeadvent.at\/\"><strong>www.hundeadvent.at<\/strong><\/a><strong>.<\/strong><\/p>\n\n\n\n<p>Kultur Online TV-FM<\/p>\n\n\n\n<p>#livestyle #tiere #event #advent<\/p>\n","protected":false},"excerpt":{"rendered":"<p>Der gr\u00f6\u00dfte Adventmarkt f\u00fcr Hundeliebhaber in \u00d6sterreich Am 14. und 15. Dezember 2024 verwandelt sich das Schloss Neugeb\u00e4ude in Wien erstmals in ein Paradies f\u00fcr Hundefans: Der\u00a0Hundeadvent Wien\u00a0organisiert vom Team der EXOTICA\/Haustiermesse Wien lockt mit \u00fcber 50 Ausstellern. Von 10:00 bis 18:00 Uhr k\u00f6nnen Besucher bei freiem Eintritt alles entdecken, was das Herz von Hund [&hellip;]<\/p>\n","protected":false},"author":2,"featured_media":103122,"comment_status":"open","ping_status":"open","sticky":false,"template":"","format":"standard","meta":{"_acf_changed":false,"footnotes":""},"categories":[118,1],"tags":[],"class_list":["post-103118","post","type-post","status-publish","format-standard","has-post-thumbnail","hentry","category-uncategorized","category-unkategorisiert"],"acf":[],"yoast_head":"<!-- This site is optimized with the Yoast SEO plugin v26.1.1 - https:\/\/yoast.com\/wordpress\/plugins\/seo\/ -->\n<title>Premiere Hundeadvent Wien - Kultur Online TV &amp; FM<\/title>\n<meta name=\"description\" content=\"Kultur sehen und H\u00f6ren\" \/>\n<meta name=\"robots\" content=\"index, follow, max-snippet:-1, max-image-preview:large, max-video-preview:-1\" \/>\n<link rel=\"canonical\" href=\"https:\/\/kulturonline.tv\/at\/premiere-hundeadvent-wien\/\" \/>\n<meta property=\"og:locale\" content=\"de_DE\" \/>\n<meta property=\"og:type\" content=\"article\" \/>\n<meta property=\"og:title\" content=\"Premiere Hundeadvent Wien - Kultur Online TV &amp; FM\" \/>\n<meta property=\"og:description\" content=\"Kultur sehen und H\u00f6ren\" \/>\n<meta property=\"og:url\" content=\"https:\/\/kulturonline.tv\/at\/premiere-hundeadvent-wien\/\" \/>\n<meta property=\"og:site_name\" content=\"Kultur Online TV &amp; FM\" \/>\n<meta property=\"article:publisher\" content=\"https:\/\/www.facebook.com\/kulturonline.tv\" \/>\n<meta property=\"article:published_time\" content=\"2024-12-13T07:54:11+00:00\" \/>\n<meta property=\"article:modified_time\" content=\"2024-12-13T07:54:13+00:00\" \/>\n<meta property=\"og:image\" content=\"https:\/\/kulturonline.tv\/wp-content\/uploads\/2024\/12\/puppy-4608266_1280-edited.jpg\" \/>\n\t<meta property=\"og:image:width\" content=\"1280\" \/>\n\t<meta property=\"og:image:height\" content=\"720\" \/>\n\t<meta property=\"og:image:type\" content=\"image\/jpeg\" \/>\n<meta name=\"author\" content=\"guenter.wolfgang\" \/>\n<meta name=\"twitter:card\" content=\"summary_large_image\" \/>\n<meta name=\"twitter:label1\" content=\"Verfasst von\" \/>\n\t<meta name=\"twitter:data1\" content=\"guenter.wolfgang\" \/>\n\t<meta name=\"twitter:label2\" content=\"Gesch\u00e4tzte Lesezeit\" \/>\n\t<meta name=\"twitter:data2\" content=\"1 Minute\" \/>\n<script type=\"application\/ld+json\" class=\"yoast-schema-graph\">{\"@context\":\"https:\/\/schema.org\",\"@graph\":[{\"@type\":\"Article\",\"@id\":\"https:\/\/kulturonline.tv\/at\/premiere-hundeadvent-wien\/#article\",\"isPartOf\":{\"@id\":\"https:\/\/kulturonline.tv\/at\/premiere-hundeadvent-wien\/\"},\"author\":{\"name\":\"guenter.wolfgang\",\"@id\":\"https:\/\/kulturonline.tv\/at\/#\/schema\/person\/b0fac729bb9a0c193fb1df23449df4fe\"},\"headline\":\"Premiere Hundeadvent Wien\",\"datePublished\":\"2024-12-13T07:54:11+00:00\",\"dateModified\":\"2024-12-13T07:54:13+00:00\",\"mainEntityOfPage\":{\"@id\":\"https:\/\/kulturonline.tv\/at\/premiere-hundeadvent-wien\/\"},\"wordCount\":193,\"commentCount\":0,\"publisher\":{\"@id\":\"https:\/\/kulturonline.tv\/at\/#organization\"},\"image\":{\"@id\":\"https:\/\/kulturonline.tv\/at\/premiere-hundeadvent-wien\/#primaryimage\"},\"thumbnailUrl\":\"https:\/\/kulturonline.tv\/wp-content\/uploads\/2024\/12\/puppy-4608266_1280-edited.jpg\",\"articleSection\":[\"Uncategorized @at\",\"Unkategorisiert\"],\"inLanguage\":\"de-AT\",\"potentialAction\":[{\"@type\":\"CommentAction\",\"name\":\"Comment\",\"target\":[\"https:\/\/kulturonline.tv\/at\/premiere-hundeadvent-wien\/#respond\"]}]},{\"@type\":\"WebPage\",\"@id\":\"https:\/\/kulturonline.tv\/at\/premiere-hundeadvent-wien\/\",\"url\":\"https:\/\/kulturonline.tv\/at\/premiere-hundeadvent-wien\/\",\"name\":\"Premiere Hundeadvent Wien - Kultur Online TV &amp; FM\",\"isPartOf\":{\"@id\":\"https:\/\/kulturonline.tv\/at\/#website\"},\"primaryImageOfPage\":{\"@id\":\"https:\/\/kulturonline.tv\/at\/premiere-hundeadvent-wien\/#primaryimage\"},\"image\":{\"@id\":\"https:\/\/kulturonline.tv\/at\/premiere-hundeadvent-wien\/#primaryimage\"},\"thumbnailUrl\":\"https:\/\/kulturonline.tv\/wp-content\/uploads\/2024\/12\/puppy-4608266_1280-edited.jpg\",\"datePublished\":\"2024-12-13T07:54:11+00:00\",\"dateModified\":\"2024-12-13T07:54:13+00:00\",\"description\":\"Kultur sehen und H\u00f6ren\",\"breadcrumb\":{\"@id\":\"https:\/\/kulturonline.tv\/at\/premiere-hundeadvent-wien\/#breadcrumb\"},\"inLanguage\":\"de-AT\",\"potentialAction\":[{\"@type\":\"ReadAction\",\"target\":[\"https:\/\/kulturonline.tv\/at\/premiere-hundeadvent-wien\/\"]}]},{\"@type\":\"ImageObject\",\"inLanguage\":\"de-AT\",\"@id\":\"https:\/\/kulturonline.tv\/at\/premiere-hundeadvent-wien\/#primaryimage\",\"url\":\"https:\/\/kulturonline.tv\/wp-content\/uploads\/2024\/12\/puppy-4608266_1280-edited.jpg\",\"contentUrl\":\"https:\/\/kulturonline.tv\/wp-content\/uploads\/2024\/12\/puppy-4608266_1280-edited.jpg\",\"width\":1280,\"height\":720},{\"@type\":\"BreadcrumbList\",\"@id\":\"https:\/\/kulturonline.tv\/at\/premiere-hundeadvent-wien\/#breadcrumb\",\"itemListElement\":[{\"@type\":\"ListItem\",\"position\":1,\"name\":\"Startseite\",\"item\":\"https:\/\/kulturonline.tv\/at\/\"},{\"@type\":\"ListItem\",\"position\":2,\"name\":\"Premiere Hundeadvent Wien\"}]},{\"@type\":\"WebSite\",\"@id\":\"https:\/\/kulturonline.tv\/at\/#website\",\"url\":\"https:\/\/kulturonline.tv\/at\/\",\"name\":\"Kultur Online TV &amp; FM\",\"description\":\"Wir sind Kultur 2.0 zum sehen &amp; h\u00f6ren\",\"publisher\":{\"@id\":\"https:\/\/kulturonline.tv\/at\/#organization\"},\"potentialAction\":[{\"@type\":\"SearchAction\",\"target\":{\"@type\":\"EntryPoint\",\"urlTemplate\":\"https:\/\/kulturonline.tv\/at\/?s={search_term_string}\"},\"query-input\":{\"@type\":\"PropertyValueSpecification\",\"valueRequired\":true,\"valueName\":\"search_term_string\"}}],\"inLanguage\":\"de-AT\"},{\"@type\":\"Organization\",\"@id\":\"https:\/\/kulturonline.tv\/at\/#organization\",\"name\":\"Kultur Online TV\",\"url\":\"https:\/\/kulturonline.tv\/at\/\",\"logo\":{\"@type\":\"ImageObject\",\"inLanguage\":\"de-AT\",\"@id\":\"https:\/\/kulturonline.tv\/at\/#\/schema\/logo\/image\/\",\"url\":\"https:\/\/kulturonline.tv\/wp-content\/uploads\/2021\/08\/Kultur-Online-Tv-Logo-Endversion-neu.png\",\"contentUrl\":\"https:\/\/kulturonline.tv\/wp-content\/uploads\/2021\/08\/Kultur-Online-Tv-Logo-Endversion-neu.png\",\"width\":200,\"height\":200,\"caption\":\"Kultur Online TV\"},\"image\":{\"@id\":\"https:\/\/kulturonline.tv\/at\/#\/schema\/logo\/image\/\"},\"sameAs\":[\"https:\/\/www.facebook.com\/kulturonline.tv\",\"https:\/\/www.instagram.com\/kulturonline.tv\"]},{\"@type\":\"Person\",\"@id\":\"https:\/\/kulturonline.tv\/at\/#\/schema\/person\/b0fac729bb9a0c193fb1df23449df4fe\",\"name\":\"guenter.wolfgang\"}]}<\/script>\n<!-- \/ Yoast SEO plugin. -->","yoast_head_json":{"title":"Premiere Hundeadvent Wien - Kultur Online TV &amp; FM","description":"Kultur sehen und H\u00f6ren","robots":{"index":"index","follow":"follow","max-snippet":"max-snippet:-1","max-image-preview":"max-image-preview:large","max-video-preview":"max-video-preview:-1"},"canonical":"https:\/\/kulturonline.tv\/at\/premiere-hundeadvent-wien\/","og_locale":"de_DE","og_type":"article","og_title":"Premiere Hundeadvent Wien - Kultur Online TV &amp; FM","og_description":"Kultur sehen und H\u00f6ren","og_url":"https:\/\/kulturonline.tv\/at\/premiere-hundeadvent-wien\/","og_site_name":"Kultur Online TV &amp; FM","article_publisher":"https:\/\/www.facebook.com\/kulturonline.tv","article_published_time":"2024-12-13T07:54:11+00:00","article_modified_time":"2024-12-13T07:54:13+00:00","og_image":[{"width":1280,"height":720,"url":"https:\/\/kulturonline.tv\/wp-content\/uploads\/2024\/12\/puppy-4608266_1280-edited.jpg","type":"image\/jpeg"}],"author":"guenter.wolfgang","twitter_card":"summary_large_image","twitter_misc":{"Verfasst von":"guenter.wolfgang","Gesch\u00e4tzte Lesezeit":"1 Minute"},"schema":{"@context":"https:\/\/schema.org","@graph":[{"@type":"Article","@id":"https:\/\/kulturonline.tv\/at\/premiere-hundeadvent-wien\/#article","isPartOf":{"@id":"https:\/\/kulturonline.tv\/at\/premiere-hundeadvent-wien\/"},"author":{"name":"guenter.wolfgang","@id":"https:\/\/kulturonline.tv\/at\/#\/schema\/person\/b0fac729bb9a0c193fb1df23449df4fe"},"headline":"Premiere Hundeadvent Wien","datePublished":"2024-12-13T07:54:11+00:00","dateModified":"2024-12-13T07:54:13+00:00","mainEntityOfPage":{"@id":"https:\/\/kulturonline.tv\/at\/premiere-hundeadvent-wien\/"},"wordCount":193,"commentCount":0,"publisher":{"@id":"https:\/\/kulturonline.tv\/at\/#organization"},"image":{"@id":"https:\/\/kulturonline.tv\/at\/premiere-hundeadvent-wien\/#primaryimage"},"thumbnailUrl":"https:\/\/kulturonline.tv\/wp-content\/uploads\/2024\/12\/puppy-4608266_1280-edited.jpg","articleSection":["Uncategorized @at","Unkategorisiert"],"inLanguage":"de-AT","potentialAction":[{"@type":"CommentAction","name":"Comment","target":["https:\/\/kulturonline.tv\/at\/premiere-hundeadvent-wien\/#respond"]}]},{"@type":"WebPage","@id":"https:\/\/kulturonline.tv\/at\/premiere-hundeadvent-wien\/","url":"https:\/\/kulturonline.tv\/at\/premiere-hundeadvent-wien\/","name":"Premiere Hundeadvent Wien - Kultur Online TV &amp; FM","isPartOf":{"@id":"https:\/\/kulturonline.tv\/at\/#website"},"primaryImageOfPage":{"@id":"https:\/\/kulturonline.tv\/at\/premiere-hundeadvent-wien\/#primaryimage"},"image":{"@id":"https:\/\/kulturonline.tv\/at\/premiere-hundeadvent-wien\/#primaryimage"},"thumbnailUrl":"https:\/\/kulturonline.tv\/wp-content\/uploads\/2024\/12\/puppy-4608266_1280-edited.jpg","datePublished":"2024-12-13T07:54:11+00:00","dateModified":"2024-12-13T07:54:13+00:00","description":"Kultur sehen und H\u00f6ren","breadcrumb":{"@id":"https:\/\/kulturonline.tv\/at\/premiere-hundeadvent-wien\/#breadcrumb"},"inLanguage":"de-AT","potentialAction":[{"@type":"ReadAction","target":["https:\/\/kulturonline.tv\/at\/premiere-hundeadvent-wien\/"]}]},{"@type":"ImageObject","inLanguage":"de-AT","@id":"https:\/\/kulturonline.tv\/at\/premiere-hundeadvent-wien\/#primaryimage","url":"https:\/\/kulturonline.tv\/wp-content\/uploads\/2024\/12\/puppy-4608266_1280-edited.jpg","contentUrl":"https:\/\/kulturonline.tv\/wp-content\/uploads\/2024\/12\/puppy-4608266_1280-edited.jpg","width":1280,"height":720},{"@type":"BreadcrumbList","@id":"https:\/\/kulturonline.tv\/at\/premiere-hundeadvent-wien\/#breadcrumb","itemListElement":[{"@type":"ListItem","position":1,"name":"Startseite","item":"https:\/\/kulturonline.tv\/at\/"},{"@type":"ListItem","position":2,"name":"Premiere Hundeadvent Wien"}]},{"@type":"WebSite","@id":"https:\/\/kulturonline.tv\/at\/#website","url":"https:\/\/kulturonline.tv\/at\/","name":"Kultur Online TV &amp; FM","description":"Wir sind Kultur 2.0 zum sehen &amp; h\u00f6ren","publisher":{"@id":"https:\/\/kulturonline.tv\/at\/#organization"},"potentialAction":[{"@type":"SearchAction","target":{"@type":"EntryPoint","urlTemplate":"https:\/\/kulturonline.tv\/at\/?s={search_term_string}"},"query-input":{"@type":"PropertyValueSpecification","valueRequired":true,"valueName":"search_term_string"}}],"inLanguage":"de-AT"},{"@type":"Organization","@id":"https:\/\/kulturonline.tv\/at\/#organization","name":"Kultur Online TV","url":"https:\/\/kulturonline.tv\/at\/","logo":{"@type":"ImageObject","inLanguage":"de-AT","@id":"https:\/\/kulturonline.tv\/at\/#\/schema\/logo\/image\/","url":"https:\/\/kulturonline.tv\/wp-content\/uploads\/2021\/08\/Kultur-Online-Tv-Logo-Endversion-neu.png","contentUrl":"https:\/\/kulturonline.tv\/wp-content\/uploads\/2021\/08\/Kultur-Online-Tv-Logo-Endversion-neu.png","width":200,"height":200,"caption":"Kultur Online TV"},"image":{"@id":"https:\/\/kulturonline.tv\/at\/#\/schema\/logo\/image\/"},"sameAs":["https:\/\/www.facebook.com\/kulturonline.tv","https:\/\/www.instagram.com\/kulturonline.tv"]},{"@type":"Person","@id":"https:\/\/kulturonline.tv\/at\/#\/schema\/person\/b0fac729bb9a0c193fb1df23449df4fe","name":"guenter.wolfgang"}]}},"_links":{"self":[{"href":"https:\/\/kulturonline.tv\/at\/wp-json\/wp\/v2\/posts\/103118","targetHints":{"allow":["GET"]}}],"collection":[{"href":"https:\/\/kulturonline.tv\/at\/wp-json\/wp\/v2\/posts"}],"about":[{"href":"https:\/\/kulturonline.tv\/at\/wp-json\/wp\/v2\/types\/post"}],"author":[{"embeddable":true,"href":"https:\/\/kulturonline.tv\/at\/wp-json\/wp\/v2\/users\/2"}],"replies":[{"embeddable":true,"href":"https:\/\/kulturonline.tv\/at\/wp-json\/wp\/v2\/comments?post=103118"}],"version-history":[{"count":1,"href":"https:\/\/kulturonline.tv\/at\/wp-json\/wp\/v2\/posts\/103118\/revisions"}],"predecessor-version":[{"id":103123,"href":"https:\/\/kulturonline.tv\/at\/wp-json\/wp\/v2\/posts\/103118\/revisions\/103123"}],"wp:featuredmedia":[{"embeddable":true,"href":"https:\/\/kulturonline.tv\/at\/wp-json\/wp\/v2\/media\/103122"}],"wp:attachment":[{"href":"https:\/\/kulturonline.tv\/at\/wp-json\/wp\/v2\/media?parent=103118"}],"wp:term":[{"taxonomy":"category","embeddable":true,"href":"https:\/\/kulturonline.tv\/at\/wp-json\/wp\/v2\/categories?post=103118"},{"taxonomy":"post_tag","embeddable":true,"href":"https:\/\/kulturonline.tv\/at\/wp-json\/wp\/v2\/tags?post=103118"}],"curies":[{"name":"wp","href":"https:\/\/api.w.org\/{rel}","templated":true}]}}