{"id":10587,"date":"2021-11-01T18:58:34","date_gmt":"2021-11-01T17:58:34","guid":{"rendered":"https:\/\/kulturonline.tv\/?p=10587"},"modified":"2021-11-01T19:00:47","modified_gmt":"2021-11-01T18:00:47","slug":"tochter-sarah-biasini-mit-intimem-buch-ueber-romy-schneider","status":"publish","type":"post","link":"https:\/\/kulturonline.tv\/at\/tochter-sarah-biasini-mit-intimem-buch-ueber-romy-schneider\/","title":{"rendered":"Tochter Sarah Biasini mit intimem Buch \u00fcber Romy Schneider"},"content":{"rendered":"\n<figure class=\"wp-block-image size-full is-resized\"><img decoding=\"async\" src=\"https:\/\/kulturonline.tv\/wp-content\/uploads\/2021\/11\/Kultur-Online-TV-edited.jpg\" alt=\"\" class=\"wp-image-10591\" width=\"784\" srcset=\"https:\/\/kulturonline.tv\/wp-content\/uploads\/2021\/11\/Kultur-Online-TV-edited.jpg 599w, https:\/\/kulturonline.tv\/wp-content\/uploads\/2021\/11\/Kultur-Online-TV-edited-416x234.jpg 416w\" sizes=\"(max-width: 599px) 100vw, 599px\" \/><figcaption>\u00a9APA\/AFP<\/figcaption><\/figure>\n\n\n\n<h4 class=\"wp-block-heading\"><strong> &#8222;Die Sch\u00f6nheit des Himmels&#8220; l\u00e4sst nicht vermuten, dass an Sarah Biasini bisher eine Literatin verloren gegangen ist. Dennoch ist es eine ber\u00fchrende Lekt\u00fcre &#8211; weil es nicht auf Effekt, sondern mit echtem Herzblut geschrieben ist. <\/strong><\/h4>\n\n\n\n<div class=\"wp-block-media-text alignwide is-stacked-on-mobile\" style=\"grid-template-columns:22% auto\"><figure class=\"wp-block-media-text__media\"><img fetchpriority=\"high\" decoding=\"async\" width=\"367\" height=\"599\" src=\"https:\/\/kulturonline.tv\/wp-content\/uploads\/2021\/11\/Die-Schoenheit-des-Himmels-1.jpeg\" alt=\"\" class=\"wp-image-10595 size-full\"\/><\/figure><div class=\"wp-block-media-text__content\">\n<h3 class=\"wp-block-heading\"><\/h3>\n\n\n\n<figure class=\"wp-block-embed is-type-video is-provider-youtube wp-block-embed-youtube wp-embed-aspect-16-9 wp-has-aspect-ratio\"><div class=\"wp-block-embed__wrapper\">\n<iframe title=\"Sarah Biasini: &quot;Die Sch\u00f6nheit des Himmels&quot;\" width=\"800\" height=\"450\" src=\"https:\/\/www.youtube.com\/embed\/lkqNh-Jxbds?feature=oembed\" frameborder=\"0\" allow=\"accelerometer; autoplay; clipboard-write; encrypted-media; gyroscope; picture-in-picture; web-share\" referrerpolicy=\"strict-origin-when-cross-origin\" allowfullscreen><\/iframe>\n<\/div><\/figure>\n\n\n\n<p><\/p>\n<\/div><\/div>\n\n\n\n<p>Romy Schneiders Tochter erz\u00e4hlt: poetische und intime Einblicke in ihr Leben abseits der \u00d6ffentlichkeit<\/p>\n\n\n\n<p>Eine Frau schreibt an ihre neugeborene Tochter. Sie erz\u00e4hlt ihr von ihren Freuden, ihren Leiden, ihren \u00c4ngsten und von einer Abwesenden, ihrer eigenen Mutter: der gro\u00dfen und unvergessenen Romy Schneider. Sarah Biasini sp\u00fcrt in ihrem ber\u00fchrenden Buch der Beziehung zu ihrer Mutter nach. Ein poetischer Text, der Fragen aufwirft: Wie w\u00e4chst man auf, wenn man die Mutter mit vier Jahren verliert? Wie lebt man weiter, wenn einem der Tod so fr\u00fch so nahekommt? Wie trauert man um eine Mutter, die von der ganzen Welt abg\u00f6ttisch verehrt wird? Die Antwort findet die Autorin bei sich, bei der Liebe ihrer Familie, ihrer Freunde, bei den Frauen, die ihr die Mutter ersetzt haben. Ein Buch \u00fcber das Leben, das weitergeht, trotz allem.<\/p>\n\n\n\n<p>Kultur Online TV<\/p>\n\n\n\n<p>#literatur #schauspiel<\/p>\n","protected":false},"excerpt":{"rendered":"<p>&#8222;Die Sch\u00f6nheit des Himmels&#8220; l\u00e4sst nicht vermuten, dass an Sarah Biasini bisher eine Literatin verloren gegangen ist. Dennoch ist es eine ber\u00fchrende Lekt\u00fcre &#8211; weil es nicht auf Effekt, sondern mit echtem Herzblut geschrieben ist. Romy Schneiders Tochter erz\u00e4hlt: poetische und intime Einblicke in ihr Leben abseits der \u00d6ffentlichkeit Eine Frau schreibt an ihre neugeborene [&hellip;]<\/p>\n","protected":false},"author":2,"featured_media":10591,"comment_status":"closed","ping_status":"closed","sticky":false,"template":"","format":"standard","meta":{"_acf_changed":false,"footnotes":""},"categories":[133],"tags":[],"class_list":["post-10587","post","type-post","status-publish","format-standard","has-post-thumbnail","hentry","category-literatur"],"acf":[],"yoast_head":"<!-- This site is optimized with the Yoast SEO plugin v26.1.1 - https:\/\/yoast.com\/wordpress\/plugins\/seo\/ -->\n<title>Tochter Sarah Biasini mit intimem Buch \u00fcber Romy Schneider - Kultur Online TV &amp; FM<\/title>\n<meta name=\"description\" content=\"Kultur sehen und H\u00f6ren\" \/>\n<meta name=\"robots\" content=\"index, follow, max-snippet:-1, max-image-preview:large, max-video-preview:-1\" \/>\n<link rel=\"canonical\" href=\"https:\/\/kulturonline.tv\/at\/tochter-sarah-biasini-mit-intimem-buch-ueber-romy-schneider\/\" \/>\n<meta property=\"og:locale\" content=\"de_DE\" \/>\n<meta property=\"og:type\" content=\"article\" \/>\n<meta property=\"og:title\" content=\"Tochter Sarah Biasini mit intimem Buch \u00fcber Romy Schneider - Kultur Online TV &amp; FM\" \/>\n<meta property=\"og:description\" content=\"Kultur sehen und H\u00f6ren\" \/>\n<meta property=\"og:url\" content=\"https:\/\/kulturonline.tv\/at\/tochter-sarah-biasini-mit-intimem-buch-ueber-romy-schneider\/\" \/>\n<meta property=\"og:site_name\" content=\"Kultur Online TV &amp; FM\" \/>\n<meta property=\"article:publisher\" content=\"https:\/\/www.facebook.com\/kulturonline.tv\" \/>\n<meta property=\"article:published_time\" content=\"2021-11-01T17:58:34+00:00\" \/>\n<meta property=\"article:modified_time\" content=\"2021-11-01T18:00:47+00:00\" \/>\n<meta property=\"og:image\" content=\"https:\/\/kulturonline.tv\/wp-content\/uploads\/2021\/11\/Kultur-Online-TV-edited.jpg\" \/>\n\t<meta property=\"og:image:width\" content=\"599\" \/>\n\t<meta property=\"og:image:height\" content=\"337\" \/>\n\t<meta property=\"og:image:type\" content=\"image\/jpeg\" \/>\n<meta name=\"author\" content=\"guenter.wolfgang\" \/>\n<meta name=\"twitter:card\" content=\"summary_large_image\" \/>\n<meta name=\"twitter:label1\" content=\"Verfasst von\" \/>\n\t<meta name=\"twitter:data1\" content=\"guenter.wolfgang\" \/>\n\t<meta name=\"twitter:label2\" content=\"Gesch\u00e4tzte Lesezeit\" \/>\n\t<meta name=\"twitter:data2\" content=\"2 Minuten\" \/>\n<script type=\"application\/ld+json\" class=\"yoast-schema-graph\">{\"@context\":\"https:\/\/schema.org\",\"@graph\":[{\"@type\":\"Article\",\"@id\":\"https:\/\/kulturonline.tv\/at\/tochter-sarah-biasini-mit-intimem-buch-ueber-romy-schneider\/#article\",\"isPartOf\":{\"@id\":\"https:\/\/kulturonline.tv\/at\/tochter-sarah-biasini-mit-intimem-buch-ueber-romy-schneider\/\"},\"author\":{\"name\":\"guenter.wolfgang\",\"@id\":\"https:\/\/kulturonline.tv\/at\/#\/schema\/person\/b0fac729bb9a0c193fb1df23449df4fe\"},\"headline\":\"Tochter Sarah Biasini mit intimem Buch \u00fcber Romy Schneider\",\"datePublished\":\"2021-11-01T17:58:34+00:00\",\"dateModified\":\"2021-11-01T18:00:47+00:00\",\"mainEntityOfPage\":{\"@id\":\"https:\/\/kulturonline.tv\/at\/tochter-sarah-biasini-mit-intimem-buch-ueber-romy-schneider\/\"},\"wordCount\":203,\"publisher\":{\"@id\":\"https:\/\/kulturonline.tv\/at\/#organization\"},\"image\":{\"@id\":\"https:\/\/kulturonline.tv\/at\/tochter-sarah-biasini-mit-intimem-buch-ueber-romy-schneider\/#primaryimage\"},\"thumbnailUrl\":\"https:\/\/kulturonline.tv\/wp-content\/uploads\/2021\/11\/Kultur-Online-TV-edited.jpg\",\"articleSection\":[\"Literatur\"],\"inLanguage\":\"de-AT\"},{\"@type\":\"WebPage\",\"@id\":\"https:\/\/kulturonline.tv\/at\/tochter-sarah-biasini-mit-intimem-buch-ueber-romy-schneider\/\",\"url\":\"https:\/\/kulturonline.tv\/at\/tochter-sarah-biasini-mit-intimem-buch-ueber-romy-schneider\/\",\"name\":\"Tochter Sarah Biasini mit intimem Buch \u00fcber Romy Schneider - Kultur Online TV &amp; FM\",\"isPartOf\":{\"@id\":\"https:\/\/kulturonline.tv\/at\/#website\"},\"primaryImageOfPage\":{\"@id\":\"https:\/\/kulturonline.tv\/at\/tochter-sarah-biasini-mit-intimem-buch-ueber-romy-schneider\/#primaryimage\"},\"image\":{\"@id\":\"https:\/\/kulturonline.tv\/at\/tochter-sarah-biasini-mit-intimem-buch-ueber-romy-schneider\/#primaryimage\"},\"thumbnailUrl\":\"https:\/\/kulturonline.tv\/wp-content\/uploads\/2021\/11\/Kultur-Online-TV-edited.jpg\",\"datePublished\":\"2021-11-01T17:58:34+00:00\",\"dateModified\":\"2021-11-01T18:00:47+00:00\",\"description\":\"Kultur sehen und H\u00f6ren\",\"breadcrumb\":{\"@id\":\"https:\/\/kulturonline.tv\/at\/tochter-sarah-biasini-mit-intimem-buch-ueber-romy-schneider\/#breadcrumb\"},\"inLanguage\":\"de-AT\",\"potentialAction\":[{\"@type\":\"ReadAction\",\"target\":[\"https:\/\/kulturonline.tv\/at\/tochter-sarah-biasini-mit-intimem-buch-ueber-romy-schneider\/\"]}]},{\"@type\":\"ImageObject\",\"inLanguage\":\"de-AT\",\"@id\":\"https:\/\/kulturonline.tv\/at\/tochter-sarah-biasini-mit-intimem-buch-ueber-romy-schneider\/#primaryimage\",\"url\":\"https:\/\/kulturonline.tv\/wp-content\/uploads\/2021\/11\/Kultur-Online-TV-edited.jpg\",\"contentUrl\":\"https:\/\/kulturonline.tv\/wp-content\/uploads\/2021\/11\/Kultur-Online-TV-edited.jpg\",\"width\":599,\"height\":337},{\"@type\":\"BreadcrumbList\",\"@id\":\"https:\/\/kulturonline.tv\/at\/tochter-sarah-biasini-mit-intimem-buch-ueber-romy-schneider\/#breadcrumb\",\"itemListElement\":[{\"@type\":\"ListItem\",\"position\":1,\"name\":\"Startseite\",\"item\":\"https:\/\/kulturonline.tv\/at\/\"},{\"@type\":\"ListItem\",\"position\":2,\"name\":\"Tochter Sarah Biasini mit intimem Buch \u00fcber Romy Schneider\"}]},{\"@type\":\"WebSite\",\"@id\":\"https:\/\/kulturonline.tv\/at\/#website\",\"url\":\"https:\/\/kulturonline.tv\/at\/\",\"name\":\"Kultur Online TV &amp; FM\",\"description\":\"Wir sind Kultur 2.0 zum sehen &amp; h\u00f6ren\",\"publisher\":{\"@id\":\"https:\/\/kulturonline.tv\/at\/#organization\"},\"potentialAction\":[{\"@type\":\"SearchAction\",\"target\":{\"@type\":\"EntryPoint\",\"urlTemplate\":\"https:\/\/kulturonline.tv\/at\/?s={search_term_string}\"},\"query-input\":{\"@type\":\"PropertyValueSpecification\",\"valueRequired\":true,\"valueName\":\"search_term_string\"}}],\"inLanguage\":\"de-AT\"},{\"@type\":\"Organization\",\"@id\":\"https:\/\/kulturonline.tv\/at\/#organization\",\"name\":\"Kultur Online TV\",\"url\":\"https:\/\/kulturonline.tv\/at\/\",\"logo\":{\"@type\":\"ImageObject\",\"inLanguage\":\"de-AT\",\"@id\":\"https:\/\/kulturonline.tv\/at\/#\/schema\/logo\/image\/\",\"url\":\"https:\/\/kulturonline.tv\/wp-content\/uploads\/2021\/08\/Kultur-Online-Tv-Logo-Endversion-neu.png\",\"contentUrl\":\"https:\/\/kulturonline.tv\/wp-content\/uploads\/2021\/08\/Kultur-Online-Tv-Logo-Endversion-neu.png\",\"width\":200,\"height\":200,\"caption\":\"Kultur Online TV\"},\"image\":{\"@id\":\"https:\/\/kulturonline.tv\/at\/#\/schema\/logo\/image\/\"},\"sameAs\":[\"https:\/\/www.facebook.com\/kulturonline.tv\",\"https:\/\/www.instagram.com\/kulturonline.tv\"]},{\"@type\":\"Person\",\"@id\":\"https:\/\/kulturonline.tv\/at\/#\/schema\/person\/b0fac729bb9a0c193fb1df23449df4fe\",\"name\":\"guenter.wolfgang\"}]}<\/script>\n<!-- \/ Yoast SEO plugin. -->","yoast_head_json":{"title":"Tochter Sarah Biasini mit intimem Buch \u00fcber Romy Schneider - Kultur Online TV &amp; FM","description":"Kultur sehen und H\u00f6ren","robots":{"index":"index","follow":"follow","max-snippet":"max-snippet:-1","max-image-preview":"max-image-preview:large","max-video-preview":"max-video-preview:-1"},"canonical":"https:\/\/kulturonline.tv\/at\/tochter-sarah-biasini-mit-intimem-buch-ueber-romy-schneider\/","og_locale":"de_DE","og_type":"article","og_title":"Tochter Sarah Biasini mit intimem Buch \u00fcber Romy Schneider - Kultur Online TV &amp; FM","og_description":"Kultur sehen und H\u00f6ren","og_url":"https:\/\/kulturonline.tv\/at\/tochter-sarah-biasini-mit-intimem-buch-ueber-romy-schneider\/","og_site_name":"Kultur Online TV &amp; FM","article_publisher":"https:\/\/www.facebook.com\/kulturonline.tv","article_published_time":"2021-11-01T17:58:34+00:00","article_modified_time":"2021-11-01T18:00:47+00:00","og_image":[{"width":599,"height":337,"url":"https:\/\/kulturonline.tv\/wp-content\/uploads\/2021\/11\/Kultur-Online-TV-edited.jpg","type":"image\/jpeg"}],"author":"guenter.wolfgang","twitter_card":"summary_large_image","twitter_misc":{"Verfasst von":"guenter.wolfgang","Gesch\u00e4tzte Lesezeit":"2 Minuten"},"schema":{"@context":"https:\/\/schema.org","@graph":[{"@type":"Article","@id":"https:\/\/kulturonline.tv\/at\/tochter-sarah-biasini-mit-intimem-buch-ueber-romy-schneider\/#article","isPartOf":{"@id":"https:\/\/kulturonline.tv\/at\/tochter-sarah-biasini-mit-intimem-buch-ueber-romy-schneider\/"},"author":{"name":"guenter.wolfgang","@id":"https:\/\/kulturonline.tv\/at\/#\/schema\/person\/b0fac729bb9a0c193fb1df23449df4fe"},"headline":"Tochter Sarah Biasini mit intimem Buch \u00fcber Romy Schneider","datePublished":"2021-11-01T17:58:34+00:00","dateModified":"2021-11-01T18:00:47+00:00","mainEntityOfPage":{"@id":"https:\/\/kulturonline.tv\/at\/tochter-sarah-biasini-mit-intimem-buch-ueber-romy-schneider\/"},"wordCount":203,"publisher":{"@id":"https:\/\/kulturonline.tv\/at\/#organization"},"image":{"@id":"https:\/\/kulturonline.tv\/at\/tochter-sarah-biasini-mit-intimem-buch-ueber-romy-schneider\/#primaryimage"},"thumbnailUrl":"https:\/\/kulturonline.tv\/wp-content\/uploads\/2021\/11\/Kultur-Online-TV-edited.jpg","articleSection":["Literatur"],"inLanguage":"de-AT"},{"@type":"WebPage","@id":"https:\/\/kulturonline.tv\/at\/tochter-sarah-biasini-mit-intimem-buch-ueber-romy-schneider\/","url":"https:\/\/kulturonline.tv\/at\/tochter-sarah-biasini-mit-intimem-buch-ueber-romy-schneider\/","name":"Tochter Sarah Biasini mit intimem Buch \u00fcber Romy Schneider - Kultur Online TV &amp; FM","isPartOf":{"@id":"https:\/\/kulturonline.tv\/at\/#website"},"primaryImageOfPage":{"@id":"https:\/\/kulturonline.tv\/at\/tochter-sarah-biasini-mit-intimem-buch-ueber-romy-schneider\/#primaryimage"},"image":{"@id":"https:\/\/kulturonline.tv\/at\/tochter-sarah-biasini-mit-intimem-buch-ueber-romy-schneider\/#primaryimage"},"thumbnailUrl":"https:\/\/kulturonline.tv\/wp-content\/uploads\/2021\/11\/Kultur-Online-TV-edited.jpg","datePublished":"2021-11-01T17:58:34+00:00","dateModified":"2021-11-01T18:00:47+00:00","description":"Kultur sehen und H\u00f6ren","breadcrumb":{"@id":"https:\/\/kulturonline.tv\/at\/tochter-sarah-biasini-mit-intimem-buch-ueber-romy-schneider\/#breadcrumb"},"inLanguage":"de-AT","potentialAction":[{"@type":"ReadAction","target":["https:\/\/kulturonline.tv\/at\/tochter-sarah-biasini-mit-intimem-buch-ueber-romy-schneider\/"]}]},{"@type":"ImageObject","inLanguage":"de-AT","@id":"https:\/\/kulturonline.tv\/at\/tochter-sarah-biasini-mit-intimem-buch-ueber-romy-schneider\/#primaryimage","url":"https:\/\/kulturonline.tv\/wp-content\/uploads\/2021\/11\/Kultur-Online-TV-edited.jpg","contentUrl":"https:\/\/kulturonline.tv\/wp-content\/uploads\/2021\/11\/Kultur-Online-TV-edited.jpg","width":599,"height":337},{"@type":"BreadcrumbList","@id":"https:\/\/kulturonline.tv\/at\/tochter-sarah-biasini-mit-intimem-buch-ueber-romy-schneider\/#breadcrumb","itemListElement":[{"@type":"ListItem","position":1,"name":"Startseite","item":"https:\/\/kulturonline.tv\/at\/"},{"@type":"ListItem","position":2,"name":"Tochter Sarah Biasini mit intimem Buch \u00fcber Romy Schneider"}]},{"@type":"WebSite","@id":"https:\/\/kulturonline.tv\/at\/#website","url":"https:\/\/kulturonline.tv\/at\/","name":"Kultur Online TV &amp; FM","description":"Wir sind Kultur 2.0 zum sehen &amp; h\u00f6ren","publisher":{"@id":"https:\/\/kulturonline.tv\/at\/#organization"},"potentialAction":[{"@type":"SearchAction","target":{"@type":"EntryPoint","urlTemplate":"https:\/\/kulturonline.tv\/at\/?s={search_term_string}"},"query-input":{"@type":"PropertyValueSpecification","valueRequired":true,"valueName":"search_term_string"}}],"inLanguage":"de-AT"},{"@type":"Organization","@id":"https:\/\/kulturonline.tv\/at\/#organization","name":"Kultur Online TV","url":"https:\/\/kulturonline.tv\/at\/","logo":{"@type":"ImageObject","inLanguage":"de-AT","@id":"https:\/\/kulturonline.tv\/at\/#\/schema\/logo\/image\/","url":"https:\/\/kulturonline.tv\/wp-content\/uploads\/2021\/08\/Kultur-Online-Tv-Logo-Endversion-neu.png","contentUrl":"https:\/\/kulturonline.tv\/wp-content\/uploads\/2021\/08\/Kultur-Online-Tv-Logo-Endversion-neu.png","width":200,"height":200,"caption":"Kultur Online TV"},"image":{"@id":"https:\/\/kulturonline.tv\/at\/#\/schema\/logo\/image\/"},"sameAs":["https:\/\/www.facebook.com\/kulturonline.tv","https:\/\/www.instagram.com\/kulturonline.tv"]},{"@type":"Person","@id":"https:\/\/kulturonline.tv\/at\/#\/schema\/person\/b0fac729bb9a0c193fb1df23449df4fe","name":"guenter.wolfgang"}]}},"_links":{"self":[{"href":"https:\/\/kulturonline.tv\/at\/wp-json\/wp\/v2\/posts\/10587","targetHints":{"allow":["GET"]}}],"collection":[{"href":"https:\/\/kulturonline.tv\/at\/wp-json\/wp\/v2\/posts"}],"about":[{"href":"https:\/\/kulturonline.tv\/at\/wp-json\/wp\/v2\/types\/post"}],"author":[{"embeddable":true,"href":"https:\/\/kulturonline.tv\/at\/wp-json\/wp\/v2\/users\/2"}],"replies":[{"embeddable":true,"href":"https:\/\/kulturonline.tv\/at\/wp-json\/wp\/v2\/comments?post=10587"}],"version-history":[{"count":0,"href":"https:\/\/kulturonline.tv\/at\/wp-json\/wp\/v2\/posts\/10587\/revisions"}],"wp:featuredmedia":[{"embeddable":true,"href":"https:\/\/kulturonline.tv\/at\/wp-json\/wp\/v2\/media\/10591"}],"wp:attachment":[{"href":"https:\/\/kulturonline.tv\/at\/wp-json\/wp\/v2\/media?parent=10587"}],"wp:term":[{"taxonomy":"category","embeddable":true,"href":"https:\/\/kulturonline.tv\/at\/wp-json\/wp\/v2\/categories?post=10587"},{"taxonomy":"post_tag","embeddable":true,"href":"https:\/\/kulturonline.tv\/at\/wp-json\/wp\/v2\/tags?post=10587"}],"curies":[{"name":"wp","href":"https:\/\/api.w.org\/{rel}","templated":true}]}}