{"id":109364,"date":"2025-05-05T19:36:49","date_gmt":"2025-05-05T17:36:49","guid":{"rendered":"https:\/\/kulturonline.tv\/supercar-woche-im-5-sterne-spa-hotel-jagdhof-stubaital\/"},"modified":"2025-05-05T19:43:17","modified_gmt":"2025-05-05T17:43:17","slug":"supercar-woche-im-5-sterne-spa-hotel-jagdhof-stubaital","status":"publish","type":"post","link":"https:\/\/kulturonline.tv\/at\/supercar-woche-im-5-sterne-spa-hotel-jagdhof-stubaital\/","title":{"rendered":"Supercar-Woche im 5-Sterne SPA Hotel Jagdhof -Stubaital"},"content":{"rendered":"\n<figure class=\"wp-block-image size-large\"><img fetchpriority=\"high\" decoding=\"async\" width=\"2560\" height=\"1440\" src=\"https:\/\/kulturonline.tv\/wp-content\/uploads\/2025\/05\/Kultur-Online-TV-FM-edited-scaled.jpg\" alt=\"\" class=\"wp-image-109353\" srcset=\"https:\/\/kulturonline.tv\/wp-content\/uploads\/2025\/05\/Kultur-Online-TV-FM-edited-scaled.jpg 2560w, https:\/\/kulturonline.tv\/wp-content\/uploads\/2025\/05\/Kultur-Online-TV-FM-edited-800x450.jpg 800w, https:\/\/kulturonline.tv\/wp-content\/uploads\/2025\/05\/Kultur-Online-TV-FM-edited-1600x900.jpg 1600w, https:\/\/kulturonline.tv\/wp-content\/uploads\/2025\/05\/Kultur-Online-TV-FM-edited-768x432.jpg 768w, https:\/\/kulturonline.tv\/wp-content\/uploads\/2025\/05\/Kultur-Online-TV-FM-edited-1536x864.jpg 1536w, https:\/\/kulturonline.tv\/wp-content\/uploads\/2025\/05\/Kultur-Online-TV-FM-edited-2048x1152.jpg 2048w\" sizes=\"(max-width: 2560px) 100vw, 2560px\" \/><\/figure>\n\n\n\n<h5 class=\"wp-block-heading\">\u00a9 Bild Jagdhof \/ Zierer Communication<\/h5>\n\n\n\n<p><strong>11. bis 18. Mai 2025 f\u00fcr Sportautos mit 300 oder mehr PS<\/strong><\/p>\n\n\n\n<div class=\"wp-block-media-text is-stacked-on-mobile\" style=\"grid-template-columns:38% auto\"><figure class=\"wp-block-media-text__media\"><img decoding=\"async\" width=\"868\" height=\"490\" src=\"https:\/\/kulturonline.tv\/wp-content\/uploads\/2024\/10\/tipp-transparent.png\" alt=\"\" class=\"wp-image-99357 size-full\" srcset=\"https:\/\/kulturonline.tv\/wp-content\/uploads\/2024\/10\/tipp-transparent.png 868w, https:\/\/kulturonline.tv\/wp-content\/uploads\/2024\/10\/tipp-transparent-800x452.png 800w, https:\/\/kulturonline.tv\/wp-content\/uploads\/2024\/10\/tipp-transparent-768x434.png 768w\" sizes=\"(max-width: 868px) 100vw, 868px\" \/><\/figure><div class=\"wp-block-media-text__content\">\n<p><\/p>\n<\/div><\/div>\n\n\n\n<p>Wenn Eleganz auf Leistung trifft und das R\u00f6hren kraftvoller Motoren durch die Bergwelt hallt, dann ist es Zeit f\u00fcr die erste Jagdhof Supercar-Woche! Vom 11. bis 18. Mai 2025 verwandelt sich das 5-Sterne Relais &amp; Ch\u00e2teaux SPA-Hotel Jagdhof im Stubaital in den Hotspot f\u00fcr Sportwagen-Enthusiasten mit Sportwagen mit 300 oder mehr PS. Atemberaubende P\u00e4sse, gl\u00e4nzende Karosserien und das unvergleichliche Gef\u00fchl der Stra\u00dfe \u2013 hier dreht sich alles um pure Faszination auf vier R\u00e4dern!<\/p>\n\n\n\n<figure class=\"wp-block-image size-large\"><img decoding=\"async\" width=\"2560\" height=\"1439\" src=\"https:\/\/kulturonline.tv\/wp-content\/uploads\/2025\/05\/Jagdhof_Supercar-Woche_03-c-AV-edited-scaled.jpg\" alt=\"\" class=\"wp-image-109361\" srcset=\"https:\/\/kulturonline.tv\/wp-content\/uploads\/2025\/05\/Jagdhof_Supercar-Woche_03-c-AV-edited-scaled.jpg 2560w, https:\/\/kulturonline.tv\/wp-content\/uploads\/2025\/05\/Jagdhof_Supercar-Woche_03-c-AV-edited-800x450.jpg 800w, https:\/\/kulturonline.tv\/wp-content\/uploads\/2025\/05\/Jagdhof_Supercar-Woche_03-c-AV-edited-1600x900.jpg 1600w, https:\/\/kulturonline.tv\/wp-content\/uploads\/2025\/05\/Jagdhof_Supercar-Woche_03-c-AV-edited-768x432.jpg 768w, https:\/\/kulturonline.tv\/wp-content\/uploads\/2025\/05\/Jagdhof_Supercar-Woche_03-c-AV-edited-1536x864.jpg 1536w, https:\/\/kulturonline.tv\/wp-content\/uploads\/2025\/05\/Jagdhof_Supercar-Woche_03-c-AV-edited-2048x1151.jpg 2048w\" sizes=\"(max-width: 2560px) 100vw, 2560px\" \/><\/figure>\n\n\n\n<h5 class=\"wp-block-heading\">\u00a9 Bild Jagdhof \/ Zierer Communication<\/h5>\n\n\n\n<h2 class=\"wp-block-heading\">Adrenalin auf kurvenreichen Traumstra\u00dfen<\/h2>\n\n\n\n<p>Vier ganzt\u00e4gige Ausfahrten f\u00fchren durch die beeindruckendsten Landschaften Tirols und dar\u00fcber hinaus. Die \u201eLakes &amp; Legends Tour\u201c, die legend\u00e4re Fahrt \u00fcber den Reschenpass, die alpine Performance am Gerlospass und das gro\u00dfe Finale am K\u00fchtaier Sattel \u2013 jede Strecke verspricht unvergessliche Fahrmomente und Panoramen, die das Herz h\u00f6her schlagen lassen.<\/p>\n\n\n\n<h2 class=\"wp-block-heading\">Ein Programm voller Stil und Eleganz<\/h2>\n\n\n\n<p>Neben den spektakul\u00e4ren Ausfahrten erwartet die G\u00e4ste ein abwechslungsreiches Rahmenprogramm. Ein BBQ auf der hauseigenen Isse-Alm, exklusive Livemusik-Abende und die glamour\u00f6se \u201e007-Night\u201c mit DJ-Party an der Hotelbar sorgen f\u00fcr unvergessliche Erlebnisse.<\/p>\n\n\n\n<figure class=\"wp-block-image size-large\"><img loading=\"lazy\" decoding=\"async\" width=\"2560\" height=\"1440\" src=\"https:\/\/kulturonline.tv\/wp-content\/uploads\/2025\/05\/Jagdhof_Supercar-Woche_05-c-AV-Media-edited-scaled.jpg\" alt=\"\" class=\"wp-image-109357\" srcset=\"https:\/\/kulturonline.tv\/wp-content\/uploads\/2025\/05\/Jagdhof_Supercar-Woche_05-c-AV-Media-edited-scaled.jpg 2560w, https:\/\/kulturonline.tv\/wp-content\/uploads\/2025\/05\/Jagdhof_Supercar-Woche_05-c-AV-Media-edited-800x450.jpg 800w, https:\/\/kulturonline.tv\/wp-content\/uploads\/2025\/05\/Jagdhof_Supercar-Woche_05-c-AV-Media-edited-1600x900.jpg 1600w, https:\/\/kulturonline.tv\/wp-content\/uploads\/2025\/05\/Jagdhof_Supercar-Woche_05-c-AV-Media-edited-768x432.jpg 768w, https:\/\/kulturonline.tv\/wp-content\/uploads\/2025\/05\/Jagdhof_Supercar-Woche_05-c-AV-Media-edited-1536x864.jpg 1536w, https:\/\/kulturonline.tv\/wp-content\/uploads\/2025\/05\/Jagdhof_Supercar-Woche_05-c-AV-Media-edited-2048x1152.jpg 2048w\" sizes=\"(max-width: 2560px) 100vw, 2560px\" \/><\/figure>\n\n\n\n<h5 class=\"wp-block-heading\">\u00a9 Bild Jagdhof \/ Zierer Communication<\/h5>\n\n\n\n<h2 class=\"wp-block-heading\">Luxuri\u00f6se Behaglichkeit mit Tiroler Flair bei der Unterkunft<\/h2>\n\n\n\n<p>Das Supercar-Arrangement ist zwischen dem 11. und 18. Mai ab zwei N\u00e4chten f\u00fcr 554 Euro pro Person im Doppelzimmer buchbar und beinhaltet:<br>\u00dcbernachtung im SPA-Hotel Jagdhof mit Gourmet-Halbpension<br>Vier gef\u00fchrte Ausfahrten inkl. der Mittagsstopps Galaabend \u201e007-Night\u201c mit DJ-Party und vielen Jagdhof-Inklusivleistungen.<\/p>\n\n\n\n<p>Buchungen und weitere Informationen direkt im Hotel unter Telefon +43 (0) 5226 2666 oder unter&nbsp;<a href=\"https:\/\/t37143c35.emailsys1a.net\/c\/282\/8311635\/775\/0\/663037\/162\/21138\/3188293cc5.html\" target=\"_blank\" rel=\"noreferrer noopener\">Offers.hotel-jagdhof.at\/highlights<\/a><\/p>\n\n\n\n<figure class=\"wp-block-embed is-type-video is-provider-youtube wp-block-embed-youtube wp-embed-aspect-16-9 wp-has-aspect-ratio\"><div class=\"wp-block-embed__wrapper\">\n<iframe title=\"Das 5-Sterne SPA-HOTEL Jagdhof in Neustift im Stubaital\" width=\"800\" height=\"450\" src=\"https:\/\/www.youtube.com\/embed\/XMIok68GsYo?feature=oembed\" frameborder=\"0\" allow=\"accelerometer; autoplay; clipboard-write; encrypted-media; gyroscope; picture-in-picture; web-share\" referrerpolicy=\"strict-origin-when-cross-origin\" allowfullscreen><\/iframe>\n<\/div><\/figure>\n\n\n\n<h5 class=\"wp-block-heading\">\u00a9 Video Kultur Online TV<\/h5>\n\n\n\n<p><strong>5-Sterne-SPA-HOTEL Jagdhof*****<\/strong><\/p>\n\n\n\n<p>Das 5-Sterne-SPA-HOTEL Jagdhof im Stubaital in \u00d6sterreich bietet 70 Zimmer und Suiten (bis zu 115 m\u00b2) im traditionellen Tiroler Stil. Zu den Besonderheiten, des an die Vereinigung \u201eRelais &amp; Ch\u00e2teaux\u201c angeschlossenen Hotels, geh\u00f6ren der exquisite Weinkeller mit Rarit\u00e4ten aus der neuen und alten Welt, die Fondue-Gondel \u2013 das wohl kleinste Gourmet-Restaurant Tirols \u2013 sowie die mit Hauben und Michelin-Stern gekr\u00f6nte \u201eHubertusstube\u201c, in der die G\u00e4ste internationale K\u00fcche mit den besten regionalen Produkten erwartet. <\/p>\n\n\n\n<p>Mit 3.000 m\u00b2 bietet das jSPA eine einmalige Bade-, Relax- und Saunawelt mit einem vielf\u00e4ltigen Anwendungsangebot an Wirkstoff- und Naturkosmetik sowie mit exklusivem SPA-CHALET, das ultimativen Luxus gepaart mit authentischem Design, absolute Privatsph\u00e4re und atemberaubendem Gletscherblick bietet. <\/p>\n\n\n\n<p>Das Ski- und Wandergebiet Stubaier Gletscher und der 5.000 m\u00b2 gro\u00dfe Naturgarten des Hotels laden zu unterschiedlichsten Sportaktivit\u00e4ten in sagenhafter Naturkulisse ein. <\/p>\n\n\n\n<p>Kultur Online TV-FM<\/p>\n\n\n\n<p>#lifestyle #oldtimer #natur #tirol<\/p>\n","protected":false},"excerpt":{"rendered":"<p>\u00a9 Bild Jagdhof \/ Zierer Communication 11. bis 18. Mai 2025 f\u00fcr Sportautos mit 300 oder mehr PS Wenn Eleganz auf Leistung trifft und das R\u00f6hren kraftvoller Motoren durch die Bergwelt hallt, dann ist es Zeit f\u00fcr die erste Jagdhof Supercar-Woche! Vom 11. bis 18. Mai 2025 verwandelt sich das 5-Sterne Relais &amp; Ch\u00e2teaux SPA-Hotel [&hellip;]<\/p>\n","protected":false},"author":2,"featured_media":109354,"comment_status":"open","ping_status":"open","sticky":false,"template":"","format":"standard","meta":{"_acf_changed":false,"footnotes":""},"categories":[118],"tags":[],"class_list":["post-109364","post","type-post","status-publish","format-standard","has-post-thumbnail","hentry","category-uncategorized"],"acf":[],"yoast_head":"<!-- This site is optimized with the Yoast SEO plugin v26.1.1 - https:\/\/yoast.com\/wordpress\/plugins\/seo\/ -->\n<title>Supercar-Woche im 5-Sterne SPA Hotel Jagdhof -Stubaital - Kultur Online TV &amp; FM<\/title>\n<meta name=\"description\" content=\"Wenn Eleganz auf Leistung trifft und das R\u00f6hren kraftvoller Motoren durch die Bergwelt hallt, dann ist es Zeit f\u00fcr die erste Jagdhof Supercar-Woche!\" \/>\n<meta name=\"robots\" content=\"index, follow, max-snippet:-1, max-image-preview:large, max-video-preview:-1\" \/>\n<link rel=\"canonical\" href=\"https:\/\/kulturonline.tv\/at\/supercar-woche-im-5-sterne-spa-hotel-jagdhof-stubaital\/\" \/>\n<meta property=\"og:locale\" content=\"de_DE\" \/>\n<meta property=\"og:type\" content=\"article\" \/>\n<meta property=\"og:title\" content=\"Supercar-Woche im 5-Sterne SPA Hotel Jagdhof -Stubaital - Kultur Online TV &amp; FM\" \/>\n<meta property=\"og:description\" content=\"Wenn Eleganz auf Leistung trifft und das R\u00f6hren kraftvoller Motoren durch die Bergwelt hallt, dann ist es Zeit f\u00fcr die erste Jagdhof Supercar-Woche!\" \/>\n<meta property=\"og:url\" content=\"https:\/\/kulturonline.tv\/at\/supercar-woche-im-5-sterne-spa-hotel-jagdhof-stubaital\/\" \/>\n<meta property=\"og:site_name\" content=\"Kultur Online TV &amp; FM\" \/>\n<meta property=\"article:publisher\" content=\"https:\/\/www.facebook.com\/kulturonline.tv\" \/>\n<meta property=\"article:published_time\" content=\"2025-05-05T17:36:49+00:00\" \/>\n<meta property=\"article:modified_time\" content=\"2025-05-05T17:43:17+00:00\" \/>\n<meta property=\"og:image\" content=\"https:\/\/kulturonline.tv\/wp-content\/uploads\/2025\/05\/Kultur-Online-TV-FM-edited-scaled.jpg\" \/>\n\t<meta property=\"og:image:width\" content=\"2560\" \/>\n\t<meta property=\"og:image:height\" content=\"1440\" \/>\n\t<meta property=\"og:image:type\" content=\"image\/jpeg\" \/>\n<meta name=\"author\" content=\"guenter.wolfgang\" \/>\n<meta name=\"twitter:card\" content=\"summary_large_image\" \/>\n<meta name=\"twitter:label1\" content=\"Verfasst von\" \/>\n\t<meta name=\"twitter:data1\" content=\"guenter.wolfgang\" \/>\n\t<meta name=\"twitter:label2\" content=\"Gesch\u00e4tzte Lesezeit\" \/>\n\t<meta name=\"twitter:data2\" content=\"2 Minuten\" \/>\n<script type=\"application\/ld+json\" class=\"yoast-schema-graph\">{\"@context\":\"https:\/\/schema.org\",\"@graph\":[{\"@type\":\"Article\",\"@id\":\"https:\/\/kulturonline.tv\/at\/supercar-woche-im-5-sterne-spa-hotel-jagdhof-stubaital\/#article\",\"isPartOf\":{\"@id\":\"https:\/\/kulturonline.tv\/at\/supercar-woche-im-5-sterne-spa-hotel-jagdhof-stubaital\/\"},\"author\":{\"name\":\"guenter.wolfgang\",\"@id\":\"https:\/\/kulturonline.tv\/at\/#\/schema\/person\/b0fac729bb9a0c193fb1df23449df4fe\"},\"headline\":\"Supercar-Woche im 5-Sterne SPA Hotel Jagdhof -Stubaital\",\"datePublished\":\"2025-05-05T17:36:49+00:00\",\"dateModified\":\"2025-05-05T17:43:17+00:00\",\"mainEntityOfPage\":{\"@id\":\"https:\/\/kulturonline.tv\/at\/supercar-woche-im-5-sterne-spa-hotel-jagdhof-stubaital\/\"},\"wordCount\":428,\"commentCount\":0,\"publisher\":{\"@id\":\"https:\/\/kulturonline.tv\/at\/#organization\"},\"image\":{\"@id\":\"https:\/\/kulturonline.tv\/at\/supercar-woche-im-5-sterne-spa-hotel-jagdhof-stubaital\/#primaryimage\"},\"thumbnailUrl\":\"https:\/\/kulturonline.tv\/wp-content\/uploads\/2025\/05\/Kultur-Online-TV-FM-edited-scaled.jpg\",\"articleSection\":[\"Uncategorized @at\"],\"inLanguage\":\"de-AT\",\"potentialAction\":[{\"@type\":\"CommentAction\",\"name\":\"Comment\",\"target\":[\"https:\/\/kulturonline.tv\/at\/supercar-woche-im-5-sterne-spa-hotel-jagdhof-stubaital\/#respond\"]}]},{\"@type\":\"WebPage\",\"@id\":\"https:\/\/kulturonline.tv\/at\/supercar-woche-im-5-sterne-spa-hotel-jagdhof-stubaital\/\",\"url\":\"https:\/\/kulturonline.tv\/at\/supercar-woche-im-5-sterne-spa-hotel-jagdhof-stubaital\/\",\"name\":\"Supercar-Woche im 5-Sterne SPA Hotel Jagdhof -Stubaital - Kultur Online TV &amp; FM\",\"isPartOf\":{\"@id\":\"https:\/\/kulturonline.tv\/at\/#website\"},\"primaryImageOfPage\":{\"@id\":\"https:\/\/kulturonline.tv\/at\/supercar-woche-im-5-sterne-spa-hotel-jagdhof-stubaital\/#primaryimage\"},\"image\":{\"@id\":\"https:\/\/kulturonline.tv\/at\/supercar-woche-im-5-sterne-spa-hotel-jagdhof-stubaital\/#primaryimage\"},\"thumbnailUrl\":\"https:\/\/kulturonline.tv\/wp-content\/uploads\/2025\/05\/Kultur-Online-TV-FM-edited-scaled.jpg\",\"datePublished\":\"2025-05-05T17:36:49+00:00\",\"dateModified\":\"2025-05-05T17:43:17+00:00\",\"description\":\"Wenn Eleganz auf Leistung trifft und das R\u00f6hren kraftvoller Motoren durch die Bergwelt hallt, dann ist es Zeit f\u00fcr die erste Jagdhof Supercar-Woche!\",\"breadcrumb\":{\"@id\":\"https:\/\/kulturonline.tv\/at\/supercar-woche-im-5-sterne-spa-hotel-jagdhof-stubaital\/#breadcrumb\"},\"inLanguage\":\"de-AT\",\"potentialAction\":[{\"@type\":\"ReadAction\",\"target\":[\"https:\/\/kulturonline.tv\/at\/supercar-woche-im-5-sterne-spa-hotel-jagdhof-stubaital\/\"]}]},{\"@type\":\"ImageObject\",\"inLanguage\":\"de-AT\",\"@id\":\"https:\/\/kulturonline.tv\/at\/supercar-woche-im-5-sterne-spa-hotel-jagdhof-stubaital\/#primaryimage\",\"url\":\"https:\/\/kulturonline.tv\/wp-content\/uploads\/2025\/05\/Kultur-Online-TV-FM-edited-scaled.jpg\",\"contentUrl\":\"https:\/\/kulturonline.tv\/wp-content\/uploads\/2025\/05\/Kultur-Online-TV-FM-edited-scaled.jpg\",\"width\":2560,\"height\":1440},{\"@type\":\"BreadcrumbList\",\"@id\":\"https:\/\/kulturonline.tv\/at\/supercar-woche-im-5-sterne-spa-hotel-jagdhof-stubaital\/#breadcrumb\",\"itemListElement\":[{\"@type\":\"ListItem\",\"position\":1,\"name\":\"Startseite\",\"item\":\"https:\/\/kulturonline.tv\/at\/\"},{\"@type\":\"ListItem\",\"position\":2,\"name\":\"Supercar-Woche im 5-Sterne SPA Hotel Jagdhof -Stubaital\"}]},{\"@type\":\"WebSite\",\"@id\":\"https:\/\/kulturonline.tv\/at\/#website\",\"url\":\"https:\/\/kulturonline.tv\/at\/\",\"name\":\"Kultur Online TV &amp; FM\",\"description\":\"Wir sind Kultur 2.0 zum sehen &amp; h\u00f6ren\",\"publisher\":{\"@id\":\"https:\/\/kulturonline.tv\/at\/#organization\"},\"potentialAction\":[{\"@type\":\"SearchAction\",\"target\":{\"@type\":\"EntryPoint\",\"urlTemplate\":\"https:\/\/kulturonline.tv\/at\/?s={search_term_string}\"},\"query-input\":{\"@type\":\"PropertyValueSpecification\",\"valueRequired\":true,\"valueName\":\"search_term_string\"}}],\"inLanguage\":\"de-AT\"},{\"@type\":\"Organization\",\"@id\":\"https:\/\/kulturonline.tv\/at\/#organization\",\"name\":\"Kultur Online TV\",\"url\":\"https:\/\/kulturonline.tv\/at\/\",\"logo\":{\"@type\":\"ImageObject\",\"inLanguage\":\"de-AT\",\"@id\":\"https:\/\/kulturonline.tv\/at\/#\/schema\/logo\/image\/\",\"url\":\"https:\/\/kulturonline.tv\/wp-content\/uploads\/2021\/08\/Kultur-Online-Tv-Logo-Endversion-neu.png\",\"contentUrl\":\"https:\/\/kulturonline.tv\/wp-content\/uploads\/2021\/08\/Kultur-Online-Tv-Logo-Endversion-neu.png\",\"width\":200,\"height\":200,\"caption\":\"Kultur Online TV\"},\"image\":{\"@id\":\"https:\/\/kulturonline.tv\/at\/#\/schema\/logo\/image\/\"},\"sameAs\":[\"https:\/\/www.facebook.com\/kulturonline.tv\",\"https:\/\/www.instagram.com\/kulturonline.tv\"]},{\"@type\":\"Person\",\"@id\":\"https:\/\/kulturonline.tv\/at\/#\/schema\/person\/b0fac729bb9a0c193fb1df23449df4fe\",\"name\":\"guenter.wolfgang\"}]}<\/script>\n<!-- \/ Yoast SEO plugin. -->","yoast_head_json":{"title":"Supercar-Woche im 5-Sterne SPA Hotel Jagdhof -Stubaital - Kultur Online TV &amp; FM","description":"Wenn Eleganz auf Leistung trifft und das R\u00f6hren kraftvoller Motoren durch die Bergwelt hallt, dann ist es Zeit f\u00fcr die erste Jagdhof Supercar-Woche!","robots":{"index":"index","follow":"follow","max-snippet":"max-snippet:-1","max-image-preview":"max-image-preview:large","max-video-preview":"max-video-preview:-1"},"canonical":"https:\/\/kulturonline.tv\/at\/supercar-woche-im-5-sterne-spa-hotel-jagdhof-stubaital\/","og_locale":"de_DE","og_type":"article","og_title":"Supercar-Woche im 5-Sterne SPA Hotel Jagdhof -Stubaital - Kultur Online TV &amp; FM","og_description":"Wenn Eleganz auf Leistung trifft und das R\u00f6hren kraftvoller Motoren durch die Bergwelt hallt, dann ist es Zeit f\u00fcr die erste Jagdhof Supercar-Woche!","og_url":"https:\/\/kulturonline.tv\/at\/supercar-woche-im-5-sterne-spa-hotel-jagdhof-stubaital\/","og_site_name":"Kultur Online TV &amp; FM","article_publisher":"https:\/\/www.facebook.com\/kulturonline.tv","article_published_time":"2025-05-05T17:36:49+00:00","article_modified_time":"2025-05-05T17:43:17+00:00","og_image":[{"width":2560,"height":1440,"url":"https:\/\/kulturonline.tv\/wp-content\/uploads\/2025\/05\/Kultur-Online-TV-FM-edited-scaled.jpg","type":"image\/jpeg"}],"author":"guenter.wolfgang","twitter_card":"summary_large_image","twitter_misc":{"Verfasst von":"guenter.wolfgang","Gesch\u00e4tzte Lesezeit":"2 Minuten"},"schema":{"@context":"https:\/\/schema.org","@graph":[{"@type":"Article","@id":"https:\/\/kulturonline.tv\/at\/supercar-woche-im-5-sterne-spa-hotel-jagdhof-stubaital\/#article","isPartOf":{"@id":"https:\/\/kulturonline.tv\/at\/supercar-woche-im-5-sterne-spa-hotel-jagdhof-stubaital\/"},"author":{"name":"guenter.wolfgang","@id":"https:\/\/kulturonline.tv\/at\/#\/schema\/person\/b0fac729bb9a0c193fb1df23449df4fe"},"headline":"Supercar-Woche im 5-Sterne SPA Hotel Jagdhof -Stubaital","datePublished":"2025-05-05T17:36:49+00:00","dateModified":"2025-05-05T17:43:17+00:00","mainEntityOfPage":{"@id":"https:\/\/kulturonline.tv\/at\/supercar-woche-im-5-sterne-spa-hotel-jagdhof-stubaital\/"},"wordCount":428,"commentCount":0,"publisher":{"@id":"https:\/\/kulturonline.tv\/at\/#organization"},"image":{"@id":"https:\/\/kulturonline.tv\/at\/supercar-woche-im-5-sterne-spa-hotel-jagdhof-stubaital\/#primaryimage"},"thumbnailUrl":"https:\/\/kulturonline.tv\/wp-content\/uploads\/2025\/05\/Kultur-Online-TV-FM-edited-scaled.jpg","articleSection":["Uncategorized @at"],"inLanguage":"de-AT","potentialAction":[{"@type":"CommentAction","name":"Comment","target":["https:\/\/kulturonline.tv\/at\/supercar-woche-im-5-sterne-spa-hotel-jagdhof-stubaital\/#respond"]}]},{"@type":"WebPage","@id":"https:\/\/kulturonline.tv\/at\/supercar-woche-im-5-sterne-spa-hotel-jagdhof-stubaital\/","url":"https:\/\/kulturonline.tv\/at\/supercar-woche-im-5-sterne-spa-hotel-jagdhof-stubaital\/","name":"Supercar-Woche im 5-Sterne SPA Hotel Jagdhof -Stubaital - Kultur Online TV &amp; FM","isPartOf":{"@id":"https:\/\/kulturonline.tv\/at\/#website"},"primaryImageOfPage":{"@id":"https:\/\/kulturonline.tv\/at\/supercar-woche-im-5-sterne-spa-hotel-jagdhof-stubaital\/#primaryimage"},"image":{"@id":"https:\/\/kulturonline.tv\/at\/supercar-woche-im-5-sterne-spa-hotel-jagdhof-stubaital\/#primaryimage"},"thumbnailUrl":"https:\/\/kulturonline.tv\/wp-content\/uploads\/2025\/05\/Kultur-Online-TV-FM-edited-scaled.jpg","datePublished":"2025-05-05T17:36:49+00:00","dateModified":"2025-05-05T17:43:17+00:00","description":"Wenn Eleganz auf Leistung trifft und das R\u00f6hren kraftvoller Motoren durch die Bergwelt hallt, dann ist es Zeit f\u00fcr die erste Jagdhof Supercar-Woche!","breadcrumb":{"@id":"https:\/\/kulturonline.tv\/at\/supercar-woche-im-5-sterne-spa-hotel-jagdhof-stubaital\/#breadcrumb"},"inLanguage":"de-AT","potentialAction":[{"@type":"ReadAction","target":["https:\/\/kulturonline.tv\/at\/supercar-woche-im-5-sterne-spa-hotel-jagdhof-stubaital\/"]}]},{"@type":"ImageObject","inLanguage":"de-AT","@id":"https:\/\/kulturonline.tv\/at\/supercar-woche-im-5-sterne-spa-hotel-jagdhof-stubaital\/#primaryimage","url":"https:\/\/kulturonline.tv\/wp-content\/uploads\/2025\/05\/Kultur-Online-TV-FM-edited-scaled.jpg","contentUrl":"https:\/\/kulturonline.tv\/wp-content\/uploads\/2025\/05\/Kultur-Online-TV-FM-edited-scaled.jpg","width":2560,"height":1440},{"@type":"BreadcrumbList","@id":"https:\/\/kulturonline.tv\/at\/supercar-woche-im-5-sterne-spa-hotel-jagdhof-stubaital\/#breadcrumb","itemListElement":[{"@type":"ListItem","position":1,"name":"Startseite","item":"https:\/\/kulturonline.tv\/at\/"},{"@type":"ListItem","position":2,"name":"Supercar-Woche im 5-Sterne SPA Hotel Jagdhof -Stubaital"}]},{"@type":"WebSite","@id":"https:\/\/kulturonline.tv\/at\/#website","url":"https:\/\/kulturonline.tv\/at\/","name":"Kultur Online TV &amp; FM","description":"Wir sind Kultur 2.0 zum sehen &amp; h\u00f6ren","publisher":{"@id":"https:\/\/kulturonline.tv\/at\/#organization"},"potentialAction":[{"@type":"SearchAction","target":{"@type":"EntryPoint","urlTemplate":"https:\/\/kulturonline.tv\/at\/?s={search_term_string}"},"query-input":{"@type":"PropertyValueSpecification","valueRequired":true,"valueName":"search_term_string"}}],"inLanguage":"de-AT"},{"@type":"Organization","@id":"https:\/\/kulturonline.tv\/at\/#organization","name":"Kultur Online TV","url":"https:\/\/kulturonline.tv\/at\/","logo":{"@type":"ImageObject","inLanguage":"de-AT","@id":"https:\/\/kulturonline.tv\/at\/#\/schema\/logo\/image\/","url":"https:\/\/kulturonline.tv\/wp-content\/uploads\/2021\/08\/Kultur-Online-Tv-Logo-Endversion-neu.png","contentUrl":"https:\/\/kulturonline.tv\/wp-content\/uploads\/2021\/08\/Kultur-Online-Tv-Logo-Endversion-neu.png","width":200,"height":200,"caption":"Kultur Online TV"},"image":{"@id":"https:\/\/kulturonline.tv\/at\/#\/schema\/logo\/image\/"},"sameAs":["https:\/\/www.facebook.com\/kulturonline.tv","https:\/\/www.instagram.com\/kulturonline.tv"]},{"@type":"Person","@id":"https:\/\/kulturonline.tv\/at\/#\/schema\/person\/b0fac729bb9a0c193fb1df23449df4fe","name":"guenter.wolfgang"}]}},"_links":{"self":[{"href":"https:\/\/kulturonline.tv\/at\/wp-json\/wp\/v2\/posts\/109364","targetHints":{"allow":["GET"]}}],"collection":[{"href":"https:\/\/kulturonline.tv\/at\/wp-json\/wp\/v2\/posts"}],"about":[{"href":"https:\/\/kulturonline.tv\/at\/wp-json\/wp\/v2\/types\/post"}],"author":[{"embeddable":true,"href":"https:\/\/kulturonline.tv\/at\/wp-json\/wp\/v2\/users\/2"}],"replies":[{"embeddable":true,"href":"https:\/\/kulturonline.tv\/at\/wp-json\/wp\/v2\/comments?post=109364"}],"version-history":[{"count":3,"href":"https:\/\/kulturonline.tv\/at\/wp-json\/wp\/v2\/posts\/109364\/revisions"}],"predecessor-version":[{"id":109369,"href":"https:\/\/kulturonline.tv\/at\/wp-json\/wp\/v2\/posts\/109364\/revisions\/109369"}],"wp:featuredmedia":[{"embeddable":true,"href":"https:\/\/kulturonline.tv\/at\/wp-json\/wp\/v2\/media\/109354"}],"wp:attachment":[{"href":"https:\/\/kulturonline.tv\/at\/wp-json\/wp\/v2\/media?parent=109364"}],"wp:term":[{"taxonomy":"category","embeddable":true,"href":"https:\/\/kulturonline.tv\/at\/wp-json\/wp\/v2\/categories?post=109364"},{"taxonomy":"post_tag","embeddable":true,"href":"https:\/\/kulturonline.tv\/at\/wp-json\/wp\/v2\/tags?post=109364"}],"curies":[{"name":"wp","href":"https:\/\/api.w.org\/{rel}","templated":true}]}}