{"id":111031,"date":"2025-06-17T16:26:50","date_gmt":"2025-06-17T14:26:50","guid":{"rendered":"https:\/\/kulturonline.tv\/plattformen-verlage-in-der-verantwortung\/"},"modified":"2025-06-17T16:27:16","modified_gmt":"2025-06-17T14:27:16","slug":"plattformen-verlage-in-der-verantwortung","status":"publish","type":"post","link":"https:\/\/kulturonline.tv\/at\/plattformen-verlage-in-der-verantwortung\/","title":{"rendered":"Plattformen: Verlage in der Verantwortung?"},"content":{"rendered":"\n<p>Thorsten Schmiege, Pr\u00e4sident der Bayerischen Landeszentrale f\u00fcr neue Medien, vertritt die Auffassung, dass Internetplattformen genauso wie Zeitungsverlage f\u00fcr Rechtsverst\u00f6\u00dfe durch von ihnen verbreitete Inhalte haftbar gemacht werden sollten.<\/p>\n\n\n\n<figure class=\"wp-block-image size-full\"><img fetchpriority=\"high\" decoding=\"async\" width=\"1280\" height=\"720\" src=\"https:\/\/kulturonline.tv\/wp-content\/uploads\/2025\/06\/Kultur-Online-TV-Medien-edited.jpg\" alt=\"\" class=\"wp-image-111028\" srcset=\"https:\/\/kulturonline.tv\/wp-content\/uploads\/2025\/06\/Kultur-Online-TV-Medien-edited.jpg 1280w, https:\/\/kulturonline.tv\/wp-content\/uploads\/2025\/06\/Kultur-Online-TV-Medien-edited-800x450.jpg 800w, https:\/\/kulturonline.tv\/wp-content\/uploads\/2025\/06\/Kultur-Online-TV-Medien-edited-768x432.jpg 768w\" sizes=\"(max-width: 1280px) 100vw, 1280px\" \/><\/figure>\n\n\n\n<p>In einem Gastbeitrag f\u00fcr die Frankfurter Allgemeine pl\u00e4diert Schmiege f\u00fcr die Abschaffung des &#8222;Plattformprivilegs&#8220;. Er zieht einen direkten Vergleich: So wie Zeitungen f\u00fcr ihre Leserbriefseiten haften, sollten dies auch Plattformen f\u00fcr ihre Inhalte tun. Nur so, argumentiert er, k\u00f6nnten effektiv mehr illegale Inhalte entfernt werden.<\/p>\n\n\n\n<p>Kultur Online TV<\/p>\n\n\n\n<p>#medien #news<\/p>\n","protected":false},"excerpt":{"rendered":"<p>Thorsten Schmiege, Pr\u00e4sident der Bayerischen Landeszentrale f\u00fcr neue Medien, vertritt die Auffassung, dass Internetplattformen genauso wie Zeitungsverlage f\u00fcr Rechtsverst\u00f6\u00dfe durch von ihnen verbreitete Inhalte haftbar gemacht werden sollten. In einem Gastbeitrag f\u00fcr die Frankfurter Allgemeine pl\u00e4diert Schmiege f\u00fcr die Abschaffung des &#8222;Plattformprivilegs&#8220;. Er zieht einen direkten Vergleich: So wie Zeitungen f\u00fcr ihre Leserbriefseiten haften, sollten [&hellip;]<\/p>\n","protected":false},"author":2,"featured_media":111029,"comment_status":"open","ping_status":"open","sticky":false,"template":"","format":"standard","meta":{"_acf_changed":false,"footnotes":""},"categories":[188],"tags":[],"class_list":["post-111031","post","type-post","status-publish","format-standard","has-post-thumbnail","hentry","category-medien"],"acf":[],"yoast_head":"<!-- This site is optimized with the Yoast SEO plugin v26.1.1 - https:\/\/yoast.com\/wordpress\/plugins\/seo\/ -->\n<title>Plattformen: Verlage in der Verantwortung? - Kultur Online TV &amp; FM<\/title>\n<meta name=\"description\" content=\"Thorsten Schmiege, Pr\u00e4sident der Bayerischen Landeszentrale f\u00fcr neue Medien, vertritt die Auffassung, dass Internetplattformen genauso wie Zeitungsverlage f\u00fcr Rechtsverst\u00f6\u00dfe durch von ihnen verbreitete Inhalte haftbar gemacht werden sollten.\" \/>\n<meta name=\"robots\" content=\"index, follow, max-snippet:-1, max-image-preview:large, max-video-preview:-1\" \/>\n<link rel=\"canonical\" href=\"https:\/\/kulturonline.tv\/at\/plattformen-verlage-in-der-verantwortung\/\" \/>\n<meta property=\"og:locale\" content=\"de_DE\" \/>\n<meta property=\"og:type\" content=\"article\" \/>\n<meta property=\"og:title\" content=\"Plattformen: Verlage in der Verantwortung? - Kultur Online TV &amp; FM\" \/>\n<meta property=\"og:description\" content=\"Thorsten Schmiege, Pr\u00e4sident der Bayerischen Landeszentrale f\u00fcr neue Medien, vertritt die Auffassung, dass Internetplattformen genauso wie Zeitungsverlage f\u00fcr Rechtsverst\u00f6\u00dfe durch von ihnen verbreitete Inhalte haftbar gemacht werden sollten.\" \/>\n<meta property=\"og:url\" content=\"https:\/\/kulturonline.tv\/at\/plattformen-verlage-in-der-verantwortung\/\" \/>\n<meta property=\"og:site_name\" content=\"Kultur Online TV &amp; FM\" \/>\n<meta property=\"article:publisher\" content=\"https:\/\/www.facebook.com\/kulturonline.tv\" \/>\n<meta property=\"article:published_time\" content=\"2025-06-17T14:26:50+00:00\" \/>\n<meta property=\"article:modified_time\" content=\"2025-06-17T14:27:16+00:00\" \/>\n<meta property=\"og:image\" content=\"https:\/\/kulturonline.tv\/wp-content\/uploads\/2025\/06\/Kultur-Online-TV-Medien-edited.jpg\" \/>\n\t<meta property=\"og:image:width\" content=\"1280\" \/>\n\t<meta property=\"og:image:height\" content=\"720\" \/>\n\t<meta property=\"og:image:type\" content=\"image\/jpeg\" \/>\n<meta name=\"author\" content=\"guenter.wolfgang\" \/>\n<meta name=\"twitter:card\" content=\"summary_large_image\" \/>\n<meta name=\"twitter:label1\" content=\"Verfasst von\" \/>\n\t<meta name=\"twitter:data1\" content=\"guenter.wolfgang\" \/>\n<script type=\"application\/ld+json\" class=\"yoast-schema-graph\">{\"@context\":\"https:\/\/schema.org\",\"@graph\":[{\"@type\":\"Article\",\"@id\":\"https:\/\/kulturonline.tv\/at\/plattformen-verlage-in-der-verantwortung\/#article\",\"isPartOf\":{\"@id\":\"https:\/\/kulturonline.tv\/at\/plattformen-verlage-in-der-verantwortung\/\"},\"author\":{\"name\":\"guenter.wolfgang\",\"@id\":\"https:\/\/kulturonline.tv\/at\/#\/schema\/person\/b0fac729bb9a0c193fb1df23449df4fe\"},\"headline\":\"Plattformen: Verlage in der Verantwortung?\",\"datePublished\":\"2025-06-17T14:26:50+00:00\",\"dateModified\":\"2025-06-17T14:27:16+00:00\",\"mainEntityOfPage\":{\"@id\":\"https:\/\/kulturonline.tv\/at\/plattformen-verlage-in-der-verantwortung\/\"},\"wordCount\":93,\"commentCount\":0,\"publisher\":{\"@id\":\"https:\/\/kulturonline.tv\/at\/#organization\"},\"image\":{\"@id\":\"https:\/\/kulturonline.tv\/at\/plattformen-verlage-in-der-verantwortung\/#primaryimage\"},\"thumbnailUrl\":\"https:\/\/kulturonline.tv\/wp-content\/uploads\/2025\/06\/Kultur-Online-TV-Medien-edited.jpg\",\"articleSection\":[\"Medien\"],\"inLanguage\":\"de-AT\",\"potentialAction\":[{\"@type\":\"CommentAction\",\"name\":\"Comment\",\"target\":[\"https:\/\/kulturonline.tv\/at\/plattformen-verlage-in-der-verantwortung\/#respond\"]}]},{\"@type\":\"WebPage\",\"@id\":\"https:\/\/kulturonline.tv\/at\/plattformen-verlage-in-der-verantwortung\/\",\"url\":\"https:\/\/kulturonline.tv\/at\/plattformen-verlage-in-der-verantwortung\/\",\"name\":\"Plattformen: Verlage in der Verantwortung? - Kultur Online TV &amp; FM\",\"isPartOf\":{\"@id\":\"https:\/\/kulturonline.tv\/at\/#website\"},\"primaryImageOfPage\":{\"@id\":\"https:\/\/kulturonline.tv\/at\/plattformen-verlage-in-der-verantwortung\/#primaryimage\"},\"image\":{\"@id\":\"https:\/\/kulturonline.tv\/at\/plattformen-verlage-in-der-verantwortung\/#primaryimage\"},\"thumbnailUrl\":\"https:\/\/kulturonline.tv\/wp-content\/uploads\/2025\/06\/Kultur-Online-TV-Medien-edited.jpg\",\"datePublished\":\"2025-06-17T14:26:50+00:00\",\"dateModified\":\"2025-06-17T14:27:16+00:00\",\"description\":\"Thorsten Schmiege, Pr\u00e4sident der Bayerischen Landeszentrale f\u00fcr neue Medien, vertritt die Auffassung, dass Internetplattformen genauso wie Zeitungsverlage f\u00fcr Rechtsverst\u00f6\u00dfe durch von ihnen verbreitete Inhalte haftbar gemacht werden sollten.\",\"breadcrumb\":{\"@id\":\"https:\/\/kulturonline.tv\/at\/plattformen-verlage-in-der-verantwortung\/#breadcrumb\"},\"inLanguage\":\"de-AT\",\"potentialAction\":[{\"@type\":\"ReadAction\",\"target\":[\"https:\/\/kulturonline.tv\/at\/plattformen-verlage-in-der-verantwortung\/\"]}]},{\"@type\":\"ImageObject\",\"inLanguage\":\"de-AT\",\"@id\":\"https:\/\/kulturonline.tv\/at\/plattformen-verlage-in-der-verantwortung\/#primaryimage\",\"url\":\"https:\/\/kulturonline.tv\/wp-content\/uploads\/2025\/06\/Kultur-Online-TV-Medien-edited.jpg\",\"contentUrl\":\"https:\/\/kulturonline.tv\/wp-content\/uploads\/2025\/06\/Kultur-Online-TV-Medien-edited.jpg\",\"width\":1280,\"height\":720},{\"@type\":\"BreadcrumbList\",\"@id\":\"https:\/\/kulturonline.tv\/at\/plattformen-verlage-in-der-verantwortung\/#breadcrumb\",\"itemListElement\":[{\"@type\":\"ListItem\",\"position\":1,\"name\":\"Startseite\",\"item\":\"https:\/\/kulturonline.tv\/at\/\"},{\"@type\":\"ListItem\",\"position\":2,\"name\":\"Plattformen: Verlage in der Verantwortung?\"}]},{\"@type\":\"WebSite\",\"@id\":\"https:\/\/kulturonline.tv\/at\/#website\",\"url\":\"https:\/\/kulturonline.tv\/at\/\",\"name\":\"Kultur Online TV &amp; FM\",\"description\":\"Wir sind Kultur 2.0 zum sehen &amp; h\u00f6ren\",\"publisher\":{\"@id\":\"https:\/\/kulturonline.tv\/at\/#organization\"},\"potentialAction\":[{\"@type\":\"SearchAction\",\"target\":{\"@type\":\"EntryPoint\",\"urlTemplate\":\"https:\/\/kulturonline.tv\/at\/?s={search_term_string}\"},\"query-input\":{\"@type\":\"PropertyValueSpecification\",\"valueRequired\":true,\"valueName\":\"search_term_string\"}}],\"inLanguage\":\"de-AT\"},{\"@type\":\"Organization\",\"@id\":\"https:\/\/kulturonline.tv\/at\/#organization\",\"name\":\"Kultur Online TV\",\"url\":\"https:\/\/kulturonline.tv\/at\/\",\"logo\":{\"@type\":\"ImageObject\",\"inLanguage\":\"de-AT\",\"@id\":\"https:\/\/kulturonline.tv\/at\/#\/schema\/logo\/image\/\",\"url\":\"https:\/\/kulturonline.tv\/wp-content\/uploads\/2021\/08\/Kultur-Online-Tv-Logo-Endversion-neu.png\",\"contentUrl\":\"https:\/\/kulturonline.tv\/wp-content\/uploads\/2021\/08\/Kultur-Online-Tv-Logo-Endversion-neu.png\",\"width\":200,\"height\":200,\"caption\":\"Kultur Online TV\"},\"image\":{\"@id\":\"https:\/\/kulturonline.tv\/at\/#\/schema\/logo\/image\/\"},\"sameAs\":[\"https:\/\/www.facebook.com\/kulturonline.tv\",\"https:\/\/www.instagram.com\/kulturonline.tv\"]},{\"@type\":\"Person\",\"@id\":\"https:\/\/kulturonline.tv\/at\/#\/schema\/person\/b0fac729bb9a0c193fb1df23449df4fe\",\"name\":\"guenter.wolfgang\"}]}<\/script>\n<!-- \/ Yoast SEO plugin. -->","yoast_head_json":{"title":"Plattformen: Verlage in der Verantwortung? - Kultur Online TV &amp; FM","description":"Thorsten Schmiege, Pr\u00e4sident der Bayerischen Landeszentrale f\u00fcr neue Medien, vertritt die Auffassung, dass Internetplattformen genauso wie Zeitungsverlage f\u00fcr Rechtsverst\u00f6\u00dfe durch von ihnen verbreitete Inhalte haftbar gemacht werden sollten.","robots":{"index":"index","follow":"follow","max-snippet":"max-snippet:-1","max-image-preview":"max-image-preview:large","max-video-preview":"max-video-preview:-1"},"canonical":"https:\/\/kulturonline.tv\/at\/plattformen-verlage-in-der-verantwortung\/","og_locale":"de_DE","og_type":"article","og_title":"Plattformen: Verlage in der Verantwortung? - Kultur Online TV &amp; FM","og_description":"Thorsten Schmiege, Pr\u00e4sident der Bayerischen Landeszentrale f\u00fcr neue Medien, vertritt die Auffassung, dass Internetplattformen genauso wie Zeitungsverlage f\u00fcr Rechtsverst\u00f6\u00dfe durch von ihnen verbreitete Inhalte haftbar gemacht werden sollten.","og_url":"https:\/\/kulturonline.tv\/at\/plattformen-verlage-in-der-verantwortung\/","og_site_name":"Kultur Online TV &amp; FM","article_publisher":"https:\/\/www.facebook.com\/kulturonline.tv","article_published_time":"2025-06-17T14:26:50+00:00","article_modified_time":"2025-06-17T14:27:16+00:00","og_image":[{"width":1280,"height":720,"url":"https:\/\/kulturonline.tv\/wp-content\/uploads\/2025\/06\/Kultur-Online-TV-Medien-edited.jpg","type":"image\/jpeg"}],"author":"guenter.wolfgang","twitter_card":"summary_large_image","twitter_misc":{"Verfasst von":"guenter.wolfgang"},"schema":{"@context":"https:\/\/schema.org","@graph":[{"@type":"Article","@id":"https:\/\/kulturonline.tv\/at\/plattformen-verlage-in-der-verantwortung\/#article","isPartOf":{"@id":"https:\/\/kulturonline.tv\/at\/plattformen-verlage-in-der-verantwortung\/"},"author":{"name":"guenter.wolfgang","@id":"https:\/\/kulturonline.tv\/at\/#\/schema\/person\/b0fac729bb9a0c193fb1df23449df4fe"},"headline":"Plattformen: Verlage in der Verantwortung?","datePublished":"2025-06-17T14:26:50+00:00","dateModified":"2025-06-17T14:27:16+00:00","mainEntityOfPage":{"@id":"https:\/\/kulturonline.tv\/at\/plattformen-verlage-in-der-verantwortung\/"},"wordCount":93,"commentCount":0,"publisher":{"@id":"https:\/\/kulturonline.tv\/at\/#organization"},"image":{"@id":"https:\/\/kulturonline.tv\/at\/plattformen-verlage-in-der-verantwortung\/#primaryimage"},"thumbnailUrl":"https:\/\/kulturonline.tv\/wp-content\/uploads\/2025\/06\/Kultur-Online-TV-Medien-edited.jpg","articleSection":["Medien"],"inLanguage":"de-AT","potentialAction":[{"@type":"CommentAction","name":"Comment","target":["https:\/\/kulturonline.tv\/at\/plattformen-verlage-in-der-verantwortung\/#respond"]}]},{"@type":"WebPage","@id":"https:\/\/kulturonline.tv\/at\/plattformen-verlage-in-der-verantwortung\/","url":"https:\/\/kulturonline.tv\/at\/plattformen-verlage-in-der-verantwortung\/","name":"Plattformen: Verlage in der Verantwortung? - Kultur Online TV &amp; FM","isPartOf":{"@id":"https:\/\/kulturonline.tv\/at\/#website"},"primaryImageOfPage":{"@id":"https:\/\/kulturonline.tv\/at\/plattformen-verlage-in-der-verantwortung\/#primaryimage"},"image":{"@id":"https:\/\/kulturonline.tv\/at\/plattformen-verlage-in-der-verantwortung\/#primaryimage"},"thumbnailUrl":"https:\/\/kulturonline.tv\/wp-content\/uploads\/2025\/06\/Kultur-Online-TV-Medien-edited.jpg","datePublished":"2025-06-17T14:26:50+00:00","dateModified":"2025-06-17T14:27:16+00:00","description":"Thorsten Schmiege, Pr\u00e4sident der Bayerischen Landeszentrale f\u00fcr neue Medien, vertritt die Auffassung, dass Internetplattformen genauso wie Zeitungsverlage f\u00fcr Rechtsverst\u00f6\u00dfe durch von ihnen verbreitete Inhalte haftbar gemacht werden sollten.","breadcrumb":{"@id":"https:\/\/kulturonline.tv\/at\/plattformen-verlage-in-der-verantwortung\/#breadcrumb"},"inLanguage":"de-AT","potentialAction":[{"@type":"ReadAction","target":["https:\/\/kulturonline.tv\/at\/plattformen-verlage-in-der-verantwortung\/"]}]},{"@type":"ImageObject","inLanguage":"de-AT","@id":"https:\/\/kulturonline.tv\/at\/plattformen-verlage-in-der-verantwortung\/#primaryimage","url":"https:\/\/kulturonline.tv\/wp-content\/uploads\/2025\/06\/Kultur-Online-TV-Medien-edited.jpg","contentUrl":"https:\/\/kulturonline.tv\/wp-content\/uploads\/2025\/06\/Kultur-Online-TV-Medien-edited.jpg","width":1280,"height":720},{"@type":"BreadcrumbList","@id":"https:\/\/kulturonline.tv\/at\/plattformen-verlage-in-der-verantwortung\/#breadcrumb","itemListElement":[{"@type":"ListItem","position":1,"name":"Startseite","item":"https:\/\/kulturonline.tv\/at\/"},{"@type":"ListItem","position":2,"name":"Plattformen: Verlage in der Verantwortung?"}]},{"@type":"WebSite","@id":"https:\/\/kulturonline.tv\/at\/#website","url":"https:\/\/kulturonline.tv\/at\/","name":"Kultur Online TV &amp; FM","description":"Wir sind Kultur 2.0 zum sehen &amp; h\u00f6ren","publisher":{"@id":"https:\/\/kulturonline.tv\/at\/#organization"},"potentialAction":[{"@type":"SearchAction","target":{"@type":"EntryPoint","urlTemplate":"https:\/\/kulturonline.tv\/at\/?s={search_term_string}"},"query-input":{"@type":"PropertyValueSpecification","valueRequired":true,"valueName":"search_term_string"}}],"inLanguage":"de-AT"},{"@type":"Organization","@id":"https:\/\/kulturonline.tv\/at\/#organization","name":"Kultur Online TV","url":"https:\/\/kulturonline.tv\/at\/","logo":{"@type":"ImageObject","inLanguage":"de-AT","@id":"https:\/\/kulturonline.tv\/at\/#\/schema\/logo\/image\/","url":"https:\/\/kulturonline.tv\/wp-content\/uploads\/2021\/08\/Kultur-Online-Tv-Logo-Endversion-neu.png","contentUrl":"https:\/\/kulturonline.tv\/wp-content\/uploads\/2021\/08\/Kultur-Online-Tv-Logo-Endversion-neu.png","width":200,"height":200,"caption":"Kultur Online TV"},"image":{"@id":"https:\/\/kulturonline.tv\/at\/#\/schema\/logo\/image\/"},"sameAs":["https:\/\/www.facebook.com\/kulturonline.tv","https:\/\/www.instagram.com\/kulturonline.tv"]},{"@type":"Person","@id":"https:\/\/kulturonline.tv\/at\/#\/schema\/person\/b0fac729bb9a0c193fb1df23449df4fe","name":"guenter.wolfgang"}]}},"_links":{"self":[{"href":"https:\/\/kulturonline.tv\/at\/wp-json\/wp\/v2\/posts\/111031","targetHints":{"allow":["GET"]}}],"collection":[{"href":"https:\/\/kulturonline.tv\/at\/wp-json\/wp\/v2\/posts"}],"about":[{"href":"https:\/\/kulturonline.tv\/at\/wp-json\/wp\/v2\/types\/post"}],"author":[{"embeddable":true,"href":"https:\/\/kulturonline.tv\/at\/wp-json\/wp\/v2\/users\/2"}],"replies":[{"embeddable":true,"href":"https:\/\/kulturonline.tv\/at\/wp-json\/wp\/v2\/comments?post=111031"}],"version-history":[{"count":1,"href":"https:\/\/kulturonline.tv\/at\/wp-json\/wp\/v2\/posts\/111031\/revisions"}],"predecessor-version":[{"id":111032,"href":"https:\/\/kulturonline.tv\/at\/wp-json\/wp\/v2\/posts\/111031\/revisions\/111032"}],"wp:featuredmedia":[{"embeddable":true,"href":"https:\/\/kulturonline.tv\/at\/wp-json\/wp\/v2\/media\/111029"}],"wp:attachment":[{"href":"https:\/\/kulturonline.tv\/at\/wp-json\/wp\/v2\/media?parent=111031"}],"wp:term":[{"taxonomy":"category","embeddable":true,"href":"https:\/\/kulturonline.tv\/at\/wp-json\/wp\/v2\/categories?post=111031"},{"taxonomy":"post_tag","embeddable":true,"href":"https:\/\/kulturonline.tv\/at\/wp-json\/wp\/v2\/tags?post=111031"}],"curies":[{"name":"wp","href":"https:\/\/api.w.org\/{rel}","templated":true}]}}