{"id":119156,"date":"2025-09-07T13:37:01","date_gmt":"2025-09-07T11:37:01","guid":{"rendered":"https:\/\/kulturonline.tv\/buchkunst-2025\/"},"modified":"2025-09-07T13:37:18","modified_gmt":"2025-09-07T11:37:18","slug":"buchkunst-2025","status":"publish","type":"post","link":"https:\/\/kulturonline.tv\/at\/buchkunst-2025\/","title":{"rendered":"Buchkunst 2025"},"content":{"rendered":"\n<p>Der Preis der Stiftung Buchkunst f\u00fcr das am sch\u00f6nsten gestaltete deutsche Buch des Jahres 2025 geht an den Bildband &#8222;Buchenwald. Im Dickicht vom Ettersberg&#8220; von Christian Rothe.<\/p>\n\n\n\n<figure class=\"wp-block-image size-full\"><img fetchpriority=\"high\" decoding=\"async\" width=\"1280\" height=\"720\" src=\"https:\/\/kulturonline.tv\/wp-content\/uploads\/2025\/09\/Preis-Kultur-Online-TV.png\" alt=\"\" class=\"wp-image-119153\" srcset=\"https:\/\/kulturonline.tv\/wp-content\/uploads\/2025\/09\/Preis-Kultur-Online-TV.png 1280w, https:\/\/kulturonline.tv\/wp-content\/uploads\/2025\/09\/Preis-Kultur-Online-TV-800x450.png 800w, https:\/\/kulturonline.tv\/wp-content\/uploads\/2025\/09\/Preis-Kultur-Online-TV-768x432.png 768w\" sizes=\"(max-width: 1280px) 100vw, 1280px\" \/><\/figure>\n\n\n\n<p>Die Entscheidung der Jury ist bemerkenswert, da sie zeigt, dass auch ein inhaltlich so schweres und historisch belastetes Thema wie das Konzentrationslager Buchenwald durch eine herausragende Buchgestaltung gew\u00fcrdigt werden kann.<\/p>\n\n\n\n<p>Die Juroren w\u00fcrdigten das Werk als &#8222;ein Buch voller Wucht und W\u00fcrde, das durch eine eindringliche, respektvolle und mutige Ann\u00e4herung an ein schreckliches Thema \u00fcberzeugt.&#8220; Es gelinge der Gestaltung, das schwierige Thema auf eine Weise zug\u00e4nglich zu machen, die den Betrachter respektvoll und feinf\u00fchlig an den Inhalt heranf\u00fchrt.<\/p>\n\n\n\n<p>Die Vergabe dieses renommierten Preises an ein Buch \u00fcber Buchenwald unterstreicht die Bedeutung von Gestaltung als Vermittler von Geschichte und Erinnerung. Es zeigt, dass Form und Inhalt untrennbar miteinander verbunden sind und dass eine sorgf\u00e4ltige Gestaltung die Botschaft eines Werkes verst\u00e4rken kann, selbst wenn sie von Schmerz und Leid handelt.<\/p>\n\n\n\n<p>Kultur Online TV<\/p>\n\n\n\n<p>#news #literatur<\/p>\n","protected":false},"excerpt":{"rendered":"<p>Der Preis der Stiftung Buchkunst f\u00fcr das am sch\u00f6nsten gestaltete deutsche Buch des Jahres 2025 geht an den Bildband &#8222;Buchenwald. Im Dickicht vom Ettersberg&#8220; von Christian Rothe. Die Entscheidung der Jury ist bemerkenswert, da sie zeigt, dass auch ein inhaltlich so schweres und historisch belastetes Thema wie das Konzentrationslager Buchenwald durch eine herausragende Buchgestaltung gew\u00fcrdigt [&hellip;]<\/p>\n","protected":false},"author":2,"featured_media":119154,"comment_status":"closed","ping_status":"closed","sticky":false,"template":"","format":"standard","meta":{"_acf_changed":false,"footnotes":""},"categories":[133],"tags":[],"class_list":["post-119156","post","type-post","status-publish","format-standard","has-post-thumbnail","hentry","category-literatur"],"acf":[],"yoast_head":"<!-- This site is optimized with the Yoast SEO plugin v26.1.1 - https:\/\/yoast.com\/wordpress\/plugins\/seo\/ -->\n<title>Buchkunst 2025 - Kultur Online TV &amp; FM<\/title>\n<meta name=\"description\" content=\"Der Preis der Stiftung Buchkunst f\u00fcr das am sch\u00f6nsten gestaltete deutsche Buch des Jahres 2025 geht an den Bildband &quot;Buchenwald. Im Dickicht vom Ettersberg&quot; von Christian Rothe.\" \/>\n<meta name=\"robots\" content=\"index, follow, max-snippet:-1, max-image-preview:large, max-video-preview:-1\" \/>\n<link rel=\"canonical\" href=\"https:\/\/kulturonline.tv\/at\/buchkunst-2025\/\" \/>\n<meta property=\"og:locale\" content=\"de_DE\" \/>\n<meta property=\"og:type\" content=\"article\" \/>\n<meta property=\"og:title\" content=\"Buchkunst 2025 - Kultur Online TV &amp; FM\" \/>\n<meta property=\"og:description\" content=\"Der Preis der Stiftung Buchkunst f\u00fcr das am sch\u00f6nsten gestaltete deutsche Buch des Jahres 2025 geht an den Bildband &quot;Buchenwald. Im Dickicht vom Ettersberg&quot; von Christian Rothe.\" \/>\n<meta property=\"og:url\" content=\"https:\/\/kulturonline.tv\/at\/buchkunst-2025\/\" \/>\n<meta property=\"og:site_name\" content=\"Kultur Online TV &amp; FM\" \/>\n<meta property=\"article:publisher\" content=\"https:\/\/www.facebook.com\/kulturonline.tv\" \/>\n<meta property=\"article:published_time\" content=\"2025-09-07T11:37:01+00:00\" \/>\n<meta property=\"article:modified_time\" content=\"2025-09-07T11:37:18+00:00\" \/>\n<meta property=\"og:image\" content=\"https:\/\/kulturonline.tv\/wp-content\/uploads\/2025\/09\/Preis-Kultur-Online-TV.png\" \/>\n\t<meta property=\"og:image:width\" content=\"1280\" \/>\n\t<meta property=\"og:image:height\" content=\"720\" \/>\n\t<meta property=\"og:image:type\" content=\"image\/png\" \/>\n<meta name=\"author\" content=\"guenter.wolfgang\" \/>\n<meta name=\"twitter:card\" content=\"summary_large_image\" \/>\n<meta name=\"twitter:label1\" content=\"Verfasst von\" \/>\n\t<meta name=\"twitter:data1\" content=\"guenter.wolfgang\" \/>\n\t<meta name=\"twitter:label2\" content=\"Gesch\u00e4tzte Lesezeit\" \/>\n\t<meta name=\"twitter:data2\" content=\"1 Minute\" \/>\n<script type=\"application\/ld+json\" class=\"yoast-schema-graph\">{\"@context\":\"https:\/\/schema.org\",\"@graph\":[{\"@type\":\"Article\",\"@id\":\"https:\/\/kulturonline.tv\/at\/buchkunst-2025\/#article\",\"isPartOf\":{\"@id\":\"https:\/\/kulturonline.tv\/at\/buchkunst-2025\/\"},\"author\":{\"name\":\"guenter.wolfgang\",\"@id\":\"https:\/\/kulturonline.tv\/at\/#\/schema\/person\/b0fac729bb9a0c193fb1df23449df4fe\"},\"headline\":\"Buchkunst 2025\",\"datePublished\":\"2025-09-07T11:37:01+00:00\",\"dateModified\":\"2025-09-07T11:37:18+00:00\",\"mainEntityOfPage\":{\"@id\":\"https:\/\/kulturonline.tv\/at\/buchkunst-2025\/\"},\"wordCount\":171,\"publisher\":{\"@id\":\"https:\/\/kulturonline.tv\/at\/#organization\"},\"image\":{\"@id\":\"https:\/\/kulturonline.tv\/at\/buchkunst-2025\/#primaryimage\"},\"thumbnailUrl\":\"https:\/\/kulturonline.tv\/wp-content\/uploads\/2025\/09\/Preis-Kultur-Online-TV.png\",\"articleSection\":[\"Literatur\"],\"inLanguage\":\"de-AT\"},{\"@type\":\"WebPage\",\"@id\":\"https:\/\/kulturonline.tv\/at\/buchkunst-2025\/\",\"url\":\"https:\/\/kulturonline.tv\/at\/buchkunst-2025\/\",\"name\":\"Buchkunst 2025 - Kultur Online TV &amp; FM\",\"isPartOf\":{\"@id\":\"https:\/\/kulturonline.tv\/at\/#website\"},\"primaryImageOfPage\":{\"@id\":\"https:\/\/kulturonline.tv\/at\/buchkunst-2025\/#primaryimage\"},\"image\":{\"@id\":\"https:\/\/kulturonline.tv\/at\/buchkunst-2025\/#primaryimage\"},\"thumbnailUrl\":\"https:\/\/kulturonline.tv\/wp-content\/uploads\/2025\/09\/Preis-Kultur-Online-TV.png\",\"datePublished\":\"2025-09-07T11:37:01+00:00\",\"dateModified\":\"2025-09-07T11:37:18+00:00\",\"description\":\"Der Preis der Stiftung Buchkunst f\u00fcr das am sch\u00f6nsten gestaltete deutsche Buch des Jahres 2025 geht an den Bildband \\\"Buchenwald. Im Dickicht vom Ettersberg\\\" von Christian Rothe.\",\"breadcrumb\":{\"@id\":\"https:\/\/kulturonline.tv\/at\/buchkunst-2025\/#breadcrumb\"},\"inLanguage\":\"de-AT\",\"potentialAction\":[{\"@type\":\"ReadAction\",\"target\":[\"https:\/\/kulturonline.tv\/at\/buchkunst-2025\/\"]}]},{\"@type\":\"ImageObject\",\"inLanguage\":\"de-AT\",\"@id\":\"https:\/\/kulturonline.tv\/at\/buchkunst-2025\/#primaryimage\",\"url\":\"https:\/\/kulturonline.tv\/wp-content\/uploads\/2025\/09\/Preis-Kultur-Online-TV.png\",\"contentUrl\":\"https:\/\/kulturonline.tv\/wp-content\/uploads\/2025\/09\/Preis-Kultur-Online-TV.png\",\"width\":1280,\"height\":720},{\"@type\":\"BreadcrumbList\",\"@id\":\"https:\/\/kulturonline.tv\/at\/buchkunst-2025\/#breadcrumb\",\"itemListElement\":[{\"@type\":\"ListItem\",\"position\":1,\"name\":\"Startseite\",\"item\":\"https:\/\/kulturonline.tv\/at\/\"},{\"@type\":\"ListItem\",\"position\":2,\"name\":\"Buchkunst 2025\"}]},{\"@type\":\"WebSite\",\"@id\":\"https:\/\/kulturonline.tv\/at\/#website\",\"url\":\"https:\/\/kulturonline.tv\/at\/\",\"name\":\"Kultur Online TV &amp; FM\",\"description\":\"Wir sind Kultur 2.0 zum sehen &amp; h\u00f6ren\",\"publisher\":{\"@id\":\"https:\/\/kulturonline.tv\/at\/#organization\"},\"potentialAction\":[{\"@type\":\"SearchAction\",\"target\":{\"@type\":\"EntryPoint\",\"urlTemplate\":\"https:\/\/kulturonline.tv\/at\/?s={search_term_string}\"},\"query-input\":{\"@type\":\"PropertyValueSpecification\",\"valueRequired\":true,\"valueName\":\"search_term_string\"}}],\"inLanguage\":\"de-AT\"},{\"@type\":\"Organization\",\"@id\":\"https:\/\/kulturonline.tv\/at\/#organization\",\"name\":\"Kultur Online TV\",\"url\":\"https:\/\/kulturonline.tv\/at\/\",\"logo\":{\"@type\":\"ImageObject\",\"inLanguage\":\"de-AT\",\"@id\":\"https:\/\/kulturonline.tv\/at\/#\/schema\/logo\/image\/\",\"url\":\"https:\/\/kulturonline.tv\/wp-content\/uploads\/2021\/08\/Kultur-Online-Tv-Logo-Endversion-neu.png\",\"contentUrl\":\"https:\/\/kulturonline.tv\/wp-content\/uploads\/2021\/08\/Kultur-Online-Tv-Logo-Endversion-neu.png\",\"width\":200,\"height\":200,\"caption\":\"Kultur Online TV\"},\"image\":{\"@id\":\"https:\/\/kulturonline.tv\/at\/#\/schema\/logo\/image\/\"},\"sameAs\":[\"https:\/\/www.facebook.com\/kulturonline.tv\",\"https:\/\/www.instagram.com\/kulturonline.tv\"]},{\"@type\":\"Person\",\"@id\":\"https:\/\/kulturonline.tv\/at\/#\/schema\/person\/b0fac729bb9a0c193fb1df23449df4fe\",\"name\":\"guenter.wolfgang\"}]}<\/script>\n<!-- \/ Yoast SEO plugin. -->","yoast_head_json":{"title":"Buchkunst 2025 - Kultur Online TV &amp; FM","description":"Der Preis der Stiftung Buchkunst f\u00fcr das am sch\u00f6nsten gestaltete deutsche Buch des Jahres 2025 geht an den Bildband \"Buchenwald. Im Dickicht vom Ettersberg\" von Christian Rothe.","robots":{"index":"index","follow":"follow","max-snippet":"max-snippet:-1","max-image-preview":"max-image-preview:large","max-video-preview":"max-video-preview:-1"},"canonical":"https:\/\/kulturonline.tv\/at\/buchkunst-2025\/","og_locale":"de_DE","og_type":"article","og_title":"Buchkunst 2025 - Kultur Online TV &amp; FM","og_description":"Der Preis der Stiftung Buchkunst f\u00fcr das am sch\u00f6nsten gestaltete deutsche Buch des Jahres 2025 geht an den Bildband \"Buchenwald. Im Dickicht vom Ettersberg\" von Christian Rothe.","og_url":"https:\/\/kulturonline.tv\/at\/buchkunst-2025\/","og_site_name":"Kultur Online TV &amp; FM","article_publisher":"https:\/\/www.facebook.com\/kulturonline.tv","article_published_time":"2025-09-07T11:37:01+00:00","article_modified_time":"2025-09-07T11:37:18+00:00","og_image":[{"width":1280,"height":720,"url":"https:\/\/kulturonline.tv\/wp-content\/uploads\/2025\/09\/Preis-Kultur-Online-TV.png","type":"image\/png"}],"author":"guenter.wolfgang","twitter_card":"summary_large_image","twitter_misc":{"Verfasst von":"guenter.wolfgang","Gesch\u00e4tzte Lesezeit":"1 Minute"},"schema":{"@context":"https:\/\/schema.org","@graph":[{"@type":"Article","@id":"https:\/\/kulturonline.tv\/at\/buchkunst-2025\/#article","isPartOf":{"@id":"https:\/\/kulturonline.tv\/at\/buchkunst-2025\/"},"author":{"name":"guenter.wolfgang","@id":"https:\/\/kulturonline.tv\/at\/#\/schema\/person\/b0fac729bb9a0c193fb1df23449df4fe"},"headline":"Buchkunst 2025","datePublished":"2025-09-07T11:37:01+00:00","dateModified":"2025-09-07T11:37:18+00:00","mainEntityOfPage":{"@id":"https:\/\/kulturonline.tv\/at\/buchkunst-2025\/"},"wordCount":171,"publisher":{"@id":"https:\/\/kulturonline.tv\/at\/#organization"},"image":{"@id":"https:\/\/kulturonline.tv\/at\/buchkunst-2025\/#primaryimage"},"thumbnailUrl":"https:\/\/kulturonline.tv\/wp-content\/uploads\/2025\/09\/Preis-Kultur-Online-TV.png","articleSection":["Literatur"],"inLanguage":"de-AT"},{"@type":"WebPage","@id":"https:\/\/kulturonline.tv\/at\/buchkunst-2025\/","url":"https:\/\/kulturonline.tv\/at\/buchkunst-2025\/","name":"Buchkunst 2025 - Kultur Online TV &amp; FM","isPartOf":{"@id":"https:\/\/kulturonline.tv\/at\/#website"},"primaryImageOfPage":{"@id":"https:\/\/kulturonline.tv\/at\/buchkunst-2025\/#primaryimage"},"image":{"@id":"https:\/\/kulturonline.tv\/at\/buchkunst-2025\/#primaryimage"},"thumbnailUrl":"https:\/\/kulturonline.tv\/wp-content\/uploads\/2025\/09\/Preis-Kultur-Online-TV.png","datePublished":"2025-09-07T11:37:01+00:00","dateModified":"2025-09-07T11:37:18+00:00","description":"Der Preis der Stiftung Buchkunst f\u00fcr das am sch\u00f6nsten gestaltete deutsche Buch des Jahres 2025 geht an den Bildband \"Buchenwald. Im Dickicht vom Ettersberg\" von Christian Rothe.","breadcrumb":{"@id":"https:\/\/kulturonline.tv\/at\/buchkunst-2025\/#breadcrumb"},"inLanguage":"de-AT","potentialAction":[{"@type":"ReadAction","target":["https:\/\/kulturonline.tv\/at\/buchkunst-2025\/"]}]},{"@type":"ImageObject","inLanguage":"de-AT","@id":"https:\/\/kulturonline.tv\/at\/buchkunst-2025\/#primaryimage","url":"https:\/\/kulturonline.tv\/wp-content\/uploads\/2025\/09\/Preis-Kultur-Online-TV.png","contentUrl":"https:\/\/kulturonline.tv\/wp-content\/uploads\/2025\/09\/Preis-Kultur-Online-TV.png","width":1280,"height":720},{"@type":"BreadcrumbList","@id":"https:\/\/kulturonline.tv\/at\/buchkunst-2025\/#breadcrumb","itemListElement":[{"@type":"ListItem","position":1,"name":"Startseite","item":"https:\/\/kulturonline.tv\/at\/"},{"@type":"ListItem","position":2,"name":"Buchkunst 2025"}]},{"@type":"WebSite","@id":"https:\/\/kulturonline.tv\/at\/#website","url":"https:\/\/kulturonline.tv\/at\/","name":"Kultur Online TV &amp; FM","description":"Wir sind Kultur 2.0 zum sehen &amp; h\u00f6ren","publisher":{"@id":"https:\/\/kulturonline.tv\/at\/#organization"},"potentialAction":[{"@type":"SearchAction","target":{"@type":"EntryPoint","urlTemplate":"https:\/\/kulturonline.tv\/at\/?s={search_term_string}"},"query-input":{"@type":"PropertyValueSpecification","valueRequired":true,"valueName":"search_term_string"}}],"inLanguage":"de-AT"},{"@type":"Organization","@id":"https:\/\/kulturonline.tv\/at\/#organization","name":"Kultur Online TV","url":"https:\/\/kulturonline.tv\/at\/","logo":{"@type":"ImageObject","inLanguage":"de-AT","@id":"https:\/\/kulturonline.tv\/at\/#\/schema\/logo\/image\/","url":"https:\/\/kulturonline.tv\/wp-content\/uploads\/2021\/08\/Kultur-Online-Tv-Logo-Endversion-neu.png","contentUrl":"https:\/\/kulturonline.tv\/wp-content\/uploads\/2021\/08\/Kultur-Online-Tv-Logo-Endversion-neu.png","width":200,"height":200,"caption":"Kultur Online TV"},"image":{"@id":"https:\/\/kulturonline.tv\/at\/#\/schema\/logo\/image\/"},"sameAs":["https:\/\/www.facebook.com\/kulturonline.tv","https:\/\/www.instagram.com\/kulturonline.tv"]},{"@type":"Person","@id":"https:\/\/kulturonline.tv\/at\/#\/schema\/person\/b0fac729bb9a0c193fb1df23449df4fe","name":"guenter.wolfgang"}]}},"_links":{"self":[{"href":"https:\/\/kulturonline.tv\/at\/wp-json\/wp\/v2\/posts\/119156","targetHints":{"allow":["GET"]}}],"collection":[{"href":"https:\/\/kulturonline.tv\/at\/wp-json\/wp\/v2\/posts"}],"about":[{"href":"https:\/\/kulturonline.tv\/at\/wp-json\/wp\/v2\/types\/post"}],"author":[{"embeddable":true,"href":"https:\/\/kulturonline.tv\/at\/wp-json\/wp\/v2\/users\/2"}],"replies":[{"embeddable":true,"href":"https:\/\/kulturonline.tv\/at\/wp-json\/wp\/v2\/comments?post=119156"}],"version-history":[{"count":1,"href":"https:\/\/kulturonline.tv\/at\/wp-json\/wp\/v2\/posts\/119156\/revisions"}],"predecessor-version":[{"id":119157,"href":"https:\/\/kulturonline.tv\/at\/wp-json\/wp\/v2\/posts\/119156\/revisions\/119157"}],"wp:featuredmedia":[{"embeddable":true,"href":"https:\/\/kulturonline.tv\/at\/wp-json\/wp\/v2\/media\/119154"}],"wp:attachment":[{"href":"https:\/\/kulturonline.tv\/at\/wp-json\/wp\/v2\/media?parent=119156"}],"wp:term":[{"taxonomy":"category","embeddable":true,"href":"https:\/\/kulturonline.tv\/at\/wp-json\/wp\/v2\/categories?post=119156"},{"taxonomy":"post_tag","embeddable":true,"href":"https:\/\/kulturonline.tv\/at\/wp-json\/wp\/v2\/tags?post=119156"}],"curies":[{"name":"wp","href":"https:\/\/api.w.org\/{rel}","templated":true}]}}