{"id":121980,"date":"2025-10-02T22:49:43","date_gmt":"2025-10-02T20:49:43","guid":{"rendered":"https:\/\/kulturonline.tv\/der-orf-besetzt-die-familiencouch\/"},"modified":"2025-10-02T23:30:08","modified_gmt":"2025-10-02T21:30:08","slug":"der-orf-besetzt-die-familiencouch","status":"publish","type":"post","link":"https:\/\/kulturonline.tv\/at\/der-orf-besetzt-die-familiencouch\/","title":{"rendered":"Der ORF besetzt die Familiencouch"},"content":{"rendered":"\n<p>In diesem Beitrag geht es uns nicht um den x-ten Schlager-Glitzer-Weihnachts-Kitsch, sondern um eine fundamentale Schieflage in der TV Medienlandschaft die mit den Zwangsgeb\u00fchren der Geb\u00fchrenzahler finanziert wird.<\/p>\n\n\n\n<figure class=\"wp-block-image size-large\"><img fetchpriority=\"high\" decoding=\"async\" width=\"1600\" height=\"1008\" src=\"https:\/\/kulturonline.tv\/wp-content\/uploads\/2025\/10\/couch-309075_1920-1600x1008.png\" alt=\"\" class=\"wp-image-121977\" srcset=\"https:\/\/kulturonline.tv\/wp-content\/uploads\/2025\/10\/couch-309075_1920-1600x1008.png 1600w, https:\/\/kulturonline.tv\/wp-content\/uploads\/2025\/10\/couch-309075_1920-800x504.png 800w, https:\/\/kulturonline.tv\/wp-content\/uploads\/2025\/10\/couch-309075_1920-768x484.png 768w, https:\/\/kulturonline.tv\/wp-content\/uploads\/2025\/10\/couch-309075_1920-1536x968.png 1536w, https:\/\/kulturonline.tv\/wp-content\/uploads\/2025\/10\/couch-309075_1920.png 1920w\" sizes=\"(max-width: 1600px) 100vw, 1600px\" \/><\/figure>\n\n\n\n<p>W\u00e4hrend viele junge, engagierte Talente mit echter Eigenleistung und oft gegen massive Widerst\u00e4nde ihren Weg hart erk\u00e4mpfen, platzt uns folgende Schlagzeile ins Sichtfeld: <strong>DJ \u00d6tzis Tochter wird Moderatorin im ORF, direkt an Papas Seite, in einer vorproduzierten Weihnachtsshow aus dem Gut Aiderbichl.<\/strong><\/p>\n\n\n\n<p>Das ist keine Schlagzeile, das ist ein Manifest an die Vetternwirtschaft. Das schreit aus der Ferne geradezu nach einem etwas satirisch-nachdenklichen Beitrag unsereres Kollegen Andreas Schwarz.<\/p>\n\n\n\n<h3 class=\"wp-block-heading\">Brauchen wir das? <\/h3>\n\n\n\n<p>Wenn es um die n\u00e4chste Stufe der Promi-Erfolgsleiter geht, die ganz zuf\u00e4llig nur eine kleine Starthilfe vom ber\u00fchmten Papa oder, in unserem Fall, dem DJ \u00d6tzi ben\u00f6tigte, lautet die Antwort nat\u00fcrlich: Ja unbedingt! F\u00fcr die &#8222;Zauberhafte Weihnacht im Land der Stillen Nacht&#8220; ist schlie\u00dflich einiges an <em>&#8222;Hey-Baby-Glanz&#8220;<\/em> n\u00f6tig, um die Weihnachtsstimmung auf das n\u00f6tige kommerzielle Niveau zu heben.<\/p>\n\n\n\n<p>Manche Karrieren sind wie ein guter Wein, sie reifen langsam, andere sind wie ein Schlager-Hit, sie knallen laut rein, idealerweise mit dem Familiennamen als klangvollen Nachhall. Lisa-Marie Friedle, die stolze Tochter des Mannes, dessen M\u00fctze mehr Kultstatus hat als so manches historisches Bauwerk, wird nun also Moderatorin. Das ist nat\u00fcrlich keine gew\u00f6hnliche Laufbahn das ist Genetik in Hochglanz, nachdem man mit Papa schon Duette tr\u00e4llerte und die Schlagerb\u00fchnen unsicher machte ist der Sprung vom Gesang zum Vorlesen von Ansagekarten nur logisch.<\/p>\n\n\n\n<p>Und wo, bitte sch\u00f6n, k\u00f6nnte man seine ersten, noch unsicheren Moderationsschritte besser machen, als in einer vorproduzierten Weihnachtssendung, in der man an der Seite des eigenen Vaters gl\u00e4nzen darf? Versprecher? Kein Problem, die schneiden wir raus! Mangelnde Erfahrung? Egal, der Name steht \u00fcber dem Titel! Das Format ist quasi der Karriere-Kuschel-Kurs des ORF: Moderieren leicht gemacht mit eingebautem Sicherheitsnetz.<\/p>\n\n\n\n<h2 class=\"wp-block-heading\">Die \u00c4ra des &#8222;Zauberhaften Nepotismus&#8220; ( Vetternwirtschaft )<\/h2>\n\n\n\n<p>Wir fragen uns: War es Zufall, dass nach Jahren mit wechselnden Co-Moderatorinnen nun ausgerechnet die eigene Tochter das Mikro in die Hand gedr\u00fcckt bekommt? Nat\u00fcrlich nicht! Das ist strategisches Familien-Branding in seiner reinsten Form. Es ist die ultimative Fusion von Showgesch\u00e4ft und Stammbaum. Warum sich m\u00fchsam gegen Tausende andere Talente durchsetzen, wenn man einfach in die \u00fcberdimensionalen Fu\u00dfstapfen des Vaters treten kann? Es ist doch r\u00fchrend, wie Gerry Friedle, alias DJ \u00d6tzi, auf Instagram seine &#8222;ganz gro\u00dfe emotionale Reise&#8220; zelebriert. Eine Reise, die bequemer nicht sein k\u00f6nnte, weil Papa schon alle Rastst\u00e4tten vorreserviert hat.<\/p>\n\n\n\n<p>Wir warten gespannt auf die Sendung. Nicht, weil wir die musikalische A-Prominenz des Schlagersongs besingt das Weihnachtsfest in Flachau nicht verpassen wollen, sondern weil es einfach beruhigend zu wissen ist: Solange es ber\u00fchmte Eltern gibt, wird der Nachschub an TV-Gesichtern niemals enden. Und das, liebe Leser, ist die wahre Magie von <\/p>\n\n\n\n<p><strong>&#8222;Zauberhafte Weihnacht im Land der Stillen Nacht&#8220;.<\/strong><\/p>\n\n\n\n<p>Kultur Online TV-FM<\/p>\n\n\n\n<p>Beitrag von Andreas Schwarz<\/p>\n\n\n\n<p>#medien #tv<\/p>\n\n\n\n<p><\/p>\n","protected":false},"excerpt":{"rendered":"<p>In diesem Beitrag geht es uns nicht um den x-ten Schlager-Glitzer-Weihnachts-Kitsch, sondern um eine fundamentale Schieflage in der TV Medienlandschaft die mit den Zwangsgeb\u00fchren der Geb\u00fchrenzahler finanziert wird. W\u00e4hrend viele junge, engagierte Talente mit echter Eigenleistung und oft gegen massive Widerst\u00e4nde ihren Weg hart erk\u00e4mpfen, platzt uns folgende Schlagzeile ins Sichtfeld: DJ \u00d6tzis Tochter wird [&hellip;]<\/p>\n","protected":false},"author":2,"featured_media":121978,"comment_status":"closed","ping_status":"closed","sticky":false,"template":"","format":"standard","meta":{"_acf_changed":false,"footnotes":""},"categories":[188],"tags":[],"class_list":["post-121980","post","type-post","status-publish","format-standard","has-post-thumbnail","hentry","category-medien"],"acf":[],"yoast_head":"<!-- This site is optimized with the Yoast SEO plugin v26.1.1 - https:\/\/yoast.com\/wordpress\/plugins\/seo\/ -->\n<title>Der ORF besetzt die Familiencouch - Kultur Online TV &amp; FM<\/title>\n<meta name=\"description\" content=\"In diesem Beitrag geht es uns nicht um den x-ten Schlager-Glitzer-Weihnachts-Kitsch, sondern um eine fundamentale Schieflage in der TV Medienlandschaft die mit den Zwangsgeb\u00fchren der Geb\u00fchrenzahler finanziert wird.\" \/>\n<meta name=\"robots\" content=\"index, follow, max-snippet:-1, max-image-preview:large, max-video-preview:-1\" \/>\n<link rel=\"canonical\" href=\"https:\/\/kulturonline.tv\/at\/der-orf-besetzt-die-familiencouch\/\" \/>\n<meta property=\"og:locale\" content=\"de_DE\" \/>\n<meta property=\"og:type\" content=\"article\" \/>\n<meta property=\"og:title\" content=\"Der ORF besetzt die Familiencouch - Kultur Online TV &amp; FM\" \/>\n<meta property=\"og:description\" content=\"In diesem Beitrag geht es uns nicht um den x-ten Schlager-Glitzer-Weihnachts-Kitsch, sondern um eine fundamentale Schieflage in der TV Medienlandschaft die mit den Zwangsgeb\u00fchren der Geb\u00fchrenzahler finanziert wird.\" \/>\n<meta property=\"og:url\" content=\"https:\/\/kulturonline.tv\/at\/der-orf-besetzt-die-familiencouch\/\" \/>\n<meta property=\"og:site_name\" content=\"Kultur Online TV &amp; FM\" \/>\n<meta property=\"article:publisher\" content=\"https:\/\/www.facebook.com\/kulturonline.tv\" \/>\n<meta property=\"article:published_time\" content=\"2025-10-02T20:49:43+00:00\" \/>\n<meta property=\"article:modified_time\" content=\"2025-10-02T21:30:08+00:00\" \/>\n<meta property=\"og:image\" content=\"https:\/\/kulturonline.tv\/wp-content\/uploads\/2025\/10\/couch-309075_1920.png\" \/>\n\t<meta property=\"og:image:width\" content=\"1920\" \/>\n\t<meta property=\"og:image:height\" content=\"1210\" \/>\n\t<meta property=\"og:image:type\" content=\"image\/png\" \/>\n<meta name=\"author\" content=\"guenter.wolfgang\" \/>\n<meta name=\"twitter:card\" content=\"summary_large_image\" \/>\n<meta name=\"twitter:label1\" content=\"Verfasst von\" \/>\n\t<meta name=\"twitter:data1\" content=\"guenter.wolfgang\" \/>\n\t<meta name=\"twitter:label2\" content=\"Gesch\u00e4tzte Lesezeit\" \/>\n\t<meta name=\"twitter:data2\" content=\"2 Minuten\" \/>\n<script type=\"application\/ld+json\" class=\"yoast-schema-graph\">{\"@context\":\"https:\/\/schema.org\",\"@graph\":[{\"@type\":\"Article\",\"@id\":\"https:\/\/kulturonline.tv\/at\/der-orf-besetzt-die-familiencouch\/#article\",\"isPartOf\":{\"@id\":\"https:\/\/kulturonline.tv\/at\/der-orf-besetzt-die-familiencouch\/\"},\"author\":{\"name\":\"guenter.wolfgang\",\"@id\":\"https:\/\/kulturonline.tv\/at\/#\/schema\/person\/b0fac729bb9a0c193fb1df23449df4fe\"},\"headline\":\"Der ORF besetzt die Familiencouch\",\"datePublished\":\"2025-10-02T20:49:43+00:00\",\"dateModified\":\"2025-10-02T21:30:08+00:00\",\"mainEntityOfPage\":{\"@id\":\"https:\/\/kulturonline.tv\/at\/der-orf-besetzt-die-familiencouch\/\"},\"wordCount\":501,\"publisher\":{\"@id\":\"https:\/\/kulturonline.tv\/at\/#organization\"},\"image\":{\"@id\":\"https:\/\/kulturonline.tv\/at\/der-orf-besetzt-die-familiencouch\/#primaryimage\"},\"thumbnailUrl\":\"https:\/\/kulturonline.tv\/wp-content\/uploads\/2025\/10\/couch-309075_1920.png\",\"articleSection\":[\"Medien\"],\"inLanguage\":\"de-AT\"},{\"@type\":\"WebPage\",\"@id\":\"https:\/\/kulturonline.tv\/at\/der-orf-besetzt-die-familiencouch\/\",\"url\":\"https:\/\/kulturonline.tv\/at\/der-orf-besetzt-die-familiencouch\/\",\"name\":\"Der ORF besetzt die Familiencouch - Kultur Online TV &amp; FM\",\"isPartOf\":{\"@id\":\"https:\/\/kulturonline.tv\/at\/#website\"},\"primaryImageOfPage\":{\"@id\":\"https:\/\/kulturonline.tv\/at\/der-orf-besetzt-die-familiencouch\/#primaryimage\"},\"image\":{\"@id\":\"https:\/\/kulturonline.tv\/at\/der-orf-besetzt-die-familiencouch\/#primaryimage\"},\"thumbnailUrl\":\"https:\/\/kulturonline.tv\/wp-content\/uploads\/2025\/10\/couch-309075_1920.png\",\"datePublished\":\"2025-10-02T20:49:43+00:00\",\"dateModified\":\"2025-10-02T21:30:08+00:00\",\"description\":\"In diesem Beitrag geht es uns nicht um den x-ten Schlager-Glitzer-Weihnachts-Kitsch, sondern um eine fundamentale Schieflage in der TV Medienlandschaft die mit den Zwangsgeb\u00fchren der Geb\u00fchrenzahler finanziert wird.\",\"breadcrumb\":{\"@id\":\"https:\/\/kulturonline.tv\/at\/der-orf-besetzt-die-familiencouch\/#breadcrumb\"},\"inLanguage\":\"de-AT\",\"potentialAction\":[{\"@type\":\"ReadAction\",\"target\":[\"https:\/\/kulturonline.tv\/at\/der-orf-besetzt-die-familiencouch\/\"]}]},{\"@type\":\"ImageObject\",\"inLanguage\":\"de-AT\",\"@id\":\"https:\/\/kulturonline.tv\/at\/der-orf-besetzt-die-familiencouch\/#primaryimage\",\"url\":\"https:\/\/kulturonline.tv\/wp-content\/uploads\/2025\/10\/couch-309075_1920.png\",\"contentUrl\":\"https:\/\/kulturonline.tv\/wp-content\/uploads\/2025\/10\/couch-309075_1920.png\",\"width\":1920,\"height\":1210},{\"@type\":\"BreadcrumbList\",\"@id\":\"https:\/\/kulturonline.tv\/at\/der-orf-besetzt-die-familiencouch\/#breadcrumb\",\"itemListElement\":[{\"@type\":\"ListItem\",\"position\":1,\"name\":\"Startseite\",\"item\":\"https:\/\/kulturonline.tv\/at\/\"},{\"@type\":\"ListItem\",\"position\":2,\"name\":\"Der ORF besetzt die Familiencouch\"}]},{\"@type\":\"WebSite\",\"@id\":\"https:\/\/kulturonline.tv\/at\/#website\",\"url\":\"https:\/\/kulturonline.tv\/at\/\",\"name\":\"Kultur Online TV &amp; FM\",\"description\":\"Wir sind Kultur 2.0 zum sehen &amp; h\u00f6ren\",\"publisher\":{\"@id\":\"https:\/\/kulturonline.tv\/at\/#organization\"},\"potentialAction\":[{\"@type\":\"SearchAction\",\"target\":{\"@type\":\"EntryPoint\",\"urlTemplate\":\"https:\/\/kulturonline.tv\/at\/?s={search_term_string}\"},\"query-input\":{\"@type\":\"PropertyValueSpecification\",\"valueRequired\":true,\"valueName\":\"search_term_string\"}}],\"inLanguage\":\"de-AT\"},{\"@type\":\"Organization\",\"@id\":\"https:\/\/kulturonline.tv\/at\/#organization\",\"name\":\"Kultur Online TV\",\"url\":\"https:\/\/kulturonline.tv\/at\/\",\"logo\":{\"@type\":\"ImageObject\",\"inLanguage\":\"de-AT\",\"@id\":\"https:\/\/kulturonline.tv\/at\/#\/schema\/logo\/image\/\",\"url\":\"https:\/\/kulturonline.tv\/wp-content\/uploads\/2021\/08\/Kultur-Online-Tv-Logo-Endversion-neu.png\",\"contentUrl\":\"https:\/\/kulturonline.tv\/wp-content\/uploads\/2021\/08\/Kultur-Online-Tv-Logo-Endversion-neu.png\",\"width\":200,\"height\":200,\"caption\":\"Kultur Online TV\"},\"image\":{\"@id\":\"https:\/\/kulturonline.tv\/at\/#\/schema\/logo\/image\/\"},\"sameAs\":[\"https:\/\/www.facebook.com\/kulturonline.tv\",\"https:\/\/www.instagram.com\/kulturonline.tv\"]},{\"@type\":\"Person\",\"@id\":\"https:\/\/kulturonline.tv\/at\/#\/schema\/person\/b0fac729bb9a0c193fb1df23449df4fe\",\"name\":\"guenter.wolfgang\"}]}<\/script>\n<!-- \/ Yoast SEO plugin. -->","yoast_head_json":{"title":"Der ORF besetzt die Familiencouch - Kultur Online TV &amp; FM","description":"In diesem Beitrag geht es uns nicht um den x-ten Schlager-Glitzer-Weihnachts-Kitsch, sondern um eine fundamentale Schieflage in der TV Medienlandschaft die mit den Zwangsgeb\u00fchren der Geb\u00fchrenzahler finanziert wird.","robots":{"index":"index","follow":"follow","max-snippet":"max-snippet:-1","max-image-preview":"max-image-preview:large","max-video-preview":"max-video-preview:-1"},"canonical":"https:\/\/kulturonline.tv\/at\/der-orf-besetzt-die-familiencouch\/","og_locale":"de_DE","og_type":"article","og_title":"Der ORF besetzt die Familiencouch - Kultur Online TV &amp; FM","og_description":"In diesem Beitrag geht es uns nicht um den x-ten Schlager-Glitzer-Weihnachts-Kitsch, sondern um eine fundamentale Schieflage in der TV Medienlandschaft die mit den Zwangsgeb\u00fchren der Geb\u00fchrenzahler finanziert wird.","og_url":"https:\/\/kulturonline.tv\/at\/der-orf-besetzt-die-familiencouch\/","og_site_name":"Kultur Online TV &amp; FM","article_publisher":"https:\/\/www.facebook.com\/kulturonline.tv","article_published_time":"2025-10-02T20:49:43+00:00","article_modified_time":"2025-10-02T21:30:08+00:00","og_image":[{"width":1920,"height":1210,"url":"https:\/\/kulturonline.tv\/wp-content\/uploads\/2025\/10\/couch-309075_1920.png","type":"image\/png"}],"author":"guenter.wolfgang","twitter_card":"summary_large_image","twitter_misc":{"Verfasst von":"guenter.wolfgang","Gesch\u00e4tzte Lesezeit":"2 Minuten"},"schema":{"@context":"https:\/\/schema.org","@graph":[{"@type":"Article","@id":"https:\/\/kulturonline.tv\/at\/der-orf-besetzt-die-familiencouch\/#article","isPartOf":{"@id":"https:\/\/kulturonline.tv\/at\/der-orf-besetzt-die-familiencouch\/"},"author":{"name":"guenter.wolfgang","@id":"https:\/\/kulturonline.tv\/at\/#\/schema\/person\/b0fac729bb9a0c193fb1df23449df4fe"},"headline":"Der ORF besetzt die Familiencouch","datePublished":"2025-10-02T20:49:43+00:00","dateModified":"2025-10-02T21:30:08+00:00","mainEntityOfPage":{"@id":"https:\/\/kulturonline.tv\/at\/der-orf-besetzt-die-familiencouch\/"},"wordCount":501,"publisher":{"@id":"https:\/\/kulturonline.tv\/at\/#organization"},"image":{"@id":"https:\/\/kulturonline.tv\/at\/der-orf-besetzt-die-familiencouch\/#primaryimage"},"thumbnailUrl":"https:\/\/kulturonline.tv\/wp-content\/uploads\/2025\/10\/couch-309075_1920.png","articleSection":["Medien"],"inLanguage":"de-AT"},{"@type":"WebPage","@id":"https:\/\/kulturonline.tv\/at\/der-orf-besetzt-die-familiencouch\/","url":"https:\/\/kulturonline.tv\/at\/der-orf-besetzt-die-familiencouch\/","name":"Der ORF besetzt die Familiencouch - Kultur Online TV &amp; FM","isPartOf":{"@id":"https:\/\/kulturonline.tv\/at\/#website"},"primaryImageOfPage":{"@id":"https:\/\/kulturonline.tv\/at\/der-orf-besetzt-die-familiencouch\/#primaryimage"},"image":{"@id":"https:\/\/kulturonline.tv\/at\/der-orf-besetzt-die-familiencouch\/#primaryimage"},"thumbnailUrl":"https:\/\/kulturonline.tv\/wp-content\/uploads\/2025\/10\/couch-309075_1920.png","datePublished":"2025-10-02T20:49:43+00:00","dateModified":"2025-10-02T21:30:08+00:00","description":"In diesem Beitrag geht es uns nicht um den x-ten Schlager-Glitzer-Weihnachts-Kitsch, sondern um eine fundamentale Schieflage in der TV Medienlandschaft die mit den Zwangsgeb\u00fchren der Geb\u00fchrenzahler finanziert wird.","breadcrumb":{"@id":"https:\/\/kulturonline.tv\/at\/der-orf-besetzt-die-familiencouch\/#breadcrumb"},"inLanguage":"de-AT","potentialAction":[{"@type":"ReadAction","target":["https:\/\/kulturonline.tv\/at\/der-orf-besetzt-die-familiencouch\/"]}]},{"@type":"ImageObject","inLanguage":"de-AT","@id":"https:\/\/kulturonline.tv\/at\/der-orf-besetzt-die-familiencouch\/#primaryimage","url":"https:\/\/kulturonline.tv\/wp-content\/uploads\/2025\/10\/couch-309075_1920.png","contentUrl":"https:\/\/kulturonline.tv\/wp-content\/uploads\/2025\/10\/couch-309075_1920.png","width":1920,"height":1210},{"@type":"BreadcrumbList","@id":"https:\/\/kulturonline.tv\/at\/der-orf-besetzt-die-familiencouch\/#breadcrumb","itemListElement":[{"@type":"ListItem","position":1,"name":"Startseite","item":"https:\/\/kulturonline.tv\/at\/"},{"@type":"ListItem","position":2,"name":"Der ORF besetzt die Familiencouch"}]},{"@type":"WebSite","@id":"https:\/\/kulturonline.tv\/at\/#website","url":"https:\/\/kulturonline.tv\/at\/","name":"Kultur Online TV &amp; FM","description":"Wir sind Kultur 2.0 zum sehen &amp; h\u00f6ren","publisher":{"@id":"https:\/\/kulturonline.tv\/at\/#organization"},"potentialAction":[{"@type":"SearchAction","target":{"@type":"EntryPoint","urlTemplate":"https:\/\/kulturonline.tv\/at\/?s={search_term_string}"},"query-input":{"@type":"PropertyValueSpecification","valueRequired":true,"valueName":"search_term_string"}}],"inLanguage":"de-AT"},{"@type":"Organization","@id":"https:\/\/kulturonline.tv\/at\/#organization","name":"Kultur Online TV","url":"https:\/\/kulturonline.tv\/at\/","logo":{"@type":"ImageObject","inLanguage":"de-AT","@id":"https:\/\/kulturonline.tv\/at\/#\/schema\/logo\/image\/","url":"https:\/\/kulturonline.tv\/wp-content\/uploads\/2021\/08\/Kultur-Online-Tv-Logo-Endversion-neu.png","contentUrl":"https:\/\/kulturonline.tv\/wp-content\/uploads\/2021\/08\/Kultur-Online-Tv-Logo-Endversion-neu.png","width":200,"height":200,"caption":"Kultur Online TV"},"image":{"@id":"https:\/\/kulturonline.tv\/at\/#\/schema\/logo\/image\/"},"sameAs":["https:\/\/www.facebook.com\/kulturonline.tv","https:\/\/www.instagram.com\/kulturonline.tv"]},{"@type":"Person","@id":"https:\/\/kulturonline.tv\/at\/#\/schema\/person\/b0fac729bb9a0c193fb1df23449df4fe","name":"guenter.wolfgang"}]}},"_links":{"self":[{"href":"https:\/\/kulturonline.tv\/at\/wp-json\/wp\/v2\/posts\/121980","targetHints":{"allow":["GET"]}}],"collection":[{"href":"https:\/\/kulturonline.tv\/at\/wp-json\/wp\/v2\/posts"}],"about":[{"href":"https:\/\/kulturonline.tv\/at\/wp-json\/wp\/v2\/types\/post"}],"author":[{"embeddable":true,"href":"https:\/\/kulturonline.tv\/at\/wp-json\/wp\/v2\/users\/2"}],"replies":[{"embeddable":true,"href":"https:\/\/kulturonline.tv\/at\/wp-json\/wp\/v2\/comments?post=121980"}],"version-history":[{"count":12,"href":"https:\/\/kulturonline.tv\/at\/wp-json\/wp\/v2\/posts\/121980\/revisions"}],"predecessor-version":[{"id":122008,"href":"https:\/\/kulturonline.tv\/at\/wp-json\/wp\/v2\/posts\/121980\/revisions\/122008"}],"wp:featuredmedia":[{"embeddable":true,"href":"https:\/\/kulturonline.tv\/at\/wp-json\/wp\/v2\/media\/121978"}],"wp:attachment":[{"href":"https:\/\/kulturonline.tv\/at\/wp-json\/wp\/v2\/media?parent=121980"}],"wp:term":[{"taxonomy":"category","embeddable":true,"href":"https:\/\/kulturonline.tv\/at\/wp-json\/wp\/v2\/categories?post=121980"},{"taxonomy":"post_tag","embeddable":true,"href":"https:\/\/kulturonline.tv\/at\/wp-json\/wp\/v2\/tags?post=121980"}],"curies":[{"name":"wp","href":"https:\/\/api.w.org\/{rel}","templated":true}]}}