{"id":12652,"date":"2021-11-10T12:14:10","date_gmt":"2021-11-10T11:14:10","guid":{"rendered":"https:\/\/kulturonline.tv\/?p=12652"},"modified":"2021-11-10T12:14:27","modified_gmt":"2021-11-10T11:14:27","slug":"grazer-schriftsteller-clemens-j-setz-erhaelt-buechner-preis","status":"publish","type":"post","link":"https:\/\/kulturonline.tv\/at\/grazer-schriftsteller-clemens-j-setz-erhaelt-buechner-preis\/","title":{"rendered":"Grazer Schriftsteller Clemens J. Setz erh\u00e4lt B\u00fcchner-Preis"},"content":{"rendered":"\n<p><strong>Der Grazer Schriftsteller Clemens J. Setz hat am Darmst\u00e4dter Staatstheater den mit 50.000 Euro dotierten Georg-B\u00fcchner-Preis erhalten.<\/strong><\/p>\n\n\n\n<figure class=\"wp-block-image size-full\"><img fetchpriority=\"high\" decoding=\"async\" width=\"1200\" height=\"675\" src=\"https:\/\/kulturonline.tv\/wp-content\/uploads\/2021\/11\/Kultur-Online-TV.jpeg\" alt=\"\" class=\"wp-image-12654\" srcset=\"https:\/\/kulturonline.tv\/wp-content\/uploads\/2021\/11\/Kultur-Online-TV.jpeg 1200w, https:\/\/kulturonline.tv\/wp-content\/uploads\/2021\/11\/Kultur-Online-TV-600x338.jpeg 600w, https:\/\/kulturonline.tv\/wp-content\/uploads\/2021\/11\/Kultur-Online-TV-800x450.jpeg 800w, https:\/\/kulturonline.tv\/wp-content\/uploads\/2021\/11\/Kultur-Online-TV-768x432.jpeg 768w\" sizes=\"(max-width: 1200px) 100vw, 1200px\" \/><\/figure>\n\n\n\n<p>Setz schreibt Romane, Erz\u00e4hlungen, Gedichte und Theaterst\u00fccke. Auch versendet er knappe Verse \u00fcber den Kurznachrichtendienst Twitter. Mit seinen Werken erkunde er menschliche Grenzbereiche, hatte die Akademie ihre Entscheidung begr\u00fcndet: &#8222;Seine bisweilen verst\u00f6rende Drastik sticht ins Herz unserer Gegenwart, weil sie einem zutiefst humanistischen Impuls folgt.&#8220;<\/p>\n\n\n\n<p>Hessens Kulturministerin Angela Dorn (Gr\u00fcne) w\u00fcrdigte den in Wien lebenden Schriftsteller in einem Gru\u00dfwort. Ohne konkret zu werden hob sie hervor, die Debattenkultur habe in der j\u00fcngeren Vergangenheit gelitten. &#8222;Unsere Gesellschaft braucht Literatur, ihre Kraft und Ausstrahlung. Daf\u00fcr steht auch Clemens Setz&#8220;, f\u00fcgte Dorn hinzu.<\/p>\n\n\n\n<p>In seiner Laudatio sagte der Literaturkritiker Ijoma Mangold in Darmstadt, die Akademie zeichne einen Autor aus, &#8222;dessen Werk sich maximal weit von der traditionellen Buchkultur und ihren Lekt\u00fcrepraktiken entfernt und neuen medialen Repr\u00e4sentationsformen ge\u00f6ffnet hat&#8220;. So wirkten seine B\u00fccher oftmals, als w\u00fcrden sie wie Computerspiele funktionieren, &#8222;wie Aufforderungen, die Gedankenexperimente der Romanwelt regelgerecht nachzuspielen&#8220;.<\/p>\n\n\n\n<figure class=\"wp-block-embed is-type-video is-provider-youtube wp-block-embed-youtube wp-embed-aspect-16-9 wp-has-aspect-ratio\"><div class=\"wp-block-embed__wrapper\">\n<iframe title=\"Clemens Setz: \u00bbVielleicht ist es Zeit f\u00fcr etwas ganz Anderes!\u00ab\" width=\"800\" height=\"450\" src=\"https:\/\/www.youtube.com\/embed\/J9L3pSGMytc?feature=oembed\" frameborder=\"0\" allow=\"accelerometer; autoplay; clipboard-write; encrypted-media; gyroscope; picture-in-picture; web-share\" referrerpolicy=\"strict-origin-when-cross-origin\" allowfullscreen><\/iframe>\n<\/div><\/figure>\n\n\n\n<p>Kultur Online TV<\/p>\n\n\n\n<p>#literatur #b\u00fccher<\/p>\n","protected":false},"excerpt":{"rendered":"<p>Der Grazer Schriftsteller Clemens J. Setz hat am Darmst\u00e4dter Staatstheater den mit 50.000 Euro dotierten Georg-B\u00fcchner-Preis erhalten. Setz schreibt Romane, Erz\u00e4hlungen, Gedichte und Theaterst\u00fccke. Auch versendet er knappe Verse \u00fcber den Kurznachrichtendienst Twitter. Mit seinen Werken erkunde er menschliche Grenzbereiche, hatte die Akademie ihre Entscheidung begr\u00fcndet: &#8222;Seine bisweilen verst\u00f6rende Drastik sticht ins Herz unserer Gegenwart, [&hellip;]<\/p>\n","protected":false},"author":2,"featured_media":12654,"comment_status":"closed","ping_status":"closed","sticky":false,"template":"","format":"standard","meta":{"_acf_changed":false,"footnotes":""},"categories":[106],"tags":[],"class_list":["post-12652","post","type-post","status-publish","format-standard","has-post-thumbnail","hentry","category-literatur"],"acf":[],"yoast_head":"<!-- This site is optimized with the Yoast SEO plugin v26.1.1 - https:\/\/yoast.com\/wordpress\/plugins\/seo\/ -->\n<title>Grazer Schriftsteller Clemens J. Setz erh\u00e4lt B\u00fcchner-Preis - Kultur Online TV &amp; FM<\/title>\n<meta name=\"description\" content=\"Kultur sehen und H\u00f6ren\" \/>\n<meta name=\"robots\" content=\"index, follow, max-snippet:-1, max-image-preview:large, max-video-preview:-1\" \/>\n<link rel=\"canonical\" href=\"https:\/\/kulturonline.tv\/at\/grazer-schriftsteller-clemens-j-setz-erhaelt-buechner-preis\/\" \/>\n<meta property=\"og:locale\" content=\"de_DE\" \/>\n<meta property=\"og:type\" content=\"article\" \/>\n<meta property=\"og:title\" content=\"Grazer Schriftsteller Clemens J. Setz erh\u00e4lt B\u00fcchner-Preis - Kultur Online TV &amp; FM\" \/>\n<meta property=\"og:description\" content=\"Kultur sehen und H\u00f6ren\" \/>\n<meta property=\"og:url\" content=\"https:\/\/kulturonline.tv\/at\/grazer-schriftsteller-clemens-j-setz-erhaelt-buechner-preis\/\" \/>\n<meta property=\"og:site_name\" content=\"Kultur Online TV &amp; FM\" \/>\n<meta property=\"article:publisher\" content=\"https:\/\/www.facebook.com\/kulturonline.tv\" \/>\n<meta property=\"article:published_time\" content=\"2021-11-10T11:14:10+00:00\" \/>\n<meta property=\"article:modified_time\" content=\"2021-11-10T11:14:27+00:00\" \/>\n<meta property=\"og:image\" content=\"https:\/\/kulturonline.tv\/wp-content\/uploads\/2021\/11\/Kultur-Online-TV.jpeg\" \/>\n\t<meta property=\"og:image:width\" content=\"1200\" \/>\n\t<meta property=\"og:image:height\" content=\"675\" \/>\n\t<meta property=\"og:image:type\" content=\"image\/jpeg\" \/>\n<meta name=\"author\" content=\"guenter.wolfgang\" \/>\n<meta name=\"twitter:card\" content=\"summary_large_image\" \/>\n<meta name=\"twitter:label1\" content=\"Verfasst von\" \/>\n\t<meta name=\"twitter:data1\" content=\"guenter.wolfgang\" \/>\n\t<meta name=\"twitter:label2\" content=\"Gesch\u00e4tzte Lesezeit\" \/>\n\t<meta name=\"twitter:data2\" content=\"1 Minute\" \/>\n<script type=\"application\/ld+json\" class=\"yoast-schema-graph\">{\"@context\":\"https:\/\/schema.org\",\"@graph\":[{\"@type\":\"Article\",\"@id\":\"https:\/\/kulturonline.tv\/at\/grazer-schriftsteller-clemens-j-setz-erhaelt-buechner-preis\/#article\",\"isPartOf\":{\"@id\":\"https:\/\/kulturonline.tv\/at\/grazer-schriftsteller-clemens-j-setz-erhaelt-buechner-preis\/\"},\"author\":{\"name\":\"guenter.wolfgang\",\"@id\":\"https:\/\/kulturonline.tv\/at\/#\/schema\/person\/b0fac729bb9a0c193fb1df23449df4fe\"},\"headline\":\"Grazer Schriftsteller Clemens J. Setz erh\u00e4lt B\u00fcchner-Preis\",\"datePublished\":\"2021-11-10T11:14:10+00:00\",\"dateModified\":\"2021-11-10T11:14:27+00:00\",\"mainEntityOfPage\":{\"@id\":\"https:\/\/kulturonline.tv\/at\/grazer-schriftsteller-clemens-j-setz-erhaelt-buechner-preis\/\"},\"wordCount\":201,\"publisher\":{\"@id\":\"https:\/\/kulturonline.tv\/at\/#organization\"},\"image\":{\"@id\":\"https:\/\/kulturonline.tv\/at\/grazer-schriftsteller-clemens-j-setz-erhaelt-buechner-preis\/#primaryimage\"},\"thumbnailUrl\":\"https:\/\/kulturonline.tv\/wp-content\/uploads\/2021\/11\/Kultur-Online-TV.jpeg\",\"articleSection\":[\"Literatur\"],\"inLanguage\":\"de-AT\"},{\"@type\":\"WebPage\",\"@id\":\"https:\/\/kulturonline.tv\/at\/grazer-schriftsteller-clemens-j-setz-erhaelt-buechner-preis\/\",\"url\":\"https:\/\/kulturonline.tv\/at\/grazer-schriftsteller-clemens-j-setz-erhaelt-buechner-preis\/\",\"name\":\"Grazer Schriftsteller Clemens J. Setz erh\u00e4lt B\u00fcchner-Preis - Kultur Online TV &amp; FM\",\"isPartOf\":{\"@id\":\"https:\/\/kulturonline.tv\/at\/#website\"},\"primaryImageOfPage\":{\"@id\":\"https:\/\/kulturonline.tv\/at\/grazer-schriftsteller-clemens-j-setz-erhaelt-buechner-preis\/#primaryimage\"},\"image\":{\"@id\":\"https:\/\/kulturonline.tv\/at\/grazer-schriftsteller-clemens-j-setz-erhaelt-buechner-preis\/#primaryimage\"},\"thumbnailUrl\":\"https:\/\/kulturonline.tv\/wp-content\/uploads\/2021\/11\/Kultur-Online-TV.jpeg\",\"datePublished\":\"2021-11-10T11:14:10+00:00\",\"dateModified\":\"2021-11-10T11:14:27+00:00\",\"description\":\"Kultur sehen und H\u00f6ren\",\"breadcrumb\":{\"@id\":\"https:\/\/kulturonline.tv\/at\/grazer-schriftsteller-clemens-j-setz-erhaelt-buechner-preis\/#breadcrumb\"},\"inLanguage\":\"de-AT\",\"potentialAction\":[{\"@type\":\"ReadAction\",\"target\":[\"https:\/\/kulturonline.tv\/at\/grazer-schriftsteller-clemens-j-setz-erhaelt-buechner-preis\/\"]}]},{\"@type\":\"ImageObject\",\"inLanguage\":\"de-AT\",\"@id\":\"https:\/\/kulturonline.tv\/at\/grazer-schriftsteller-clemens-j-setz-erhaelt-buechner-preis\/#primaryimage\",\"url\":\"https:\/\/kulturonline.tv\/wp-content\/uploads\/2021\/11\/Kultur-Online-TV.jpeg\",\"contentUrl\":\"https:\/\/kulturonline.tv\/wp-content\/uploads\/2021\/11\/Kultur-Online-TV.jpeg\",\"width\":1200,\"height\":675},{\"@type\":\"BreadcrumbList\",\"@id\":\"https:\/\/kulturonline.tv\/at\/grazer-schriftsteller-clemens-j-setz-erhaelt-buechner-preis\/#breadcrumb\",\"itemListElement\":[{\"@type\":\"ListItem\",\"position\":1,\"name\":\"Startseite\",\"item\":\"https:\/\/kulturonline.tv\/at\/\"},{\"@type\":\"ListItem\",\"position\":2,\"name\":\"Grazer Schriftsteller Clemens J. Setz erh\u00e4lt B\u00fcchner-Preis\"}]},{\"@type\":\"WebSite\",\"@id\":\"https:\/\/kulturonline.tv\/at\/#website\",\"url\":\"https:\/\/kulturonline.tv\/at\/\",\"name\":\"Kultur Online TV &amp; FM\",\"description\":\"Wir sind Kultur 2.0 zum sehen &amp; h\u00f6ren\",\"publisher\":{\"@id\":\"https:\/\/kulturonline.tv\/at\/#organization\"},\"potentialAction\":[{\"@type\":\"SearchAction\",\"target\":{\"@type\":\"EntryPoint\",\"urlTemplate\":\"https:\/\/kulturonline.tv\/at\/?s={search_term_string}\"},\"query-input\":{\"@type\":\"PropertyValueSpecification\",\"valueRequired\":true,\"valueName\":\"search_term_string\"}}],\"inLanguage\":\"de-AT\"},{\"@type\":\"Organization\",\"@id\":\"https:\/\/kulturonline.tv\/at\/#organization\",\"name\":\"Kultur Online TV\",\"url\":\"https:\/\/kulturonline.tv\/at\/\",\"logo\":{\"@type\":\"ImageObject\",\"inLanguage\":\"de-AT\",\"@id\":\"https:\/\/kulturonline.tv\/at\/#\/schema\/logo\/image\/\",\"url\":\"https:\/\/kulturonline.tv\/wp-content\/uploads\/2021\/08\/Kultur-Online-Tv-Logo-Endversion-neu.png\",\"contentUrl\":\"https:\/\/kulturonline.tv\/wp-content\/uploads\/2021\/08\/Kultur-Online-Tv-Logo-Endversion-neu.png\",\"width\":200,\"height\":200,\"caption\":\"Kultur Online TV\"},\"image\":{\"@id\":\"https:\/\/kulturonline.tv\/at\/#\/schema\/logo\/image\/\"},\"sameAs\":[\"https:\/\/www.facebook.com\/kulturonline.tv\",\"https:\/\/www.instagram.com\/kulturonline.tv\"]},{\"@type\":\"Person\",\"@id\":\"https:\/\/kulturonline.tv\/at\/#\/schema\/person\/b0fac729bb9a0c193fb1df23449df4fe\",\"name\":\"guenter.wolfgang\"}]}<\/script>\n<!-- \/ Yoast SEO plugin. -->","yoast_head_json":{"title":"Grazer Schriftsteller Clemens J. Setz erh\u00e4lt B\u00fcchner-Preis - Kultur Online TV &amp; FM","description":"Kultur sehen und H\u00f6ren","robots":{"index":"index","follow":"follow","max-snippet":"max-snippet:-1","max-image-preview":"max-image-preview:large","max-video-preview":"max-video-preview:-1"},"canonical":"https:\/\/kulturonline.tv\/at\/grazer-schriftsteller-clemens-j-setz-erhaelt-buechner-preis\/","og_locale":"de_DE","og_type":"article","og_title":"Grazer Schriftsteller Clemens J. Setz erh\u00e4lt B\u00fcchner-Preis - Kultur Online TV &amp; FM","og_description":"Kultur sehen und H\u00f6ren","og_url":"https:\/\/kulturonline.tv\/at\/grazer-schriftsteller-clemens-j-setz-erhaelt-buechner-preis\/","og_site_name":"Kultur Online TV &amp; FM","article_publisher":"https:\/\/www.facebook.com\/kulturonline.tv","article_published_time":"2021-11-10T11:14:10+00:00","article_modified_time":"2021-11-10T11:14:27+00:00","og_image":[{"width":1200,"height":675,"url":"https:\/\/kulturonline.tv\/wp-content\/uploads\/2021\/11\/Kultur-Online-TV.jpeg","type":"image\/jpeg"}],"author":"guenter.wolfgang","twitter_card":"summary_large_image","twitter_misc":{"Verfasst von":"guenter.wolfgang","Gesch\u00e4tzte Lesezeit":"1 Minute"},"schema":{"@context":"https:\/\/schema.org","@graph":[{"@type":"Article","@id":"https:\/\/kulturonline.tv\/at\/grazer-schriftsteller-clemens-j-setz-erhaelt-buechner-preis\/#article","isPartOf":{"@id":"https:\/\/kulturonline.tv\/at\/grazer-schriftsteller-clemens-j-setz-erhaelt-buechner-preis\/"},"author":{"name":"guenter.wolfgang","@id":"https:\/\/kulturonline.tv\/at\/#\/schema\/person\/b0fac729bb9a0c193fb1df23449df4fe"},"headline":"Grazer Schriftsteller Clemens J. Setz erh\u00e4lt B\u00fcchner-Preis","datePublished":"2021-11-10T11:14:10+00:00","dateModified":"2021-11-10T11:14:27+00:00","mainEntityOfPage":{"@id":"https:\/\/kulturonline.tv\/at\/grazer-schriftsteller-clemens-j-setz-erhaelt-buechner-preis\/"},"wordCount":201,"publisher":{"@id":"https:\/\/kulturonline.tv\/at\/#organization"},"image":{"@id":"https:\/\/kulturonline.tv\/at\/grazer-schriftsteller-clemens-j-setz-erhaelt-buechner-preis\/#primaryimage"},"thumbnailUrl":"https:\/\/kulturonline.tv\/wp-content\/uploads\/2021\/11\/Kultur-Online-TV.jpeg","articleSection":["Literatur"],"inLanguage":"de-AT"},{"@type":"WebPage","@id":"https:\/\/kulturonline.tv\/at\/grazer-schriftsteller-clemens-j-setz-erhaelt-buechner-preis\/","url":"https:\/\/kulturonline.tv\/at\/grazer-schriftsteller-clemens-j-setz-erhaelt-buechner-preis\/","name":"Grazer Schriftsteller Clemens J. Setz erh\u00e4lt B\u00fcchner-Preis - Kultur Online TV &amp; FM","isPartOf":{"@id":"https:\/\/kulturonline.tv\/at\/#website"},"primaryImageOfPage":{"@id":"https:\/\/kulturonline.tv\/at\/grazer-schriftsteller-clemens-j-setz-erhaelt-buechner-preis\/#primaryimage"},"image":{"@id":"https:\/\/kulturonline.tv\/at\/grazer-schriftsteller-clemens-j-setz-erhaelt-buechner-preis\/#primaryimage"},"thumbnailUrl":"https:\/\/kulturonline.tv\/wp-content\/uploads\/2021\/11\/Kultur-Online-TV.jpeg","datePublished":"2021-11-10T11:14:10+00:00","dateModified":"2021-11-10T11:14:27+00:00","description":"Kultur sehen und H\u00f6ren","breadcrumb":{"@id":"https:\/\/kulturonline.tv\/at\/grazer-schriftsteller-clemens-j-setz-erhaelt-buechner-preis\/#breadcrumb"},"inLanguage":"de-AT","potentialAction":[{"@type":"ReadAction","target":["https:\/\/kulturonline.tv\/at\/grazer-schriftsteller-clemens-j-setz-erhaelt-buechner-preis\/"]}]},{"@type":"ImageObject","inLanguage":"de-AT","@id":"https:\/\/kulturonline.tv\/at\/grazer-schriftsteller-clemens-j-setz-erhaelt-buechner-preis\/#primaryimage","url":"https:\/\/kulturonline.tv\/wp-content\/uploads\/2021\/11\/Kultur-Online-TV.jpeg","contentUrl":"https:\/\/kulturonline.tv\/wp-content\/uploads\/2021\/11\/Kultur-Online-TV.jpeg","width":1200,"height":675},{"@type":"BreadcrumbList","@id":"https:\/\/kulturonline.tv\/at\/grazer-schriftsteller-clemens-j-setz-erhaelt-buechner-preis\/#breadcrumb","itemListElement":[{"@type":"ListItem","position":1,"name":"Startseite","item":"https:\/\/kulturonline.tv\/at\/"},{"@type":"ListItem","position":2,"name":"Grazer Schriftsteller Clemens J. Setz erh\u00e4lt B\u00fcchner-Preis"}]},{"@type":"WebSite","@id":"https:\/\/kulturonline.tv\/at\/#website","url":"https:\/\/kulturonline.tv\/at\/","name":"Kultur Online TV &amp; FM","description":"Wir sind Kultur 2.0 zum sehen &amp; h\u00f6ren","publisher":{"@id":"https:\/\/kulturonline.tv\/at\/#organization"},"potentialAction":[{"@type":"SearchAction","target":{"@type":"EntryPoint","urlTemplate":"https:\/\/kulturonline.tv\/at\/?s={search_term_string}"},"query-input":{"@type":"PropertyValueSpecification","valueRequired":true,"valueName":"search_term_string"}}],"inLanguage":"de-AT"},{"@type":"Organization","@id":"https:\/\/kulturonline.tv\/at\/#organization","name":"Kultur Online TV","url":"https:\/\/kulturonline.tv\/at\/","logo":{"@type":"ImageObject","inLanguage":"de-AT","@id":"https:\/\/kulturonline.tv\/at\/#\/schema\/logo\/image\/","url":"https:\/\/kulturonline.tv\/wp-content\/uploads\/2021\/08\/Kultur-Online-Tv-Logo-Endversion-neu.png","contentUrl":"https:\/\/kulturonline.tv\/wp-content\/uploads\/2021\/08\/Kultur-Online-Tv-Logo-Endversion-neu.png","width":200,"height":200,"caption":"Kultur Online TV"},"image":{"@id":"https:\/\/kulturonline.tv\/at\/#\/schema\/logo\/image\/"},"sameAs":["https:\/\/www.facebook.com\/kulturonline.tv","https:\/\/www.instagram.com\/kulturonline.tv"]},{"@type":"Person","@id":"https:\/\/kulturonline.tv\/at\/#\/schema\/person\/b0fac729bb9a0c193fb1df23449df4fe","name":"guenter.wolfgang"}]}},"_links":{"self":[{"href":"https:\/\/kulturonline.tv\/at\/wp-json\/wp\/v2\/posts\/12652","targetHints":{"allow":["GET"]}}],"collection":[{"href":"https:\/\/kulturonline.tv\/at\/wp-json\/wp\/v2\/posts"}],"about":[{"href":"https:\/\/kulturonline.tv\/at\/wp-json\/wp\/v2\/types\/post"}],"author":[{"embeddable":true,"href":"https:\/\/kulturonline.tv\/at\/wp-json\/wp\/v2\/users\/2"}],"replies":[{"embeddable":true,"href":"https:\/\/kulturonline.tv\/at\/wp-json\/wp\/v2\/comments?post=12652"}],"version-history":[{"count":0,"href":"https:\/\/kulturonline.tv\/at\/wp-json\/wp\/v2\/posts\/12652\/revisions"}],"wp:featuredmedia":[{"embeddable":true,"href":"https:\/\/kulturonline.tv\/at\/wp-json\/wp\/v2\/media\/12654"}],"wp:attachment":[{"href":"https:\/\/kulturonline.tv\/at\/wp-json\/wp\/v2\/media?parent=12652"}],"wp:term":[{"taxonomy":"category","embeddable":true,"href":"https:\/\/kulturonline.tv\/at\/wp-json\/wp\/v2\/categories?post=12652"},{"taxonomy":"post_tag","embeddable":true,"href":"https:\/\/kulturonline.tv\/at\/wp-json\/wp\/v2\/tags?post=12652"}],"curies":[{"name":"wp","href":"https:\/\/api.w.org\/{rel}","templated":true}]}}