{"id":128163,"date":"2025-11-03T23:20:29","date_gmt":"2025-11-03T22:20:29","guid":{"rendered":"https:\/\/kulturonline.tv\/?p=128163"},"modified":"2025-11-03T23:20:31","modified_gmt":"2025-11-03T22:20:31","slug":"musikmanager-und-produzent-dieter-weidenfeld-im-alter-von-95-jahren-gestorben","status":"publish","type":"post","link":"https:\/\/kulturonline.tv\/at\/musikmanager-und-produzent-dieter-weidenfeld-im-alter-von-95-jahren-gestorben\/","title":{"rendered":"Musikmanager und Produzent Dieter Weidenfeld im Alter von 95 Jahren gestorben"},"content":{"rendered":"\n<p>Die deutschsprachige Musiklandschaft trauert um eine ihrer pr\u00e4gendsten Menschen aus der Musikszene. Der legend\u00e4re Musikmanager und Produzent Dieter Weidenfeld ist am Samstag, den 1. November 2025, im Alter von 95 Jahren in M\u00fcnchen gestorben.<\/p>\n\n\n\n<figure class=\"wp-block-image size-full\"><img fetchpriority=\"high\" decoding=\"async\" width=\"794\" height=\"446\" src=\"https:\/\/kulturonline.tv\/wp-content\/uploads\/2022\/08\/Kein-Bild-vorhanden.png\" alt=\"\" class=\"wp-image-31492\" srcset=\"https:\/\/kulturonline.tv\/wp-content\/uploads\/2022\/08\/Kein-Bild-vorhanden.png 794w, https:\/\/kulturonline.tv\/wp-content\/uploads\/2022\/08\/Kein-Bild-vorhanden-600x337.png 600w, https:\/\/kulturonline.tv\/wp-content\/uploads\/2022\/08\/Kein-Bild-vorhanden-768x431.png 768w\" sizes=\"(max-width: 794px) 100vw, 794px\" \/><\/figure>\n\n\n\n<p>Weidenfeld galt als einer der bedeutendsten Macher hinter den Kulissen der Schlagerbranche und hat \u00fcber Jahrzehnte hinweg die Karrieren zahlreicher K\u00fcnstler ma\u00dfgeblich geformt.<br>Ein Name, der untrennbar mit Dieter Weidenfeld verbunden ist, ist Howard Carpendale. Weidenfeld war es, der den noch unbekannten jungen S\u00fcdafrikaner Ende der 1960er Jahre zur Plattenfirma EMI Electrola holte und ihm zu seinem ersten Plattenvertrag verhalf.<\/p>\n\n\n\n<p><br>\u00dcber die Jahre arbeitete Dieter Weidenfeld mit weiteren zahlreichen Gr\u00f6\u00dfen des Showgesch\u00e4fts wie, Udo J\u00fcrgens, Peter Kraus, Rex Gildo, Gilbert B\u00e9caud, Adamo, Matthias Reim (f\u00fcr den er bis zuletzt, noch bis 2024, als Manager t\u00e4tig war) <\/p>\n\n\n\n<p>Der in K\u00f6ln geborene Weidenfeld war ein vielseitiges Talent. Er begann seine Laufbahn unter anderem bei Radio Luxemburg und sp\u00e4ter bei EMI Electrola, bevor er sein eigenes B\u00fcro in M\u00fcnchen er\u00f6ffnete. Neben seiner Management-T\u00e4tigkeit inszenierte er in den 1980er und 1990er Jahren als Regisseur Konzerte, schrieb Liedtexte (unter anderem f\u00fcr Howard Carpendale) und ver\u00f6ffentlichte mehrere B\u00fccher, darunter kulinarische Anekdotensammlungen.<\/p>\n\n\n\n<p>Dieter Weidenfeld war eine der &#8222;Stars hinter den Kulissen&#8220;, der mit seiner beharrlichen Arbeit und seinem Gesp\u00fcr f\u00fcr Hits die Pop- und Schlagergeschichte des Landes nachhaltig beeinflusst hat.<\/p>\n\n\n\n<p>Kultur Online TV-FM<\/p>\n\n\n\n<p>#musik #schlager #manager<\/p>\n\n\n\n<p><\/p>\n","protected":false},"excerpt":{"rendered":"<p>Die deutschsprachige Musiklandschaft trauert um eine ihrer pr\u00e4gendsten Menschen aus der Musikszene. Der legend\u00e4re Musikmanager und Produzent Dieter Weidenfeld ist am Samstag, den 1. November 2025, im Alter von 95 Jahren in M\u00fcnchen gestorben. Weidenfeld galt als einer der bedeutendsten Macher hinter den Kulissen der Schlagerbranche und hat \u00fcber Jahrzehnte hinweg die Karrieren zahlreicher K\u00fcnstler [&hellip;]<\/p>\n","protected":false},"author":2,"featured_media":31492,"comment_status":"closed","ping_status":"closed","sticky":false,"template":"","format":"standard","meta":{"_acf_changed":false,"footnotes":""},"categories":[1],"tags":[],"class_list":["post-128163","post","type-post","status-publish","format-standard","has-post-thumbnail","hentry","category-unkategorisiert"],"acf":[],"yoast_head":"<!-- This site is optimized with the Yoast SEO plugin v26.1.1 - https:\/\/yoast.com\/wordpress\/plugins\/seo\/ -->\n<title>Musikmanager und Produzent Dieter Weidenfeld im Alter von 95 Jahren gestorben - Kultur Online TV &amp; FM<\/title>\n<meta name=\"description\" content=\"Die deutschsprachige Musiklandschaft trauert um eine ihrer pr\u00e4gendsten Menschen aus der Musikszene. Der legend\u00e4re Musikmanager und Produzent Dieter Weidenfeld ist am Samstag, den 1. November 2025, im Alter von 95 Jahren in M\u00fcnchen gestorben.\" \/>\n<meta name=\"robots\" content=\"index, follow, max-snippet:-1, max-image-preview:large, max-video-preview:-1\" \/>\n<link rel=\"canonical\" href=\"https:\/\/kulturonline.tv\/at\/musikmanager-und-produzent-dieter-weidenfeld-im-alter-von-95-jahren-gestorben\/\" \/>\n<meta property=\"og:locale\" content=\"de_DE\" \/>\n<meta property=\"og:type\" content=\"article\" \/>\n<meta property=\"og:title\" content=\"Musikmanager und Produzent Dieter Weidenfeld im Alter von 95 Jahren gestorben - Kultur Online TV &amp; FM\" \/>\n<meta property=\"og:description\" content=\"Die deutschsprachige Musiklandschaft trauert um eine ihrer pr\u00e4gendsten Menschen aus der Musikszene. Der legend\u00e4re Musikmanager und Produzent Dieter Weidenfeld ist am Samstag, den 1. November 2025, im Alter von 95 Jahren in M\u00fcnchen gestorben.\" \/>\n<meta property=\"og:url\" content=\"https:\/\/kulturonline.tv\/at\/musikmanager-und-produzent-dieter-weidenfeld-im-alter-von-95-jahren-gestorben\/\" \/>\n<meta property=\"og:site_name\" content=\"Kultur Online TV &amp; FM\" \/>\n<meta property=\"article:publisher\" content=\"https:\/\/www.facebook.com\/kulturonline.tv\" \/>\n<meta property=\"article:published_time\" content=\"2025-11-03T22:20:29+00:00\" \/>\n<meta property=\"article:modified_time\" content=\"2025-11-03T22:20:31+00:00\" \/>\n<meta property=\"og:image\" content=\"https:\/\/kulturonline.tv\/wp-content\/uploads\/2022\/08\/Kein-Bild-vorhanden.png\" \/>\n\t<meta property=\"og:image:width\" content=\"794\" \/>\n\t<meta property=\"og:image:height\" content=\"446\" \/>\n\t<meta property=\"og:image:type\" content=\"image\/png\" \/>\n<meta name=\"author\" content=\"guenter.wolfgang\" \/>\n<meta name=\"twitter:card\" content=\"summary_large_image\" \/>\n<meta name=\"twitter:label1\" content=\"Verfasst von\" \/>\n\t<meta name=\"twitter:data1\" content=\"guenter.wolfgang\" \/>\n\t<meta name=\"twitter:label2\" content=\"Gesch\u00e4tzte Lesezeit\" \/>\n\t<meta name=\"twitter:data2\" content=\"1 Minute\" \/>\n<script type=\"application\/ld+json\" class=\"yoast-schema-graph\">{\"@context\":\"https:\/\/schema.org\",\"@graph\":[{\"@type\":\"Article\",\"@id\":\"https:\/\/kulturonline.tv\/at\/musikmanager-und-produzent-dieter-weidenfeld-im-alter-von-95-jahren-gestorben\/#article\",\"isPartOf\":{\"@id\":\"https:\/\/kulturonline.tv\/at\/musikmanager-und-produzent-dieter-weidenfeld-im-alter-von-95-jahren-gestorben\/\"},\"author\":{\"name\":\"guenter.wolfgang\",\"@id\":\"https:\/\/kulturonline.tv\/at\/#\/schema\/person\/b0fac729bb9a0c193fb1df23449df4fe\"},\"headline\":\"Musikmanager und Produzent Dieter Weidenfeld im Alter von 95 Jahren gestorben\",\"datePublished\":\"2025-11-03T22:20:29+00:00\",\"dateModified\":\"2025-11-03T22:20:31+00:00\",\"mainEntityOfPage\":{\"@id\":\"https:\/\/kulturonline.tv\/at\/musikmanager-und-produzent-dieter-weidenfeld-im-alter-von-95-jahren-gestorben\/\"},\"wordCount\":252,\"publisher\":{\"@id\":\"https:\/\/kulturonline.tv\/at\/#organization\"},\"image\":{\"@id\":\"https:\/\/kulturonline.tv\/at\/musikmanager-und-produzent-dieter-weidenfeld-im-alter-von-95-jahren-gestorben\/#primaryimage\"},\"thumbnailUrl\":\"https:\/\/kulturonline.tv\/wp-content\/uploads\/2022\/08\/Kein-Bild-vorhanden.png\",\"articleSection\":[\"Unkategorisiert\"],\"inLanguage\":\"de-AT\"},{\"@type\":\"WebPage\",\"@id\":\"https:\/\/kulturonline.tv\/at\/musikmanager-und-produzent-dieter-weidenfeld-im-alter-von-95-jahren-gestorben\/\",\"url\":\"https:\/\/kulturonline.tv\/at\/musikmanager-und-produzent-dieter-weidenfeld-im-alter-von-95-jahren-gestorben\/\",\"name\":\"Musikmanager und Produzent Dieter Weidenfeld im Alter von 95 Jahren gestorben - Kultur Online TV &amp; FM\",\"isPartOf\":{\"@id\":\"https:\/\/kulturonline.tv\/at\/#website\"},\"primaryImageOfPage\":{\"@id\":\"https:\/\/kulturonline.tv\/at\/musikmanager-und-produzent-dieter-weidenfeld-im-alter-von-95-jahren-gestorben\/#primaryimage\"},\"image\":{\"@id\":\"https:\/\/kulturonline.tv\/at\/musikmanager-und-produzent-dieter-weidenfeld-im-alter-von-95-jahren-gestorben\/#primaryimage\"},\"thumbnailUrl\":\"https:\/\/kulturonline.tv\/wp-content\/uploads\/2022\/08\/Kein-Bild-vorhanden.png\",\"datePublished\":\"2025-11-03T22:20:29+00:00\",\"dateModified\":\"2025-11-03T22:20:31+00:00\",\"description\":\"Die deutschsprachige Musiklandschaft trauert um eine ihrer pr\u00e4gendsten Menschen aus der Musikszene. Der legend\u00e4re Musikmanager und Produzent Dieter Weidenfeld ist am Samstag, den 1. November 2025, im Alter von 95 Jahren in M\u00fcnchen gestorben.\",\"breadcrumb\":{\"@id\":\"https:\/\/kulturonline.tv\/at\/musikmanager-und-produzent-dieter-weidenfeld-im-alter-von-95-jahren-gestorben\/#breadcrumb\"},\"inLanguage\":\"de-AT\",\"potentialAction\":[{\"@type\":\"ReadAction\",\"target\":[\"https:\/\/kulturonline.tv\/at\/musikmanager-und-produzent-dieter-weidenfeld-im-alter-von-95-jahren-gestorben\/\"]}]},{\"@type\":\"ImageObject\",\"inLanguage\":\"de-AT\",\"@id\":\"https:\/\/kulturonline.tv\/at\/musikmanager-und-produzent-dieter-weidenfeld-im-alter-von-95-jahren-gestorben\/#primaryimage\",\"url\":\"https:\/\/kulturonline.tv\/wp-content\/uploads\/2022\/08\/Kein-Bild-vorhanden.png\",\"contentUrl\":\"https:\/\/kulturonline.tv\/wp-content\/uploads\/2022\/08\/Kein-Bild-vorhanden.png\",\"width\":794,\"height\":446},{\"@type\":\"BreadcrumbList\",\"@id\":\"https:\/\/kulturonline.tv\/at\/musikmanager-und-produzent-dieter-weidenfeld-im-alter-von-95-jahren-gestorben\/#breadcrumb\",\"itemListElement\":[{\"@type\":\"ListItem\",\"position\":1,\"name\":\"Startseite\",\"item\":\"https:\/\/kulturonline.tv\/at\/\"},{\"@type\":\"ListItem\",\"position\":2,\"name\":\"Musikmanager und Produzent Dieter Weidenfeld im Alter von 95 Jahren gestorben\"}]},{\"@type\":\"WebSite\",\"@id\":\"https:\/\/kulturonline.tv\/at\/#website\",\"url\":\"https:\/\/kulturonline.tv\/at\/\",\"name\":\"Kultur Online TV &amp; FM\",\"description\":\"Wir sind Kultur 2.0 zum sehen &amp; h\u00f6ren\",\"publisher\":{\"@id\":\"https:\/\/kulturonline.tv\/at\/#organization\"},\"potentialAction\":[{\"@type\":\"SearchAction\",\"target\":{\"@type\":\"EntryPoint\",\"urlTemplate\":\"https:\/\/kulturonline.tv\/at\/?s={search_term_string}\"},\"query-input\":{\"@type\":\"PropertyValueSpecification\",\"valueRequired\":true,\"valueName\":\"search_term_string\"}}],\"inLanguage\":\"de-AT\"},{\"@type\":\"Organization\",\"@id\":\"https:\/\/kulturonline.tv\/at\/#organization\",\"name\":\"Kultur Online TV\",\"url\":\"https:\/\/kulturonline.tv\/at\/\",\"logo\":{\"@type\":\"ImageObject\",\"inLanguage\":\"de-AT\",\"@id\":\"https:\/\/kulturonline.tv\/at\/#\/schema\/logo\/image\/\",\"url\":\"https:\/\/kulturonline.tv\/wp-content\/uploads\/2021\/08\/Kultur-Online-Tv-Logo-Endversion-neu.png\",\"contentUrl\":\"https:\/\/kulturonline.tv\/wp-content\/uploads\/2021\/08\/Kultur-Online-Tv-Logo-Endversion-neu.png\",\"width\":200,\"height\":200,\"caption\":\"Kultur Online TV\"},\"image\":{\"@id\":\"https:\/\/kulturonline.tv\/at\/#\/schema\/logo\/image\/\"},\"sameAs\":[\"https:\/\/www.facebook.com\/kulturonline.tv\",\"https:\/\/www.instagram.com\/kulturonline.tv\"]},{\"@type\":\"Person\",\"@id\":\"https:\/\/kulturonline.tv\/at\/#\/schema\/person\/b0fac729bb9a0c193fb1df23449df4fe\",\"name\":\"guenter.wolfgang\"}]}<\/script>\n<!-- \/ Yoast SEO plugin. -->","yoast_head_json":{"title":"Musikmanager und Produzent Dieter Weidenfeld im Alter von 95 Jahren gestorben - Kultur Online TV &amp; FM","description":"Die deutschsprachige Musiklandschaft trauert um eine ihrer pr\u00e4gendsten Menschen aus der Musikszene. Der legend\u00e4re Musikmanager und Produzent Dieter Weidenfeld ist am Samstag, den 1. November 2025, im Alter von 95 Jahren in M\u00fcnchen gestorben.","robots":{"index":"index","follow":"follow","max-snippet":"max-snippet:-1","max-image-preview":"max-image-preview:large","max-video-preview":"max-video-preview:-1"},"canonical":"https:\/\/kulturonline.tv\/at\/musikmanager-und-produzent-dieter-weidenfeld-im-alter-von-95-jahren-gestorben\/","og_locale":"de_DE","og_type":"article","og_title":"Musikmanager und Produzent Dieter Weidenfeld im Alter von 95 Jahren gestorben - Kultur Online TV &amp; FM","og_description":"Die deutschsprachige Musiklandschaft trauert um eine ihrer pr\u00e4gendsten Menschen aus der Musikszene. Der legend\u00e4re Musikmanager und Produzent Dieter Weidenfeld ist am Samstag, den 1. November 2025, im Alter von 95 Jahren in M\u00fcnchen gestorben.","og_url":"https:\/\/kulturonline.tv\/at\/musikmanager-und-produzent-dieter-weidenfeld-im-alter-von-95-jahren-gestorben\/","og_site_name":"Kultur Online TV &amp; FM","article_publisher":"https:\/\/www.facebook.com\/kulturonline.tv","article_published_time":"2025-11-03T22:20:29+00:00","article_modified_time":"2025-11-03T22:20:31+00:00","og_image":[{"width":794,"height":446,"url":"https:\/\/kulturonline.tv\/wp-content\/uploads\/2022\/08\/Kein-Bild-vorhanden.png","type":"image\/png"}],"author":"guenter.wolfgang","twitter_card":"summary_large_image","twitter_misc":{"Verfasst von":"guenter.wolfgang","Gesch\u00e4tzte Lesezeit":"1 Minute"},"schema":{"@context":"https:\/\/schema.org","@graph":[{"@type":"Article","@id":"https:\/\/kulturonline.tv\/at\/musikmanager-und-produzent-dieter-weidenfeld-im-alter-von-95-jahren-gestorben\/#article","isPartOf":{"@id":"https:\/\/kulturonline.tv\/at\/musikmanager-und-produzent-dieter-weidenfeld-im-alter-von-95-jahren-gestorben\/"},"author":{"name":"guenter.wolfgang","@id":"https:\/\/kulturonline.tv\/at\/#\/schema\/person\/b0fac729bb9a0c193fb1df23449df4fe"},"headline":"Musikmanager und Produzent Dieter Weidenfeld im Alter von 95 Jahren gestorben","datePublished":"2025-11-03T22:20:29+00:00","dateModified":"2025-11-03T22:20:31+00:00","mainEntityOfPage":{"@id":"https:\/\/kulturonline.tv\/at\/musikmanager-und-produzent-dieter-weidenfeld-im-alter-von-95-jahren-gestorben\/"},"wordCount":252,"publisher":{"@id":"https:\/\/kulturonline.tv\/at\/#organization"},"image":{"@id":"https:\/\/kulturonline.tv\/at\/musikmanager-und-produzent-dieter-weidenfeld-im-alter-von-95-jahren-gestorben\/#primaryimage"},"thumbnailUrl":"https:\/\/kulturonline.tv\/wp-content\/uploads\/2022\/08\/Kein-Bild-vorhanden.png","articleSection":["Unkategorisiert"],"inLanguage":"de-AT"},{"@type":"WebPage","@id":"https:\/\/kulturonline.tv\/at\/musikmanager-und-produzent-dieter-weidenfeld-im-alter-von-95-jahren-gestorben\/","url":"https:\/\/kulturonline.tv\/at\/musikmanager-und-produzent-dieter-weidenfeld-im-alter-von-95-jahren-gestorben\/","name":"Musikmanager und Produzent Dieter Weidenfeld im Alter von 95 Jahren gestorben - Kultur Online TV &amp; FM","isPartOf":{"@id":"https:\/\/kulturonline.tv\/at\/#website"},"primaryImageOfPage":{"@id":"https:\/\/kulturonline.tv\/at\/musikmanager-und-produzent-dieter-weidenfeld-im-alter-von-95-jahren-gestorben\/#primaryimage"},"image":{"@id":"https:\/\/kulturonline.tv\/at\/musikmanager-und-produzent-dieter-weidenfeld-im-alter-von-95-jahren-gestorben\/#primaryimage"},"thumbnailUrl":"https:\/\/kulturonline.tv\/wp-content\/uploads\/2022\/08\/Kein-Bild-vorhanden.png","datePublished":"2025-11-03T22:20:29+00:00","dateModified":"2025-11-03T22:20:31+00:00","description":"Die deutschsprachige Musiklandschaft trauert um eine ihrer pr\u00e4gendsten Menschen aus der Musikszene. Der legend\u00e4re Musikmanager und Produzent Dieter Weidenfeld ist am Samstag, den 1. November 2025, im Alter von 95 Jahren in M\u00fcnchen gestorben.","breadcrumb":{"@id":"https:\/\/kulturonline.tv\/at\/musikmanager-und-produzent-dieter-weidenfeld-im-alter-von-95-jahren-gestorben\/#breadcrumb"},"inLanguage":"de-AT","potentialAction":[{"@type":"ReadAction","target":["https:\/\/kulturonline.tv\/at\/musikmanager-und-produzent-dieter-weidenfeld-im-alter-von-95-jahren-gestorben\/"]}]},{"@type":"ImageObject","inLanguage":"de-AT","@id":"https:\/\/kulturonline.tv\/at\/musikmanager-und-produzent-dieter-weidenfeld-im-alter-von-95-jahren-gestorben\/#primaryimage","url":"https:\/\/kulturonline.tv\/wp-content\/uploads\/2022\/08\/Kein-Bild-vorhanden.png","contentUrl":"https:\/\/kulturonline.tv\/wp-content\/uploads\/2022\/08\/Kein-Bild-vorhanden.png","width":794,"height":446},{"@type":"BreadcrumbList","@id":"https:\/\/kulturonline.tv\/at\/musikmanager-und-produzent-dieter-weidenfeld-im-alter-von-95-jahren-gestorben\/#breadcrumb","itemListElement":[{"@type":"ListItem","position":1,"name":"Startseite","item":"https:\/\/kulturonline.tv\/at\/"},{"@type":"ListItem","position":2,"name":"Musikmanager und Produzent Dieter Weidenfeld im Alter von 95 Jahren gestorben"}]},{"@type":"WebSite","@id":"https:\/\/kulturonline.tv\/at\/#website","url":"https:\/\/kulturonline.tv\/at\/","name":"Kultur Online TV &amp; FM","description":"Wir sind Kultur 2.0 zum sehen &amp; h\u00f6ren","publisher":{"@id":"https:\/\/kulturonline.tv\/at\/#organization"},"potentialAction":[{"@type":"SearchAction","target":{"@type":"EntryPoint","urlTemplate":"https:\/\/kulturonline.tv\/at\/?s={search_term_string}"},"query-input":{"@type":"PropertyValueSpecification","valueRequired":true,"valueName":"search_term_string"}}],"inLanguage":"de-AT"},{"@type":"Organization","@id":"https:\/\/kulturonline.tv\/at\/#organization","name":"Kultur Online TV","url":"https:\/\/kulturonline.tv\/at\/","logo":{"@type":"ImageObject","inLanguage":"de-AT","@id":"https:\/\/kulturonline.tv\/at\/#\/schema\/logo\/image\/","url":"https:\/\/kulturonline.tv\/wp-content\/uploads\/2021\/08\/Kultur-Online-Tv-Logo-Endversion-neu.png","contentUrl":"https:\/\/kulturonline.tv\/wp-content\/uploads\/2021\/08\/Kultur-Online-Tv-Logo-Endversion-neu.png","width":200,"height":200,"caption":"Kultur Online TV"},"image":{"@id":"https:\/\/kulturonline.tv\/at\/#\/schema\/logo\/image\/"},"sameAs":["https:\/\/www.facebook.com\/kulturonline.tv","https:\/\/www.instagram.com\/kulturonline.tv"]},{"@type":"Person","@id":"https:\/\/kulturonline.tv\/at\/#\/schema\/person\/b0fac729bb9a0c193fb1df23449df4fe","name":"guenter.wolfgang"}]}},"_links":{"self":[{"href":"https:\/\/kulturonline.tv\/at\/wp-json\/wp\/v2\/posts\/128163","targetHints":{"allow":["GET"]}}],"collection":[{"href":"https:\/\/kulturonline.tv\/at\/wp-json\/wp\/v2\/posts"}],"about":[{"href":"https:\/\/kulturonline.tv\/at\/wp-json\/wp\/v2\/types\/post"}],"author":[{"embeddable":true,"href":"https:\/\/kulturonline.tv\/at\/wp-json\/wp\/v2\/users\/2"}],"replies":[{"embeddable":true,"href":"https:\/\/kulturonline.tv\/at\/wp-json\/wp\/v2\/comments?post=128163"}],"version-history":[{"count":1,"href":"https:\/\/kulturonline.tv\/at\/wp-json\/wp\/v2\/posts\/128163\/revisions"}],"predecessor-version":[{"id":128164,"href":"https:\/\/kulturonline.tv\/at\/wp-json\/wp\/v2\/posts\/128163\/revisions\/128164"}],"wp:featuredmedia":[{"embeddable":true,"href":"https:\/\/kulturonline.tv\/at\/wp-json\/wp\/v2\/media\/31492"}],"wp:attachment":[{"href":"https:\/\/kulturonline.tv\/at\/wp-json\/wp\/v2\/media?parent=128163"}],"wp:term":[{"taxonomy":"category","embeddable":true,"href":"https:\/\/kulturonline.tv\/at\/wp-json\/wp\/v2\/categories?post=128163"},{"taxonomy":"post_tag","embeddable":true,"href":"https:\/\/kulturonline.tv\/at\/wp-json\/wp\/v2\/tags?post=128163"}],"curies":[{"name":"wp","href":"https:\/\/api.w.org\/{rel}","templated":true}]}}