{"id":128529,"date":"2025-06-16T10:23:58","date_gmt":"2025-06-16T08:23:58","guid":{"rendered":"https:\/\/kulturonline.tv\/ueber-die-freude-der-ersten-mahd\/"},"modified":"2026-04-16T06:38:45","modified_gmt":"2026-04-16T04:38:45","slug":"ueber-die-freude-der-ersten-mahd","status":"publish","type":"post","link":"https:\/\/kulturonline.tv\/at\/ueber-die-freude-der-ersten-mahd\/","title":{"rendered":"\u00dcber die Freude der Ersten Mahd"},"content":{"rendered":"\n<p>Jedes Jahr an Pfingsten steht Walchsee Kopf. Dann feiern die Einheimischen das Egastfestl. \u201eEs ist das Fest der ersten Mahd. Wir sind immer sehr dankbar, dass wir bei uns eine so gute Vegetation mit gen\u00fcgend Regen haben\u201c, freut sich Hans Knoll. <\/p>\n\n\n\n<p>Er ist der Obmann des Tourismusverbandes Kaiserwinkl und durfte in diesem Jahr zum ersten Mal das Fass im Festzelt anstechen.<\/p>\n\n\n\n<figure class=\"wp-block-image size-large\"><img fetchpriority=\"high\" decoding=\"async\" width=\"1600\" height=\"1200\" src=\"https:\/\/kulturonline.tv\/wp-content\/uploads\/2025\/06\/Egastfestl-Anstich-durch-Obmann-Hans-Knoll-1-1600x1200.jpg\" alt=\"\" class=\"wp-image-110950\" srcset=\"https:\/\/kulturonline.tv\/wp-content\/uploads\/2025\/06\/Egastfestl-Anstich-durch-Obmann-Hans-Knoll-1-1600x1200.jpg 1600w, https:\/\/kulturonline.tv\/wp-content\/uploads\/2025\/06\/Egastfestl-Anstich-durch-Obmann-Hans-Knoll-1-800x600.jpg 800w, https:\/\/kulturonline.tv\/wp-content\/uploads\/2025\/06\/Egastfestl-Anstich-durch-Obmann-Hans-Knoll-1-768x576.jpg 768w, https:\/\/kulturonline.tv\/wp-content\/uploads\/2025\/06\/Egastfestl-Anstich-durch-Obmann-Hans-Knoll-1-1536x1152.jpg 1536w, https:\/\/kulturonline.tv\/wp-content\/uploads\/2025\/06\/Egastfestl-Anstich-durch-Obmann-Hans-Knoll-1.jpg 2048w\" sizes=\"(max-width: 1600px) 100vw, 1600px\" \/><\/figure>\n\n\n\n<h5 class=\"wp-block-heading\">Copyright Ulrich j. Kaiser  Hans Knoll zapft das erste Fass des Egastfestl an. <\/h5>\n\n\n\n<p>Bevor die Musik in Form der Bundesmusikkapelle Walchsee hereinspielte, richteten sich viele bange Blicke gen Himmel. <\/p>\n\n\n\n<h5 class=\"wp-block-heading\"><\/h5>\n\n\n\n<p>Dunkle Wolken zogen schon tags zuvor \u00fcber den Kaiserwinkl und verdeckten die symbolische Krone \u00fcber dem Wilden und Zahmen Kaiser.<\/p>\n\n\n\n<h5 class=\"wp-block-heading\">Copyright Ulrich. J. Kaiser  Die Bundesmusikkapelle spielt herein. <\/h5>\n\n\n\n<p><strong>Handwerk entdecken<\/strong><\/p>\n\n\n\n<p>Mein Herz beginnt zu strahlen, als es etwa zwei Stunden vor dem Festl aufmacht und die Regentropfen sich langsam verabschieden. Schlie\u00dflich helfen viele Vereine zusammen, um ein solches Fest auf die Beine zu stellen. Das ist in der heutigen Zeit immer schwieriger. <\/p>\n\n\n\n<figure class=\"wp-block-image size-large\"><img decoding=\"async\" width=\"1600\" height=\"1200\" src=\"https:\/\/kulturonline.tv\/wp-content\/uploads\/2025\/06\/Holzschnitereien-Egastfestl-1600x1200.jpg\" alt=\"\" class=\"wp-image-110954\" srcset=\"https:\/\/kulturonline.tv\/wp-content\/uploads\/2025\/06\/Holzschnitereien-Egastfestl-1600x1200.jpg 1600w, https:\/\/kulturonline.tv\/wp-content\/uploads\/2025\/06\/Holzschnitereien-Egastfestl-800x600.jpg 800w, https:\/\/kulturonline.tv\/wp-content\/uploads\/2025\/06\/Holzschnitereien-Egastfestl-768x576.jpg 768w, https:\/\/kulturonline.tv\/wp-content\/uploads\/2025\/06\/Holzschnitereien-Egastfestl-1536x1152.jpg 1536w, https:\/\/kulturonline.tv\/wp-content\/uploads\/2025\/06\/Holzschnitereien-Egastfestl.jpg 2048w\" sizes=\"(max-width: 1600px) 100vw, 1600px\" \/><\/figure>\n\n\n\n<h5 class=\"wp-block-heading\">Copyright Ulrich j. Kaiser  Holzschnitzkunst auf dem Handwerkermarkt <\/h5>\n\n\n\n<p>Das Wasser hat diese Wiese recht tief werden lassen und so f\u00e4llt der diesj\u00e4hrige Handwerkermarkt sehr klein aus. \u201eWir freuen uns dennoch, dass einige gekommen sind. Manche Sachen k\u00f6nnen im Regen nicht wirklich pr\u00e4sentiert werden\u201c, sagt Thomas Schonw\u00e4lder, der Direktor des TVB Kaiserwinkl. <\/p>\n\n\n\n<p>Vor den \u201eToren\u201c des Zeltes besuche ich einen Stand mit vielen Hufeisen. Paul kommt aus Matrei und erz\u00e4hlt, dass er fr\u00fcher in einer Bank gearbeitet hat, ehe er den Job hingeworfen hat und nun mit viel Hingabe f\u00fcrs Detail die Gl\u00fcckbringer schmiedet. <\/p>\n\n\n\n<figure class=\"wp-block-image size-large\"><img decoding=\"async\" width=\"1600\" height=\"1200\" src=\"https:\/\/kulturonline.tv\/wp-content\/uploads\/2025\/06\/Handgeschmiedete-Hufeisen-Egastfestl-1600x1200.jpg\" alt=\"\" class=\"wp-image-110956\" srcset=\"https:\/\/kulturonline.tv\/wp-content\/uploads\/2025\/06\/Handgeschmiedete-Hufeisen-Egastfestl-1600x1200.jpg 1600w, https:\/\/kulturonline.tv\/wp-content\/uploads\/2025\/06\/Handgeschmiedete-Hufeisen-Egastfestl-800x600.jpg 800w, https:\/\/kulturonline.tv\/wp-content\/uploads\/2025\/06\/Handgeschmiedete-Hufeisen-Egastfestl-768x576.jpg 768w, https:\/\/kulturonline.tv\/wp-content\/uploads\/2025\/06\/Handgeschmiedete-Hufeisen-Egastfestl-1536x1152.jpg 1536w, https:\/\/kulturonline.tv\/wp-content\/uploads\/2025\/06\/Handgeschmiedete-Hufeisen-Egastfestl.jpg 2048w\" sizes=\"(max-width: 1600px) 100vw, 1600px\" \/><\/figure>\n\n\n\n<h5 class=\"wp-block-heading\">Copyright Ulrich j. Kaiser Wundersch\u00f6ne handgeschmiedete Hufeisen<\/h5>\n\n\n\n<p>Damit f\u00fchrt er die viele Jahrhunderte alte Schmiede weiter, die fr\u00fcher an einer Handelsstra\u00dfe lag und den Pferden regelm\u00e4\u00dfig eine neue \u201eBereifung\u201c schenkte. <\/p>\n\n\n\n<p>Das Hufeisen, ein Zeichen des Gl\u00fccks, verbindet der Tiroler unter anderem mit den Fortbewegungsmitteln der Moderne. Und so saust ein Motorrad aus dem nach oben offenen Oval heraus. Die flotten Zweiradler k\u00f6nnen das Gl\u00fcck schon oftmals ganz gut brauchen.<\/p>\n\n\n\n<p><strong>Traktoren aus der Vergangenheit<\/strong><\/p>\n\n\n\n<p>Das Egastfestl verbindet bierselige Gem\u00fctlichkeit mit einem kleinen, aber feinen Rahmenprogramm. Es beginnt stets traditionell mit der Bundesmusikkapelle, die sich als lebendige S\u00e4ngergemeinschaft entpuppt. <\/p>\n\n\n\n<p>Hans Knoll freut sich, weil er das Fassl \u201eKaiser\u201c unterm Kaiser nur zweimal mit dem Hammer k\u00fcssen musste, ehe der Gerstensaft floss und er fragt sich danach, welche Steigerung es beim Anzapfen noch geben kann, nachdem es beim Kasfest deren drei z\u00fcgige Schl\u00e4ge waren.<\/p>\n\n\n\n<p> Der gute alte Fu\u00dfballerspruch \u201edie Null muss stehen\u201c w\u00e4re im Rahmen einer solchen T\u00e4tigkeit eher kontraproduktiv.<\/p>\n\n\n\n<p>Ich gehe nach einer St\u00e4rkung wieder hinaus und schau nach den Traktoren. Alle zwei Jahre gibt es im Wechsel mit einem Trachtenumzug eine Traktorenparade. <\/p>\n\n\n\n<p>Diesmal steht \u00fcber 50 alte Pferdest\u00e4rken bereit, um ihre Runden ums Zelt zu drehen. Da erkenne ich sogar knatternde Helfer aus den 40er-Jahren des letzten Jahrtausends. Damals fielen sie noch klein aus. Sp\u00e4ter wurden die Gef\u00e4hrte immer gr\u00f6\u00dfer, schneller. <\/p>\n\n\n\n<figure class=\"wp-block-image size-large\"><img loading=\"lazy\" decoding=\"async\" width=\"1600\" height=\"1200\" src=\"https:\/\/kulturonline.tv\/wp-content\/uploads\/2025\/06\/Oldtimertraktoren-Egastfestl-1-1600x1200.jpg\" alt=\"\" class=\"wp-image-110958\" srcset=\"https:\/\/kulturonline.tv\/wp-content\/uploads\/2025\/06\/Oldtimertraktoren-Egastfestl-1-1600x1200.jpg 1600w, https:\/\/kulturonline.tv\/wp-content\/uploads\/2025\/06\/Oldtimertraktoren-Egastfestl-1-800x600.jpg 800w, https:\/\/kulturonline.tv\/wp-content\/uploads\/2025\/06\/Oldtimertraktoren-Egastfestl-1-768x576.jpg 768w, https:\/\/kulturonline.tv\/wp-content\/uploads\/2025\/06\/Oldtimertraktoren-Egastfestl-1-1536x1152.jpg 1536w, https:\/\/kulturonline.tv\/wp-content\/uploads\/2025\/06\/Oldtimertraktoren-Egastfestl-1.jpg 2048w\" sizes=\"(max-width: 1600px) 100vw, 1600px\" \/><\/figure>\n\n\n\n<h5 class=\"wp-block-heading\">Copyright Ulrich j. Kaiser  Alte Herren und junge Wilde bei der Traktorenparade. <\/h5>\n\n\n\n<p>Den alten mechanischen Kollegen konnten die Bauern noch gut zureden oder selbst chirurgisch beikommen. Die modernen Gef\u00e4hrte sind furchteinfl\u00f6\u00dfenden, aber technisch sicherlich eher launiger und verstehen auch Streicheleinheiten nicht. <\/p>\n\n\n\n<p>Die G\u00e4ste jedenfalls haben ihren Spa\u00df und die Kleinen, die oftmals vom Opa auf den&nbsp; Bock gehoben wurden, grinsen \u00fcbers ganze Gesicht, wenn sie den Beifahrer mimen und gerne auch mal den Freunden am Stra\u00dfenrand freundlich winken. <\/p>\n\n\n\n<figure class=\"wp-block-image size-large\"><img loading=\"lazy\" decoding=\"async\" width=\"1600\" height=\"1200\" src=\"https:\/\/kulturonline.tv\/wp-content\/uploads\/2025\/06\/Oldtimertraktoren-Egastfestl-2-1600x1200.jpg\" alt=\"\" class=\"wp-image-110960\" srcset=\"https:\/\/kulturonline.tv\/wp-content\/uploads\/2025\/06\/Oldtimertraktoren-Egastfestl-2-1600x1200.jpg 1600w, https:\/\/kulturonline.tv\/wp-content\/uploads\/2025\/06\/Oldtimertraktoren-Egastfestl-2-800x600.jpg 800w, https:\/\/kulturonline.tv\/wp-content\/uploads\/2025\/06\/Oldtimertraktoren-Egastfestl-2-768x576.jpg 768w, https:\/\/kulturonline.tv\/wp-content\/uploads\/2025\/06\/Oldtimertraktoren-Egastfestl-2-1536x1152.jpg 1536w, https:\/\/kulturonline.tv\/wp-content\/uploads\/2025\/06\/Oldtimertraktoren-Egastfestl-2.jpg 2048w\" sizes=\"(max-width: 1600px) 100vw, 1600px\" \/><\/figure>\n\n\n\n<h5 class=\"wp-block-heading\">Copyright Ulrich J. Kaiser  \u00dcber 50 alte Traktoren konnten die Zuschauer bestaunen.  <\/h5>\n\n\n\n<p>Drau\u00dfen gibt\u00b4s Kasspatzn, Hendl und \u00e4hnliche K\u00f6stlichkeiten und Petrus ist beim Trockengang geblieben. Der Liebe Gott liebt halt den Kaiserwinkl, sowohl bei der Arbeit, als auch beim Feiern.<\/p>\n\n\n\n<p>Bericht Ulrich J. Kaiser<\/p>\n\n\n\n<p>#Kaiserwinkl  # Egastfestl #Tirol <\/p>\n\n\n\n<p><\/p>\n","protected":false},"excerpt":{"rendered":"<p>Jedes Jahr an Pfingsten steht Walchsee Kopf. Dann feiern die Einheimischen das Egastfestl. \u201eEs ist das Fest der ersten Mahd. Wir sind immer sehr dankbar, dass wir bei uns eine so gute Vegetation mit gen\u00fcgend Regen haben\u201c, freut sich Hans Knoll. Er ist der Obmann des Tourismusverbandes Kaiserwinkl und durfte in diesem Jahr zum ersten [&hellip;]<\/p>\n","protected":false},"author":2,"featured_media":110963,"comment_status":"open","ping_status":"open","sticky":false,"template":"","format":"standard","meta":{"_acf_changed":false,"footnotes":""},"categories":[955,858],"tags":[],"class_list":["post-128529","post","type-post","status-publish","format-standard","has-post-thumbnail","hentry","category-aus-den-regionen-tirol","category-meistgelesene-beitraege-at"],"acf":[],"yoast_head":"<!-- This site is optimized with the Yoast SEO plugin v26.1.1 - https:\/\/yoast.com\/wordpress\/plugins\/seo\/ -->\n<title>\u00dcber die Freude der Ersten Mahd - Kultur Online TV &amp; FM<\/title>\n<meta name=\"description\" content=\"Das Egastfestl als Fest der ersten Mahd ist Tradition im Kaiserwinkl. Es steigt immer an Pfingsten und erfreut Einheimische und G\u00e4ste.\" \/>\n<meta name=\"robots\" content=\"index, follow, max-snippet:-1, max-image-preview:large, max-video-preview:-1\" \/>\n<link rel=\"canonical\" href=\"https:\/\/kulturonline.tv\/at\/ueber-die-freude-der-ersten-mahd\/\" \/>\n<meta property=\"og:locale\" content=\"de_DE\" \/>\n<meta property=\"og:type\" content=\"article\" \/>\n<meta property=\"og:title\" content=\"\u00dcber die Freude der Ersten Mahd - Kultur Online TV &amp; FM\" \/>\n<meta property=\"og:description\" content=\"Das Egastfestl als Fest der ersten Mahd ist Tradition im Kaiserwinkl. Es steigt immer an Pfingsten und erfreut Einheimische und G\u00e4ste.\" \/>\n<meta property=\"og:url\" content=\"https:\/\/kulturonline.tv\/at\/ueber-die-freude-der-ersten-mahd\/\" \/>\n<meta property=\"og:site_name\" content=\"Kultur Online TV &amp; FM\" \/>\n<meta property=\"article:publisher\" content=\"https:\/\/www.facebook.com\/kulturonline.tv\" \/>\n<meta property=\"article:published_time\" content=\"2025-06-16T08:23:58+00:00\" \/>\n<meta property=\"article:modified_time\" content=\"2026-04-16T04:38:45+00:00\" \/>\n<meta property=\"og:image\" content=\"https:\/\/kulturonline.tv\/wp-content\/uploads\/2025\/06\/Hans-Salvenmoser-bereitet-Kasspatzn.jpg\" \/>\n\t<meta property=\"og:image:width\" content=\"2048\" \/>\n\t<meta property=\"og:image:height\" content=\"1536\" \/>\n\t<meta property=\"og:image:type\" content=\"image\/jpeg\" \/>\n<meta name=\"author\" content=\"guenter.wolfgang\" \/>\n<meta name=\"twitter:card\" content=\"summary_large_image\" \/>\n<meta name=\"twitter:label1\" content=\"Verfasst von\" \/>\n\t<meta name=\"twitter:data1\" content=\"guenter.wolfgang\" \/>\n\t<meta name=\"twitter:label2\" content=\"Gesch\u00e4tzte Lesezeit\" \/>\n\t<meta name=\"twitter:data2\" content=\"3 Minuten\" \/>\n<script type=\"application\/ld+json\" class=\"yoast-schema-graph\">{\"@context\":\"https:\/\/schema.org\",\"@graph\":[{\"@type\":\"Article\",\"@id\":\"https:\/\/kulturonline.tv\/at\/ueber-die-freude-der-ersten-mahd\/#article\",\"isPartOf\":{\"@id\":\"https:\/\/kulturonline.tv\/at\/ueber-die-freude-der-ersten-mahd\/\"},\"author\":{\"name\":\"guenter.wolfgang\",\"@id\":\"https:\/\/kulturonline.tv\/at\/#\/schema\/person\/b0fac729bb9a0c193fb1df23449df4fe\"},\"headline\":\"\u00dcber die Freude der Ersten Mahd\",\"datePublished\":\"2025-06-16T08:23:58+00:00\",\"dateModified\":\"2026-04-16T04:38:45+00:00\",\"mainEntityOfPage\":{\"@id\":\"https:\/\/kulturonline.tv\/at\/ueber-die-freude-der-ersten-mahd\/\"},\"wordCount\":644,\"commentCount\":0,\"publisher\":{\"@id\":\"https:\/\/kulturonline.tv\/at\/#organization\"},\"image\":{\"@id\":\"https:\/\/kulturonline.tv\/at\/ueber-die-freude-der-ersten-mahd\/#primaryimage\"},\"thumbnailUrl\":\"https:\/\/kulturonline.tv\/wp-content\/uploads\/2025\/06\/Hans-Salvenmoser-bereitet-Kasspatzn.jpg\",\"articleSection\":[\"Aus den Regionen Tirol\",\"Meistgelesene Beitr\u00e4ge\"],\"inLanguage\":\"de-AT\",\"potentialAction\":[{\"@type\":\"CommentAction\",\"name\":\"Comment\",\"target\":[\"https:\/\/kulturonline.tv\/at\/ueber-die-freude-der-ersten-mahd\/#respond\"]}]},{\"@type\":\"WebPage\",\"@id\":\"https:\/\/kulturonline.tv\/at\/ueber-die-freude-der-ersten-mahd\/\",\"url\":\"https:\/\/kulturonline.tv\/at\/ueber-die-freude-der-ersten-mahd\/\",\"name\":\"\u00dcber die Freude der Ersten Mahd - Kultur Online TV &amp; FM\",\"isPartOf\":{\"@id\":\"https:\/\/kulturonline.tv\/at\/#website\"},\"primaryImageOfPage\":{\"@id\":\"https:\/\/kulturonline.tv\/at\/ueber-die-freude-der-ersten-mahd\/#primaryimage\"},\"image\":{\"@id\":\"https:\/\/kulturonline.tv\/at\/ueber-die-freude-der-ersten-mahd\/#primaryimage\"},\"thumbnailUrl\":\"https:\/\/kulturonline.tv\/wp-content\/uploads\/2025\/06\/Hans-Salvenmoser-bereitet-Kasspatzn.jpg\",\"datePublished\":\"2025-06-16T08:23:58+00:00\",\"dateModified\":\"2026-04-16T04:38:45+00:00\",\"description\":\"Das Egastfestl als Fest der ersten Mahd ist Tradition im Kaiserwinkl. Es steigt immer an Pfingsten und erfreut Einheimische und G\u00e4ste.\",\"breadcrumb\":{\"@id\":\"https:\/\/kulturonline.tv\/at\/ueber-die-freude-der-ersten-mahd\/#breadcrumb\"},\"inLanguage\":\"de-AT\",\"potentialAction\":[{\"@type\":\"ReadAction\",\"target\":[\"https:\/\/kulturonline.tv\/at\/ueber-die-freude-der-ersten-mahd\/\"]}]},{\"@type\":\"ImageObject\",\"inLanguage\":\"de-AT\",\"@id\":\"https:\/\/kulturonline.tv\/at\/ueber-die-freude-der-ersten-mahd\/#primaryimage\",\"url\":\"https:\/\/kulturonline.tv\/wp-content\/uploads\/2025\/06\/Hans-Salvenmoser-bereitet-Kasspatzn.jpg\",\"contentUrl\":\"https:\/\/kulturonline.tv\/wp-content\/uploads\/2025\/06\/Hans-Salvenmoser-bereitet-Kasspatzn.jpg\",\"width\":2048,\"height\":1536},{\"@type\":\"BreadcrumbList\",\"@id\":\"https:\/\/kulturonline.tv\/at\/ueber-die-freude-der-ersten-mahd\/#breadcrumb\",\"itemListElement\":[{\"@type\":\"ListItem\",\"position\":1,\"name\":\"Startseite\",\"item\":\"https:\/\/kulturonline.tv\/at\/\"},{\"@type\":\"ListItem\",\"position\":2,\"name\":\"\u00dcber die Freude der Ersten Mahd\"}]},{\"@type\":\"WebSite\",\"@id\":\"https:\/\/kulturonline.tv\/at\/#website\",\"url\":\"https:\/\/kulturonline.tv\/at\/\",\"name\":\"Kultur Online TV &amp; FM\",\"description\":\"Wir sind Kultur 2.0 zum sehen &amp; h\u00f6ren\",\"publisher\":{\"@id\":\"https:\/\/kulturonline.tv\/at\/#organization\"},\"potentialAction\":[{\"@type\":\"SearchAction\",\"target\":{\"@type\":\"EntryPoint\",\"urlTemplate\":\"https:\/\/kulturonline.tv\/at\/?s={search_term_string}\"},\"query-input\":{\"@type\":\"PropertyValueSpecification\",\"valueRequired\":true,\"valueName\":\"search_term_string\"}}],\"inLanguage\":\"de-AT\"},{\"@type\":\"Organization\",\"@id\":\"https:\/\/kulturonline.tv\/at\/#organization\",\"name\":\"Kultur Online TV\",\"url\":\"https:\/\/kulturonline.tv\/at\/\",\"logo\":{\"@type\":\"ImageObject\",\"inLanguage\":\"de-AT\",\"@id\":\"https:\/\/kulturonline.tv\/at\/#\/schema\/logo\/image\/\",\"url\":\"https:\/\/kulturonline.tv\/wp-content\/uploads\/2021\/08\/Kultur-Online-Tv-Logo-Endversion-neu.png\",\"contentUrl\":\"https:\/\/kulturonline.tv\/wp-content\/uploads\/2021\/08\/Kultur-Online-Tv-Logo-Endversion-neu.png\",\"width\":200,\"height\":200,\"caption\":\"Kultur Online TV\"},\"image\":{\"@id\":\"https:\/\/kulturonline.tv\/at\/#\/schema\/logo\/image\/\"},\"sameAs\":[\"https:\/\/www.facebook.com\/kulturonline.tv\",\"https:\/\/www.instagram.com\/kulturonline.tv\"]},{\"@type\":\"Person\",\"@id\":\"https:\/\/kulturonline.tv\/at\/#\/schema\/person\/b0fac729bb9a0c193fb1df23449df4fe\",\"name\":\"guenter.wolfgang\"}]}<\/script>\n<!-- \/ Yoast SEO plugin. -->","yoast_head_json":{"title":"\u00dcber die Freude der Ersten Mahd - Kultur Online TV &amp; FM","description":"Das Egastfestl als Fest der ersten Mahd ist Tradition im Kaiserwinkl. Es steigt immer an Pfingsten und erfreut Einheimische und G\u00e4ste.","robots":{"index":"index","follow":"follow","max-snippet":"max-snippet:-1","max-image-preview":"max-image-preview:large","max-video-preview":"max-video-preview:-1"},"canonical":"https:\/\/kulturonline.tv\/at\/ueber-die-freude-der-ersten-mahd\/","og_locale":"de_DE","og_type":"article","og_title":"\u00dcber die Freude der Ersten Mahd - Kultur Online TV &amp; FM","og_description":"Das Egastfestl als Fest der ersten Mahd ist Tradition im Kaiserwinkl. Es steigt immer an Pfingsten und erfreut Einheimische und G\u00e4ste.","og_url":"https:\/\/kulturonline.tv\/at\/ueber-die-freude-der-ersten-mahd\/","og_site_name":"Kultur Online TV &amp; FM","article_publisher":"https:\/\/www.facebook.com\/kulturonline.tv","article_published_time":"2025-06-16T08:23:58+00:00","article_modified_time":"2026-04-16T04:38:45+00:00","og_image":[{"width":2048,"height":1536,"url":"https:\/\/kulturonline.tv\/wp-content\/uploads\/2025\/06\/Hans-Salvenmoser-bereitet-Kasspatzn.jpg","type":"image\/jpeg"}],"author":"guenter.wolfgang","twitter_card":"summary_large_image","twitter_misc":{"Verfasst von":"guenter.wolfgang","Gesch\u00e4tzte Lesezeit":"3 Minuten"},"schema":{"@context":"https:\/\/schema.org","@graph":[{"@type":"Article","@id":"https:\/\/kulturonline.tv\/at\/ueber-die-freude-der-ersten-mahd\/#article","isPartOf":{"@id":"https:\/\/kulturonline.tv\/at\/ueber-die-freude-der-ersten-mahd\/"},"author":{"name":"guenter.wolfgang","@id":"https:\/\/kulturonline.tv\/at\/#\/schema\/person\/b0fac729bb9a0c193fb1df23449df4fe"},"headline":"\u00dcber die Freude der Ersten Mahd","datePublished":"2025-06-16T08:23:58+00:00","dateModified":"2026-04-16T04:38:45+00:00","mainEntityOfPage":{"@id":"https:\/\/kulturonline.tv\/at\/ueber-die-freude-der-ersten-mahd\/"},"wordCount":644,"commentCount":0,"publisher":{"@id":"https:\/\/kulturonline.tv\/at\/#organization"},"image":{"@id":"https:\/\/kulturonline.tv\/at\/ueber-die-freude-der-ersten-mahd\/#primaryimage"},"thumbnailUrl":"https:\/\/kulturonline.tv\/wp-content\/uploads\/2025\/06\/Hans-Salvenmoser-bereitet-Kasspatzn.jpg","articleSection":["Aus den Regionen Tirol","Meistgelesene Beitr\u00e4ge"],"inLanguage":"de-AT","potentialAction":[{"@type":"CommentAction","name":"Comment","target":["https:\/\/kulturonline.tv\/at\/ueber-die-freude-der-ersten-mahd\/#respond"]}]},{"@type":"WebPage","@id":"https:\/\/kulturonline.tv\/at\/ueber-die-freude-der-ersten-mahd\/","url":"https:\/\/kulturonline.tv\/at\/ueber-die-freude-der-ersten-mahd\/","name":"\u00dcber die Freude der Ersten Mahd - Kultur Online TV &amp; FM","isPartOf":{"@id":"https:\/\/kulturonline.tv\/at\/#website"},"primaryImageOfPage":{"@id":"https:\/\/kulturonline.tv\/at\/ueber-die-freude-der-ersten-mahd\/#primaryimage"},"image":{"@id":"https:\/\/kulturonline.tv\/at\/ueber-die-freude-der-ersten-mahd\/#primaryimage"},"thumbnailUrl":"https:\/\/kulturonline.tv\/wp-content\/uploads\/2025\/06\/Hans-Salvenmoser-bereitet-Kasspatzn.jpg","datePublished":"2025-06-16T08:23:58+00:00","dateModified":"2026-04-16T04:38:45+00:00","description":"Das Egastfestl als Fest der ersten Mahd ist Tradition im Kaiserwinkl. Es steigt immer an Pfingsten und erfreut Einheimische und G\u00e4ste.","breadcrumb":{"@id":"https:\/\/kulturonline.tv\/at\/ueber-die-freude-der-ersten-mahd\/#breadcrumb"},"inLanguage":"de-AT","potentialAction":[{"@type":"ReadAction","target":["https:\/\/kulturonline.tv\/at\/ueber-die-freude-der-ersten-mahd\/"]}]},{"@type":"ImageObject","inLanguage":"de-AT","@id":"https:\/\/kulturonline.tv\/at\/ueber-die-freude-der-ersten-mahd\/#primaryimage","url":"https:\/\/kulturonline.tv\/wp-content\/uploads\/2025\/06\/Hans-Salvenmoser-bereitet-Kasspatzn.jpg","contentUrl":"https:\/\/kulturonline.tv\/wp-content\/uploads\/2025\/06\/Hans-Salvenmoser-bereitet-Kasspatzn.jpg","width":2048,"height":1536},{"@type":"BreadcrumbList","@id":"https:\/\/kulturonline.tv\/at\/ueber-die-freude-der-ersten-mahd\/#breadcrumb","itemListElement":[{"@type":"ListItem","position":1,"name":"Startseite","item":"https:\/\/kulturonline.tv\/at\/"},{"@type":"ListItem","position":2,"name":"\u00dcber die Freude der Ersten Mahd"}]},{"@type":"WebSite","@id":"https:\/\/kulturonline.tv\/at\/#website","url":"https:\/\/kulturonline.tv\/at\/","name":"Kultur Online TV &amp; FM","description":"Wir sind Kultur 2.0 zum sehen &amp; h\u00f6ren","publisher":{"@id":"https:\/\/kulturonline.tv\/at\/#organization"},"potentialAction":[{"@type":"SearchAction","target":{"@type":"EntryPoint","urlTemplate":"https:\/\/kulturonline.tv\/at\/?s={search_term_string}"},"query-input":{"@type":"PropertyValueSpecification","valueRequired":true,"valueName":"search_term_string"}}],"inLanguage":"de-AT"},{"@type":"Organization","@id":"https:\/\/kulturonline.tv\/at\/#organization","name":"Kultur Online TV","url":"https:\/\/kulturonline.tv\/at\/","logo":{"@type":"ImageObject","inLanguage":"de-AT","@id":"https:\/\/kulturonline.tv\/at\/#\/schema\/logo\/image\/","url":"https:\/\/kulturonline.tv\/wp-content\/uploads\/2021\/08\/Kultur-Online-Tv-Logo-Endversion-neu.png","contentUrl":"https:\/\/kulturonline.tv\/wp-content\/uploads\/2021\/08\/Kultur-Online-Tv-Logo-Endversion-neu.png","width":200,"height":200,"caption":"Kultur Online TV"},"image":{"@id":"https:\/\/kulturonline.tv\/at\/#\/schema\/logo\/image\/"},"sameAs":["https:\/\/www.facebook.com\/kulturonline.tv","https:\/\/www.instagram.com\/kulturonline.tv"]},{"@type":"Person","@id":"https:\/\/kulturonline.tv\/at\/#\/schema\/person\/b0fac729bb9a0c193fb1df23449df4fe","name":"guenter.wolfgang"}]}},"_links":{"self":[{"href":"https:\/\/kulturonline.tv\/at\/wp-json\/wp\/v2\/posts\/128529","targetHints":{"allow":["GET"]}}],"collection":[{"href":"https:\/\/kulturonline.tv\/at\/wp-json\/wp\/v2\/posts"}],"about":[{"href":"https:\/\/kulturonline.tv\/at\/wp-json\/wp\/v2\/types\/post"}],"author":[{"embeddable":true,"href":"https:\/\/kulturonline.tv\/at\/wp-json\/wp\/v2\/users\/2"}],"replies":[{"embeddable":true,"href":"https:\/\/kulturonline.tv\/at\/wp-json\/wp\/v2\/comments?post=128529"}],"version-history":[{"count":1,"href":"https:\/\/kulturonline.tv\/at\/wp-json\/wp\/v2\/posts\/128529\/revisions"}],"predecessor-version":[{"id":128530,"href":"https:\/\/kulturonline.tv\/at\/wp-json\/wp\/v2\/posts\/128529\/revisions\/128530"}],"wp:featuredmedia":[{"embeddable":true,"href":"https:\/\/kulturonline.tv\/at\/wp-json\/wp\/v2\/media\/110963"}],"wp:attachment":[{"href":"https:\/\/kulturonline.tv\/at\/wp-json\/wp\/v2\/media?parent=128529"}],"wp:term":[{"taxonomy":"category","embeddable":true,"href":"https:\/\/kulturonline.tv\/at\/wp-json\/wp\/v2\/categories?post=128529"},{"taxonomy":"post_tag","embeddable":true,"href":"https:\/\/kulturonline.tv\/at\/wp-json\/wp\/v2\/tags?post=128529"}],"curies":[{"name":"wp","href":"https:\/\/api.w.org\/{rel}","templated":true}]}}