{"id":130227,"date":"2025-11-10T21:39:46","date_gmt":"2025-11-10T20:39:46","guid":{"rendered":"https:\/\/kulturonline.tv\/medienbeben-in-grossbritannien-bbc-spitzenmanager-treten-wegen-trump-doku-zurueck\/"},"modified":"2025-11-10T21:40:04","modified_gmt":"2025-11-10T20:40:04","slug":"medienbeben-in-grossbritannien-bbc-spitzenmanager-treten-wegen-trump-doku-zurueck","status":"publish","type":"post","link":"https:\/\/kulturonline.tv\/at\/medienbeben-in-grossbritannien-bbc-spitzenmanager-treten-wegen-trump-doku-zurueck\/","title":{"rendered":"Medienbeben in Gro\u00dfbritannien: BBC-Spitzenmanager treten wegen Trump-Doku zur\u00fcck"},"content":{"rendered":"\n<p>Ein schwerer Vorwurf der politischen Voreingenommenheit hat die Spitze der britischen Rundfunkanstalt BBC ersch\u00fcttert. Als Reaktion auf scharfe Kritik an einer Dokumentation \u00fcber Donald Trump sind der Generaldirektor, Tim Davie, und die Nachrichtenchefin, Deborah Turness, von ihren \u00c4mtern zur\u00fcckgetreten.<\/p>\n\n\n\n<figure class=\"wp-block-image size-large\"><img fetchpriority=\"high\" decoding=\"async\" width=\"1600\" height=\"897\" src=\"https:\/\/kulturonline.tv\/wp-content\/uploads\/2025\/11\/Kamera-2-1600x897.jpg\" alt=\"\" class=\"wp-image-130224\" srcset=\"https:\/\/kulturonline.tv\/wp-content\/uploads\/2025\/11\/Kamera-2-1600x897.jpg 1600w, https:\/\/kulturonline.tv\/wp-content\/uploads\/2025\/11\/Kamera-2-800x448.jpg 800w, https:\/\/kulturonline.tv\/wp-content\/uploads\/2025\/11\/Kamera-2-768x430.jpg 768w, https:\/\/kulturonline.tv\/wp-content\/uploads\/2025\/11\/Kamera-2-1536x861.jpg 1536w, https:\/\/kulturonline.tv\/wp-content\/uploads\/2025\/11\/Kamera-2.jpg 1920w\" sizes=\"(max-width: 1600px) 100vw, 1600px\" \/><\/figure>\n\n\n\n<p>Im Zentrum der Kontroverse steht die Dokumentation \u201eTrump: A Second Chance?\u201c (Trump: Eine zweite Chance?), die kurz vor der US-Pr\u00e4sidentenwahl ausgestrahlt wurde. Die Kritik entz\u00fcndete sich an einem irref\u00fchrenden Zusammenschnitt einer Rede Donald Trumps vom 6. Januar 2021, dem Tag des Sturms auf das Kapitol.<\/p>\n\n\n\n<p><strong>Der Vorwurf:<\/strong> <\/p>\n\n\n\n<p>Der Beitrag soll <strong>S\u00e4tze von Trump aus unterschiedlichen Teilen seiner Rede<\/strong> so aneinandergef\u00fcgt haben, dass der Eindruck entstand, er habe seine Anh\u00e4nger unmittelbar und direkt zum Sturm auf den Sitz des US-Kongresses aufgerufen. Die Sprecherin des Trump-Lagers bezeichnete die BBC scharf als <strong>\u201e100 Prozent Fake News\u201c<\/strong> und <strong>\u201ePropagandamaschine\u201c<\/strong>.<\/p>\n\n\n\n<p>Dieser Vorfall verst\u00e4rkte die bereits seit L\u00e4ngerem bestehenden Vorw\u00fcrfe, die BBC habe es vers\u00e4umt, ihre in den Statuten verankerte <strong>politische Neutralit\u00e4t<\/strong> in der Berichterstattung \u00fcber sensible Themen \u2013 wie etwa den Nahost-Konflikt oder Trans-Themen \u2013 zu wahren.<\/p>\n\n\n\n<p>Am Sonntag, den 9. November 2025, gaben sowohl Generaldirektor Tim Davie als auch die CEO von BBC News and Current Affairs, Deborah Turness, ihre R\u00fccktritte bekannt.<\/p>\n\n\n\n<p><strong>Tim Davie <\/strong>erkl\u00e4rte in einem Schreiben an die Mitarbeiter, es sei seine alleinige Entscheidung gewesen, nach f\u00fcnf Jahren im Amt zur\u00fcckzutreten. Er sagte: \u201eEs wurden einige Fehler gemacht\u201c, und als Generaldirektor trage er letztendlich die Verantwortung daf\u00fcr. <strong>Deborah Turness<\/strong> betonte, die Kontroverse habe ein Stadium erreicht, in dem sie der BBC Schaden zuf\u00fcge. Die R\u00fccktritte von zwei so hochrangigen F\u00fchrungskr\u00e4ften innerhalb k\u00fcrzester Zeit ist ein <strong>Paukenschlag<\/strong> und ein seltenes Ereignis in der \u00fcber 100-j\u00e4hrigen Geschichte der BBC.<\/p>\n\n\n\n<p>Die R\u00fccktritte l\u00f6sten ein politisches und mediales Beben in Gro\u00dfbritannien aus. Sie werfen ein Schlaglicht auf den wachsenden Druck, dem sich \u00f6ffentlich-rechtliche Medien weltweit ausgesetzt sehen, insbesondere im Umgang mit populistischen Bewegungen und der Wahrung journalistischer Integrit\u00e4t in einem polarisierten politischen Umfeld.<\/p>\n\n\n\n<p>Kulturministerin Lisa Nandy bezeichnete die Vorw\u00fcrfe als \u201e\u00e4u\u00dferst schwerwiegend\u201c und forderte eine ernsthafte Aufarbeitung. Der \u00f6ffentliche Druck auf die <strong>&#8222;Grand Old Lady&#8220;<\/strong> der britischen Medien ist enorm: Die Frage, wie die BBC ihre Rolle als politisch neutrale Institution in Zukunft definieren und verteidigen wird, ist nun dringlicher denn je.<\/p>\n\n\n\n<p>Kultur Online TV-FM<\/p>\n\n\n\n<p>Beitrag: G\u00fcnter Wolfgang<\/p>\n\n\n\n<p>#medien #tv #bbc #journalismus<\/p>\n\n\n\n<p><\/p>\n\n\n\n<p><\/p>\n","protected":false},"excerpt":{"rendered":"<p>Ein schwerer Vorwurf der politischen Voreingenommenheit hat die Spitze der britischen Rundfunkanstalt BBC ersch\u00fcttert. Als Reaktion auf scharfe Kritik an einer Dokumentation \u00fcber Donald Trump sind der Generaldirektor, Tim Davie, und die Nachrichtenchefin, Deborah Turness, von ihren \u00c4mtern zur\u00fcckgetreten. Im Zentrum der Kontroverse steht die Dokumentation \u201eTrump: A Second Chance?\u201c (Trump: Eine zweite Chance?), die [&hellip;]<\/p>\n","protected":false},"author":2,"featured_media":130225,"comment_status":"closed","ping_status":"closed","sticky":false,"template":"","format":"standard","meta":{"_acf_changed":false,"footnotes":""},"categories":[971,188],"tags":[],"class_list":["post-130227","post","type-post","status-publish","format-standard","has-post-thumbnail","hentry","category-kultur-online-fm-medien-at","category-medien"],"acf":[],"yoast_head":"<!-- This site is optimized with the Yoast SEO plugin v26.1.1 - https:\/\/yoast.com\/wordpress\/plugins\/seo\/ -->\n<title>Medienbeben in Gro\u00dfbritannien: BBC-Spitzenmanager treten wegen Trump-Doku zur\u00fcck - Kultur Online TV &amp; FM<\/title>\n<meta name=\"description\" content=\"Kultur sehen und H\u00f6ren\" \/>\n<meta name=\"robots\" content=\"index, follow, max-snippet:-1, max-image-preview:large, max-video-preview:-1\" \/>\n<link rel=\"canonical\" href=\"https:\/\/kulturonline.tv\/at\/medienbeben-in-grossbritannien-bbc-spitzenmanager-treten-wegen-trump-doku-zurueck\/\" \/>\n<meta property=\"og:locale\" content=\"de_DE\" \/>\n<meta property=\"og:type\" content=\"article\" \/>\n<meta property=\"og:title\" content=\"Medienbeben in Gro\u00dfbritannien: BBC-Spitzenmanager treten wegen Trump-Doku zur\u00fcck - Kultur Online TV &amp; FM\" \/>\n<meta property=\"og:description\" content=\"Kultur sehen und H\u00f6ren\" \/>\n<meta property=\"og:url\" content=\"https:\/\/kulturonline.tv\/at\/medienbeben-in-grossbritannien-bbc-spitzenmanager-treten-wegen-trump-doku-zurueck\/\" \/>\n<meta property=\"og:site_name\" content=\"Kultur Online TV &amp; FM\" \/>\n<meta property=\"article:publisher\" content=\"https:\/\/www.facebook.com\/kulturonline.tv\" \/>\n<meta property=\"article:published_time\" content=\"2025-11-10T20:39:46+00:00\" \/>\n<meta property=\"article:modified_time\" content=\"2025-11-10T20:40:04+00:00\" \/>\n<meta property=\"og:image\" content=\"https:\/\/kulturonline.tv\/wp-content\/uploads\/2025\/11\/Kamera-2.jpg\" \/>\n\t<meta property=\"og:image:width\" content=\"1920\" \/>\n\t<meta property=\"og:image:height\" content=\"1076\" \/>\n\t<meta property=\"og:image:type\" content=\"image\/jpeg\" \/>\n<meta name=\"author\" content=\"guenter.wolfgang\" \/>\n<meta name=\"twitter:card\" content=\"summary_large_image\" \/>\n<meta name=\"twitter:label1\" content=\"Verfasst von\" \/>\n\t<meta name=\"twitter:data1\" content=\"guenter.wolfgang\" \/>\n\t<meta name=\"twitter:label2\" content=\"Gesch\u00e4tzte Lesezeit\" \/>\n\t<meta name=\"twitter:data2\" content=\"2 Minuten\" \/>\n<script type=\"application\/ld+json\" class=\"yoast-schema-graph\">{\"@context\":\"https:\/\/schema.org\",\"@graph\":[{\"@type\":\"Article\",\"@id\":\"https:\/\/kulturonline.tv\/at\/medienbeben-in-grossbritannien-bbc-spitzenmanager-treten-wegen-trump-doku-zurueck\/#article\",\"isPartOf\":{\"@id\":\"https:\/\/kulturonline.tv\/at\/medienbeben-in-grossbritannien-bbc-spitzenmanager-treten-wegen-trump-doku-zurueck\/\"},\"author\":{\"name\":\"guenter.wolfgang\",\"@id\":\"https:\/\/kulturonline.tv\/at\/#\/schema\/person\/b0fac729bb9a0c193fb1df23449df4fe\"},\"headline\":\"Medienbeben in Gro\u00dfbritannien: BBC-Spitzenmanager treten wegen Trump-Doku zur\u00fcck\",\"datePublished\":\"2025-11-10T20:39:46+00:00\",\"dateModified\":\"2025-11-10T20:40:04+00:00\",\"mainEntityOfPage\":{\"@id\":\"https:\/\/kulturonline.tv\/at\/medienbeben-in-grossbritannien-bbc-spitzenmanager-treten-wegen-trump-doku-zurueck\/\"},\"wordCount\":409,\"publisher\":{\"@id\":\"https:\/\/kulturonline.tv\/at\/#organization\"},\"image\":{\"@id\":\"https:\/\/kulturonline.tv\/at\/medienbeben-in-grossbritannien-bbc-spitzenmanager-treten-wegen-trump-doku-zurueck\/#primaryimage\"},\"thumbnailUrl\":\"https:\/\/kulturonline.tv\/wp-content\/uploads\/2025\/11\/Kamera-2.jpg\",\"articleSection\":[\"Kultur Online FM Medien\",\"Medien\"],\"inLanguage\":\"de-AT\"},{\"@type\":\"WebPage\",\"@id\":\"https:\/\/kulturonline.tv\/at\/medienbeben-in-grossbritannien-bbc-spitzenmanager-treten-wegen-trump-doku-zurueck\/\",\"url\":\"https:\/\/kulturonline.tv\/at\/medienbeben-in-grossbritannien-bbc-spitzenmanager-treten-wegen-trump-doku-zurueck\/\",\"name\":\"Medienbeben in Gro\u00dfbritannien: BBC-Spitzenmanager treten wegen Trump-Doku zur\u00fcck - Kultur Online TV &amp; FM\",\"isPartOf\":{\"@id\":\"https:\/\/kulturonline.tv\/at\/#website\"},\"primaryImageOfPage\":{\"@id\":\"https:\/\/kulturonline.tv\/at\/medienbeben-in-grossbritannien-bbc-spitzenmanager-treten-wegen-trump-doku-zurueck\/#primaryimage\"},\"image\":{\"@id\":\"https:\/\/kulturonline.tv\/at\/medienbeben-in-grossbritannien-bbc-spitzenmanager-treten-wegen-trump-doku-zurueck\/#primaryimage\"},\"thumbnailUrl\":\"https:\/\/kulturonline.tv\/wp-content\/uploads\/2025\/11\/Kamera-2.jpg\",\"datePublished\":\"2025-11-10T20:39:46+00:00\",\"dateModified\":\"2025-11-10T20:40:04+00:00\",\"description\":\"Kultur sehen und H\u00f6ren\",\"breadcrumb\":{\"@id\":\"https:\/\/kulturonline.tv\/at\/medienbeben-in-grossbritannien-bbc-spitzenmanager-treten-wegen-trump-doku-zurueck\/#breadcrumb\"},\"inLanguage\":\"de-AT\",\"potentialAction\":[{\"@type\":\"ReadAction\",\"target\":[\"https:\/\/kulturonline.tv\/at\/medienbeben-in-grossbritannien-bbc-spitzenmanager-treten-wegen-trump-doku-zurueck\/\"]}]},{\"@type\":\"ImageObject\",\"inLanguage\":\"de-AT\",\"@id\":\"https:\/\/kulturonline.tv\/at\/medienbeben-in-grossbritannien-bbc-spitzenmanager-treten-wegen-trump-doku-zurueck\/#primaryimage\",\"url\":\"https:\/\/kulturonline.tv\/wp-content\/uploads\/2025\/11\/Kamera-2.jpg\",\"contentUrl\":\"https:\/\/kulturonline.tv\/wp-content\/uploads\/2025\/11\/Kamera-2.jpg\",\"width\":1920,\"height\":1076},{\"@type\":\"BreadcrumbList\",\"@id\":\"https:\/\/kulturonline.tv\/at\/medienbeben-in-grossbritannien-bbc-spitzenmanager-treten-wegen-trump-doku-zurueck\/#breadcrumb\",\"itemListElement\":[{\"@type\":\"ListItem\",\"position\":1,\"name\":\"Startseite\",\"item\":\"https:\/\/kulturonline.tv\/at\/\"},{\"@type\":\"ListItem\",\"position\":2,\"name\":\"Medienbeben in Gro\u00dfbritannien: BBC-Spitzenmanager treten wegen Trump-Doku zur\u00fcck\"}]},{\"@type\":\"WebSite\",\"@id\":\"https:\/\/kulturonline.tv\/at\/#website\",\"url\":\"https:\/\/kulturonline.tv\/at\/\",\"name\":\"Kultur Online TV &amp; FM\",\"description\":\"Wir sind Kultur 2.0 zum sehen &amp; h\u00f6ren\",\"publisher\":{\"@id\":\"https:\/\/kulturonline.tv\/at\/#organization\"},\"potentialAction\":[{\"@type\":\"SearchAction\",\"target\":{\"@type\":\"EntryPoint\",\"urlTemplate\":\"https:\/\/kulturonline.tv\/at\/?s={search_term_string}\"},\"query-input\":{\"@type\":\"PropertyValueSpecification\",\"valueRequired\":true,\"valueName\":\"search_term_string\"}}],\"inLanguage\":\"de-AT\"},{\"@type\":\"Organization\",\"@id\":\"https:\/\/kulturonline.tv\/at\/#organization\",\"name\":\"Kultur Online TV\",\"url\":\"https:\/\/kulturonline.tv\/at\/\",\"logo\":{\"@type\":\"ImageObject\",\"inLanguage\":\"de-AT\",\"@id\":\"https:\/\/kulturonline.tv\/at\/#\/schema\/logo\/image\/\",\"url\":\"https:\/\/kulturonline.tv\/wp-content\/uploads\/2021\/08\/Kultur-Online-Tv-Logo-Endversion-neu.png\",\"contentUrl\":\"https:\/\/kulturonline.tv\/wp-content\/uploads\/2021\/08\/Kultur-Online-Tv-Logo-Endversion-neu.png\",\"width\":200,\"height\":200,\"caption\":\"Kultur Online TV\"},\"image\":{\"@id\":\"https:\/\/kulturonline.tv\/at\/#\/schema\/logo\/image\/\"},\"sameAs\":[\"https:\/\/www.facebook.com\/kulturonline.tv\",\"https:\/\/www.instagram.com\/kulturonline.tv\"]},{\"@type\":\"Person\",\"@id\":\"https:\/\/kulturonline.tv\/at\/#\/schema\/person\/b0fac729bb9a0c193fb1df23449df4fe\",\"name\":\"guenter.wolfgang\"}]}<\/script>\n<!-- \/ Yoast SEO plugin. -->","yoast_head_json":{"title":"Medienbeben in Gro\u00dfbritannien: BBC-Spitzenmanager treten wegen Trump-Doku zur\u00fcck - Kultur Online TV &amp; FM","description":"Kultur sehen und H\u00f6ren","robots":{"index":"index","follow":"follow","max-snippet":"max-snippet:-1","max-image-preview":"max-image-preview:large","max-video-preview":"max-video-preview:-1"},"canonical":"https:\/\/kulturonline.tv\/at\/medienbeben-in-grossbritannien-bbc-spitzenmanager-treten-wegen-trump-doku-zurueck\/","og_locale":"de_DE","og_type":"article","og_title":"Medienbeben in Gro\u00dfbritannien: BBC-Spitzenmanager treten wegen Trump-Doku zur\u00fcck - Kultur Online TV &amp; FM","og_description":"Kultur sehen und H\u00f6ren","og_url":"https:\/\/kulturonline.tv\/at\/medienbeben-in-grossbritannien-bbc-spitzenmanager-treten-wegen-trump-doku-zurueck\/","og_site_name":"Kultur Online TV &amp; FM","article_publisher":"https:\/\/www.facebook.com\/kulturonline.tv","article_published_time":"2025-11-10T20:39:46+00:00","article_modified_time":"2025-11-10T20:40:04+00:00","og_image":[{"width":1920,"height":1076,"url":"https:\/\/kulturonline.tv\/wp-content\/uploads\/2025\/11\/Kamera-2.jpg","type":"image\/jpeg"}],"author":"guenter.wolfgang","twitter_card":"summary_large_image","twitter_misc":{"Verfasst von":"guenter.wolfgang","Gesch\u00e4tzte Lesezeit":"2 Minuten"},"schema":{"@context":"https:\/\/schema.org","@graph":[{"@type":"Article","@id":"https:\/\/kulturonline.tv\/at\/medienbeben-in-grossbritannien-bbc-spitzenmanager-treten-wegen-trump-doku-zurueck\/#article","isPartOf":{"@id":"https:\/\/kulturonline.tv\/at\/medienbeben-in-grossbritannien-bbc-spitzenmanager-treten-wegen-trump-doku-zurueck\/"},"author":{"name":"guenter.wolfgang","@id":"https:\/\/kulturonline.tv\/at\/#\/schema\/person\/b0fac729bb9a0c193fb1df23449df4fe"},"headline":"Medienbeben in Gro\u00dfbritannien: BBC-Spitzenmanager treten wegen Trump-Doku zur\u00fcck","datePublished":"2025-11-10T20:39:46+00:00","dateModified":"2025-11-10T20:40:04+00:00","mainEntityOfPage":{"@id":"https:\/\/kulturonline.tv\/at\/medienbeben-in-grossbritannien-bbc-spitzenmanager-treten-wegen-trump-doku-zurueck\/"},"wordCount":409,"publisher":{"@id":"https:\/\/kulturonline.tv\/at\/#organization"},"image":{"@id":"https:\/\/kulturonline.tv\/at\/medienbeben-in-grossbritannien-bbc-spitzenmanager-treten-wegen-trump-doku-zurueck\/#primaryimage"},"thumbnailUrl":"https:\/\/kulturonline.tv\/wp-content\/uploads\/2025\/11\/Kamera-2.jpg","articleSection":["Kultur Online FM Medien","Medien"],"inLanguage":"de-AT"},{"@type":"WebPage","@id":"https:\/\/kulturonline.tv\/at\/medienbeben-in-grossbritannien-bbc-spitzenmanager-treten-wegen-trump-doku-zurueck\/","url":"https:\/\/kulturonline.tv\/at\/medienbeben-in-grossbritannien-bbc-spitzenmanager-treten-wegen-trump-doku-zurueck\/","name":"Medienbeben in Gro\u00dfbritannien: BBC-Spitzenmanager treten wegen Trump-Doku zur\u00fcck - Kultur Online TV &amp; FM","isPartOf":{"@id":"https:\/\/kulturonline.tv\/at\/#website"},"primaryImageOfPage":{"@id":"https:\/\/kulturonline.tv\/at\/medienbeben-in-grossbritannien-bbc-spitzenmanager-treten-wegen-trump-doku-zurueck\/#primaryimage"},"image":{"@id":"https:\/\/kulturonline.tv\/at\/medienbeben-in-grossbritannien-bbc-spitzenmanager-treten-wegen-trump-doku-zurueck\/#primaryimage"},"thumbnailUrl":"https:\/\/kulturonline.tv\/wp-content\/uploads\/2025\/11\/Kamera-2.jpg","datePublished":"2025-11-10T20:39:46+00:00","dateModified":"2025-11-10T20:40:04+00:00","description":"Kultur sehen und H\u00f6ren","breadcrumb":{"@id":"https:\/\/kulturonline.tv\/at\/medienbeben-in-grossbritannien-bbc-spitzenmanager-treten-wegen-trump-doku-zurueck\/#breadcrumb"},"inLanguage":"de-AT","potentialAction":[{"@type":"ReadAction","target":["https:\/\/kulturonline.tv\/at\/medienbeben-in-grossbritannien-bbc-spitzenmanager-treten-wegen-trump-doku-zurueck\/"]}]},{"@type":"ImageObject","inLanguage":"de-AT","@id":"https:\/\/kulturonline.tv\/at\/medienbeben-in-grossbritannien-bbc-spitzenmanager-treten-wegen-trump-doku-zurueck\/#primaryimage","url":"https:\/\/kulturonline.tv\/wp-content\/uploads\/2025\/11\/Kamera-2.jpg","contentUrl":"https:\/\/kulturonline.tv\/wp-content\/uploads\/2025\/11\/Kamera-2.jpg","width":1920,"height":1076},{"@type":"BreadcrumbList","@id":"https:\/\/kulturonline.tv\/at\/medienbeben-in-grossbritannien-bbc-spitzenmanager-treten-wegen-trump-doku-zurueck\/#breadcrumb","itemListElement":[{"@type":"ListItem","position":1,"name":"Startseite","item":"https:\/\/kulturonline.tv\/at\/"},{"@type":"ListItem","position":2,"name":"Medienbeben in Gro\u00dfbritannien: BBC-Spitzenmanager treten wegen Trump-Doku zur\u00fcck"}]},{"@type":"WebSite","@id":"https:\/\/kulturonline.tv\/at\/#website","url":"https:\/\/kulturonline.tv\/at\/","name":"Kultur Online TV &amp; FM","description":"Wir sind Kultur 2.0 zum sehen &amp; h\u00f6ren","publisher":{"@id":"https:\/\/kulturonline.tv\/at\/#organization"},"potentialAction":[{"@type":"SearchAction","target":{"@type":"EntryPoint","urlTemplate":"https:\/\/kulturonline.tv\/at\/?s={search_term_string}"},"query-input":{"@type":"PropertyValueSpecification","valueRequired":true,"valueName":"search_term_string"}}],"inLanguage":"de-AT"},{"@type":"Organization","@id":"https:\/\/kulturonline.tv\/at\/#organization","name":"Kultur Online TV","url":"https:\/\/kulturonline.tv\/at\/","logo":{"@type":"ImageObject","inLanguage":"de-AT","@id":"https:\/\/kulturonline.tv\/at\/#\/schema\/logo\/image\/","url":"https:\/\/kulturonline.tv\/wp-content\/uploads\/2021\/08\/Kultur-Online-Tv-Logo-Endversion-neu.png","contentUrl":"https:\/\/kulturonline.tv\/wp-content\/uploads\/2021\/08\/Kultur-Online-Tv-Logo-Endversion-neu.png","width":200,"height":200,"caption":"Kultur Online TV"},"image":{"@id":"https:\/\/kulturonline.tv\/at\/#\/schema\/logo\/image\/"},"sameAs":["https:\/\/www.facebook.com\/kulturonline.tv","https:\/\/www.instagram.com\/kulturonline.tv"]},{"@type":"Person","@id":"https:\/\/kulturonline.tv\/at\/#\/schema\/person\/b0fac729bb9a0c193fb1df23449df4fe","name":"guenter.wolfgang"}]}},"_links":{"self":[{"href":"https:\/\/kulturonline.tv\/at\/wp-json\/wp\/v2\/posts\/130227","targetHints":{"allow":["GET"]}}],"collection":[{"href":"https:\/\/kulturonline.tv\/at\/wp-json\/wp\/v2\/posts"}],"about":[{"href":"https:\/\/kulturonline.tv\/at\/wp-json\/wp\/v2\/types\/post"}],"author":[{"embeddable":true,"href":"https:\/\/kulturonline.tv\/at\/wp-json\/wp\/v2\/users\/2"}],"replies":[{"embeddable":true,"href":"https:\/\/kulturonline.tv\/at\/wp-json\/wp\/v2\/comments?post=130227"}],"version-history":[{"count":1,"href":"https:\/\/kulturonline.tv\/at\/wp-json\/wp\/v2\/posts\/130227\/revisions"}],"predecessor-version":[{"id":130229,"href":"https:\/\/kulturonline.tv\/at\/wp-json\/wp\/v2\/posts\/130227\/revisions\/130229"}],"wp:featuredmedia":[{"embeddable":true,"href":"https:\/\/kulturonline.tv\/at\/wp-json\/wp\/v2\/media\/130225"}],"wp:attachment":[{"href":"https:\/\/kulturonline.tv\/at\/wp-json\/wp\/v2\/media?parent=130227"}],"wp:term":[{"taxonomy":"category","embeddable":true,"href":"https:\/\/kulturonline.tv\/at\/wp-json\/wp\/v2\/categories?post=130227"},{"taxonomy":"post_tag","embeddable":true,"href":"https:\/\/kulturonline.tv\/at\/wp-json\/wp\/v2\/tags?post=130227"}],"curies":[{"name":"wp","href":"https:\/\/api.w.org\/{rel}","templated":true}]}}