{"id":13871,"date":"2021-11-30T14:11:17","date_gmt":"2021-11-30T13:11:17","guid":{"rendered":"https:\/\/kulturonline.tv\/?p=13871"},"modified":"2021-11-30T14:11:33","modified_gmt":"2021-11-30T13:11:33","slug":"kinderbuch-der-online-zoo-jetzt-in-12-sprachen-verfuegbar","status":"publish","type":"post","link":"https:\/\/kulturonline.tv\/at\/kinderbuch-der-online-zoo-jetzt-in-12-sprachen-verfuegbar\/","title":{"rendered":"Kinderbuch Der Online-Zoo jetzt in 12 Sprachen verf\u00fcgbar"},"content":{"rendered":"\n<p><strong>Das beliebte Kinderbuch \u201cDer Online-Zoo\u201d thematisiert Cybermobbing, In-App-K\u00e4ufe, Sexting und andere Risiken im Umgang mit dem Internet.<\/strong><\/p>\n\n\n\n<figure class=\"wp-block-image size-full\"><img fetchpriority=\"high\" decoding=\"async\" width=\"1280\" height=\"720\" src=\"https:\/\/kulturonline.tv\/wp-content\/uploads\/2021\/11\/der-online-zoo.jpg\" alt=\"\" class=\"wp-image-13873\" srcset=\"https:\/\/kulturonline.tv\/wp-content\/uploads\/2021\/11\/der-online-zoo.jpg 1280w, https:\/\/kulturonline.tv\/wp-content\/uploads\/2021\/11\/der-online-zoo-600x338.jpg 600w, https:\/\/kulturonline.tv\/wp-content\/uploads\/2021\/11\/der-online-zoo-800x450.jpg 800w, https:\/\/kulturonline.tv\/wp-content\/uploads\/2021\/11\/der-online-zoo-768x432.jpg 768w\" sizes=\"(max-width: 1280px) 100vw, 1280px\" \/><\/figure>\n\n\n\n<p><strong>Es erkl\u00e4rt kindgerecht, wie diese vermieden werden k\u00f6nnen. Die Geschichten rund um den Affen Moritz und seine tierischen Freunde wurden nun auch auf Bosnisch \u00fcbersetzt und sind damit in zw\u00f6lf Sprachen erlebbar.<\/strong>&nbsp;<strong><q cite=\"https:\/\/www.ots.at\/presseaussendung\/OTS_20211130_OTS0097\/ISPA-Pr%C3%A4sident%20Harald%20Kapper\">\u201eDie vielen positiven R\u00fcckmeldungen zum Kinderbuch zeigen uns, wie wichtig das Thema Medienkompetenz kultur- und sprachen\u00fcbergreifend ist\u201c,<\/q>&nbsp;betont ISPA-Pr\u00e4sident Harald Kapper.&nbsp;<q cite=\"https:\/\/www.ots.at\/presseaussendung\/OTS_20211130_OTS0097\/ISPA-Pr%C3%A4sident%20Harald%20Kapper\">\u201eDie ISPA nimmt damit einmal mehr ihre gesellschaftspolitische Aufgabe im Rahmen des Projekts ,Saferinternet.at\u2019 wahr.\u201d<\/q><\/strong><\/p>\n\n\n\n<p>\u201cDer Online-Zoo\u201d hilft Eltern wie P\u00e4dagoginnen und P\u00e4dagogen, 4- bis 9-j\u00e4hrige Kinder spielerisch an das Thema Internet heranzuf\u00fchren und vermittelt altersgerecht Medienkompetenz. Denn die j\u00fcngste Generation der Digital Natives w\u00e4chst mit Handy, Internet &amp; Co auf, wie die Saferinternet.at-Studie\u00a0<a href=\"https:\/\/www.ots.at\/redirect\/ispa4\" target=\"_blank\" rel=\"noreferrer noopener\">\u201eDie Allerj\u00fcngsten im Netz\u201c<\/a>\u00a0verdeutlicht: Bereits 72% der Kinder im Alter von 0-6 Jahren haben erste Erfahrungen mit digitalen Medien gemacht. Ohne entsprechende Medienbildung sowie kindgerechte Unterst\u00fctzung beim Erwerb digitaler Kompetenzen sind die kleinen Userinnen und User oft aber \u00fcberfordert.<\/p>\n\n\n\n<h3 class=\"wp-block-heading\"><strong>Kinder spielerisch internetfit machen<\/strong><\/h3>\n\n\n\n<p>F\u00fcr die J\u00fcngsten verst\u00e4ndlich aufbereitet und ansprechend illustriert, erz\u00e4hlt \u201eDer Online-Zoo\u201c, vor welche Herausforderungen das Internet den Affen Moritz, die Giraffe Greta und andere Tiere stellt und wie Zoodirektorin Elsa diese l\u00f6st. Zwar wissen Giraffe, L\u00f6we &amp; Co l\u00e4ngst um die Vorteile des Internets Bescheid. Genauso wie wir Menschen m\u00fcssen sie aber erst lernen, verantwortungsbewusst damit umzugehen. Daher unterst\u00fctzt Elsa die Tiere im Online-Zoo mit guten Tipps f\u00fcr einen sicheren Umgang mit dem Internet.<\/p>\n\n\n\n<h3 class=\"wp-block-heading\"><strong>Bereits in 12 Sprachen verf\u00fcgbar<\/strong><\/h3>\n\n\n\n<p>Das international erfolgreiche ISPA Kinderbuch ist auf Deutsch in Hardcover und als E-Book in 12 Sprachen kostenlos erh\u00e4ltlich. Neben den meistgesprochenen Sprachen der Welt \u2013 Arabisch, Chinesisch, Englisch, Franz\u00f6sisch, Portugiesisch, Russisch, Spanisch \u2013 wurde \u201eDer Online-Zoo\u201c auf Farsi, Litauisch und Tschechisch \u00fcbersetzt, vor kurzem auch auf Bosnisch.<\/p>\n\n\n\n<p>Kultur Online TV<\/p>\n\n\n\n<p>#literatur #kinderb\u00fccher<\/p>\n","protected":false},"excerpt":{"rendered":"<p>Das beliebte Kinderbuch \u201cDer Online-Zoo\u201d thematisiert Cybermobbing, In-App-K\u00e4ufe, Sexting und andere Risiken im Umgang mit dem Internet. Es erkl\u00e4rt kindgerecht, wie diese vermieden werden k\u00f6nnen. Die Geschichten rund um den Affen Moritz und seine tierischen Freunde wurden nun auch auf Bosnisch \u00fcbersetzt und sind damit in zw\u00f6lf Sprachen erlebbar.&nbsp;\u201eDie vielen positiven R\u00fcckmeldungen zum Kinderbuch zeigen [&hellip;]<\/p>\n","protected":false},"author":2,"featured_media":13873,"comment_status":"closed","ping_status":"closed","sticky":false,"template":"","format":"standard","meta":{"_acf_changed":false,"footnotes":""},"categories":[133],"tags":[],"class_list":["post-13871","post","type-post","status-publish","format-standard","has-post-thumbnail","hentry","category-literatur"],"acf":[],"yoast_head":"<!-- This site is optimized with the Yoast SEO plugin v26.1.1 - https:\/\/yoast.com\/wordpress\/plugins\/seo\/ -->\n<title>Kinderbuch Der Online-Zoo jetzt in 12 Sprachen verf\u00fcgbar - Kultur Online TV &amp; FM<\/title>\n<meta name=\"description\" content=\"Kultur sehen und H\u00f6ren\" \/>\n<meta name=\"robots\" content=\"index, follow, max-snippet:-1, max-image-preview:large, max-video-preview:-1\" \/>\n<link rel=\"canonical\" href=\"https:\/\/kulturonline.tv\/at\/kinderbuch-der-online-zoo-jetzt-in-12-sprachen-verfuegbar\/\" \/>\n<meta property=\"og:locale\" content=\"de_DE\" \/>\n<meta property=\"og:type\" content=\"article\" \/>\n<meta property=\"og:title\" content=\"Kinderbuch Der Online-Zoo jetzt in 12 Sprachen verf\u00fcgbar - Kultur Online TV &amp; FM\" \/>\n<meta property=\"og:description\" content=\"Kultur sehen und H\u00f6ren\" \/>\n<meta property=\"og:url\" content=\"https:\/\/kulturonline.tv\/at\/kinderbuch-der-online-zoo-jetzt-in-12-sprachen-verfuegbar\/\" \/>\n<meta property=\"og:site_name\" content=\"Kultur Online TV &amp; FM\" \/>\n<meta property=\"article:publisher\" content=\"https:\/\/www.facebook.com\/kulturonline.tv\" \/>\n<meta property=\"article:published_time\" content=\"2021-11-30T13:11:17+00:00\" \/>\n<meta property=\"article:modified_time\" content=\"2021-11-30T13:11:33+00:00\" \/>\n<meta property=\"og:image\" content=\"https:\/\/kulturonline.tv\/wp-content\/uploads\/2021\/11\/der-online-zoo.jpg\" \/>\n\t<meta property=\"og:image:width\" content=\"1280\" \/>\n\t<meta property=\"og:image:height\" content=\"720\" \/>\n\t<meta property=\"og:image:type\" content=\"image\/jpeg\" \/>\n<meta name=\"author\" content=\"guenter.wolfgang\" \/>\n<meta name=\"twitter:card\" content=\"summary_large_image\" \/>\n<meta name=\"twitter:label1\" content=\"Verfasst von\" \/>\n\t<meta name=\"twitter:data1\" content=\"guenter.wolfgang\" \/>\n\t<meta name=\"twitter:label2\" content=\"Gesch\u00e4tzte Lesezeit\" \/>\n\t<meta name=\"twitter:data2\" content=\"2 Minuten\" \/>\n<script type=\"application\/ld+json\" class=\"yoast-schema-graph\">{\"@context\":\"https:\/\/schema.org\",\"@graph\":[{\"@type\":\"Article\",\"@id\":\"https:\/\/kulturonline.tv\/at\/kinderbuch-der-online-zoo-jetzt-in-12-sprachen-verfuegbar\/#article\",\"isPartOf\":{\"@id\":\"https:\/\/kulturonline.tv\/at\/kinderbuch-der-online-zoo-jetzt-in-12-sprachen-verfuegbar\/\"},\"author\":{\"name\":\"guenter.wolfgang\",\"@id\":\"https:\/\/kulturonline.tv\/at\/#\/schema\/person\/b0fac729bb9a0c193fb1df23449df4fe\"},\"headline\":\"Kinderbuch Der Online-Zoo jetzt in 12 Sprachen verf\u00fcgbar\",\"datePublished\":\"2021-11-30T13:11:17+00:00\",\"dateModified\":\"2021-11-30T13:11:33+00:00\",\"mainEntityOfPage\":{\"@id\":\"https:\/\/kulturonline.tv\/at\/kinderbuch-der-online-zoo-jetzt-in-12-sprachen-verfuegbar\/\"},\"wordCount\":336,\"publisher\":{\"@id\":\"https:\/\/kulturonline.tv\/at\/#organization\"},\"image\":{\"@id\":\"https:\/\/kulturonline.tv\/at\/kinderbuch-der-online-zoo-jetzt-in-12-sprachen-verfuegbar\/#primaryimage\"},\"thumbnailUrl\":\"https:\/\/kulturonline.tv\/wp-content\/uploads\/2021\/11\/der-online-zoo.jpg\",\"articleSection\":[\"Literatur\"],\"inLanguage\":\"de-AT\"},{\"@type\":\"WebPage\",\"@id\":\"https:\/\/kulturonline.tv\/at\/kinderbuch-der-online-zoo-jetzt-in-12-sprachen-verfuegbar\/\",\"url\":\"https:\/\/kulturonline.tv\/at\/kinderbuch-der-online-zoo-jetzt-in-12-sprachen-verfuegbar\/\",\"name\":\"Kinderbuch Der Online-Zoo jetzt in 12 Sprachen verf\u00fcgbar - Kultur Online TV &amp; FM\",\"isPartOf\":{\"@id\":\"https:\/\/kulturonline.tv\/at\/#website\"},\"primaryImageOfPage\":{\"@id\":\"https:\/\/kulturonline.tv\/at\/kinderbuch-der-online-zoo-jetzt-in-12-sprachen-verfuegbar\/#primaryimage\"},\"image\":{\"@id\":\"https:\/\/kulturonline.tv\/at\/kinderbuch-der-online-zoo-jetzt-in-12-sprachen-verfuegbar\/#primaryimage\"},\"thumbnailUrl\":\"https:\/\/kulturonline.tv\/wp-content\/uploads\/2021\/11\/der-online-zoo.jpg\",\"datePublished\":\"2021-11-30T13:11:17+00:00\",\"dateModified\":\"2021-11-30T13:11:33+00:00\",\"description\":\"Kultur sehen und H\u00f6ren\",\"breadcrumb\":{\"@id\":\"https:\/\/kulturonline.tv\/at\/kinderbuch-der-online-zoo-jetzt-in-12-sprachen-verfuegbar\/#breadcrumb\"},\"inLanguage\":\"de-AT\",\"potentialAction\":[{\"@type\":\"ReadAction\",\"target\":[\"https:\/\/kulturonline.tv\/at\/kinderbuch-der-online-zoo-jetzt-in-12-sprachen-verfuegbar\/\"]}]},{\"@type\":\"ImageObject\",\"inLanguage\":\"de-AT\",\"@id\":\"https:\/\/kulturonline.tv\/at\/kinderbuch-der-online-zoo-jetzt-in-12-sprachen-verfuegbar\/#primaryimage\",\"url\":\"https:\/\/kulturonline.tv\/wp-content\/uploads\/2021\/11\/der-online-zoo.jpg\",\"contentUrl\":\"https:\/\/kulturonline.tv\/wp-content\/uploads\/2021\/11\/der-online-zoo.jpg\",\"width\":1280,\"height\":720},{\"@type\":\"BreadcrumbList\",\"@id\":\"https:\/\/kulturonline.tv\/at\/kinderbuch-der-online-zoo-jetzt-in-12-sprachen-verfuegbar\/#breadcrumb\",\"itemListElement\":[{\"@type\":\"ListItem\",\"position\":1,\"name\":\"Startseite\",\"item\":\"https:\/\/kulturonline.tv\/at\/\"},{\"@type\":\"ListItem\",\"position\":2,\"name\":\"Kinderbuch Der Online-Zoo jetzt in 12 Sprachen verf\u00fcgbar\"}]},{\"@type\":\"WebSite\",\"@id\":\"https:\/\/kulturonline.tv\/at\/#website\",\"url\":\"https:\/\/kulturonline.tv\/at\/\",\"name\":\"Kultur Online TV &amp; FM\",\"description\":\"Wir sind Kultur 2.0 zum sehen &amp; h\u00f6ren\",\"publisher\":{\"@id\":\"https:\/\/kulturonline.tv\/at\/#organization\"},\"potentialAction\":[{\"@type\":\"SearchAction\",\"target\":{\"@type\":\"EntryPoint\",\"urlTemplate\":\"https:\/\/kulturonline.tv\/at\/?s={search_term_string}\"},\"query-input\":{\"@type\":\"PropertyValueSpecification\",\"valueRequired\":true,\"valueName\":\"search_term_string\"}}],\"inLanguage\":\"de-AT\"},{\"@type\":\"Organization\",\"@id\":\"https:\/\/kulturonline.tv\/at\/#organization\",\"name\":\"Kultur Online TV\",\"url\":\"https:\/\/kulturonline.tv\/at\/\",\"logo\":{\"@type\":\"ImageObject\",\"inLanguage\":\"de-AT\",\"@id\":\"https:\/\/kulturonline.tv\/at\/#\/schema\/logo\/image\/\",\"url\":\"https:\/\/kulturonline.tv\/wp-content\/uploads\/2021\/08\/Kultur-Online-Tv-Logo-Endversion-neu.png\",\"contentUrl\":\"https:\/\/kulturonline.tv\/wp-content\/uploads\/2021\/08\/Kultur-Online-Tv-Logo-Endversion-neu.png\",\"width\":200,\"height\":200,\"caption\":\"Kultur Online TV\"},\"image\":{\"@id\":\"https:\/\/kulturonline.tv\/at\/#\/schema\/logo\/image\/\"},\"sameAs\":[\"https:\/\/www.facebook.com\/kulturonline.tv\",\"https:\/\/www.instagram.com\/kulturonline.tv\"]},{\"@type\":\"Person\",\"@id\":\"https:\/\/kulturonline.tv\/at\/#\/schema\/person\/b0fac729bb9a0c193fb1df23449df4fe\",\"name\":\"guenter.wolfgang\"}]}<\/script>\n<!-- \/ Yoast SEO plugin. -->","yoast_head_json":{"title":"Kinderbuch Der Online-Zoo jetzt in 12 Sprachen verf\u00fcgbar - Kultur Online TV &amp; FM","description":"Kultur sehen und H\u00f6ren","robots":{"index":"index","follow":"follow","max-snippet":"max-snippet:-1","max-image-preview":"max-image-preview:large","max-video-preview":"max-video-preview:-1"},"canonical":"https:\/\/kulturonline.tv\/at\/kinderbuch-der-online-zoo-jetzt-in-12-sprachen-verfuegbar\/","og_locale":"de_DE","og_type":"article","og_title":"Kinderbuch Der Online-Zoo jetzt in 12 Sprachen verf\u00fcgbar - Kultur Online TV &amp; FM","og_description":"Kultur sehen und H\u00f6ren","og_url":"https:\/\/kulturonline.tv\/at\/kinderbuch-der-online-zoo-jetzt-in-12-sprachen-verfuegbar\/","og_site_name":"Kultur Online TV &amp; FM","article_publisher":"https:\/\/www.facebook.com\/kulturonline.tv","article_published_time":"2021-11-30T13:11:17+00:00","article_modified_time":"2021-11-30T13:11:33+00:00","og_image":[{"width":1280,"height":720,"url":"https:\/\/kulturonline.tv\/wp-content\/uploads\/2021\/11\/der-online-zoo.jpg","type":"image\/jpeg"}],"author":"guenter.wolfgang","twitter_card":"summary_large_image","twitter_misc":{"Verfasst von":"guenter.wolfgang","Gesch\u00e4tzte Lesezeit":"2 Minuten"},"schema":{"@context":"https:\/\/schema.org","@graph":[{"@type":"Article","@id":"https:\/\/kulturonline.tv\/at\/kinderbuch-der-online-zoo-jetzt-in-12-sprachen-verfuegbar\/#article","isPartOf":{"@id":"https:\/\/kulturonline.tv\/at\/kinderbuch-der-online-zoo-jetzt-in-12-sprachen-verfuegbar\/"},"author":{"name":"guenter.wolfgang","@id":"https:\/\/kulturonline.tv\/at\/#\/schema\/person\/b0fac729bb9a0c193fb1df23449df4fe"},"headline":"Kinderbuch Der Online-Zoo jetzt in 12 Sprachen verf\u00fcgbar","datePublished":"2021-11-30T13:11:17+00:00","dateModified":"2021-11-30T13:11:33+00:00","mainEntityOfPage":{"@id":"https:\/\/kulturonline.tv\/at\/kinderbuch-der-online-zoo-jetzt-in-12-sprachen-verfuegbar\/"},"wordCount":336,"publisher":{"@id":"https:\/\/kulturonline.tv\/at\/#organization"},"image":{"@id":"https:\/\/kulturonline.tv\/at\/kinderbuch-der-online-zoo-jetzt-in-12-sprachen-verfuegbar\/#primaryimage"},"thumbnailUrl":"https:\/\/kulturonline.tv\/wp-content\/uploads\/2021\/11\/der-online-zoo.jpg","articleSection":["Literatur"],"inLanguage":"de-AT"},{"@type":"WebPage","@id":"https:\/\/kulturonline.tv\/at\/kinderbuch-der-online-zoo-jetzt-in-12-sprachen-verfuegbar\/","url":"https:\/\/kulturonline.tv\/at\/kinderbuch-der-online-zoo-jetzt-in-12-sprachen-verfuegbar\/","name":"Kinderbuch Der Online-Zoo jetzt in 12 Sprachen verf\u00fcgbar - Kultur Online TV &amp; FM","isPartOf":{"@id":"https:\/\/kulturonline.tv\/at\/#website"},"primaryImageOfPage":{"@id":"https:\/\/kulturonline.tv\/at\/kinderbuch-der-online-zoo-jetzt-in-12-sprachen-verfuegbar\/#primaryimage"},"image":{"@id":"https:\/\/kulturonline.tv\/at\/kinderbuch-der-online-zoo-jetzt-in-12-sprachen-verfuegbar\/#primaryimage"},"thumbnailUrl":"https:\/\/kulturonline.tv\/wp-content\/uploads\/2021\/11\/der-online-zoo.jpg","datePublished":"2021-11-30T13:11:17+00:00","dateModified":"2021-11-30T13:11:33+00:00","description":"Kultur sehen und H\u00f6ren","breadcrumb":{"@id":"https:\/\/kulturonline.tv\/at\/kinderbuch-der-online-zoo-jetzt-in-12-sprachen-verfuegbar\/#breadcrumb"},"inLanguage":"de-AT","potentialAction":[{"@type":"ReadAction","target":["https:\/\/kulturonline.tv\/at\/kinderbuch-der-online-zoo-jetzt-in-12-sprachen-verfuegbar\/"]}]},{"@type":"ImageObject","inLanguage":"de-AT","@id":"https:\/\/kulturonline.tv\/at\/kinderbuch-der-online-zoo-jetzt-in-12-sprachen-verfuegbar\/#primaryimage","url":"https:\/\/kulturonline.tv\/wp-content\/uploads\/2021\/11\/der-online-zoo.jpg","contentUrl":"https:\/\/kulturonline.tv\/wp-content\/uploads\/2021\/11\/der-online-zoo.jpg","width":1280,"height":720},{"@type":"BreadcrumbList","@id":"https:\/\/kulturonline.tv\/at\/kinderbuch-der-online-zoo-jetzt-in-12-sprachen-verfuegbar\/#breadcrumb","itemListElement":[{"@type":"ListItem","position":1,"name":"Startseite","item":"https:\/\/kulturonline.tv\/at\/"},{"@type":"ListItem","position":2,"name":"Kinderbuch Der Online-Zoo jetzt in 12 Sprachen verf\u00fcgbar"}]},{"@type":"WebSite","@id":"https:\/\/kulturonline.tv\/at\/#website","url":"https:\/\/kulturonline.tv\/at\/","name":"Kultur Online TV &amp; FM","description":"Wir sind Kultur 2.0 zum sehen &amp; h\u00f6ren","publisher":{"@id":"https:\/\/kulturonline.tv\/at\/#organization"},"potentialAction":[{"@type":"SearchAction","target":{"@type":"EntryPoint","urlTemplate":"https:\/\/kulturonline.tv\/at\/?s={search_term_string}"},"query-input":{"@type":"PropertyValueSpecification","valueRequired":true,"valueName":"search_term_string"}}],"inLanguage":"de-AT"},{"@type":"Organization","@id":"https:\/\/kulturonline.tv\/at\/#organization","name":"Kultur Online TV","url":"https:\/\/kulturonline.tv\/at\/","logo":{"@type":"ImageObject","inLanguage":"de-AT","@id":"https:\/\/kulturonline.tv\/at\/#\/schema\/logo\/image\/","url":"https:\/\/kulturonline.tv\/wp-content\/uploads\/2021\/08\/Kultur-Online-Tv-Logo-Endversion-neu.png","contentUrl":"https:\/\/kulturonline.tv\/wp-content\/uploads\/2021\/08\/Kultur-Online-Tv-Logo-Endversion-neu.png","width":200,"height":200,"caption":"Kultur Online TV"},"image":{"@id":"https:\/\/kulturonline.tv\/at\/#\/schema\/logo\/image\/"},"sameAs":["https:\/\/www.facebook.com\/kulturonline.tv","https:\/\/www.instagram.com\/kulturonline.tv"]},{"@type":"Person","@id":"https:\/\/kulturonline.tv\/at\/#\/schema\/person\/b0fac729bb9a0c193fb1df23449df4fe","name":"guenter.wolfgang"}]}},"_links":{"self":[{"href":"https:\/\/kulturonline.tv\/at\/wp-json\/wp\/v2\/posts\/13871","targetHints":{"allow":["GET"]}}],"collection":[{"href":"https:\/\/kulturonline.tv\/at\/wp-json\/wp\/v2\/posts"}],"about":[{"href":"https:\/\/kulturonline.tv\/at\/wp-json\/wp\/v2\/types\/post"}],"author":[{"embeddable":true,"href":"https:\/\/kulturonline.tv\/at\/wp-json\/wp\/v2\/users\/2"}],"replies":[{"embeddable":true,"href":"https:\/\/kulturonline.tv\/at\/wp-json\/wp\/v2\/comments?post=13871"}],"version-history":[{"count":0,"href":"https:\/\/kulturonline.tv\/at\/wp-json\/wp\/v2\/posts\/13871\/revisions"}],"wp:featuredmedia":[{"embeddable":true,"href":"https:\/\/kulturonline.tv\/at\/wp-json\/wp\/v2\/media\/13873"}],"wp:attachment":[{"href":"https:\/\/kulturonline.tv\/at\/wp-json\/wp\/v2\/media?parent=13871"}],"wp:term":[{"taxonomy":"category","embeddable":true,"href":"https:\/\/kulturonline.tv\/at\/wp-json\/wp\/v2\/categories?post=13871"},{"taxonomy":"post_tag","embeddable":true,"href":"https:\/\/kulturonline.tv\/at\/wp-json\/wp\/v2\/tags?post=13871"}],"curies":[{"name":"wp","href":"https:\/\/api.w.org\/{rel}","templated":true}]}}