{"id":139666,"date":"2026-02-10T15:52:14","date_gmt":"2026-02-10T14:52:14","guid":{"rendered":"https:\/\/kulturonline.tv\/der-lustschritt\/"},"modified":"2026-03-12T22:23:09","modified_gmt":"2026-03-12T21:23:09","slug":"der-lustschritt","status":"publish","type":"post","link":"https:\/\/kulturonline.tv\/at\/der-lustschritt\/","title":{"rendered":"Der Lustschritt"},"content":{"rendered":"\n<p>Es ist vollbracht! Der neue Roman des K\u00e4rntner Autors Leonhard M\u00fcller, \u201eDer Lustschritt\u201c, ist fertiggestellt!<\/p>\n\n\n\n<figure class=\"wp-block-image size-large\"><img fetchpriority=\"high\" decoding=\"async\" width=\"1600\" height=\"900\" src=\"https:\/\/kulturonline.tv\/wp-content\/uploads\/2026\/02\/Der-Lustschritt-Kultur-ONline-FM-1600x900.png\" alt=\"\" class=\"wp-image-139540\" srcset=\"https:\/\/kulturonline.tv\/wp-content\/uploads\/2026\/02\/Der-Lustschritt-Kultur-ONline-FM-1600x900.png 1600w, https:\/\/kulturonline.tv\/wp-content\/uploads\/2026\/02\/Der-Lustschritt-Kultur-ONline-FM-800x450.png 800w, https:\/\/kulturonline.tv\/wp-content\/uploads\/2026\/02\/Der-Lustschritt-Kultur-ONline-FM-768x432.png 768w, https:\/\/kulturonline.tv\/wp-content\/uploads\/2026\/02\/Der-Lustschritt-Kultur-ONline-FM-1536x864.png 1536w, https:\/\/kulturonline.tv\/wp-content\/uploads\/2026\/02\/Der-Lustschritt-Kultur-ONline-FM.png 1920w\" sizes=\"(max-width: 1600px) 100vw, 1600px\" \/><\/figure>\n\n\n\n<figure class=\"wp-block-audio\"><audio controls src=\"https:\/\/kulturonline.tv\/wp-content\/uploads\/2026\/02\/LEONHARD-MUeLLER-LUSTSCHRITT-KFM-2026-1.mp3\"><\/audio><\/figure>\n\n\n\n<p>Auch f\u00fcr uns ein besonderer Moment, wenn aus einer Vision ein greifbares Werk wird.&nbsp;<strong>Kultur Online TV<\/strong>\u2013<strong>FM<\/strong>&nbsp;hat den Entstehungsprozess intensiv begleitet und betreut, angefangen von der Covergestaltung Layout, den Interviews bis hin zur finalen Ver\u00f6ffentlichung. Die Vorbereitungen waren bisher eine spannende Reise die wir gemeinsam mit dem Autor Schritt f\u00fcr Schritt gegangen sind.<\/p>\n\n\n\n<p>Doch das ist erst der Anfang! Damit die Geschichte auch au\u00dferhalb der Buchseiten lebendig wird, starten wir in K\u00fcrze mit einer gro\u00dfen Lesetour der anderen Art! Die Ver\u00f6ffentlichung ist nur der Startschuss. Jetzt bringen wir die Geschichte dorthin, wo sie hingeh\u00f6rt: auf die B\u00fchne. Doch wer eine klassische Lesung erwartet, wird \u00fcberrascht sein!<\/p>\n\n\n\n<p>Getreu unserem Motto \u201eWir sind Kultur 2.0\u201c haben wir gemeinsam mit dem Autor Leonhard M\u00fcller ein v\u00f6llig neues Konzept entwickelt. Wir brechen die Grenzen des herk\u00f6mmlichen Formats auf und pr\u00e4sentieren eine Inszenierung der neuen Art.<\/p>\n\n\n\n<h2 class=\"wp-block-heading\">Multimedial &amp; Interaktiv<\/h2>\n\n\n\n<p>Wir machen die Atmosph\u00e4re des Romans mit modernen Mitteln greifbar.<\/p>\n\n\n\n<h2 class=\"wp-block-heading\">Hinter den Kulissen<\/h2>\n\n\n\n<p>Erlebe den Autor und die Entstehungsgeschichte hautnah.<\/p>\n\n\n\n<h2 class=\"wp-block-heading\">Dynamisch &amp; Unkonventionell<\/h2>\n\n\n\n<p>Literatur trifft auf die digitale \u00c4ra \u2013 lebendig, direkt und spannend.<\/p>\n\n\n\n<p>In der spannenden Erz\u00e4hlung-\u201eDer Lustschritt\u201c entwirft Leonhard M\u00fcller ein packenden Roman aus der Welt eines Familienbetriebes, in der das Handwerk nicht nur Lebensgrundlage, sondern eine B\u00fchne f\u00fcr archaische Konflikte ist. Im Zentrum steht die Erkenntnis, dass die Vergangenheit niemals tot ist, sondern in jeder Sekunde pr\u00e4sent ist.<\/p>\n\n\n\n<p>Was nach au\u00dfen hin als florierendes Unternehmen erscheint, wird im Inneren von alten Rechnungen, verletztem Stolz und einer zerst\u00f6rerischen Dynamik zerfressen. Die Grenze zwischen wirtschaftlichem Kalk\u00fcl und pers\u00f6nlichem Rachefeldzug verschwimmt, bis das Streben nach Anerkennung und Macht in eine Katastrophe f\u00fchrt. Eine einzige Entscheidung, geboren aus Furcht, ver\u00e4ndert alles und l\u00e4sst das fragile Gef\u00fcge aus Tradition und famili\u00e4rem Zusammenhalt endg\u00fcltig zerbrechen.<\/p>\n\n\n\n<h1 class=\"wp-block-heading\">Vom Strategen zum Autor<\/h1>\n\n\n\n<p>Mag. Dr. Leonhard Franz M\u00fcller war langezeit als Gesch\u00e4ftsf\u00fchrer f\u00fcr das Traditions-und Famielenunternhemen dem Zeughammerwerk Leonhard M\u00fcller &amp; S\u00f6hne GmbH in Frantschach-St. Gertraud, in K\u00e4rnten t\u00e4tig, das f\u00fcr seine Schmiedekunst bekannt ist. Es ist das \u00e4lteste existierende familiengef\u00fchrte Hammerwerk Europas und wird seit \u00fcber 350 Jahren von der Familie M\u00fcller gef\u00fchrt. Die Firma stellt hochwertige Werkzeuge her, bei denen auch in der heutigen Zeit noch handwerkliche Schmiedetechniken angewendet werden.<\/p>\n\n\n\n<figure class=\"wp-block-image size-full\"><img decoding=\"async\" width=\"1600\" height=\"292\" src=\"https:\/\/kulturonline.tv\/wp-content\/uploads\/2026\/02\/Kultur-ONLINE-fm-9-1600x292-1.png\" alt=\"\" class=\"wp-image-139594\" srcset=\"https:\/\/kulturonline.tv\/wp-content\/uploads\/2026\/02\/Kultur-ONLINE-fm-9-1600x292-1.png 1600w, https:\/\/kulturonline.tv\/wp-content\/uploads\/2026\/02\/Kultur-ONLINE-fm-9-1600x292-1-800x146.png 800w, https:\/\/kulturonline.tv\/wp-content\/uploads\/2026\/02\/Kultur-ONLINE-fm-9-1600x292-1-768x140.png 768w, https:\/\/kulturonline.tv\/wp-content\/uploads\/2026\/02\/Kultur-ONLINE-fm-9-1600x292-1-1536x280.png 1536w\" sizes=\"(max-width: 1600px) 100vw, 1600px\" \/><\/figure>\n\n\n\n<figure class=\"wp-block-audio\"><audio controls src=\"https:\/\/kulturonline.tv\/wp-content\/uploads\/2026\/02\/Leo-Mueller-Buchvorstellung-2025-1.mp3\"><\/audio><\/figure>\n\n\n\n<div style=\"height:46px\" aria-hidden=\"true\" class=\"wp-block-spacer\"><\/div>\n\n\n\n<h1 class=\"wp-block-heading\">Termine: <\/h1>\n\n\n\n<h2 class=\"wp-block-heading\">Autorenlesung-Buchvorstellung &#8222;Der Lustschritt&#8220;<\/h2>\n\n\n\n<p>18.03.2026 19:00h 1150 Wien Reindorfgasse 44 <\/p>\n\n\n\n<p><\/p>\n\n\n\n<div style=\"height:50px\" aria-hidden=\"true\" class=\"wp-block-spacer\"><\/div>\n\n\n\n<hr class=\"wp-block-separator has-alpha-channel-opacity\"\/>\n\n\n\n<div class=\"wp-block-media-text is-stacked-on-mobile\" style=\"grid-template-columns:39% auto\"><figure class=\"wp-block-media-text__media\"><a href=\"https:\/\/kulturonline.tv\/at\/der-meister-zwischen-amboss-und-feder\/\"><img decoding=\"async\" width=\"1005\" height=\"1600\" src=\"https:\/\/kulturonline.tv\/wp-content\/uploads\/2026\/02\/Ein-bisschen-Text-hinzufuegen-24-1005x1600.png\" alt=\"\" class=\"wp-image-139428 size-full\" srcset=\"https:\/\/kulturonline.tv\/wp-content\/uploads\/2026\/02\/Ein-bisschen-Text-hinzufuegen-24-1005x1600.png 1005w, https:\/\/kulturonline.tv\/wp-content\/uploads\/2026\/02\/Ein-bisschen-Text-hinzufuegen-24-502x800.png 502w, https:\/\/kulturonline.tv\/wp-content\/uploads\/2026\/02\/Ein-bisschen-Text-hinzufuegen-24-768x1223.png 768w, https:\/\/kulturonline.tv\/wp-content\/uploads\/2026\/02\/Ein-bisschen-Text-hinzufuegen-24-965x1536.png 965w, https:\/\/kulturonline.tv\/wp-content\/uploads\/2026\/02\/Ein-bisschen-Text-hinzufuegen-24.png 1256w\" sizes=\"(max-width: 1005px) 100vw, 1005px\" \/><\/a><\/figure><div class=\"wp-block-media-text__content\">\n<p><\/p>\n\n\n\n<p><\/p>\n\n\n\n<p><\/p>\n\n\n\n<p><\/p>\n\n\n\n<h1 class=\"wp-block-heading\">Leonhard M\u00fcller beherrscht nicht nur die spannende Fiktion!<\/h1>\n\n\n\n<p>F\u00fcr alle, die tiefer in die faszinierende Welt des Schmiedens eintauchen wollen, ist sein Standardwerk \u201aHei\u00dfe Eisen\u2018 ein absolutes Muss.<\/p>\n\n\n\n<p>Darin schildert er eindrucksvoll den Zeitenwandel von Produktion und Handwerk im Zeitalter der Industrialisierung. M\u00fcller gelingt es, einen fast schon aussterbenden Beruf wiederzubeleben und ihm v\u00f6llig neue Perspektiven zu er\u00f6ffnen. Ein unverzichtbares Buch f\u00fcr alle Nostalgiker der alten Schmiedetradition und f\u00fcr jene, die es noch werden wollen.\u201c <a href=\"https:\/\/kulturonline.tv\/at\/der-meister-zwischen-amboss-und-feder\/\">mehr&#8230;..<\/a><\/p>\n\n\n\n<p><\/p>\n\n\n\n<p><\/p>\n\n\n\n<p><\/p>\n\n\n\n<p><\/p>\n<\/div><\/div>\n\n\n\n<p><\/p>\n","protected":false},"excerpt":{"rendered":"<p>Es ist vollbracht! Der neue Roman des K\u00e4rntner Autors Leonhard M\u00fcller, \u201eDer Lustschritt\u201c, ist fertiggestellt! Auch f\u00fcr uns ein besonderer Moment, wenn aus einer Vision ein greifbares Werk wird.&nbsp;Kultur Online TV\u2013FM&nbsp;hat den Entstehungsprozess intensiv begleitet und betreut, angefangen von der Covergestaltung Layout, den Interviews bis hin zur finalen Ver\u00f6ffentlichung. Die Vorbereitungen waren bisher eine spannende [&hellip;]<\/p>\n","protected":false},"author":2,"featured_media":141282,"comment_status":"closed","ping_status":"closed","sticky":false,"template":"","format":"standard","meta":{"_acf_changed":false,"footnotes":""},"categories":[798,1104],"tags":[],"class_list":["post-139666","post","type-post","status-publish","format-standard","has-post-thumbnail","hentry","category-audiothek-cover-das-buechermagazin-at","category-leonhard-mueller-autor-at"],"acf":[],"yoast_head":"<!-- This site is optimized with the Yoast SEO plugin v26.1.1 - https:\/\/yoast.com\/wordpress\/plugins\/seo\/ -->\n<title>Der Lustschritt - Kultur Online TV &amp; FM<\/title>\n<meta name=\"description\" content=\"Kultur sehen und H\u00f6ren\" \/>\n<meta name=\"robots\" content=\"index, follow, max-snippet:-1, max-image-preview:large, max-video-preview:-1\" \/>\n<link rel=\"canonical\" href=\"https:\/\/kulturonline.tv\/at\/der-lustschritt\/\" \/>\n<meta property=\"og:locale\" content=\"de_DE\" \/>\n<meta property=\"og:type\" content=\"article\" \/>\n<meta property=\"og:title\" content=\"Der Lustschritt - Kultur Online TV &amp; FM\" \/>\n<meta property=\"og:description\" content=\"Kultur sehen und H\u00f6ren\" \/>\n<meta property=\"og:url\" content=\"https:\/\/kulturonline.tv\/at\/der-lustschritt\/\" \/>\n<meta property=\"og:site_name\" content=\"Kultur Online TV &amp; FM\" \/>\n<meta property=\"article:publisher\" content=\"https:\/\/www.facebook.com\/kulturonline.tv\" \/>\n<meta property=\"article:published_time\" content=\"2026-02-10T14:52:14+00:00\" \/>\n<meta property=\"article:modified_time\" content=\"2026-03-12T21:23:09+00:00\" \/>\n<meta property=\"og:image\" content=\"https:\/\/kulturonline.tv\/wp-content\/uploads\/2026\/02\/COVER-5.png\" \/>\n\t<meta property=\"og:image:width\" content=\"2130\" \/>\n\t<meta property=\"og:image:height\" content=\"1080\" \/>\n\t<meta property=\"og:image:type\" content=\"image\/png\" \/>\n<meta name=\"author\" content=\"guenter.wolfgang\" \/>\n<meta name=\"twitter:card\" content=\"summary_large_image\" \/>\n<meta name=\"twitter:label1\" content=\"Verfasst von\" \/>\n\t<meta name=\"twitter:data1\" content=\"guenter.wolfgang\" \/>\n\t<meta name=\"twitter:label2\" content=\"Gesch\u00e4tzte Lesezeit\" \/>\n\t<meta name=\"twitter:data2\" content=\"3 Minuten\" \/>\n<script type=\"application\/ld+json\" class=\"yoast-schema-graph\">{\"@context\":\"https:\/\/schema.org\",\"@graph\":[{\"@type\":\"Article\",\"@id\":\"https:\/\/kulturonline.tv\/at\/der-lustschritt\/#article\",\"isPartOf\":{\"@id\":\"https:\/\/kulturonline.tv\/at\/der-lustschritt\/\"},\"author\":{\"name\":\"guenter.wolfgang\",\"@id\":\"https:\/\/kulturonline.tv\/at\/#\/schema\/person\/b0fac729bb9a0c193fb1df23449df4fe\"},\"headline\":\"Der Lustschritt\",\"datePublished\":\"2026-02-10T14:52:14+00:00\",\"dateModified\":\"2026-03-12T21:23:09+00:00\",\"mainEntityOfPage\":{\"@id\":\"https:\/\/kulturonline.tv\/at\/der-lustschritt\/\"},\"wordCount\":512,\"publisher\":{\"@id\":\"https:\/\/kulturonline.tv\/at\/#organization\"},\"image\":{\"@id\":\"https:\/\/kulturonline.tv\/at\/der-lustschritt\/#primaryimage\"},\"thumbnailUrl\":\"https:\/\/kulturonline.tv\/wp-content\/uploads\/2026\/02\/COVER-5.png\",\"articleSection\":[\"Audiothek Cover das B\u00fcchermagazin\",\"Leonhard M\u00fcller Autor\"],\"inLanguage\":\"de-AT\"},{\"@type\":\"WebPage\",\"@id\":\"https:\/\/kulturonline.tv\/at\/der-lustschritt\/\",\"url\":\"https:\/\/kulturonline.tv\/at\/der-lustschritt\/\",\"name\":\"Der Lustschritt - Kultur Online TV &amp; FM\",\"isPartOf\":{\"@id\":\"https:\/\/kulturonline.tv\/at\/#website\"},\"primaryImageOfPage\":{\"@id\":\"https:\/\/kulturonline.tv\/at\/der-lustschritt\/#primaryimage\"},\"image\":{\"@id\":\"https:\/\/kulturonline.tv\/at\/der-lustschritt\/#primaryimage\"},\"thumbnailUrl\":\"https:\/\/kulturonline.tv\/wp-content\/uploads\/2026\/02\/COVER-5.png\",\"datePublished\":\"2026-02-10T14:52:14+00:00\",\"dateModified\":\"2026-03-12T21:23:09+00:00\",\"description\":\"Kultur sehen und H\u00f6ren\",\"breadcrumb\":{\"@id\":\"https:\/\/kulturonline.tv\/at\/der-lustschritt\/#breadcrumb\"},\"inLanguage\":\"de-AT\",\"potentialAction\":[{\"@type\":\"ReadAction\",\"target\":[\"https:\/\/kulturonline.tv\/at\/der-lustschritt\/\"]}]},{\"@type\":\"ImageObject\",\"inLanguage\":\"de-AT\",\"@id\":\"https:\/\/kulturonline.tv\/at\/der-lustschritt\/#primaryimage\",\"url\":\"https:\/\/kulturonline.tv\/wp-content\/uploads\/2026\/02\/COVER-5.png\",\"contentUrl\":\"https:\/\/kulturonline.tv\/wp-content\/uploads\/2026\/02\/COVER-5.png\",\"width\":2130,\"height\":1080},{\"@type\":\"BreadcrumbList\",\"@id\":\"https:\/\/kulturonline.tv\/at\/der-lustschritt\/#breadcrumb\",\"itemListElement\":[{\"@type\":\"ListItem\",\"position\":1,\"name\":\"Startseite\",\"item\":\"https:\/\/kulturonline.tv\/at\/\"},{\"@type\":\"ListItem\",\"position\":2,\"name\":\"Der Lustschritt\"}]},{\"@type\":\"WebSite\",\"@id\":\"https:\/\/kulturonline.tv\/at\/#website\",\"url\":\"https:\/\/kulturonline.tv\/at\/\",\"name\":\"Kultur Online TV &amp; FM\",\"description\":\"Wir sind Kultur 2.0 zum sehen &amp; h\u00f6ren\",\"publisher\":{\"@id\":\"https:\/\/kulturonline.tv\/at\/#organization\"},\"potentialAction\":[{\"@type\":\"SearchAction\",\"target\":{\"@type\":\"EntryPoint\",\"urlTemplate\":\"https:\/\/kulturonline.tv\/at\/?s={search_term_string}\"},\"query-input\":{\"@type\":\"PropertyValueSpecification\",\"valueRequired\":true,\"valueName\":\"search_term_string\"}}],\"inLanguage\":\"de-AT\"},{\"@type\":\"Organization\",\"@id\":\"https:\/\/kulturonline.tv\/at\/#organization\",\"name\":\"Kultur Online TV\",\"url\":\"https:\/\/kulturonline.tv\/at\/\",\"logo\":{\"@type\":\"ImageObject\",\"inLanguage\":\"de-AT\",\"@id\":\"https:\/\/kulturonline.tv\/at\/#\/schema\/logo\/image\/\",\"url\":\"https:\/\/kulturonline.tv\/wp-content\/uploads\/2021\/08\/Kultur-Online-Tv-Logo-Endversion-neu.png\",\"contentUrl\":\"https:\/\/kulturonline.tv\/wp-content\/uploads\/2021\/08\/Kultur-Online-Tv-Logo-Endversion-neu.png\",\"width\":200,\"height\":200,\"caption\":\"Kultur Online TV\"},\"image\":{\"@id\":\"https:\/\/kulturonline.tv\/at\/#\/schema\/logo\/image\/\"},\"sameAs\":[\"https:\/\/www.facebook.com\/kulturonline.tv\",\"https:\/\/www.instagram.com\/kulturonline.tv\"]},{\"@type\":\"Person\",\"@id\":\"https:\/\/kulturonline.tv\/at\/#\/schema\/person\/b0fac729bb9a0c193fb1df23449df4fe\",\"name\":\"guenter.wolfgang\"}]}<\/script>\n<!-- \/ Yoast SEO plugin. -->","yoast_head_json":{"title":"Der Lustschritt - Kultur Online TV &amp; FM","description":"Kultur sehen und H\u00f6ren","robots":{"index":"index","follow":"follow","max-snippet":"max-snippet:-1","max-image-preview":"max-image-preview:large","max-video-preview":"max-video-preview:-1"},"canonical":"https:\/\/kulturonline.tv\/at\/der-lustschritt\/","og_locale":"de_DE","og_type":"article","og_title":"Der Lustschritt - Kultur Online TV &amp; FM","og_description":"Kultur sehen und H\u00f6ren","og_url":"https:\/\/kulturonline.tv\/at\/der-lustschritt\/","og_site_name":"Kultur Online TV &amp; FM","article_publisher":"https:\/\/www.facebook.com\/kulturonline.tv","article_published_time":"2026-02-10T14:52:14+00:00","article_modified_time":"2026-03-12T21:23:09+00:00","og_image":[{"width":2130,"height":1080,"url":"https:\/\/kulturonline.tv\/wp-content\/uploads\/2026\/02\/COVER-5.png","type":"image\/png"}],"author":"guenter.wolfgang","twitter_card":"summary_large_image","twitter_misc":{"Verfasst von":"guenter.wolfgang","Gesch\u00e4tzte Lesezeit":"3 Minuten"},"schema":{"@context":"https:\/\/schema.org","@graph":[{"@type":"Article","@id":"https:\/\/kulturonline.tv\/at\/der-lustschritt\/#article","isPartOf":{"@id":"https:\/\/kulturonline.tv\/at\/der-lustschritt\/"},"author":{"name":"guenter.wolfgang","@id":"https:\/\/kulturonline.tv\/at\/#\/schema\/person\/b0fac729bb9a0c193fb1df23449df4fe"},"headline":"Der Lustschritt","datePublished":"2026-02-10T14:52:14+00:00","dateModified":"2026-03-12T21:23:09+00:00","mainEntityOfPage":{"@id":"https:\/\/kulturonline.tv\/at\/der-lustschritt\/"},"wordCount":512,"publisher":{"@id":"https:\/\/kulturonline.tv\/at\/#organization"},"image":{"@id":"https:\/\/kulturonline.tv\/at\/der-lustschritt\/#primaryimage"},"thumbnailUrl":"https:\/\/kulturonline.tv\/wp-content\/uploads\/2026\/02\/COVER-5.png","articleSection":["Audiothek Cover das B\u00fcchermagazin","Leonhard M\u00fcller Autor"],"inLanguage":"de-AT"},{"@type":"WebPage","@id":"https:\/\/kulturonline.tv\/at\/der-lustschritt\/","url":"https:\/\/kulturonline.tv\/at\/der-lustschritt\/","name":"Der Lustschritt - Kultur Online TV &amp; FM","isPartOf":{"@id":"https:\/\/kulturonline.tv\/at\/#website"},"primaryImageOfPage":{"@id":"https:\/\/kulturonline.tv\/at\/der-lustschritt\/#primaryimage"},"image":{"@id":"https:\/\/kulturonline.tv\/at\/der-lustschritt\/#primaryimage"},"thumbnailUrl":"https:\/\/kulturonline.tv\/wp-content\/uploads\/2026\/02\/COVER-5.png","datePublished":"2026-02-10T14:52:14+00:00","dateModified":"2026-03-12T21:23:09+00:00","description":"Kultur sehen und H\u00f6ren","breadcrumb":{"@id":"https:\/\/kulturonline.tv\/at\/der-lustschritt\/#breadcrumb"},"inLanguage":"de-AT","potentialAction":[{"@type":"ReadAction","target":["https:\/\/kulturonline.tv\/at\/der-lustschritt\/"]}]},{"@type":"ImageObject","inLanguage":"de-AT","@id":"https:\/\/kulturonline.tv\/at\/der-lustschritt\/#primaryimage","url":"https:\/\/kulturonline.tv\/wp-content\/uploads\/2026\/02\/COVER-5.png","contentUrl":"https:\/\/kulturonline.tv\/wp-content\/uploads\/2026\/02\/COVER-5.png","width":2130,"height":1080},{"@type":"BreadcrumbList","@id":"https:\/\/kulturonline.tv\/at\/der-lustschritt\/#breadcrumb","itemListElement":[{"@type":"ListItem","position":1,"name":"Startseite","item":"https:\/\/kulturonline.tv\/at\/"},{"@type":"ListItem","position":2,"name":"Der Lustschritt"}]},{"@type":"WebSite","@id":"https:\/\/kulturonline.tv\/at\/#website","url":"https:\/\/kulturonline.tv\/at\/","name":"Kultur Online TV &amp; FM","description":"Wir sind Kultur 2.0 zum sehen &amp; h\u00f6ren","publisher":{"@id":"https:\/\/kulturonline.tv\/at\/#organization"},"potentialAction":[{"@type":"SearchAction","target":{"@type":"EntryPoint","urlTemplate":"https:\/\/kulturonline.tv\/at\/?s={search_term_string}"},"query-input":{"@type":"PropertyValueSpecification","valueRequired":true,"valueName":"search_term_string"}}],"inLanguage":"de-AT"},{"@type":"Organization","@id":"https:\/\/kulturonline.tv\/at\/#organization","name":"Kultur Online TV","url":"https:\/\/kulturonline.tv\/at\/","logo":{"@type":"ImageObject","inLanguage":"de-AT","@id":"https:\/\/kulturonline.tv\/at\/#\/schema\/logo\/image\/","url":"https:\/\/kulturonline.tv\/wp-content\/uploads\/2021\/08\/Kultur-Online-Tv-Logo-Endversion-neu.png","contentUrl":"https:\/\/kulturonline.tv\/wp-content\/uploads\/2021\/08\/Kultur-Online-Tv-Logo-Endversion-neu.png","width":200,"height":200,"caption":"Kultur Online TV"},"image":{"@id":"https:\/\/kulturonline.tv\/at\/#\/schema\/logo\/image\/"},"sameAs":["https:\/\/www.facebook.com\/kulturonline.tv","https:\/\/www.instagram.com\/kulturonline.tv"]},{"@type":"Person","@id":"https:\/\/kulturonline.tv\/at\/#\/schema\/person\/b0fac729bb9a0c193fb1df23449df4fe","name":"guenter.wolfgang"}]}},"_links":{"self":[{"href":"https:\/\/kulturonline.tv\/at\/wp-json\/wp\/v2\/posts\/139666","targetHints":{"allow":["GET"]}}],"collection":[{"href":"https:\/\/kulturonline.tv\/at\/wp-json\/wp\/v2\/posts"}],"about":[{"href":"https:\/\/kulturonline.tv\/at\/wp-json\/wp\/v2\/types\/post"}],"author":[{"embeddable":true,"href":"https:\/\/kulturonline.tv\/at\/wp-json\/wp\/v2\/users\/2"}],"replies":[{"embeddable":true,"href":"https:\/\/kulturonline.tv\/at\/wp-json\/wp\/v2\/comments?post=139666"}],"version-history":[{"count":3,"href":"https:\/\/kulturonline.tv\/at\/wp-json\/wp\/v2\/posts\/139666\/revisions"}],"predecessor-version":[{"id":141271,"href":"https:\/\/kulturonline.tv\/at\/wp-json\/wp\/v2\/posts\/139666\/revisions\/141271"}],"wp:featuredmedia":[{"embeddable":true,"href":"https:\/\/kulturonline.tv\/at\/wp-json\/wp\/v2\/media\/141282"}],"wp:attachment":[{"href":"https:\/\/kulturonline.tv\/at\/wp-json\/wp\/v2\/media?parent=139666"}],"wp:term":[{"taxonomy":"category","embeddable":true,"href":"https:\/\/kulturonline.tv\/at\/wp-json\/wp\/v2\/categories?post=139666"},{"taxonomy":"post_tag","embeddable":true,"href":"https:\/\/kulturonline.tv\/at\/wp-json\/wp\/v2\/tags?post=139666"}],"curies":[{"name":"wp","href":"https:\/\/api.w.org\/{rel}","templated":true}]}}