{"id":14117,"date":"2021-12-03T09:01:21","date_gmt":"2021-12-03T08:01:21","guid":{"rendered":"https:\/\/kulturonline.tv\/?p=14117"},"modified":"2021-12-03T09:01:21","modified_gmt":"2021-12-03T08:01:21","slug":"frei-freier-helen-mueller-frei","status":"publish","type":"post","link":"https:\/\/kulturonline.tv\/at\/frei-freier-helen-mueller-frei\/","title":{"rendered":"Frei, Freier, Helen M\u00fcller-Frei"},"content":{"rendered":"\n<p>Leben ist Zeichnen ohne Radiergummi<\/p>\n\n\n\n<figure class=\"wp-block-image size-large\"><img fetchpriority=\"high\" decoding=\"async\" width=\"1600\" height=\"1040\" src=\"https:\/\/kulturonline.tv\/wp-content\/uploads\/2021\/12\/Kultur-Online-TV-1-1600x1040.jpg\" alt=\"\" class=\"wp-image-14119\" srcset=\"https:\/\/kulturonline.tv\/wp-content\/uploads\/2021\/12\/Kultur-Online-TV-1-1600x1040.jpg 1600w, https:\/\/kulturonline.tv\/wp-content\/uploads\/2021\/12\/Kultur-Online-TV-1-scaled-600x390.jpg 600w, https:\/\/kulturonline.tv\/wp-content\/uploads\/2021\/12\/Kultur-Online-TV-1-800x520.jpg 800w, https:\/\/kulturonline.tv\/wp-content\/uploads\/2021\/12\/Kultur-Online-TV-1-768x499.jpg 768w, https:\/\/kulturonline.tv\/wp-content\/uploads\/2021\/12\/Kultur-Online-TV-1-1536x999.jpg 1536w, https:\/\/kulturonline.tv\/wp-content\/uploads\/2021\/12\/Kultur-Online-TV-1-2048x1331.jpg 2048w\" sizes=\"(max-width: 1600px) 100vw, 1600px\" \/><\/figure>\n\n\n\n<p>Wer m\u00f6chte da nicht gerne Manches ausradieren k\u00f6nnen? Kein Problem f\u00fcr Gott. Er weiss aus allem Misslungenen noch ein grandioses Kunstwerk zu machen. Geben wir ihm unsere kleinen und grossen Stolpersteine. Er wird mit uns zusammen daraus eine Treppe bauen zu herrlicher Freiheit und Originalit\u00e4t.<\/p>\n\n\n\n<p>&#8222;<strong>Frei, Freier, am Freisten<\/strong>&#8220; ist das erste Buch von Helen M\u00fcller-Frei. Erschienen ist es bereits 2016 und war der Startschuss ihrer schriftstellerischen Arbeit. Das Leben h\u00e4lt f\u00fcr uns alle verschiedene Stufen bereit, die wir mit unterschiedlichem Tempo meistern. Genauso versteht die Autorin auch ihre Gedanken, die getreu dem Motto &#8222;In der K\u00fcrze liegt die W\u00fcrze!&#8220; auch kurzgehalten wurden und anregen sollen, immer mal wieder eine Stufe zu nehmen und zu meistern.<\/p>\n\n\n\n<p><strong>Helen M\u00fcller-Frei<\/strong>, geb. 1945, hat im Alter von 33 Jahren ihr Leben bewusst an Gott abgegeben. Damit begann das Abenteuer ihres Lebens. Es f\u00fchrte sie von ihrer Karriere im Liegenschaftsbusiness weg in den Dienst im Sekretariat eines Glaubenswerkes. &#8222;Frei, Freier, am Freisten&#8220; ist eine Sammlung von kurzen Inputs. Es ist ein breites, farbiges Lichterspiel \u00fcber ein einziges Thema: Freiheit. Die Freiheit, sich selber zu sein! Frei von Manipulation und Knechtschaft der Religiosit\u00e4t. Es ist das fantastische Liebesangebot Gottes, dass er alle Menschen freimachen und ihnen einen totalen Neuanfang schenken m\u00f6chte.<\/p>\n\n\n\n<p><strong>\u00dcber die Schweizer Literaturgesellschaft<\/strong><\/p>\n\n\n\n<p>Der Verlag der Schweizer Literaturgesellschaft vereint unter seinem Dach Autoren ganz verschiedener Genres. Politik, Geschichte, Biografien, Belletristik und Kinderb\u00fccher finden sich im Programm. Allen ist eines gemeinsam &#8211; es sind besondere Titel mit teils au\u00dfergew\u00f6hnlichen Hintergr\u00fcnden. Dieser anspruchsvolle und exklusive Mix hebt die Schweizer Literaturgesellschaft vom klassischen Verlags-Mainstream ab. Unbekannte Autoren erhalten ebenso wie Erfolgsautoren oder prominente Personen die M\u00f6glichkeit, sich mit ihrem Buch zu verewigen.<\/p>\n\n\n\n<p>Kultur Online TV<\/p>\n\n\n\n<p>#literatur #b\u00fccher #verlag<\/p>\n","protected":false},"excerpt":{"rendered":"<p>Leben ist Zeichnen ohne Radiergummi Wer m\u00f6chte da nicht gerne Manches ausradieren k\u00f6nnen? Kein Problem f\u00fcr Gott. Er weiss aus allem Misslungenen noch ein grandioses Kunstwerk zu machen. Geben wir ihm unsere kleinen und grossen Stolpersteine. Er wird mit uns zusammen daraus eine Treppe bauen zu herrlicher Freiheit und Originalit\u00e4t. &#8222;Frei, Freier, am Freisten&#8220; ist [&hellip;]<\/p>\n","protected":false},"author":2,"featured_media":14119,"comment_status":"closed","ping_status":"closed","sticky":false,"template":"","format":"standard","meta":{"_acf_changed":false,"footnotes":""},"categories":[133],"tags":[],"class_list":["post-14117","post","type-post","status-publish","format-standard","has-post-thumbnail","hentry","category-literatur"],"acf":[],"yoast_head":"<!-- This site is optimized with the Yoast SEO plugin v26.1.1 - https:\/\/yoast.com\/wordpress\/plugins\/seo\/ -->\n<title>Frei, Freier, Helen M\u00fcller-Frei - Kultur Online TV &amp; FM<\/title>\n<meta name=\"description\" content=\"Kultur sehen und H\u00f6ren\" \/>\n<meta name=\"robots\" content=\"index, follow, max-snippet:-1, max-image-preview:large, max-video-preview:-1\" \/>\n<link rel=\"canonical\" href=\"https:\/\/kulturonline.tv\/at\/frei-freier-helen-mueller-frei\/\" \/>\n<meta property=\"og:locale\" content=\"de_DE\" \/>\n<meta property=\"og:type\" content=\"article\" \/>\n<meta property=\"og:title\" content=\"Frei, Freier, Helen M\u00fcller-Frei - Kultur Online TV &amp; FM\" \/>\n<meta property=\"og:description\" content=\"Kultur sehen und H\u00f6ren\" \/>\n<meta property=\"og:url\" content=\"https:\/\/kulturonline.tv\/at\/frei-freier-helen-mueller-frei\/\" \/>\n<meta property=\"og:site_name\" content=\"Kultur Online TV &amp; FM\" \/>\n<meta property=\"article:publisher\" content=\"https:\/\/www.facebook.com\/kulturonline.tv\" \/>\n<meta property=\"article:published_time\" content=\"2021-12-03T08:01:21+00:00\" \/>\n<meta property=\"og:image\" content=\"https:\/\/kulturonline.tv\/wp-content\/uploads\/2021\/12\/Kultur-Online-TV-1-scaled.jpg\" \/>\n\t<meta property=\"og:image:width\" content=\"2560\" \/>\n\t<meta property=\"og:image:height\" content=\"1664\" \/>\n\t<meta property=\"og:image:type\" content=\"image\/jpeg\" \/>\n<meta name=\"author\" content=\"guenter.wolfgang\" \/>\n<meta name=\"twitter:card\" content=\"summary_large_image\" \/>\n<meta name=\"twitter:label1\" content=\"Verfasst von\" \/>\n\t<meta name=\"twitter:data1\" content=\"guenter.wolfgang\" \/>\n\t<meta name=\"twitter:label2\" content=\"Gesch\u00e4tzte Lesezeit\" \/>\n\t<meta name=\"twitter:data2\" content=\"2 Minuten\" \/>\n<script type=\"application\/ld+json\" class=\"yoast-schema-graph\">{\"@context\":\"https:\/\/schema.org\",\"@graph\":[{\"@type\":\"Article\",\"@id\":\"https:\/\/kulturonline.tv\/at\/frei-freier-helen-mueller-frei\/#article\",\"isPartOf\":{\"@id\":\"https:\/\/kulturonline.tv\/at\/frei-freier-helen-mueller-frei\/\"},\"author\":{\"name\":\"guenter.wolfgang\",\"@id\":\"https:\/\/kulturonline.tv\/at\/#\/schema\/person\/b0fac729bb9a0c193fb1df23449df4fe\"},\"headline\":\"Frei, Freier, Helen M\u00fcller-Frei\",\"datePublished\":\"2021-12-03T08:01:21+00:00\",\"mainEntityOfPage\":{\"@id\":\"https:\/\/kulturonline.tv\/at\/frei-freier-helen-mueller-frei\/\"},\"wordCount\":308,\"publisher\":{\"@id\":\"https:\/\/kulturonline.tv\/at\/#organization\"},\"image\":{\"@id\":\"https:\/\/kulturonline.tv\/at\/frei-freier-helen-mueller-frei\/#primaryimage\"},\"thumbnailUrl\":\"https:\/\/kulturonline.tv\/wp-content\/uploads\/2021\/12\/Kultur-Online-TV-1-scaled.jpg\",\"articleSection\":[\"Literatur\"],\"inLanguage\":\"de-AT\"},{\"@type\":\"WebPage\",\"@id\":\"https:\/\/kulturonline.tv\/at\/frei-freier-helen-mueller-frei\/\",\"url\":\"https:\/\/kulturonline.tv\/at\/frei-freier-helen-mueller-frei\/\",\"name\":\"Frei, Freier, Helen M\u00fcller-Frei - Kultur Online TV &amp; FM\",\"isPartOf\":{\"@id\":\"https:\/\/kulturonline.tv\/at\/#website\"},\"primaryImageOfPage\":{\"@id\":\"https:\/\/kulturonline.tv\/at\/frei-freier-helen-mueller-frei\/#primaryimage\"},\"image\":{\"@id\":\"https:\/\/kulturonline.tv\/at\/frei-freier-helen-mueller-frei\/#primaryimage\"},\"thumbnailUrl\":\"https:\/\/kulturonline.tv\/wp-content\/uploads\/2021\/12\/Kultur-Online-TV-1-scaled.jpg\",\"datePublished\":\"2021-12-03T08:01:21+00:00\",\"description\":\"Kultur sehen und H\u00f6ren\",\"breadcrumb\":{\"@id\":\"https:\/\/kulturonline.tv\/at\/frei-freier-helen-mueller-frei\/#breadcrumb\"},\"inLanguage\":\"de-AT\",\"potentialAction\":[{\"@type\":\"ReadAction\",\"target\":[\"https:\/\/kulturonline.tv\/at\/frei-freier-helen-mueller-frei\/\"]}]},{\"@type\":\"ImageObject\",\"inLanguage\":\"de-AT\",\"@id\":\"https:\/\/kulturonline.tv\/at\/frei-freier-helen-mueller-frei\/#primaryimage\",\"url\":\"https:\/\/kulturonline.tv\/wp-content\/uploads\/2021\/12\/Kultur-Online-TV-1-scaled.jpg\",\"contentUrl\":\"https:\/\/kulturonline.tv\/wp-content\/uploads\/2021\/12\/Kultur-Online-TV-1-scaled.jpg\",\"width\":2560,\"height\":1664,\"caption\":\"Helen M\u009fller-Frei, \\\"Frei, Freier, am Freisten\\\" \/ Weiterer Text \u009fber ots und www.presseportal.de\/nr\/159146 \/ Die Verwendung dieses Bildes ist f\u009fr redaktionelle Zwecke unter Beachtung ggf. genannter Nutzungsbedingungen honorarfrei. Ver\u009affentlichung bitte mit Bildrechte-Hinweis.\"},{\"@type\":\"BreadcrumbList\",\"@id\":\"https:\/\/kulturonline.tv\/at\/frei-freier-helen-mueller-frei\/#breadcrumb\",\"itemListElement\":[{\"@type\":\"ListItem\",\"position\":1,\"name\":\"Startseite\",\"item\":\"https:\/\/kulturonline.tv\/at\/\"},{\"@type\":\"ListItem\",\"position\":2,\"name\":\"Frei, Freier, Helen M\u00fcller-Frei\"}]},{\"@type\":\"WebSite\",\"@id\":\"https:\/\/kulturonline.tv\/at\/#website\",\"url\":\"https:\/\/kulturonline.tv\/at\/\",\"name\":\"Kultur Online TV &amp; FM\",\"description\":\"Wir sind Kultur 2.0 zum sehen &amp; h\u00f6ren\",\"publisher\":{\"@id\":\"https:\/\/kulturonline.tv\/at\/#organization\"},\"potentialAction\":[{\"@type\":\"SearchAction\",\"target\":{\"@type\":\"EntryPoint\",\"urlTemplate\":\"https:\/\/kulturonline.tv\/at\/?s={search_term_string}\"},\"query-input\":{\"@type\":\"PropertyValueSpecification\",\"valueRequired\":true,\"valueName\":\"search_term_string\"}}],\"inLanguage\":\"de-AT\"},{\"@type\":\"Organization\",\"@id\":\"https:\/\/kulturonline.tv\/at\/#organization\",\"name\":\"Kultur Online TV\",\"url\":\"https:\/\/kulturonline.tv\/at\/\",\"logo\":{\"@type\":\"ImageObject\",\"inLanguage\":\"de-AT\",\"@id\":\"https:\/\/kulturonline.tv\/at\/#\/schema\/logo\/image\/\",\"url\":\"https:\/\/kulturonline.tv\/wp-content\/uploads\/2021\/08\/Kultur-Online-Tv-Logo-Endversion-neu.png\",\"contentUrl\":\"https:\/\/kulturonline.tv\/wp-content\/uploads\/2021\/08\/Kultur-Online-Tv-Logo-Endversion-neu.png\",\"width\":200,\"height\":200,\"caption\":\"Kultur Online TV\"},\"image\":{\"@id\":\"https:\/\/kulturonline.tv\/at\/#\/schema\/logo\/image\/\"},\"sameAs\":[\"https:\/\/www.facebook.com\/kulturonline.tv\",\"https:\/\/www.instagram.com\/kulturonline.tv\"]},{\"@type\":\"Person\",\"@id\":\"https:\/\/kulturonline.tv\/at\/#\/schema\/person\/b0fac729bb9a0c193fb1df23449df4fe\",\"name\":\"guenter.wolfgang\"}]}<\/script>\n<!-- \/ Yoast SEO plugin. -->","yoast_head_json":{"title":"Frei, Freier, Helen M\u00fcller-Frei - Kultur Online TV &amp; FM","description":"Kultur sehen und H\u00f6ren","robots":{"index":"index","follow":"follow","max-snippet":"max-snippet:-1","max-image-preview":"max-image-preview:large","max-video-preview":"max-video-preview:-1"},"canonical":"https:\/\/kulturonline.tv\/at\/frei-freier-helen-mueller-frei\/","og_locale":"de_DE","og_type":"article","og_title":"Frei, Freier, Helen M\u00fcller-Frei - Kultur Online TV &amp; FM","og_description":"Kultur sehen und H\u00f6ren","og_url":"https:\/\/kulturonline.tv\/at\/frei-freier-helen-mueller-frei\/","og_site_name":"Kultur Online TV &amp; FM","article_publisher":"https:\/\/www.facebook.com\/kulturonline.tv","article_published_time":"2021-12-03T08:01:21+00:00","og_image":[{"width":2560,"height":1664,"url":"https:\/\/kulturonline.tv\/wp-content\/uploads\/2021\/12\/Kultur-Online-TV-1-scaled.jpg","type":"image\/jpeg"}],"author":"guenter.wolfgang","twitter_card":"summary_large_image","twitter_misc":{"Verfasst von":"guenter.wolfgang","Gesch\u00e4tzte Lesezeit":"2 Minuten"},"schema":{"@context":"https:\/\/schema.org","@graph":[{"@type":"Article","@id":"https:\/\/kulturonline.tv\/at\/frei-freier-helen-mueller-frei\/#article","isPartOf":{"@id":"https:\/\/kulturonline.tv\/at\/frei-freier-helen-mueller-frei\/"},"author":{"name":"guenter.wolfgang","@id":"https:\/\/kulturonline.tv\/at\/#\/schema\/person\/b0fac729bb9a0c193fb1df23449df4fe"},"headline":"Frei, Freier, Helen M\u00fcller-Frei","datePublished":"2021-12-03T08:01:21+00:00","mainEntityOfPage":{"@id":"https:\/\/kulturonline.tv\/at\/frei-freier-helen-mueller-frei\/"},"wordCount":308,"publisher":{"@id":"https:\/\/kulturonline.tv\/at\/#organization"},"image":{"@id":"https:\/\/kulturonline.tv\/at\/frei-freier-helen-mueller-frei\/#primaryimage"},"thumbnailUrl":"https:\/\/kulturonline.tv\/wp-content\/uploads\/2021\/12\/Kultur-Online-TV-1-scaled.jpg","articleSection":["Literatur"],"inLanguage":"de-AT"},{"@type":"WebPage","@id":"https:\/\/kulturonline.tv\/at\/frei-freier-helen-mueller-frei\/","url":"https:\/\/kulturonline.tv\/at\/frei-freier-helen-mueller-frei\/","name":"Frei, Freier, Helen M\u00fcller-Frei - Kultur Online TV &amp; FM","isPartOf":{"@id":"https:\/\/kulturonline.tv\/at\/#website"},"primaryImageOfPage":{"@id":"https:\/\/kulturonline.tv\/at\/frei-freier-helen-mueller-frei\/#primaryimage"},"image":{"@id":"https:\/\/kulturonline.tv\/at\/frei-freier-helen-mueller-frei\/#primaryimage"},"thumbnailUrl":"https:\/\/kulturonline.tv\/wp-content\/uploads\/2021\/12\/Kultur-Online-TV-1-scaled.jpg","datePublished":"2021-12-03T08:01:21+00:00","description":"Kultur sehen und H\u00f6ren","breadcrumb":{"@id":"https:\/\/kulturonline.tv\/at\/frei-freier-helen-mueller-frei\/#breadcrumb"},"inLanguage":"de-AT","potentialAction":[{"@type":"ReadAction","target":["https:\/\/kulturonline.tv\/at\/frei-freier-helen-mueller-frei\/"]}]},{"@type":"ImageObject","inLanguage":"de-AT","@id":"https:\/\/kulturonline.tv\/at\/frei-freier-helen-mueller-frei\/#primaryimage","url":"https:\/\/kulturonline.tv\/wp-content\/uploads\/2021\/12\/Kultur-Online-TV-1-scaled.jpg","contentUrl":"https:\/\/kulturonline.tv\/wp-content\/uploads\/2021\/12\/Kultur-Online-TV-1-scaled.jpg","width":2560,"height":1664,"caption":"Helen M\u009fller-Frei, \"Frei, Freier, am Freisten\" \/ Weiterer Text \u009fber ots und www.presseportal.de\/nr\/159146 \/ Die Verwendung dieses Bildes ist f\u009fr redaktionelle Zwecke unter Beachtung ggf. genannter Nutzungsbedingungen honorarfrei. Ver\u009affentlichung bitte mit Bildrechte-Hinweis."},{"@type":"BreadcrumbList","@id":"https:\/\/kulturonline.tv\/at\/frei-freier-helen-mueller-frei\/#breadcrumb","itemListElement":[{"@type":"ListItem","position":1,"name":"Startseite","item":"https:\/\/kulturonline.tv\/at\/"},{"@type":"ListItem","position":2,"name":"Frei, Freier, Helen M\u00fcller-Frei"}]},{"@type":"WebSite","@id":"https:\/\/kulturonline.tv\/at\/#website","url":"https:\/\/kulturonline.tv\/at\/","name":"Kultur Online TV &amp; FM","description":"Wir sind Kultur 2.0 zum sehen &amp; h\u00f6ren","publisher":{"@id":"https:\/\/kulturonline.tv\/at\/#organization"},"potentialAction":[{"@type":"SearchAction","target":{"@type":"EntryPoint","urlTemplate":"https:\/\/kulturonline.tv\/at\/?s={search_term_string}"},"query-input":{"@type":"PropertyValueSpecification","valueRequired":true,"valueName":"search_term_string"}}],"inLanguage":"de-AT"},{"@type":"Organization","@id":"https:\/\/kulturonline.tv\/at\/#organization","name":"Kultur Online TV","url":"https:\/\/kulturonline.tv\/at\/","logo":{"@type":"ImageObject","inLanguage":"de-AT","@id":"https:\/\/kulturonline.tv\/at\/#\/schema\/logo\/image\/","url":"https:\/\/kulturonline.tv\/wp-content\/uploads\/2021\/08\/Kultur-Online-Tv-Logo-Endversion-neu.png","contentUrl":"https:\/\/kulturonline.tv\/wp-content\/uploads\/2021\/08\/Kultur-Online-Tv-Logo-Endversion-neu.png","width":200,"height":200,"caption":"Kultur Online TV"},"image":{"@id":"https:\/\/kulturonline.tv\/at\/#\/schema\/logo\/image\/"},"sameAs":["https:\/\/www.facebook.com\/kulturonline.tv","https:\/\/www.instagram.com\/kulturonline.tv"]},{"@type":"Person","@id":"https:\/\/kulturonline.tv\/at\/#\/schema\/person\/b0fac729bb9a0c193fb1df23449df4fe","name":"guenter.wolfgang"}]}},"_links":{"self":[{"href":"https:\/\/kulturonline.tv\/at\/wp-json\/wp\/v2\/posts\/14117","targetHints":{"allow":["GET"]}}],"collection":[{"href":"https:\/\/kulturonline.tv\/at\/wp-json\/wp\/v2\/posts"}],"about":[{"href":"https:\/\/kulturonline.tv\/at\/wp-json\/wp\/v2\/types\/post"}],"author":[{"embeddable":true,"href":"https:\/\/kulturonline.tv\/at\/wp-json\/wp\/v2\/users\/2"}],"replies":[{"embeddable":true,"href":"https:\/\/kulturonline.tv\/at\/wp-json\/wp\/v2\/comments?post=14117"}],"version-history":[{"count":0,"href":"https:\/\/kulturonline.tv\/at\/wp-json\/wp\/v2\/posts\/14117\/revisions"}],"wp:featuredmedia":[{"embeddable":true,"href":"https:\/\/kulturonline.tv\/at\/wp-json\/wp\/v2\/media\/14119"}],"wp:attachment":[{"href":"https:\/\/kulturonline.tv\/at\/wp-json\/wp\/v2\/media?parent=14117"}],"wp:term":[{"taxonomy":"category","embeddable":true,"href":"https:\/\/kulturonline.tv\/at\/wp-json\/wp\/v2\/categories?post=14117"},{"taxonomy":"post_tag","embeddable":true,"href":"https:\/\/kulturonline.tv\/at\/wp-json\/wp\/v2\/tags?post=14117"}],"curies":[{"name":"wp","href":"https:\/\/api.w.org\/{rel}","templated":true}]}}