{"id":14123,"date":"2021-12-03T09:24:46","date_gmt":"2021-12-03T08:24:46","guid":{"rendered":"https:\/\/kulturonline.tv\/?p=14123"},"modified":"2021-12-03T15:31:20","modified_gmt":"2021-12-03T14:31:20","slug":"aktivisten-kaempfen-um-verbleib-von-new-yorks-fearless-girl","status":"publish","type":"post","link":"https:\/\/kulturonline.tv\/at\/aktivisten-kaempfen-um-verbleib-von-new-yorks-fearless-girl\/","title":{"rendered":"Aktivisten k\u00e4mpfen um Verbleib von New Yorks &#8222;Fearless Girl&#8220;"},"content":{"rendered":"\n<p><strong>Seit 2017 erinnert ein 1,20 Meter gro\u00dfes M\u00e4dchen aus Bronze in Downtown Manhattan an die Frauenrechte &#8211; nun aber k\u00f6nnte das &#8222;Fearless Girl&#8220; vor der Wall Street bald Geschichte sein.&nbsp;<\/strong><\/p>\n\n\n\n<figure class=\"wp-block-image size-full is-resized\"><img fetchpriority=\"high\" decoding=\"async\" src=\"https:\/\/kulturonline.tv\/wp-content\/uploads\/2021\/12\/Kultur-Online-TV-FM.jpg\" alt=\"\" class=\"wp-image-14125\" width=\"841\" height=\"472\" srcset=\"https:\/\/kulturonline.tv\/wp-content\/uploads\/2021\/12\/Kultur-Online-TV-FM.jpg 600w, https:\/\/kulturonline.tv\/wp-content\/uploads\/2021\/12\/Kultur-Online-TV-FM-416x234.jpg 416w\" sizes=\"(max-width: 841px) 100vw, 841px\" \/><\/figure>\n\n\n\n<p>Die Genehmigung der Statue des &#8222;Furchtlosen M\u00e4dchens&#8220; vor der ber\u00fchmten New Yorker B\u00f6rse lief vor wenigen Tagen aus. Aktivistinnen und die K\u00fcnstlerin k\u00e4mpfen nun f\u00fcr ihren Verbleib.<\/p>\n\n\n\n<p>&#8222;Ich bin hier, um zu bekr\u00e4ftigen, warum das Kunstwerk erhalten bleiben sollte und warum es wichtig ist&#8220;, sagte Bildhauerin Kristen Visbal am Standort der Statue. Lokale Beh\u00f6rden in New York m\u00fcssen nun entscheiden, was mit dem &#8222;Fearless Girl&#8220; geschehen soll.<\/p>\n\n\n\n<p>Das kleine M\u00e4dchen aus Bronze tr\u00e4gt ein wehendes Kleid und einen Pferdeschwanz, die H\u00e4nde hat es trotzig in die H\u00fcften gestemmt. 2017 starrte es zun\u00e4chst eineinhalb Jahre lang die ber\u00fchmte Statue des &#8222;Wall-Street-Bullen&#8220; wenige Meter entfernt an. Danach zog es vor die B\u00f6rse und schaute zu dem wichtigen internationalen Handelsplatz hinauf. In den vergangenen Jahren erlangte es immer mehr Beliebtheit &#8211; Tausende Menschen machten Fotos mit der Statue.<\/p>\n\n\n\n<p>F\u00fcr K\u00fcnstlerin Visbal steht das &#8222;Fearless Girl&#8220; dabei f\u00fcr weit mehr als nur f\u00fcr die Macht von Frauen in F\u00fchrungspositionen: &#8222;Die Fragen der Zusammenarbeit zwischen den Geschlechtern und der Vielfalt aller Gleichstellungsideale, die hinter &#8218;Fearless Girl&#8216; stehen, sind so wichtig, damit wir unser Potenzial als globale Gesellschaft voll aussch\u00f6pfen k\u00f6nnen&#8220;, meint sie. Die Bildhauerin betont, sie wolle mit den New Yorker Beh\u00f6rden zusammenarbeiten, damit das &#8222;Furchtlose M\u00e4dchen&#8220; in Manhattan bleiben k\u00f6nne.<\/p>\n\n\n\n<p>Kultur Online TV<\/p>\n\n\n\n<p>#kunst #kultur #frauenrechte #usa #newyork<\/p>\n","protected":false},"excerpt":{"rendered":"<p>Seit 2017 erinnert ein 1,20 Meter gro\u00dfes M\u00e4dchen aus Bronze in Downtown Manhattan an die Frauenrechte &#8211; nun aber k\u00f6nnte das &#8222;Fearless Girl&#8220; vor der Wall Street bald Geschichte sein.&nbsp; Die Genehmigung der Statue des &#8222;Furchtlosen M\u00e4dchens&#8220; vor der ber\u00fchmten New Yorker B\u00f6rse lief vor wenigen Tagen aus. Aktivistinnen und die K\u00fcnstlerin k\u00e4mpfen nun f\u00fcr [&hellip;]<\/p>\n","protected":false},"author":2,"featured_media":14125,"comment_status":"closed","ping_status":"closed","sticky":false,"template":"","format":"standard","meta":{"_acf_changed":false,"footnotes":""},"categories":[123],"tags":[],"class_list":["post-14123","post","type-post","status-publish","format-standard","has-post-thumbnail","hentry","category-newsflash"],"acf":[],"yoast_head":"<!-- This site is optimized with the Yoast SEO plugin v26.1.1 - https:\/\/yoast.com\/wordpress\/plugins\/seo\/ -->\n<title>Aktivisten k\u00e4mpfen um Verbleib von New Yorks &quot;Fearless Girl&quot; - Kultur Online TV &amp; FM<\/title>\n<meta name=\"description\" content=\"Kultur sehen und H\u00f6ren\" \/>\n<meta name=\"robots\" content=\"index, follow, max-snippet:-1, max-image-preview:large, max-video-preview:-1\" \/>\n<link rel=\"canonical\" href=\"https:\/\/kulturonline.tv\/at\/aktivisten-kaempfen-um-verbleib-von-new-yorks-fearless-girl\/\" \/>\n<meta property=\"og:locale\" content=\"de_DE\" \/>\n<meta property=\"og:type\" content=\"article\" \/>\n<meta property=\"og:title\" content=\"Aktivisten k\u00e4mpfen um Verbleib von New Yorks &quot;Fearless Girl&quot; - Kultur Online TV &amp; FM\" \/>\n<meta property=\"og:description\" content=\"Kultur sehen und H\u00f6ren\" \/>\n<meta property=\"og:url\" content=\"https:\/\/kulturonline.tv\/at\/aktivisten-kaempfen-um-verbleib-von-new-yorks-fearless-girl\/\" \/>\n<meta property=\"og:site_name\" content=\"Kultur Online TV &amp; FM\" \/>\n<meta property=\"article:publisher\" content=\"https:\/\/www.facebook.com\/kulturonline.tv\" \/>\n<meta property=\"article:published_time\" content=\"2021-12-03T08:24:46+00:00\" \/>\n<meta property=\"article:modified_time\" content=\"2021-12-03T14:31:20+00:00\" \/>\n<meta property=\"og:image\" content=\"https:\/\/kulturonline.tv\/wp-content\/uploads\/2021\/12\/Kultur-Online-TV-FM.jpg\" \/>\n\t<meta property=\"og:image:width\" content=\"600\" \/>\n\t<meta property=\"og:image:height\" content=\"337\" \/>\n\t<meta property=\"og:image:type\" content=\"image\/jpeg\" \/>\n<meta name=\"author\" content=\"guenter.wolfgang\" \/>\n<meta name=\"twitter:card\" content=\"summary_large_image\" \/>\n<meta name=\"twitter:label1\" content=\"Verfasst von\" \/>\n\t<meta name=\"twitter:data1\" content=\"guenter.wolfgang\" \/>\n\t<meta name=\"twitter:label2\" content=\"Gesch\u00e4tzte Lesezeit\" \/>\n\t<meta name=\"twitter:data2\" content=\"2 Minuten\" \/>\n<script type=\"application\/ld+json\" class=\"yoast-schema-graph\">{\"@context\":\"https:\/\/schema.org\",\"@graph\":[{\"@type\":\"Article\",\"@id\":\"https:\/\/kulturonline.tv\/at\/aktivisten-kaempfen-um-verbleib-von-new-yorks-fearless-girl\/#article\",\"isPartOf\":{\"@id\":\"https:\/\/kulturonline.tv\/at\/aktivisten-kaempfen-um-verbleib-von-new-yorks-fearless-girl\/\"},\"author\":{\"name\":\"guenter.wolfgang\",\"@id\":\"https:\/\/kulturonline.tv\/at\/#\/schema\/person\/b0fac729bb9a0c193fb1df23449df4fe\"},\"headline\":\"Aktivisten k\u00e4mpfen um Verbleib von New Yorks &#8222;Fearless Girl&#8220;\",\"datePublished\":\"2021-12-03T08:24:46+00:00\",\"dateModified\":\"2021-12-03T14:31:20+00:00\",\"mainEntityOfPage\":{\"@id\":\"https:\/\/kulturonline.tv\/at\/aktivisten-kaempfen-um-verbleib-von-new-yorks-fearless-girl\/\"},\"wordCount\":281,\"publisher\":{\"@id\":\"https:\/\/kulturonline.tv\/at\/#organization\"},\"image\":{\"@id\":\"https:\/\/kulturonline.tv\/at\/aktivisten-kaempfen-um-verbleib-von-new-yorks-fearless-girl\/#primaryimage\"},\"thumbnailUrl\":\"https:\/\/kulturonline.tv\/wp-content\/uploads\/2021\/12\/Kultur-Online-TV-FM.jpg\",\"articleSection\":[\"Newsflash\"],\"inLanguage\":\"de-AT\"},{\"@type\":\"WebPage\",\"@id\":\"https:\/\/kulturonline.tv\/at\/aktivisten-kaempfen-um-verbleib-von-new-yorks-fearless-girl\/\",\"url\":\"https:\/\/kulturonline.tv\/at\/aktivisten-kaempfen-um-verbleib-von-new-yorks-fearless-girl\/\",\"name\":\"Aktivisten k\u00e4mpfen um Verbleib von New Yorks \\\"Fearless Girl\\\" - Kultur Online TV &amp; FM\",\"isPartOf\":{\"@id\":\"https:\/\/kulturonline.tv\/at\/#website\"},\"primaryImageOfPage\":{\"@id\":\"https:\/\/kulturonline.tv\/at\/aktivisten-kaempfen-um-verbleib-von-new-yorks-fearless-girl\/#primaryimage\"},\"image\":{\"@id\":\"https:\/\/kulturonline.tv\/at\/aktivisten-kaempfen-um-verbleib-von-new-yorks-fearless-girl\/#primaryimage\"},\"thumbnailUrl\":\"https:\/\/kulturonline.tv\/wp-content\/uploads\/2021\/12\/Kultur-Online-TV-FM.jpg\",\"datePublished\":\"2021-12-03T08:24:46+00:00\",\"dateModified\":\"2021-12-03T14:31:20+00:00\",\"description\":\"Kultur sehen und H\u00f6ren\",\"breadcrumb\":{\"@id\":\"https:\/\/kulturonline.tv\/at\/aktivisten-kaempfen-um-verbleib-von-new-yorks-fearless-girl\/#breadcrumb\"},\"inLanguage\":\"de-AT\",\"potentialAction\":[{\"@type\":\"ReadAction\",\"target\":[\"https:\/\/kulturonline.tv\/at\/aktivisten-kaempfen-um-verbleib-von-new-yorks-fearless-girl\/\"]}]},{\"@type\":\"ImageObject\",\"inLanguage\":\"de-AT\",\"@id\":\"https:\/\/kulturonline.tv\/at\/aktivisten-kaempfen-um-verbleib-von-new-yorks-fearless-girl\/#primaryimage\",\"url\":\"https:\/\/kulturonline.tv\/wp-content\/uploads\/2021\/12\/Kultur-Online-TV-FM.jpg\",\"contentUrl\":\"https:\/\/kulturonline.tv\/wp-content\/uploads\/2021\/12\/Kultur-Online-TV-FM.jpg\",\"width\":600,\"height\":337},{\"@type\":\"BreadcrumbList\",\"@id\":\"https:\/\/kulturonline.tv\/at\/aktivisten-kaempfen-um-verbleib-von-new-yorks-fearless-girl\/#breadcrumb\",\"itemListElement\":[{\"@type\":\"ListItem\",\"position\":1,\"name\":\"Startseite\",\"item\":\"https:\/\/kulturonline.tv\/at\/\"},{\"@type\":\"ListItem\",\"position\":2,\"name\":\"Aktivisten k\u00e4mpfen um Verbleib von New Yorks &#8222;Fearless Girl&#8220;\"}]},{\"@type\":\"WebSite\",\"@id\":\"https:\/\/kulturonline.tv\/at\/#website\",\"url\":\"https:\/\/kulturonline.tv\/at\/\",\"name\":\"Kultur Online TV &amp; FM\",\"description\":\"Wir sind Kultur 2.0 zum sehen &amp; h\u00f6ren\",\"publisher\":{\"@id\":\"https:\/\/kulturonline.tv\/at\/#organization\"},\"potentialAction\":[{\"@type\":\"SearchAction\",\"target\":{\"@type\":\"EntryPoint\",\"urlTemplate\":\"https:\/\/kulturonline.tv\/at\/?s={search_term_string}\"},\"query-input\":{\"@type\":\"PropertyValueSpecification\",\"valueRequired\":true,\"valueName\":\"search_term_string\"}}],\"inLanguage\":\"de-AT\"},{\"@type\":\"Organization\",\"@id\":\"https:\/\/kulturonline.tv\/at\/#organization\",\"name\":\"Kultur Online TV\",\"url\":\"https:\/\/kulturonline.tv\/at\/\",\"logo\":{\"@type\":\"ImageObject\",\"inLanguage\":\"de-AT\",\"@id\":\"https:\/\/kulturonline.tv\/at\/#\/schema\/logo\/image\/\",\"url\":\"https:\/\/kulturonline.tv\/wp-content\/uploads\/2021\/08\/Kultur-Online-Tv-Logo-Endversion-neu.png\",\"contentUrl\":\"https:\/\/kulturonline.tv\/wp-content\/uploads\/2021\/08\/Kultur-Online-Tv-Logo-Endversion-neu.png\",\"width\":200,\"height\":200,\"caption\":\"Kultur Online TV\"},\"image\":{\"@id\":\"https:\/\/kulturonline.tv\/at\/#\/schema\/logo\/image\/\"},\"sameAs\":[\"https:\/\/www.facebook.com\/kulturonline.tv\",\"https:\/\/www.instagram.com\/kulturonline.tv\"]},{\"@type\":\"Person\",\"@id\":\"https:\/\/kulturonline.tv\/at\/#\/schema\/person\/b0fac729bb9a0c193fb1df23449df4fe\",\"name\":\"guenter.wolfgang\"}]}<\/script>\n<!-- \/ Yoast SEO plugin. -->","yoast_head_json":{"title":"Aktivisten k\u00e4mpfen um Verbleib von New Yorks \"Fearless Girl\" - Kultur Online TV &amp; FM","description":"Kultur sehen und H\u00f6ren","robots":{"index":"index","follow":"follow","max-snippet":"max-snippet:-1","max-image-preview":"max-image-preview:large","max-video-preview":"max-video-preview:-1"},"canonical":"https:\/\/kulturonline.tv\/at\/aktivisten-kaempfen-um-verbleib-von-new-yorks-fearless-girl\/","og_locale":"de_DE","og_type":"article","og_title":"Aktivisten k\u00e4mpfen um Verbleib von New Yorks \"Fearless Girl\" - Kultur Online TV &amp; FM","og_description":"Kultur sehen und H\u00f6ren","og_url":"https:\/\/kulturonline.tv\/at\/aktivisten-kaempfen-um-verbleib-von-new-yorks-fearless-girl\/","og_site_name":"Kultur Online TV &amp; FM","article_publisher":"https:\/\/www.facebook.com\/kulturonline.tv","article_published_time":"2021-12-03T08:24:46+00:00","article_modified_time":"2021-12-03T14:31:20+00:00","og_image":[{"width":600,"height":337,"url":"https:\/\/kulturonline.tv\/wp-content\/uploads\/2021\/12\/Kultur-Online-TV-FM.jpg","type":"image\/jpeg"}],"author":"guenter.wolfgang","twitter_card":"summary_large_image","twitter_misc":{"Verfasst von":"guenter.wolfgang","Gesch\u00e4tzte Lesezeit":"2 Minuten"},"schema":{"@context":"https:\/\/schema.org","@graph":[{"@type":"Article","@id":"https:\/\/kulturonline.tv\/at\/aktivisten-kaempfen-um-verbleib-von-new-yorks-fearless-girl\/#article","isPartOf":{"@id":"https:\/\/kulturonline.tv\/at\/aktivisten-kaempfen-um-verbleib-von-new-yorks-fearless-girl\/"},"author":{"name":"guenter.wolfgang","@id":"https:\/\/kulturonline.tv\/at\/#\/schema\/person\/b0fac729bb9a0c193fb1df23449df4fe"},"headline":"Aktivisten k\u00e4mpfen um Verbleib von New Yorks &#8222;Fearless Girl&#8220;","datePublished":"2021-12-03T08:24:46+00:00","dateModified":"2021-12-03T14:31:20+00:00","mainEntityOfPage":{"@id":"https:\/\/kulturonline.tv\/at\/aktivisten-kaempfen-um-verbleib-von-new-yorks-fearless-girl\/"},"wordCount":281,"publisher":{"@id":"https:\/\/kulturonline.tv\/at\/#organization"},"image":{"@id":"https:\/\/kulturonline.tv\/at\/aktivisten-kaempfen-um-verbleib-von-new-yorks-fearless-girl\/#primaryimage"},"thumbnailUrl":"https:\/\/kulturonline.tv\/wp-content\/uploads\/2021\/12\/Kultur-Online-TV-FM.jpg","articleSection":["Newsflash"],"inLanguage":"de-AT"},{"@type":"WebPage","@id":"https:\/\/kulturonline.tv\/at\/aktivisten-kaempfen-um-verbleib-von-new-yorks-fearless-girl\/","url":"https:\/\/kulturonline.tv\/at\/aktivisten-kaempfen-um-verbleib-von-new-yorks-fearless-girl\/","name":"Aktivisten k\u00e4mpfen um Verbleib von New Yorks \"Fearless Girl\" - Kultur Online TV &amp; FM","isPartOf":{"@id":"https:\/\/kulturonline.tv\/at\/#website"},"primaryImageOfPage":{"@id":"https:\/\/kulturonline.tv\/at\/aktivisten-kaempfen-um-verbleib-von-new-yorks-fearless-girl\/#primaryimage"},"image":{"@id":"https:\/\/kulturonline.tv\/at\/aktivisten-kaempfen-um-verbleib-von-new-yorks-fearless-girl\/#primaryimage"},"thumbnailUrl":"https:\/\/kulturonline.tv\/wp-content\/uploads\/2021\/12\/Kultur-Online-TV-FM.jpg","datePublished":"2021-12-03T08:24:46+00:00","dateModified":"2021-12-03T14:31:20+00:00","description":"Kultur sehen und H\u00f6ren","breadcrumb":{"@id":"https:\/\/kulturonline.tv\/at\/aktivisten-kaempfen-um-verbleib-von-new-yorks-fearless-girl\/#breadcrumb"},"inLanguage":"de-AT","potentialAction":[{"@type":"ReadAction","target":["https:\/\/kulturonline.tv\/at\/aktivisten-kaempfen-um-verbleib-von-new-yorks-fearless-girl\/"]}]},{"@type":"ImageObject","inLanguage":"de-AT","@id":"https:\/\/kulturonline.tv\/at\/aktivisten-kaempfen-um-verbleib-von-new-yorks-fearless-girl\/#primaryimage","url":"https:\/\/kulturonline.tv\/wp-content\/uploads\/2021\/12\/Kultur-Online-TV-FM.jpg","contentUrl":"https:\/\/kulturonline.tv\/wp-content\/uploads\/2021\/12\/Kultur-Online-TV-FM.jpg","width":600,"height":337},{"@type":"BreadcrumbList","@id":"https:\/\/kulturonline.tv\/at\/aktivisten-kaempfen-um-verbleib-von-new-yorks-fearless-girl\/#breadcrumb","itemListElement":[{"@type":"ListItem","position":1,"name":"Startseite","item":"https:\/\/kulturonline.tv\/at\/"},{"@type":"ListItem","position":2,"name":"Aktivisten k\u00e4mpfen um Verbleib von New Yorks &#8222;Fearless Girl&#8220;"}]},{"@type":"WebSite","@id":"https:\/\/kulturonline.tv\/at\/#website","url":"https:\/\/kulturonline.tv\/at\/","name":"Kultur Online TV &amp; FM","description":"Wir sind Kultur 2.0 zum sehen &amp; h\u00f6ren","publisher":{"@id":"https:\/\/kulturonline.tv\/at\/#organization"},"potentialAction":[{"@type":"SearchAction","target":{"@type":"EntryPoint","urlTemplate":"https:\/\/kulturonline.tv\/at\/?s={search_term_string}"},"query-input":{"@type":"PropertyValueSpecification","valueRequired":true,"valueName":"search_term_string"}}],"inLanguage":"de-AT"},{"@type":"Organization","@id":"https:\/\/kulturonline.tv\/at\/#organization","name":"Kultur Online TV","url":"https:\/\/kulturonline.tv\/at\/","logo":{"@type":"ImageObject","inLanguage":"de-AT","@id":"https:\/\/kulturonline.tv\/at\/#\/schema\/logo\/image\/","url":"https:\/\/kulturonline.tv\/wp-content\/uploads\/2021\/08\/Kultur-Online-Tv-Logo-Endversion-neu.png","contentUrl":"https:\/\/kulturonline.tv\/wp-content\/uploads\/2021\/08\/Kultur-Online-Tv-Logo-Endversion-neu.png","width":200,"height":200,"caption":"Kultur Online TV"},"image":{"@id":"https:\/\/kulturonline.tv\/at\/#\/schema\/logo\/image\/"},"sameAs":["https:\/\/www.facebook.com\/kulturonline.tv","https:\/\/www.instagram.com\/kulturonline.tv"]},{"@type":"Person","@id":"https:\/\/kulturonline.tv\/at\/#\/schema\/person\/b0fac729bb9a0c193fb1df23449df4fe","name":"guenter.wolfgang"}]}},"_links":{"self":[{"href":"https:\/\/kulturonline.tv\/at\/wp-json\/wp\/v2\/posts\/14123","targetHints":{"allow":["GET"]}}],"collection":[{"href":"https:\/\/kulturonline.tv\/at\/wp-json\/wp\/v2\/posts"}],"about":[{"href":"https:\/\/kulturonline.tv\/at\/wp-json\/wp\/v2\/types\/post"}],"author":[{"embeddable":true,"href":"https:\/\/kulturonline.tv\/at\/wp-json\/wp\/v2\/users\/2"}],"replies":[{"embeddable":true,"href":"https:\/\/kulturonline.tv\/at\/wp-json\/wp\/v2\/comments?post=14123"}],"version-history":[{"count":0,"href":"https:\/\/kulturonline.tv\/at\/wp-json\/wp\/v2\/posts\/14123\/revisions"}],"wp:featuredmedia":[{"embeddable":true,"href":"https:\/\/kulturonline.tv\/at\/wp-json\/wp\/v2\/media\/14125"}],"wp:attachment":[{"href":"https:\/\/kulturonline.tv\/at\/wp-json\/wp\/v2\/media?parent=14123"}],"wp:term":[{"taxonomy":"category","embeddable":true,"href":"https:\/\/kulturonline.tv\/at\/wp-json\/wp\/v2\/categories?post=14123"},{"taxonomy":"post_tag","embeddable":true,"href":"https:\/\/kulturonline.tv\/at\/wp-json\/wp\/v2\/tags?post=14123"}],"curies":[{"name":"wp","href":"https:\/\/api.w.org\/{rel}","templated":true}]}}