{"id":14349,"date":"2021-12-05T14:49:20","date_gmt":"2021-12-05T13:49:20","guid":{"rendered":"https:\/\/kulturonline.tv\/?p=14349"},"modified":"2021-12-05T14:49:21","modified_gmt":"2021-12-05T13:49:21","slug":"land-noe-vergab-hans-weigel-literaturstipendien","status":"publish","type":"post","link":"https:\/\/kulturonline.tv\/at\/land-noe-vergab-hans-weigel-literaturstipendien\/","title":{"rendered":"Land N\u00d6 vergab Hans-Weigel-Literaturstipendien"},"content":{"rendered":"\n<p><strong>Die diesj\u00e4hrigen Hans-Weigel-Literaturstipendien des Landes Nieder\u00f6sterreich sind an Amira Ben Saoud und Sabine Sch\u00f6nfellner vergeben worden<\/strong>.<\/p>\n\n\n\n<figure class=\"wp-block-image size-full is-resized\"><img fetchpriority=\"high\" decoding=\"async\" src=\"https:\/\/kulturonline.tv\/wp-content\/uploads\/2021\/12\/Kultur-Online-TV-FM-1.jpg\" alt=\"\" class=\"wp-image-14351\" width=\"843\" height=\"473\" srcset=\"https:\/\/kulturonline.tv\/wp-content\/uploads\/2021\/12\/Kultur-Online-TV-FM-1.jpg 600w, https:\/\/kulturonline.tv\/wp-content\/uploads\/2021\/12\/Kultur-Online-TV-FM-1-416x234.jpg 416w\" sizes=\"(max-width: 843px) 100vw, 843px\" \/><\/figure>\n\n\n\n<p>Sie erhalten 12.000 Euro, damit sie sich ein Jahr lang der Fertigstellung eines literarischen Projektes widmen k\u00f6nnen, teilte Landeshauptfrau Johanna Mikl-Leitner (\u00d6VP) am Sonntag in einer Aussendung mit. Die beiden Schriftstellerinnen wurden einstimmig von einer Fachjury ausgew\u00e4hlt.<br>Die Literaturstipendien sollen ein Zeichen der Wertsch\u00e4tzung sein und junge, aufstrebende Schriftstellerinnen und Schriftsteller &#8222;auf ihrem Weg zu einer erfolgreichen Laufbahn unterst\u00fctzen&#8220;, sagte Mikl-Leitner. Amira Ben Saoud erh\u00e4lt das Stipendium f\u00fcr ihr Prosadeb\u00fct &#8222;Verk\u00f6rperung&#8220;, einen dystopischen Beziehungsroman, in dem die Protagonisten gegen eine unerkl\u00e4rliche M\u00fcdigkeit und das Vergessen k\u00e4mpfen. Ausschlaggebend waren f\u00fcr die Jury nach Angaben des Landes das ungew\u00f6hnliche Konzept des Textes sowie Sprache und Plot.<\/p>\n\n\n\n<p>Sabine Sch\u00f6nfellner bekommt das Stipendium f\u00fcr ihren Prosatext &#8222;Klara&#8220;, der von einer schweren Krankheit handelt. Die Jury hob dabei vor allem die &#8222;sprachlich wie literarisch pr\u00e4zise&#8220; Arbeit und die ungew\u00f6hnliche Dramaturgie hervor.<\/p>\n\n\n\n<p>Kultur Online TV<\/p>\n\n\n\n<p>#kunst #literatur<\/p>\n","protected":false},"excerpt":{"rendered":"<p>Die diesj\u00e4hrigen Hans-Weigel-Literaturstipendien des Landes Nieder\u00f6sterreich sind an Amira Ben Saoud und Sabine Sch\u00f6nfellner vergeben worden. Sie erhalten 12.000 Euro, damit sie sich ein Jahr lang der Fertigstellung eines literarischen Projektes widmen k\u00f6nnen, teilte Landeshauptfrau Johanna Mikl-Leitner (\u00d6VP) am Sonntag in einer Aussendung mit. Die beiden Schriftstellerinnen wurden einstimmig von einer Fachjury ausgew\u00e4hlt.Die Literaturstipendien sollen [&hellip;]<\/p>\n","protected":false},"author":2,"featured_media":14351,"comment_status":"closed","ping_status":"closed","sticky":false,"template":"","format":"standard","meta":{"_acf_changed":false,"footnotes":""},"categories":[133],"tags":[],"class_list":["post-14349","post","type-post","status-publish","format-standard","has-post-thumbnail","hentry","category-literatur"],"acf":[],"yoast_head":"<!-- This site is optimized with the Yoast SEO plugin v26.1.1 - https:\/\/yoast.com\/wordpress\/plugins\/seo\/ -->\n<title>Land N\u00d6 vergab Hans-Weigel-Literaturstipendien - Kultur Online TV &amp; FM<\/title>\n<meta name=\"description\" content=\"Kultur sehen und H\u00f6ren\" \/>\n<meta name=\"robots\" content=\"index, follow, max-snippet:-1, max-image-preview:large, max-video-preview:-1\" \/>\n<link rel=\"canonical\" href=\"https:\/\/kulturonline.tv\/at\/land-noe-vergab-hans-weigel-literaturstipendien\/\" \/>\n<meta property=\"og:locale\" content=\"de_DE\" \/>\n<meta property=\"og:type\" content=\"article\" \/>\n<meta property=\"og:title\" content=\"Land N\u00d6 vergab Hans-Weigel-Literaturstipendien - Kultur Online TV &amp; FM\" \/>\n<meta property=\"og:description\" content=\"Kultur sehen und H\u00f6ren\" \/>\n<meta property=\"og:url\" content=\"https:\/\/kulturonline.tv\/at\/land-noe-vergab-hans-weigel-literaturstipendien\/\" \/>\n<meta property=\"og:site_name\" content=\"Kultur Online TV &amp; FM\" \/>\n<meta property=\"article:publisher\" content=\"https:\/\/www.facebook.com\/kulturonline.tv\" \/>\n<meta property=\"article:published_time\" content=\"2021-12-05T13:49:20+00:00\" \/>\n<meta property=\"article:modified_time\" content=\"2021-12-05T13:49:21+00:00\" \/>\n<meta property=\"og:image\" content=\"https:\/\/kulturonline.tv\/wp-content\/uploads\/2021\/12\/Kultur-Online-TV-FM-1.jpg\" \/>\n\t<meta property=\"og:image:width\" content=\"600\" \/>\n\t<meta property=\"og:image:height\" content=\"337\" \/>\n\t<meta property=\"og:image:type\" content=\"image\/jpeg\" \/>\n<meta name=\"author\" content=\"guenter.wolfgang\" \/>\n<meta name=\"twitter:card\" content=\"summary_large_image\" \/>\n<meta name=\"twitter:label1\" content=\"Verfasst von\" \/>\n\t<meta name=\"twitter:data1\" content=\"guenter.wolfgang\" \/>\n\t<meta name=\"twitter:label2\" content=\"Gesch\u00e4tzte Lesezeit\" \/>\n\t<meta name=\"twitter:data2\" content=\"1 Minute\" \/>\n<script type=\"application\/ld+json\" class=\"yoast-schema-graph\">{\"@context\":\"https:\/\/schema.org\",\"@graph\":[{\"@type\":\"Article\",\"@id\":\"https:\/\/kulturonline.tv\/at\/land-noe-vergab-hans-weigel-literaturstipendien\/#article\",\"isPartOf\":{\"@id\":\"https:\/\/kulturonline.tv\/at\/land-noe-vergab-hans-weigel-literaturstipendien\/\"},\"author\":{\"name\":\"guenter.wolfgang\",\"@id\":\"https:\/\/kulturonline.tv\/at\/#\/schema\/person\/b0fac729bb9a0c193fb1df23449df4fe\"},\"headline\":\"Land N\u00d6 vergab Hans-Weigel-Literaturstipendien\",\"datePublished\":\"2021-12-05T13:49:20+00:00\",\"dateModified\":\"2021-12-05T13:49:21+00:00\",\"mainEntityOfPage\":{\"@id\":\"https:\/\/kulturonline.tv\/at\/land-noe-vergab-hans-weigel-literaturstipendien\/\"},\"wordCount\":180,\"publisher\":{\"@id\":\"https:\/\/kulturonline.tv\/at\/#organization\"},\"image\":{\"@id\":\"https:\/\/kulturonline.tv\/at\/land-noe-vergab-hans-weigel-literaturstipendien\/#primaryimage\"},\"thumbnailUrl\":\"https:\/\/kulturonline.tv\/wp-content\/uploads\/2021\/12\/Kultur-Online-TV-FM-1.jpg\",\"articleSection\":[\"Literatur\"],\"inLanguage\":\"de-AT\"},{\"@type\":\"WebPage\",\"@id\":\"https:\/\/kulturonline.tv\/at\/land-noe-vergab-hans-weigel-literaturstipendien\/\",\"url\":\"https:\/\/kulturonline.tv\/at\/land-noe-vergab-hans-weigel-literaturstipendien\/\",\"name\":\"Land N\u00d6 vergab Hans-Weigel-Literaturstipendien - Kultur Online TV &amp; FM\",\"isPartOf\":{\"@id\":\"https:\/\/kulturonline.tv\/at\/#website\"},\"primaryImageOfPage\":{\"@id\":\"https:\/\/kulturonline.tv\/at\/land-noe-vergab-hans-weigel-literaturstipendien\/#primaryimage\"},\"image\":{\"@id\":\"https:\/\/kulturonline.tv\/at\/land-noe-vergab-hans-weigel-literaturstipendien\/#primaryimage\"},\"thumbnailUrl\":\"https:\/\/kulturonline.tv\/wp-content\/uploads\/2021\/12\/Kultur-Online-TV-FM-1.jpg\",\"datePublished\":\"2021-12-05T13:49:20+00:00\",\"dateModified\":\"2021-12-05T13:49:21+00:00\",\"description\":\"Kultur sehen und H\u00f6ren\",\"breadcrumb\":{\"@id\":\"https:\/\/kulturonline.tv\/at\/land-noe-vergab-hans-weigel-literaturstipendien\/#breadcrumb\"},\"inLanguage\":\"de-AT\",\"potentialAction\":[{\"@type\":\"ReadAction\",\"target\":[\"https:\/\/kulturonline.tv\/at\/land-noe-vergab-hans-weigel-literaturstipendien\/\"]}]},{\"@type\":\"ImageObject\",\"inLanguage\":\"de-AT\",\"@id\":\"https:\/\/kulturonline.tv\/at\/land-noe-vergab-hans-weigel-literaturstipendien\/#primaryimage\",\"url\":\"https:\/\/kulturonline.tv\/wp-content\/uploads\/2021\/12\/Kultur-Online-TV-FM-1.jpg\",\"contentUrl\":\"https:\/\/kulturonline.tv\/wp-content\/uploads\/2021\/12\/Kultur-Online-TV-FM-1.jpg\",\"width\":600,\"height\":337},{\"@type\":\"BreadcrumbList\",\"@id\":\"https:\/\/kulturonline.tv\/at\/land-noe-vergab-hans-weigel-literaturstipendien\/#breadcrumb\",\"itemListElement\":[{\"@type\":\"ListItem\",\"position\":1,\"name\":\"Startseite\",\"item\":\"https:\/\/kulturonline.tv\/at\/\"},{\"@type\":\"ListItem\",\"position\":2,\"name\":\"Land N\u00d6 vergab Hans-Weigel-Literaturstipendien\"}]},{\"@type\":\"WebSite\",\"@id\":\"https:\/\/kulturonline.tv\/at\/#website\",\"url\":\"https:\/\/kulturonline.tv\/at\/\",\"name\":\"Kultur Online TV &amp; FM\",\"description\":\"Wir sind Kultur 2.0 zum sehen &amp; h\u00f6ren\",\"publisher\":{\"@id\":\"https:\/\/kulturonline.tv\/at\/#organization\"},\"potentialAction\":[{\"@type\":\"SearchAction\",\"target\":{\"@type\":\"EntryPoint\",\"urlTemplate\":\"https:\/\/kulturonline.tv\/at\/?s={search_term_string}\"},\"query-input\":{\"@type\":\"PropertyValueSpecification\",\"valueRequired\":true,\"valueName\":\"search_term_string\"}}],\"inLanguage\":\"de-AT\"},{\"@type\":\"Organization\",\"@id\":\"https:\/\/kulturonline.tv\/at\/#organization\",\"name\":\"Kultur Online TV\",\"url\":\"https:\/\/kulturonline.tv\/at\/\",\"logo\":{\"@type\":\"ImageObject\",\"inLanguage\":\"de-AT\",\"@id\":\"https:\/\/kulturonline.tv\/at\/#\/schema\/logo\/image\/\",\"url\":\"https:\/\/kulturonline.tv\/wp-content\/uploads\/2021\/08\/Kultur-Online-Tv-Logo-Endversion-neu.png\",\"contentUrl\":\"https:\/\/kulturonline.tv\/wp-content\/uploads\/2021\/08\/Kultur-Online-Tv-Logo-Endversion-neu.png\",\"width\":200,\"height\":200,\"caption\":\"Kultur Online TV\"},\"image\":{\"@id\":\"https:\/\/kulturonline.tv\/at\/#\/schema\/logo\/image\/\"},\"sameAs\":[\"https:\/\/www.facebook.com\/kulturonline.tv\",\"https:\/\/www.instagram.com\/kulturonline.tv\"]},{\"@type\":\"Person\",\"@id\":\"https:\/\/kulturonline.tv\/at\/#\/schema\/person\/b0fac729bb9a0c193fb1df23449df4fe\",\"name\":\"guenter.wolfgang\"}]}<\/script>\n<!-- \/ Yoast SEO plugin. -->","yoast_head_json":{"title":"Land N\u00d6 vergab Hans-Weigel-Literaturstipendien - Kultur Online TV &amp; FM","description":"Kultur sehen und H\u00f6ren","robots":{"index":"index","follow":"follow","max-snippet":"max-snippet:-1","max-image-preview":"max-image-preview:large","max-video-preview":"max-video-preview:-1"},"canonical":"https:\/\/kulturonline.tv\/at\/land-noe-vergab-hans-weigel-literaturstipendien\/","og_locale":"de_DE","og_type":"article","og_title":"Land N\u00d6 vergab Hans-Weigel-Literaturstipendien - Kultur Online TV &amp; FM","og_description":"Kultur sehen und H\u00f6ren","og_url":"https:\/\/kulturonline.tv\/at\/land-noe-vergab-hans-weigel-literaturstipendien\/","og_site_name":"Kultur Online TV &amp; FM","article_publisher":"https:\/\/www.facebook.com\/kulturonline.tv","article_published_time":"2021-12-05T13:49:20+00:00","article_modified_time":"2021-12-05T13:49:21+00:00","og_image":[{"width":600,"height":337,"url":"https:\/\/kulturonline.tv\/wp-content\/uploads\/2021\/12\/Kultur-Online-TV-FM-1.jpg","type":"image\/jpeg"}],"author":"guenter.wolfgang","twitter_card":"summary_large_image","twitter_misc":{"Verfasst von":"guenter.wolfgang","Gesch\u00e4tzte Lesezeit":"1 Minute"},"schema":{"@context":"https:\/\/schema.org","@graph":[{"@type":"Article","@id":"https:\/\/kulturonline.tv\/at\/land-noe-vergab-hans-weigel-literaturstipendien\/#article","isPartOf":{"@id":"https:\/\/kulturonline.tv\/at\/land-noe-vergab-hans-weigel-literaturstipendien\/"},"author":{"name":"guenter.wolfgang","@id":"https:\/\/kulturonline.tv\/at\/#\/schema\/person\/b0fac729bb9a0c193fb1df23449df4fe"},"headline":"Land N\u00d6 vergab Hans-Weigel-Literaturstipendien","datePublished":"2021-12-05T13:49:20+00:00","dateModified":"2021-12-05T13:49:21+00:00","mainEntityOfPage":{"@id":"https:\/\/kulturonline.tv\/at\/land-noe-vergab-hans-weigel-literaturstipendien\/"},"wordCount":180,"publisher":{"@id":"https:\/\/kulturonline.tv\/at\/#organization"},"image":{"@id":"https:\/\/kulturonline.tv\/at\/land-noe-vergab-hans-weigel-literaturstipendien\/#primaryimage"},"thumbnailUrl":"https:\/\/kulturonline.tv\/wp-content\/uploads\/2021\/12\/Kultur-Online-TV-FM-1.jpg","articleSection":["Literatur"],"inLanguage":"de-AT"},{"@type":"WebPage","@id":"https:\/\/kulturonline.tv\/at\/land-noe-vergab-hans-weigel-literaturstipendien\/","url":"https:\/\/kulturonline.tv\/at\/land-noe-vergab-hans-weigel-literaturstipendien\/","name":"Land N\u00d6 vergab Hans-Weigel-Literaturstipendien - Kultur Online TV &amp; FM","isPartOf":{"@id":"https:\/\/kulturonline.tv\/at\/#website"},"primaryImageOfPage":{"@id":"https:\/\/kulturonline.tv\/at\/land-noe-vergab-hans-weigel-literaturstipendien\/#primaryimage"},"image":{"@id":"https:\/\/kulturonline.tv\/at\/land-noe-vergab-hans-weigel-literaturstipendien\/#primaryimage"},"thumbnailUrl":"https:\/\/kulturonline.tv\/wp-content\/uploads\/2021\/12\/Kultur-Online-TV-FM-1.jpg","datePublished":"2021-12-05T13:49:20+00:00","dateModified":"2021-12-05T13:49:21+00:00","description":"Kultur sehen und H\u00f6ren","breadcrumb":{"@id":"https:\/\/kulturonline.tv\/at\/land-noe-vergab-hans-weigel-literaturstipendien\/#breadcrumb"},"inLanguage":"de-AT","potentialAction":[{"@type":"ReadAction","target":["https:\/\/kulturonline.tv\/at\/land-noe-vergab-hans-weigel-literaturstipendien\/"]}]},{"@type":"ImageObject","inLanguage":"de-AT","@id":"https:\/\/kulturonline.tv\/at\/land-noe-vergab-hans-weigel-literaturstipendien\/#primaryimage","url":"https:\/\/kulturonline.tv\/wp-content\/uploads\/2021\/12\/Kultur-Online-TV-FM-1.jpg","contentUrl":"https:\/\/kulturonline.tv\/wp-content\/uploads\/2021\/12\/Kultur-Online-TV-FM-1.jpg","width":600,"height":337},{"@type":"BreadcrumbList","@id":"https:\/\/kulturonline.tv\/at\/land-noe-vergab-hans-weigel-literaturstipendien\/#breadcrumb","itemListElement":[{"@type":"ListItem","position":1,"name":"Startseite","item":"https:\/\/kulturonline.tv\/at\/"},{"@type":"ListItem","position":2,"name":"Land N\u00d6 vergab Hans-Weigel-Literaturstipendien"}]},{"@type":"WebSite","@id":"https:\/\/kulturonline.tv\/at\/#website","url":"https:\/\/kulturonline.tv\/at\/","name":"Kultur Online TV &amp; FM","description":"Wir sind Kultur 2.0 zum sehen &amp; h\u00f6ren","publisher":{"@id":"https:\/\/kulturonline.tv\/at\/#organization"},"potentialAction":[{"@type":"SearchAction","target":{"@type":"EntryPoint","urlTemplate":"https:\/\/kulturonline.tv\/at\/?s={search_term_string}"},"query-input":{"@type":"PropertyValueSpecification","valueRequired":true,"valueName":"search_term_string"}}],"inLanguage":"de-AT"},{"@type":"Organization","@id":"https:\/\/kulturonline.tv\/at\/#organization","name":"Kultur Online TV","url":"https:\/\/kulturonline.tv\/at\/","logo":{"@type":"ImageObject","inLanguage":"de-AT","@id":"https:\/\/kulturonline.tv\/at\/#\/schema\/logo\/image\/","url":"https:\/\/kulturonline.tv\/wp-content\/uploads\/2021\/08\/Kultur-Online-Tv-Logo-Endversion-neu.png","contentUrl":"https:\/\/kulturonline.tv\/wp-content\/uploads\/2021\/08\/Kultur-Online-Tv-Logo-Endversion-neu.png","width":200,"height":200,"caption":"Kultur Online TV"},"image":{"@id":"https:\/\/kulturonline.tv\/at\/#\/schema\/logo\/image\/"},"sameAs":["https:\/\/www.facebook.com\/kulturonline.tv","https:\/\/www.instagram.com\/kulturonline.tv"]},{"@type":"Person","@id":"https:\/\/kulturonline.tv\/at\/#\/schema\/person\/b0fac729bb9a0c193fb1df23449df4fe","name":"guenter.wolfgang"}]}},"_links":{"self":[{"href":"https:\/\/kulturonline.tv\/at\/wp-json\/wp\/v2\/posts\/14349","targetHints":{"allow":["GET"]}}],"collection":[{"href":"https:\/\/kulturonline.tv\/at\/wp-json\/wp\/v2\/posts"}],"about":[{"href":"https:\/\/kulturonline.tv\/at\/wp-json\/wp\/v2\/types\/post"}],"author":[{"embeddable":true,"href":"https:\/\/kulturonline.tv\/at\/wp-json\/wp\/v2\/users\/2"}],"replies":[{"embeddable":true,"href":"https:\/\/kulturonline.tv\/at\/wp-json\/wp\/v2\/comments?post=14349"}],"version-history":[{"count":0,"href":"https:\/\/kulturonline.tv\/at\/wp-json\/wp\/v2\/posts\/14349\/revisions"}],"wp:featuredmedia":[{"embeddable":true,"href":"https:\/\/kulturonline.tv\/at\/wp-json\/wp\/v2\/media\/14351"}],"wp:attachment":[{"href":"https:\/\/kulturonline.tv\/at\/wp-json\/wp\/v2\/media?parent=14349"}],"wp:term":[{"taxonomy":"category","embeddable":true,"href":"https:\/\/kulturonline.tv\/at\/wp-json\/wp\/v2\/categories?post=14349"},{"taxonomy":"post_tag","embeddable":true,"href":"https:\/\/kulturonline.tv\/at\/wp-json\/wp\/v2\/tags?post=14349"}],"curies":[{"name":"wp","href":"https:\/\/api.w.org\/{rel}","templated":true}]}}