{"id":14566,"date":"2021-12-06T07:33:13","date_gmt":"2021-12-06T06:33:13","guid":{"rendered":"https:\/\/kulturonline.tv\/?p=14566"},"modified":"2021-12-06T07:33:13","modified_gmt":"2021-12-06T06:33:13","slug":"autorin-christine-haidegger-im-alter-von-79-jahren-verstorben","status":"publish","type":"post","link":"https:\/\/kulturonline.tv\/at\/autorin-christine-haidegger-im-alter-von-79-jahren-verstorben\/","title":{"rendered":"Autorin Christine Haidegger im Alter von 79. Jahren verstorben"},"content":{"rendered":"\n<p>Die am 27. Februar 1942 in Dortmund geborene Haidegger lebte seit Mitte der 1950er-Jahre in Salzburg und hat sich dort intensiv f\u00fcr die Literaturszene eingesetzt. Unter anderem hat sie die Salzburger Autorengruppe (SAG) gegr\u00fcndet und war danach auch ma\u00dfgeblich am Aufbau des Literaturhauses Salzburg beteiligt.<\/p>\n\n\n\n<figure class=\"wp-block-image size-full\"><img fetchpriority=\"high\" decoding=\"async\" width=\"1372\" height=\"827\" src=\"https:\/\/kulturonline.tv\/wp-content\/uploads\/2021\/12\/Christine-Haidegger-Kultur-Online-TV.jpg\" alt=\"\" class=\"wp-image-14568\" srcset=\"https:\/\/kulturonline.tv\/wp-content\/uploads\/2021\/12\/Christine-Haidegger-Kultur-Online-TV.jpg 1372w, https:\/\/kulturonline.tv\/wp-content\/uploads\/2021\/12\/Christine-Haidegger-Kultur-Online-TV-600x362.jpg 600w, https:\/\/kulturonline.tv\/wp-content\/uploads\/2021\/12\/Christine-Haidegger-Kultur-Online-TV-800x482.jpg 800w, https:\/\/kulturonline.tv\/wp-content\/uploads\/2021\/12\/Christine-Haidegger-Kultur-Online-TV-768x463.jpg 768w\" sizes=\"(max-width: 1372px) 100vw, 1372px\" \/><figcaption>\u00a9 Bild: Lisa-Alexandra Kutzelnig<\/figcaption><\/figure>\n\n\n\n<p>Haidegger hat im Laufe ihres Lebens zahlreiche Romane, Erz\u00e4hlungen, Reiseberichte, Theaterst\u00fccke und Gedichte ver\u00f6ffentlicht. F\u00fcr ihr kreatives Schaffen sowie ihren Einsatz f\u00fcr die Literaturszene wurde sie vielfach ausgezeichnet, u.a. mit dem Kulturpreis der StadtSalzburg, dem Georg-Rendl-Literaturpreis (jeweils 1984), demSalzburgerLandeskulturpreis (1990), dem Max-von-der-Gr\u00fcn-Preis (2002) oder demSalzburgerLyrikpreis (2005). Im Jahr 2002 erhielt sie au\u00dferdem das Goldene Verdienstzeichen des LandesSalzburg. Zuletzt war von Christine Haidegger im Vorjahr der Gedichtband \u201eVon der Z\u00e4rtlichkeit der W\u00f6rter\u201c erschienen.<\/p>\n\n\n\n<p>Kultur Online TV<\/p>\n\n\n\n<p>#literatur #b\u00fccher #autor<\/p>\n","protected":false},"excerpt":{"rendered":"<p>Die am 27. Februar 1942 in Dortmund geborene Haidegger lebte seit Mitte der 1950er-Jahre in Salzburg und hat sich dort intensiv f\u00fcr die Literaturszene eingesetzt. Unter anderem hat sie die Salzburger Autorengruppe (SAG) gegr\u00fcndet und war danach auch ma\u00dfgeblich am Aufbau des Literaturhauses Salzburg beteiligt. Haidegger hat im Laufe ihres Lebens zahlreiche Romane, Erz\u00e4hlungen, Reiseberichte, [&hellip;]<\/p>\n","protected":false},"author":2,"featured_media":14568,"comment_status":"closed","ping_status":"closed","sticky":false,"template":"","format":"standard","meta":{"_acf_changed":false,"footnotes":""},"categories":[133],"tags":[],"class_list":["post-14566","post","type-post","status-publish","format-standard","has-post-thumbnail","hentry","category-literatur"],"acf":[],"yoast_head":"<!-- This site is optimized with the Yoast SEO plugin v26.1.1 - https:\/\/yoast.com\/wordpress\/plugins\/seo\/ -->\n<title>Autorin Christine Haidegger im Alter von 79. Jahren verstorben - Kultur Online TV &amp; FM<\/title>\n<meta name=\"description\" content=\"Kultur sehen und H\u00f6ren\" \/>\n<meta name=\"robots\" content=\"index, follow, max-snippet:-1, max-image-preview:large, max-video-preview:-1\" \/>\n<link rel=\"canonical\" href=\"https:\/\/kulturonline.tv\/at\/autorin-christine-haidegger-im-alter-von-79-jahren-verstorben\/\" \/>\n<meta property=\"og:locale\" content=\"de_DE\" \/>\n<meta property=\"og:type\" content=\"article\" \/>\n<meta property=\"og:title\" content=\"Autorin Christine Haidegger im Alter von 79. Jahren verstorben - Kultur Online TV &amp; FM\" \/>\n<meta property=\"og:description\" content=\"Kultur sehen und H\u00f6ren\" \/>\n<meta property=\"og:url\" content=\"https:\/\/kulturonline.tv\/at\/autorin-christine-haidegger-im-alter-von-79-jahren-verstorben\/\" \/>\n<meta property=\"og:site_name\" content=\"Kultur Online TV &amp; FM\" \/>\n<meta property=\"article:publisher\" content=\"https:\/\/www.facebook.com\/kulturonline.tv\" \/>\n<meta property=\"article:published_time\" content=\"2021-12-06T06:33:13+00:00\" \/>\n<meta property=\"og:image\" content=\"https:\/\/kulturonline.tv\/wp-content\/uploads\/2021\/12\/Christine-Haidegger-Kultur-Online-TV.jpg\" \/>\n\t<meta property=\"og:image:width\" content=\"1372\" \/>\n\t<meta property=\"og:image:height\" content=\"827\" \/>\n\t<meta property=\"og:image:type\" content=\"image\/jpeg\" \/>\n<meta name=\"author\" content=\"guenter.wolfgang\" \/>\n<meta name=\"twitter:card\" content=\"summary_large_image\" \/>\n<meta name=\"twitter:label1\" content=\"Verfasst von\" \/>\n\t<meta name=\"twitter:data1\" content=\"guenter.wolfgang\" \/>\n\t<meta name=\"twitter:label2\" content=\"Gesch\u00e4tzte Lesezeit\" \/>\n\t<meta name=\"twitter:data2\" content=\"1 Minute\" \/>\n<script type=\"application\/ld+json\" class=\"yoast-schema-graph\">{\"@context\":\"https:\/\/schema.org\",\"@graph\":[{\"@type\":\"Article\",\"@id\":\"https:\/\/kulturonline.tv\/at\/autorin-christine-haidegger-im-alter-von-79-jahren-verstorben\/#article\",\"isPartOf\":{\"@id\":\"https:\/\/kulturonline.tv\/at\/autorin-christine-haidegger-im-alter-von-79-jahren-verstorben\/\"},\"author\":{\"name\":\"guenter.wolfgang\",\"@id\":\"https:\/\/kulturonline.tv\/at\/#\/schema\/person\/b0fac729bb9a0c193fb1df23449df4fe\"},\"headline\":\"Autorin Christine Haidegger im Alter von 79. Jahren verstorben\",\"datePublished\":\"2021-12-06T06:33:13+00:00\",\"mainEntityOfPage\":{\"@id\":\"https:\/\/kulturonline.tv\/at\/autorin-christine-haidegger-im-alter-von-79-jahren-verstorben\/\"},\"wordCount\":141,\"publisher\":{\"@id\":\"https:\/\/kulturonline.tv\/at\/#organization\"},\"image\":{\"@id\":\"https:\/\/kulturonline.tv\/at\/autorin-christine-haidegger-im-alter-von-79-jahren-verstorben\/#primaryimage\"},\"thumbnailUrl\":\"https:\/\/kulturonline.tv\/wp-content\/uploads\/2021\/12\/Christine-Haidegger-Kultur-Online-TV.jpg\",\"articleSection\":[\"Literatur\"],\"inLanguage\":\"de-AT\"},{\"@type\":\"WebPage\",\"@id\":\"https:\/\/kulturonline.tv\/at\/autorin-christine-haidegger-im-alter-von-79-jahren-verstorben\/\",\"url\":\"https:\/\/kulturonline.tv\/at\/autorin-christine-haidegger-im-alter-von-79-jahren-verstorben\/\",\"name\":\"Autorin Christine Haidegger im Alter von 79. Jahren verstorben - Kultur Online TV &amp; FM\",\"isPartOf\":{\"@id\":\"https:\/\/kulturonline.tv\/at\/#website\"},\"primaryImageOfPage\":{\"@id\":\"https:\/\/kulturonline.tv\/at\/autorin-christine-haidegger-im-alter-von-79-jahren-verstorben\/#primaryimage\"},\"image\":{\"@id\":\"https:\/\/kulturonline.tv\/at\/autorin-christine-haidegger-im-alter-von-79-jahren-verstorben\/#primaryimage\"},\"thumbnailUrl\":\"https:\/\/kulturonline.tv\/wp-content\/uploads\/2021\/12\/Christine-Haidegger-Kultur-Online-TV.jpg\",\"datePublished\":\"2021-12-06T06:33:13+00:00\",\"description\":\"Kultur sehen und H\u00f6ren\",\"breadcrumb\":{\"@id\":\"https:\/\/kulturonline.tv\/at\/autorin-christine-haidegger-im-alter-von-79-jahren-verstorben\/#breadcrumb\"},\"inLanguage\":\"de-AT\",\"potentialAction\":[{\"@type\":\"ReadAction\",\"target\":[\"https:\/\/kulturonline.tv\/at\/autorin-christine-haidegger-im-alter-von-79-jahren-verstorben\/\"]}]},{\"@type\":\"ImageObject\",\"inLanguage\":\"de-AT\",\"@id\":\"https:\/\/kulturonline.tv\/at\/autorin-christine-haidegger-im-alter-von-79-jahren-verstorben\/#primaryimage\",\"url\":\"https:\/\/kulturonline.tv\/wp-content\/uploads\/2021\/12\/Christine-Haidegger-Kultur-Online-TV.jpg\",\"contentUrl\":\"https:\/\/kulturonline.tv\/wp-content\/uploads\/2021\/12\/Christine-Haidegger-Kultur-Online-TV.jpg\",\"width\":1372,\"height\":827},{\"@type\":\"BreadcrumbList\",\"@id\":\"https:\/\/kulturonline.tv\/at\/autorin-christine-haidegger-im-alter-von-79-jahren-verstorben\/#breadcrumb\",\"itemListElement\":[{\"@type\":\"ListItem\",\"position\":1,\"name\":\"Startseite\",\"item\":\"https:\/\/kulturonline.tv\/at\/\"},{\"@type\":\"ListItem\",\"position\":2,\"name\":\"Autorin Christine Haidegger im Alter von 79. Jahren verstorben\"}]},{\"@type\":\"WebSite\",\"@id\":\"https:\/\/kulturonline.tv\/at\/#website\",\"url\":\"https:\/\/kulturonline.tv\/at\/\",\"name\":\"Kultur Online TV &amp; FM\",\"description\":\"Wir sind Kultur 2.0 zum sehen &amp; h\u00f6ren\",\"publisher\":{\"@id\":\"https:\/\/kulturonline.tv\/at\/#organization\"},\"potentialAction\":[{\"@type\":\"SearchAction\",\"target\":{\"@type\":\"EntryPoint\",\"urlTemplate\":\"https:\/\/kulturonline.tv\/at\/?s={search_term_string}\"},\"query-input\":{\"@type\":\"PropertyValueSpecification\",\"valueRequired\":true,\"valueName\":\"search_term_string\"}}],\"inLanguage\":\"de-AT\"},{\"@type\":\"Organization\",\"@id\":\"https:\/\/kulturonline.tv\/at\/#organization\",\"name\":\"Kultur Online TV\",\"url\":\"https:\/\/kulturonline.tv\/at\/\",\"logo\":{\"@type\":\"ImageObject\",\"inLanguage\":\"de-AT\",\"@id\":\"https:\/\/kulturonline.tv\/at\/#\/schema\/logo\/image\/\",\"url\":\"https:\/\/kulturonline.tv\/wp-content\/uploads\/2021\/08\/Kultur-Online-Tv-Logo-Endversion-neu.png\",\"contentUrl\":\"https:\/\/kulturonline.tv\/wp-content\/uploads\/2021\/08\/Kultur-Online-Tv-Logo-Endversion-neu.png\",\"width\":200,\"height\":200,\"caption\":\"Kultur Online TV\"},\"image\":{\"@id\":\"https:\/\/kulturonline.tv\/at\/#\/schema\/logo\/image\/\"},\"sameAs\":[\"https:\/\/www.facebook.com\/kulturonline.tv\",\"https:\/\/www.instagram.com\/kulturonline.tv\"]},{\"@type\":\"Person\",\"@id\":\"https:\/\/kulturonline.tv\/at\/#\/schema\/person\/b0fac729bb9a0c193fb1df23449df4fe\",\"name\":\"guenter.wolfgang\"}]}<\/script>\n<!-- \/ Yoast SEO plugin. -->","yoast_head_json":{"title":"Autorin Christine Haidegger im Alter von 79. Jahren verstorben - Kultur Online TV &amp; FM","description":"Kultur sehen und H\u00f6ren","robots":{"index":"index","follow":"follow","max-snippet":"max-snippet:-1","max-image-preview":"max-image-preview:large","max-video-preview":"max-video-preview:-1"},"canonical":"https:\/\/kulturonline.tv\/at\/autorin-christine-haidegger-im-alter-von-79-jahren-verstorben\/","og_locale":"de_DE","og_type":"article","og_title":"Autorin Christine Haidegger im Alter von 79. Jahren verstorben - Kultur Online TV &amp; FM","og_description":"Kultur sehen und H\u00f6ren","og_url":"https:\/\/kulturonline.tv\/at\/autorin-christine-haidegger-im-alter-von-79-jahren-verstorben\/","og_site_name":"Kultur Online TV &amp; FM","article_publisher":"https:\/\/www.facebook.com\/kulturonline.tv","article_published_time":"2021-12-06T06:33:13+00:00","og_image":[{"width":1372,"height":827,"url":"https:\/\/kulturonline.tv\/wp-content\/uploads\/2021\/12\/Christine-Haidegger-Kultur-Online-TV.jpg","type":"image\/jpeg"}],"author":"guenter.wolfgang","twitter_card":"summary_large_image","twitter_misc":{"Verfasst von":"guenter.wolfgang","Gesch\u00e4tzte Lesezeit":"1 Minute"},"schema":{"@context":"https:\/\/schema.org","@graph":[{"@type":"Article","@id":"https:\/\/kulturonline.tv\/at\/autorin-christine-haidegger-im-alter-von-79-jahren-verstorben\/#article","isPartOf":{"@id":"https:\/\/kulturonline.tv\/at\/autorin-christine-haidegger-im-alter-von-79-jahren-verstorben\/"},"author":{"name":"guenter.wolfgang","@id":"https:\/\/kulturonline.tv\/at\/#\/schema\/person\/b0fac729bb9a0c193fb1df23449df4fe"},"headline":"Autorin Christine Haidegger im Alter von 79. Jahren verstorben","datePublished":"2021-12-06T06:33:13+00:00","mainEntityOfPage":{"@id":"https:\/\/kulturonline.tv\/at\/autorin-christine-haidegger-im-alter-von-79-jahren-verstorben\/"},"wordCount":141,"publisher":{"@id":"https:\/\/kulturonline.tv\/at\/#organization"},"image":{"@id":"https:\/\/kulturonline.tv\/at\/autorin-christine-haidegger-im-alter-von-79-jahren-verstorben\/#primaryimage"},"thumbnailUrl":"https:\/\/kulturonline.tv\/wp-content\/uploads\/2021\/12\/Christine-Haidegger-Kultur-Online-TV.jpg","articleSection":["Literatur"],"inLanguage":"de-AT"},{"@type":"WebPage","@id":"https:\/\/kulturonline.tv\/at\/autorin-christine-haidegger-im-alter-von-79-jahren-verstorben\/","url":"https:\/\/kulturonline.tv\/at\/autorin-christine-haidegger-im-alter-von-79-jahren-verstorben\/","name":"Autorin Christine Haidegger im Alter von 79. Jahren verstorben - Kultur Online TV &amp; FM","isPartOf":{"@id":"https:\/\/kulturonline.tv\/at\/#website"},"primaryImageOfPage":{"@id":"https:\/\/kulturonline.tv\/at\/autorin-christine-haidegger-im-alter-von-79-jahren-verstorben\/#primaryimage"},"image":{"@id":"https:\/\/kulturonline.tv\/at\/autorin-christine-haidegger-im-alter-von-79-jahren-verstorben\/#primaryimage"},"thumbnailUrl":"https:\/\/kulturonline.tv\/wp-content\/uploads\/2021\/12\/Christine-Haidegger-Kultur-Online-TV.jpg","datePublished":"2021-12-06T06:33:13+00:00","description":"Kultur sehen und H\u00f6ren","breadcrumb":{"@id":"https:\/\/kulturonline.tv\/at\/autorin-christine-haidegger-im-alter-von-79-jahren-verstorben\/#breadcrumb"},"inLanguage":"de-AT","potentialAction":[{"@type":"ReadAction","target":["https:\/\/kulturonline.tv\/at\/autorin-christine-haidegger-im-alter-von-79-jahren-verstorben\/"]}]},{"@type":"ImageObject","inLanguage":"de-AT","@id":"https:\/\/kulturonline.tv\/at\/autorin-christine-haidegger-im-alter-von-79-jahren-verstorben\/#primaryimage","url":"https:\/\/kulturonline.tv\/wp-content\/uploads\/2021\/12\/Christine-Haidegger-Kultur-Online-TV.jpg","contentUrl":"https:\/\/kulturonline.tv\/wp-content\/uploads\/2021\/12\/Christine-Haidegger-Kultur-Online-TV.jpg","width":1372,"height":827},{"@type":"BreadcrumbList","@id":"https:\/\/kulturonline.tv\/at\/autorin-christine-haidegger-im-alter-von-79-jahren-verstorben\/#breadcrumb","itemListElement":[{"@type":"ListItem","position":1,"name":"Startseite","item":"https:\/\/kulturonline.tv\/at\/"},{"@type":"ListItem","position":2,"name":"Autorin Christine Haidegger im Alter von 79. Jahren verstorben"}]},{"@type":"WebSite","@id":"https:\/\/kulturonline.tv\/at\/#website","url":"https:\/\/kulturonline.tv\/at\/","name":"Kultur Online TV &amp; FM","description":"Wir sind Kultur 2.0 zum sehen &amp; h\u00f6ren","publisher":{"@id":"https:\/\/kulturonline.tv\/at\/#organization"},"potentialAction":[{"@type":"SearchAction","target":{"@type":"EntryPoint","urlTemplate":"https:\/\/kulturonline.tv\/at\/?s={search_term_string}"},"query-input":{"@type":"PropertyValueSpecification","valueRequired":true,"valueName":"search_term_string"}}],"inLanguage":"de-AT"},{"@type":"Organization","@id":"https:\/\/kulturonline.tv\/at\/#organization","name":"Kultur Online TV","url":"https:\/\/kulturonline.tv\/at\/","logo":{"@type":"ImageObject","inLanguage":"de-AT","@id":"https:\/\/kulturonline.tv\/at\/#\/schema\/logo\/image\/","url":"https:\/\/kulturonline.tv\/wp-content\/uploads\/2021\/08\/Kultur-Online-Tv-Logo-Endversion-neu.png","contentUrl":"https:\/\/kulturonline.tv\/wp-content\/uploads\/2021\/08\/Kultur-Online-Tv-Logo-Endversion-neu.png","width":200,"height":200,"caption":"Kultur Online TV"},"image":{"@id":"https:\/\/kulturonline.tv\/at\/#\/schema\/logo\/image\/"},"sameAs":["https:\/\/www.facebook.com\/kulturonline.tv","https:\/\/www.instagram.com\/kulturonline.tv"]},{"@type":"Person","@id":"https:\/\/kulturonline.tv\/at\/#\/schema\/person\/b0fac729bb9a0c193fb1df23449df4fe","name":"guenter.wolfgang"}]}},"_links":{"self":[{"href":"https:\/\/kulturonline.tv\/at\/wp-json\/wp\/v2\/posts\/14566","targetHints":{"allow":["GET"]}}],"collection":[{"href":"https:\/\/kulturonline.tv\/at\/wp-json\/wp\/v2\/posts"}],"about":[{"href":"https:\/\/kulturonline.tv\/at\/wp-json\/wp\/v2\/types\/post"}],"author":[{"embeddable":true,"href":"https:\/\/kulturonline.tv\/at\/wp-json\/wp\/v2\/users\/2"}],"replies":[{"embeddable":true,"href":"https:\/\/kulturonline.tv\/at\/wp-json\/wp\/v2\/comments?post=14566"}],"version-history":[{"count":0,"href":"https:\/\/kulturonline.tv\/at\/wp-json\/wp\/v2\/posts\/14566\/revisions"}],"wp:featuredmedia":[{"embeddable":true,"href":"https:\/\/kulturonline.tv\/at\/wp-json\/wp\/v2\/media\/14568"}],"wp:attachment":[{"href":"https:\/\/kulturonline.tv\/at\/wp-json\/wp\/v2\/media?parent=14566"}],"wp:term":[{"taxonomy":"category","embeddable":true,"href":"https:\/\/kulturonline.tv\/at\/wp-json\/wp\/v2\/categories?post=14566"},{"taxonomy":"post_tag","embeddable":true,"href":"https:\/\/kulturonline.tv\/at\/wp-json\/wp\/v2\/tags?post=14566"}],"curies":[{"name":"wp","href":"https:\/\/api.w.org\/{rel}","templated":true}]}}