{"id":148055,"date":"2026-04-29T11:16:13","date_gmt":"2026-04-29T09:16:13","guid":{"rendered":"https:\/\/kulturonline.tv\/?p=148055"},"modified":"2026-04-29T11:16:37","modified_gmt":"2026-04-29T09:16:37","slug":"feiern-wie-die-kaiserin-glanzvoller-geburtstag-fuer-das-hotel-grand-elisabeth-in-bad-ischl","status":"publish","type":"post","link":"https:\/\/kulturonline.tv\/at\/feiern-wie-die-kaiserin-glanzvoller-geburtstag-fuer-das-hotel-grand-elisabeth-in-bad-ischl\/","title":{"rendered":"Feiern wie die Kaiserin: Glanzvoller Geburtstag f\u00fcr das Hotel Grand Elisabeth in Bad Ischl"},"content":{"rendered":"\n<figure class=\"wp-block-image size-large\"><img fetchpriority=\"high\" decoding=\"async\" width=\"2560\" height=\"1440\" src=\"https:\/\/kulturonline.tv\/wp-content\/uploads\/2026\/04\/Grand-Elisabeth_ARD-Moderator-Tom-Meiler_Gerard-Nicolas-Fritz-Kaiser-Franz-Joseph-I.-Darsteller-der-Kaisertage-in-Bad-Ischl-mit-Frau-Francoise-Zirves-edited-scaled.jpg\" alt=\"\" class=\"wp-image-148058\" srcset=\"https:\/\/kulturonline.tv\/wp-content\/uploads\/2026\/04\/Grand-Elisabeth_ARD-Moderator-Tom-Meiler_Gerard-Nicolas-Fritz-Kaiser-Franz-Joseph-I.-Darsteller-der-Kaisertage-in-Bad-Ischl-mit-Frau-Francoise-Zirves-edited-scaled.jpg 2560w, https:\/\/kulturonline.tv\/wp-content\/uploads\/2026\/04\/Grand-Elisabeth_ARD-Moderator-Tom-Meiler_Gerard-Nicolas-Fritz-Kaiser-Franz-Joseph-I.-Darsteller-der-Kaisertage-in-Bad-Ischl-mit-Frau-Francoise-Zirves-edited-800x450.jpg 800w, https:\/\/kulturonline.tv\/wp-content\/uploads\/2026\/04\/Grand-Elisabeth_ARD-Moderator-Tom-Meiler_Gerard-Nicolas-Fritz-Kaiser-Franz-Joseph-I.-Darsteller-der-Kaisertage-in-Bad-Ischl-mit-Frau-Francoise-Zirves-edited-1600x900.jpg 1600w, https:\/\/kulturonline.tv\/wp-content\/uploads\/2026\/04\/Grand-Elisabeth_ARD-Moderator-Tom-Meiler_Gerard-Nicolas-Fritz-Kaiser-Franz-Joseph-I.-Darsteller-der-Kaisertage-in-Bad-Ischl-mit-Frau-Francoise-Zirves-edited-768x432.jpg 768w, https:\/\/kulturonline.tv\/wp-content\/uploads\/2026\/04\/Grand-Elisabeth_ARD-Moderator-Tom-Meiler_Gerard-Nicolas-Fritz-Kaiser-Franz-Joseph-I.-Darsteller-der-Kaisertage-in-Bad-Ischl-mit-Frau-Francoise-Zirves-edited-1536x864.jpg 1536w, https:\/\/kulturonline.tv\/wp-content\/uploads\/2026\/04\/Grand-Elisabeth_ARD-Moderator-Tom-Meiler_Gerard-Nicolas-Fritz-Kaiser-Franz-Joseph-I.-Darsteller-der-Kaisertage-in-Bad-Ischl-mit-Frau-Francoise-Zirves-edited-2048x1152.jpg 2048w\" sizes=\"(max-width: 2560px) 100vw, 2560px\" \/><\/figure>\n\n\n\n<p>Bad Ischl \u2013 Ganz im Zeichen kaiserlicher Eleganz stand der erste Geburtstag des Hotels Grand Elisabeth in Bad Ischl. Das 4-Sterne-Superior-Haus feierte sein einj\u00e4hriges Bestehen mit einem rauschenden Fest und schlug dabei eine stilvolle Br\u00fccke zur Geschichte: Zeitgleich wurde auch der Hochzeitstag von Kaiserin Elisabeth (\u201eSisi\u201c) und Kaiser Franz Joseph zelebriert. Prominenter Stargast des Abends war Peter Weck, der letzte noch lebende Schauspieler der legend\u00e4ren \u201eSissi\u201c-Filme. <\/p>\n\n\n\n<p>Der 95-J\u00e4hrige genoss die Gala: \u201eDas Grand Elisabeth in Bad Ischl ist wunderbar, die Lage, die K\u00fcche und der super Service. Nat\u00fcrlich war es fantastisch, die alten Drehorte der Sissi-Filme wie die Kaiservilla wieder zu sehen. Im Hotel steht sogar die Originalkutsche unserer Sissi-Filme, in der ich im Film auch fuhr. Ein herrlicher Ausflug zum 1. Hotelgeburtstag!\u201c Der Filmstar, der mit seiner Lebenspartnerin Joanna Rzepa aus Wien anreiste, verlieh der Feier eine besonders nostalgische Note im sonst so modernen Flair des Grand Elisabeth.<\/p>\n\n\n\n<figure class=\"wp-block-image size-large\"><img decoding=\"async\" width=\"1600\" height=\"1094\" src=\"https:\/\/kulturonline.tv\/wp-content\/uploads\/2026\/04\/Grand-Elisabeth_Maximilian-Habsburg-Lothringen_Valentin-Habsburg-Lothringen_Peter-Weck-mit-Lebensgefaehrtin-Joanna-Rzepa_Philipp-Zauner_Herbert-Ackerl_Josef-Oehlinger-1600x1094.jpg\" alt=\"\" class=\"wp-image-148060\" srcset=\"https:\/\/kulturonline.tv\/wp-content\/uploads\/2026\/04\/Grand-Elisabeth_Maximilian-Habsburg-Lothringen_Valentin-Habsburg-Lothringen_Peter-Weck-mit-Lebensgefaehrtin-Joanna-Rzepa_Philipp-Zauner_Herbert-Ackerl_Josef-Oehlinger-1600x1094.jpg 1600w, https:\/\/kulturonline.tv\/wp-content\/uploads\/2026\/04\/Grand-Elisabeth_Maximilian-Habsburg-Lothringen_Valentin-Habsburg-Lothringen_Peter-Weck-mit-Lebensgefaehrtin-Joanna-Rzepa_Philipp-Zauner_Herbert-Ackerl_Josef-Oehlinger-800x547.jpg 800w, https:\/\/kulturonline.tv\/wp-content\/uploads\/2026\/04\/Grand-Elisabeth_Maximilian-Habsburg-Lothringen_Valentin-Habsburg-Lothringen_Peter-Weck-mit-Lebensgefaehrtin-Joanna-Rzepa_Philipp-Zauner_Herbert-Ackerl_Josef-Oehlinger-768x525.jpg 768w, https:\/\/kulturonline.tv\/wp-content\/uploads\/2026\/04\/Grand-Elisabeth_Maximilian-Habsburg-Lothringen_Valentin-Habsburg-Lothringen_Peter-Weck-mit-Lebensgefaehrtin-Joanna-Rzepa_Philipp-Zauner_Herbert-Ackerl_Josef-Oehlinger-1536x1050.jpg 1536w, https:\/\/kulturonline.tv\/wp-content\/uploads\/2026\/04\/Grand-Elisabeth_Maximilian-Habsburg-Lothringen_Valentin-Habsburg-Lothringen_Peter-Weck-mit-Lebensgefaehrtin-Joanna-Rzepa_Philipp-Zauner_Herbert-Ackerl_Josef-Oehlinger-2048x1400.jpg 2048w\" sizes=\"(max-width: 1600px) 100vw, 1600px\" \/><\/figure>\n\n\n\n<p><br>Rund 160 G\u00e4ste aus Politik, Wirtschaft, Kultur und Gesellschaft genossen den Galaabend. Die Gratulantenliste der Hoteleigent\u00fcmer Herbert Ackerl und Philipp Zauner war prominent besetzt. Bad Ischls B\u00fcrgermeisterin Ines Schiller gratulierte: \u201eWir sind in Bad Ischl nach sehr froh \u00fcber das Hotel Grand Elisabeth. Endlich haben wir die Betten, die wir brauchen. Insgesamt ist das Grand Elisabeth eine gro\u00dfe Bereicherung f\u00fcr die Stadt und ein absoluter Hotspot. Besonders die Partys sind immer absolut genial!\u201c Unter den Gratulanten waren auch Valentin und Maximilian Habsburg-Lothringen, die Hausherren der Kaiservilla Bad Ischl und Nachfahren der Kaiserin Elisabeth der EU-Abgeordnete Hannes Heider, der steirische Landesrat Hannes Amesbauer sowie Mario Haas, Landtagsabgeordneter und Vertreter des ober\u00f6sterreichischen Landesrats Martin Winkler.<\/p>\n\n\n\n<p><br>Durch den Abend f\u00fchrte ARD-Moderator Tom Meiler, der in Gespr\u00e4chen mit Wegbegleitern und Beteiligten den Erfolg des Hauses beleuchtete. Musikalisch begeisterten S\u00e4ngerin Susanne Marik sowie die international bekannte Geigerin Beatrix L\u00f6w-Beer. F\u00fcr kulinarische H\u00f6hepunkte sorgte das hauseigene Restaurant \u201eGrande Libert\u00e9\u201c mit einem grandiosen 5-Gang-Galadinner von K\u00fcchenchef Alex Belasch, einer Zauner Geburtstagstorte und After Show Party an der Hotelbar \u201eViolet Hour\u201c .<\/p>\n\n\n\n<figure class=\"wp-block-gallery has-nested-images columns-default is-cropped wp-block-gallery-1 is-layout-flex wp-block-gallery-is-layout-flex\">\n<figure class=\"wp-block-image size-large\"><img decoding=\"async\" width=\"1600\" height=\"1155\" data-id=\"148062\" src=\"https:\/\/kulturonline.tv\/wp-content\/uploads\/2026\/04\/Grand-Elisabeth_Beatrix-Loew-Beer-1600x1155.jpg\" alt=\"\" class=\"wp-image-148062\" srcset=\"https:\/\/kulturonline.tv\/wp-content\/uploads\/2026\/04\/Grand-Elisabeth_Beatrix-Loew-Beer-1600x1155.jpg 1600w, https:\/\/kulturonline.tv\/wp-content\/uploads\/2026\/04\/Grand-Elisabeth_Beatrix-Loew-Beer-800x577.jpg 800w, https:\/\/kulturonline.tv\/wp-content\/uploads\/2026\/04\/Grand-Elisabeth_Beatrix-Loew-Beer-768x554.jpg 768w, https:\/\/kulturonline.tv\/wp-content\/uploads\/2026\/04\/Grand-Elisabeth_Beatrix-Loew-Beer-1536x1108.jpg 1536w, https:\/\/kulturonline.tv\/wp-content\/uploads\/2026\/04\/Grand-Elisabeth_Beatrix-Loew-Beer-2048x1478.jpg 2048w\" sizes=\"(max-width: 1600px) 100vw, 1600px\" \/><\/figure>\n<\/figure>\n\n\n\n<p><br>Zu den weiteren prominenten G\u00e4sten z\u00e4hlten der Ischler Kaiserdarsteller Gerard Nicolas Fritz, Medienunternehmerin Uschi Fellner, Speakerin und Unternehmenscoach Katja Maria Huber, Hilton-Pr\u00e4sident a. D. Kommerzialrat Rudi Jagersbacher, EU-Abgeordneter a. D. Josef Weidenholzer sowie Brigitte Stumpner, Pr\u00e4sidentin des Leh\u00e1r Festivals Bad Ischl. Mit dabei auch Doris Brugger, die mit ihrer Spa-Marke das hoteleigene Spa \u201eOrganic Alps Spa by DORISSIMA\u201c konzipiert hat.<br>Das Hotel Grand Elisabeth \u00fcberzeugt nicht nur durch seine 132 Zimmer inklusive drei Suiten im klassischen Stil mit avantgardistischem Touch, sondern auch durch seine erstklassige Lage: Direkt neben dem Theater- &amp; Kongresshaus und dem traditionsreichen Kurpark gelegen, nur wenige Gehminuten von Elisabeths Lieblingsort, der Kaiservilla, entfernt. Mit seinem ersten Geburtstag bewies das Haus eindrucksvoll, dass es l\u00e4ngst selbst zur gro\u00dfen B\u00fchne im kulturellen Herzen Bad Ischls geworden ist \u2013 ganz im Sinne der Kaiserin.<\/p>\n\n\n\n<p>Kultur Online TV-FM<\/p>\n\n\n\n<p>GrandElisabeth #BadIschl #Kaiserstadt #Sisi #Kaiservilla #Galaabend #Hotelgeburtstag #\u00d6sterreichischeHotellerie #Salzkammergut #Habsburg<\/p>\n","protected":false},"excerpt":{"rendered":"<p>Bad Ischl \u2013 Ganz im Zeichen kaiserlicher Eleganz stand der erste Geburtstag des Hotels Grand Elisabeth in Bad Ischl. Das 4-Sterne-Superior-Haus feierte sein einj\u00e4hriges Bestehen mit einem rauschenden Fest und schlug dabei eine stilvolle Br\u00fccke zur Geschichte: Zeitgleich wurde auch der Hochzeitstag von Kaiserin Elisabeth (\u201eSisi\u201c) und Kaiser Franz Joseph zelebriert. Prominenter Stargast des Abends [&hellip;]<\/p>\n","protected":false},"author":2,"featured_media":148058,"comment_status":"closed","ping_status":"closed","sticky":false,"template":"","format":"standard","meta":{"_acf_changed":false,"footnotes":""},"categories":[908],"tags":[],"class_list":["post-148055","post","type-post","status-publish","format-standard","has-post-thumbnail","hentry","category-themenbeitraege-gesellschaft-politik-at"],"acf":[],"yoast_head":"<!-- This site is optimized with the Yoast SEO plugin v26.1.1 - https:\/\/yoast.com\/wordpress\/plugins\/seo\/ -->\n<title>Feiern wie die Kaiserin: Glanzvoller Geburtstag f\u00fcr das Hotel Grand Elisabeth in Bad Ischl - Kultur Online TV &amp; FM<\/title>\n<meta name=\"description\" content=\"Bad Ischl \u2013 Ganz im Zeichen kaiserlicher Eleganz stand der erste Geburtstag des Hotels Grand Elisabeth in Bad Ischl. Das 4-Sterne-Superior-Haus feierte sein einj\u00e4hriges Bestehen mit einem rauschenden Fest und schlug dabei eine stilvolle Br\u00fccke zur Geschichte: Zeitgleich wurde auch der Hochzeitstag von Kaiserin Elisabeth (\u201eSisi\u201c) und Kaiser Franz Joseph zelebriert. Prominenter Stargast des Abends war Peter Weck, der letzte noch lebende Schauspieler der legend\u00e4ren \u201eSissi\u201c-Filme.\" \/>\n<meta name=\"robots\" content=\"index, follow, max-snippet:-1, max-image-preview:large, max-video-preview:-1\" \/>\n<link rel=\"canonical\" href=\"https:\/\/kulturonline.tv\/at\/feiern-wie-die-kaiserin-glanzvoller-geburtstag-fuer-das-hotel-grand-elisabeth-in-bad-ischl\/\" \/>\n<meta property=\"og:locale\" content=\"de_DE\" \/>\n<meta property=\"og:type\" content=\"article\" \/>\n<meta property=\"og:title\" content=\"Feiern wie die Kaiserin: Glanzvoller Geburtstag f\u00fcr das Hotel Grand Elisabeth in Bad Ischl - Kultur Online TV &amp; FM\" \/>\n<meta property=\"og:description\" content=\"Bad Ischl \u2013 Ganz im Zeichen kaiserlicher Eleganz stand der erste Geburtstag des Hotels Grand Elisabeth in Bad Ischl. Das 4-Sterne-Superior-Haus feierte sein einj\u00e4hriges Bestehen mit einem rauschenden Fest und schlug dabei eine stilvolle Br\u00fccke zur Geschichte: Zeitgleich wurde auch der Hochzeitstag von Kaiserin Elisabeth (\u201eSisi\u201c) und Kaiser Franz Joseph zelebriert. Prominenter Stargast des Abends war Peter Weck, der letzte noch lebende Schauspieler der legend\u00e4ren \u201eSissi\u201c-Filme.\" \/>\n<meta property=\"og:url\" content=\"https:\/\/kulturonline.tv\/at\/feiern-wie-die-kaiserin-glanzvoller-geburtstag-fuer-das-hotel-grand-elisabeth-in-bad-ischl\/\" \/>\n<meta property=\"og:site_name\" content=\"Kultur Online TV &amp; FM\" \/>\n<meta property=\"article:publisher\" content=\"https:\/\/www.facebook.com\/kulturonline.tv\" \/>\n<meta property=\"article:published_time\" content=\"2026-04-29T09:16:13+00:00\" \/>\n<meta property=\"article:modified_time\" content=\"2026-04-29T09:16:37+00:00\" \/>\n<meta property=\"og:image\" content=\"https:\/\/kulturonline.tv\/wp-content\/uploads\/2026\/04\/Grand-Elisabeth_ARD-Moderator-Tom-Meiler_Gerard-Nicolas-Fritz-Kaiser-Franz-Joseph-I.-Darsteller-der-Kaisertage-in-Bad-Ischl-mit-Frau-Francoise-Zirves-edited-scaled.jpg\" \/>\n\t<meta property=\"og:image:width\" content=\"2560\" \/>\n\t<meta property=\"og:image:height\" content=\"1440\" \/>\n\t<meta property=\"og:image:type\" content=\"image\/jpeg\" \/>\n<meta name=\"author\" content=\"guenter.wolfgang\" \/>\n<meta name=\"twitter:card\" content=\"summary_large_image\" \/>\n<meta name=\"twitter:label1\" content=\"Verfasst von\" \/>\n\t<meta name=\"twitter:data1\" content=\"guenter.wolfgang\" \/>\n\t<meta name=\"twitter:label2\" content=\"Gesch\u00e4tzte Lesezeit\" \/>\n\t<meta name=\"twitter:data2\" content=\"2 Minuten\" \/>\n<script type=\"application\/ld+json\" class=\"yoast-schema-graph\">{\"@context\":\"https:\/\/schema.org\",\"@graph\":[{\"@type\":\"Article\",\"@id\":\"https:\/\/kulturonline.tv\/at\/feiern-wie-die-kaiserin-glanzvoller-geburtstag-fuer-das-hotel-grand-elisabeth-in-bad-ischl\/#article\",\"isPartOf\":{\"@id\":\"https:\/\/kulturonline.tv\/at\/feiern-wie-die-kaiserin-glanzvoller-geburtstag-fuer-das-hotel-grand-elisabeth-in-bad-ischl\/\"},\"author\":{\"name\":\"guenter.wolfgang\",\"@id\":\"https:\/\/kulturonline.tv\/at\/#\/schema\/person\/b0fac729bb9a0c193fb1df23449df4fe\"},\"headline\":\"Feiern wie die Kaiserin: Glanzvoller Geburtstag f\u00fcr das Hotel Grand Elisabeth in Bad Ischl\",\"datePublished\":\"2026-04-29T09:16:13+00:00\",\"dateModified\":\"2026-04-29T09:16:37+00:00\",\"mainEntityOfPage\":{\"@id\":\"https:\/\/kulturonline.tv\/at\/feiern-wie-die-kaiserin-glanzvoller-geburtstag-fuer-das-hotel-grand-elisabeth-in-bad-ischl\/\"},\"wordCount\":507,\"publisher\":{\"@id\":\"https:\/\/kulturonline.tv\/at\/#organization\"},\"image\":{\"@id\":\"https:\/\/kulturonline.tv\/at\/feiern-wie-die-kaiserin-glanzvoller-geburtstag-fuer-das-hotel-grand-elisabeth-in-bad-ischl\/#primaryimage\"},\"thumbnailUrl\":\"https:\/\/kulturonline.tv\/wp-content\/uploads\/2026\/04\/Grand-Elisabeth_ARD-Moderator-Tom-Meiler_Gerard-Nicolas-Fritz-Kaiser-Franz-Joseph-I.-Darsteller-der-Kaisertage-in-Bad-Ischl-mit-Frau-Francoise-Zirves-edited-scaled.jpg\",\"articleSection\":[\"Themenbeitr\u00e4ge Gesellschaft &amp; Politik\"],\"inLanguage\":\"de-AT\"},{\"@type\":\"WebPage\",\"@id\":\"https:\/\/kulturonline.tv\/at\/feiern-wie-die-kaiserin-glanzvoller-geburtstag-fuer-das-hotel-grand-elisabeth-in-bad-ischl\/\",\"url\":\"https:\/\/kulturonline.tv\/at\/feiern-wie-die-kaiserin-glanzvoller-geburtstag-fuer-das-hotel-grand-elisabeth-in-bad-ischl\/\",\"name\":\"Feiern wie die Kaiserin: Glanzvoller Geburtstag f\u00fcr das Hotel Grand Elisabeth in Bad Ischl - Kultur Online TV &amp; FM\",\"isPartOf\":{\"@id\":\"https:\/\/kulturonline.tv\/at\/#website\"},\"primaryImageOfPage\":{\"@id\":\"https:\/\/kulturonline.tv\/at\/feiern-wie-die-kaiserin-glanzvoller-geburtstag-fuer-das-hotel-grand-elisabeth-in-bad-ischl\/#primaryimage\"},\"image\":{\"@id\":\"https:\/\/kulturonline.tv\/at\/feiern-wie-die-kaiserin-glanzvoller-geburtstag-fuer-das-hotel-grand-elisabeth-in-bad-ischl\/#primaryimage\"},\"thumbnailUrl\":\"https:\/\/kulturonline.tv\/wp-content\/uploads\/2026\/04\/Grand-Elisabeth_ARD-Moderator-Tom-Meiler_Gerard-Nicolas-Fritz-Kaiser-Franz-Joseph-I.-Darsteller-der-Kaisertage-in-Bad-Ischl-mit-Frau-Francoise-Zirves-edited-scaled.jpg\",\"datePublished\":\"2026-04-29T09:16:13+00:00\",\"dateModified\":\"2026-04-29T09:16:37+00:00\",\"description\":\"Bad Ischl \u2013 Ganz im Zeichen kaiserlicher Eleganz stand der erste Geburtstag des Hotels Grand Elisabeth in Bad Ischl. Das 4-Sterne-Superior-Haus feierte sein einj\u00e4hriges Bestehen mit einem rauschenden Fest und schlug dabei eine stilvolle Br\u00fccke zur Geschichte: Zeitgleich wurde auch der Hochzeitstag von Kaiserin Elisabeth (\u201eSisi\u201c) und Kaiser Franz Joseph zelebriert. Prominenter Stargast des Abends war Peter Weck, der letzte noch lebende Schauspieler der legend\u00e4ren \u201eSissi\u201c-Filme.\",\"breadcrumb\":{\"@id\":\"https:\/\/kulturonline.tv\/at\/feiern-wie-die-kaiserin-glanzvoller-geburtstag-fuer-das-hotel-grand-elisabeth-in-bad-ischl\/#breadcrumb\"},\"inLanguage\":\"de-AT\",\"potentialAction\":[{\"@type\":\"ReadAction\",\"target\":[\"https:\/\/kulturonline.tv\/at\/feiern-wie-die-kaiserin-glanzvoller-geburtstag-fuer-das-hotel-grand-elisabeth-in-bad-ischl\/\"]}]},{\"@type\":\"ImageObject\",\"inLanguage\":\"de-AT\",\"@id\":\"https:\/\/kulturonline.tv\/at\/feiern-wie-die-kaiserin-glanzvoller-geburtstag-fuer-das-hotel-grand-elisabeth-in-bad-ischl\/#primaryimage\",\"url\":\"https:\/\/kulturonline.tv\/wp-content\/uploads\/2026\/04\/Grand-Elisabeth_ARD-Moderator-Tom-Meiler_Gerard-Nicolas-Fritz-Kaiser-Franz-Joseph-I.-Darsteller-der-Kaisertage-in-Bad-Ischl-mit-Frau-Francoise-Zirves-edited-scaled.jpg\",\"contentUrl\":\"https:\/\/kulturonline.tv\/wp-content\/uploads\/2026\/04\/Grand-Elisabeth_ARD-Moderator-Tom-Meiler_Gerard-Nicolas-Fritz-Kaiser-Franz-Joseph-I.-Darsteller-der-Kaisertage-in-Bad-Ischl-mit-Frau-Francoise-Zirves-edited-scaled.jpg\",\"width\":2560,\"height\":1440},{\"@type\":\"BreadcrumbList\",\"@id\":\"https:\/\/kulturonline.tv\/at\/feiern-wie-die-kaiserin-glanzvoller-geburtstag-fuer-das-hotel-grand-elisabeth-in-bad-ischl\/#breadcrumb\",\"itemListElement\":[{\"@type\":\"ListItem\",\"position\":1,\"name\":\"Startseite\",\"item\":\"https:\/\/kulturonline.tv\/at\/\"},{\"@type\":\"ListItem\",\"position\":2,\"name\":\"Feiern wie die Kaiserin: Glanzvoller Geburtstag f\u00fcr das Hotel Grand Elisabeth in Bad Ischl\"}]},{\"@type\":\"WebSite\",\"@id\":\"https:\/\/kulturonline.tv\/at\/#website\",\"url\":\"https:\/\/kulturonline.tv\/at\/\",\"name\":\"Kultur Online TV &amp; FM\",\"description\":\"Wir sind Kultur 2.0 zum sehen &amp; h\u00f6ren\",\"publisher\":{\"@id\":\"https:\/\/kulturonline.tv\/at\/#organization\"},\"potentialAction\":[{\"@type\":\"SearchAction\",\"target\":{\"@type\":\"EntryPoint\",\"urlTemplate\":\"https:\/\/kulturonline.tv\/at\/?s={search_term_string}\"},\"query-input\":{\"@type\":\"PropertyValueSpecification\",\"valueRequired\":true,\"valueName\":\"search_term_string\"}}],\"inLanguage\":\"de-AT\"},{\"@type\":\"Organization\",\"@id\":\"https:\/\/kulturonline.tv\/at\/#organization\",\"name\":\"Kultur Online TV\",\"url\":\"https:\/\/kulturonline.tv\/at\/\",\"logo\":{\"@type\":\"ImageObject\",\"inLanguage\":\"de-AT\",\"@id\":\"https:\/\/kulturonline.tv\/at\/#\/schema\/logo\/image\/\",\"url\":\"https:\/\/kulturonline.tv\/wp-content\/uploads\/2021\/08\/Kultur-Online-Tv-Logo-Endversion-neu.png\",\"contentUrl\":\"https:\/\/kulturonline.tv\/wp-content\/uploads\/2021\/08\/Kultur-Online-Tv-Logo-Endversion-neu.png\",\"width\":200,\"height\":200,\"caption\":\"Kultur Online TV\"},\"image\":{\"@id\":\"https:\/\/kulturonline.tv\/at\/#\/schema\/logo\/image\/\"},\"sameAs\":[\"https:\/\/www.facebook.com\/kulturonline.tv\",\"https:\/\/www.instagram.com\/kulturonline.tv\"]},{\"@type\":\"Person\",\"@id\":\"https:\/\/kulturonline.tv\/at\/#\/schema\/person\/b0fac729bb9a0c193fb1df23449df4fe\",\"name\":\"guenter.wolfgang\"}]}<\/script>\n<!-- \/ Yoast SEO plugin. -->","yoast_head_json":{"title":"Feiern wie die Kaiserin: Glanzvoller Geburtstag f\u00fcr das Hotel Grand Elisabeth in Bad Ischl - Kultur Online TV &amp; FM","description":"Bad Ischl \u2013 Ganz im Zeichen kaiserlicher Eleganz stand der erste Geburtstag des Hotels Grand Elisabeth in Bad Ischl. Das 4-Sterne-Superior-Haus feierte sein einj\u00e4hriges Bestehen mit einem rauschenden Fest und schlug dabei eine stilvolle Br\u00fccke zur Geschichte: Zeitgleich wurde auch der Hochzeitstag von Kaiserin Elisabeth (\u201eSisi\u201c) und Kaiser Franz Joseph zelebriert. Prominenter Stargast des Abends war Peter Weck, der letzte noch lebende Schauspieler der legend\u00e4ren \u201eSissi\u201c-Filme.","robots":{"index":"index","follow":"follow","max-snippet":"max-snippet:-1","max-image-preview":"max-image-preview:large","max-video-preview":"max-video-preview:-1"},"canonical":"https:\/\/kulturonline.tv\/at\/feiern-wie-die-kaiserin-glanzvoller-geburtstag-fuer-das-hotel-grand-elisabeth-in-bad-ischl\/","og_locale":"de_DE","og_type":"article","og_title":"Feiern wie die Kaiserin: Glanzvoller Geburtstag f\u00fcr das Hotel Grand Elisabeth in Bad Ischl - Kultur Online TV &amp; FM","og_description":"Bad Ischl \u2013 Ganz im Zeichen kaiserlicher Eleganz stand der erste Geburtstag des Hotels Grand Elisabeth in Bad Ischl. Das 4-Sterne-Superior-Haus feierte sein einj\u00e4hriges Bestehen mit einem rauschenden Fest und schlug dabei eine stilvolle Br\u00fccke zur Geschichte: Zeitgleich wurde auch der Hochzeitstag von Kaiserin Elisabeth (\u201eSisi\u201c) und Kaiser Franz Joseph zelebriert. Prominenter Stargast des Abends war Peter Weck, der letzte noch lebende Schauspieler der legend\u00e4ren \u201eSissi\u201c-Filme.","og_url":"https:\/\/kulturonline.tv\/at\/feiern-wie-die-kaiserin-glanzvoller-geburtstag-fuer-das-hotel-grand-elisabeth-in-bad-ischl\/","og_site_name":"Kultur Online TV &amp; FM","article_publisher":"https:\/\/www.facebook.com\/kulturonline.tv","article_published_time":"2026-04-29T09:16:13+00:00","article_modified_time":"2026-04-29T09:16:37+00:00","og_image":[{"width":2560,"height":1440,"url":"https:\/\/kulturonline.tv\/wp-content\/uploads\/2026\/04\/Grand-Elisabeth_ARD-Moderator-Tom-Meiler_Gerard-Nicolas-Fritz-Kaiser-Franz-Joseph-I.-Darsteller-der-Kaisertage-in-Bad-Ischl-mit-Frau-Francoise-Zirves-edited-scaled.jpg","type":"image\/jpeg"}],"author":"guenter.wolfgang","twitter_card":"summary_large_image","twitter_misc":{"Verfasst von":"guenter.wolfgang","Gesch\u00e4tzte Lesezeit":"2 Minuten"},"schema":{"@context":"https:\/\/schema.org","@graph":[{"@type":"Article","@id":"https:\/\/kulturonline.tv\/at\/feiern-wie-die-kaiserin-glanzvoller-geburtstag-fuer-das-hotel-grand-elisabeth-in-bad-ischl\/#article","isPartOf":{"@id":"https:\/\/kulturonline.tv\/at\/feiern-wie-die-kaiserin-glanzvoller-geburtstag-fuer-das-hotel-grand-elisabeth-in-bad-ischl\/"},"author":{"name":"guenter.wolfgang","@id":"https:\/\/kulturonline.tv\/at\/#\/schema\/person\/b0fac729bb9a0c193fb1df23449df4fe"},"headline":"Feiern wie die Kaiserin: Glanzvoller Geburtstag f\u00fcr das Hotel Grand Elisabeth in Bad Ischl","datePublished":"2026-04-29T09:16:13+00:00","dateModified":"2026-04-29T09:16:37+00:00","mainEntityOfPage":{"@id":"https:\/\/kulturonline.tv\/at\/feiern-wie-die-kaiserin-glanzvoller-geburtstag-fuer-das-hotel-grand-elisabeth-in-bad-ischl\/"},"wordCount":507,"publisher":{"@id":"https:\/\/kulturonline.tv\/at\/#organization"},"image":{"@id":"https:\/\/kulturonline.tv\/at\/feiern-wie-die-kaiserin-glanzvoller-geburtstag-fuer-das-hotel-grand-elisabeth-in-bad-ischl\/#primaryimage"},"thumbnailUrl":"https:\/\/kulturonline.tv\/wp-content\/uploads\/2026\/04\/Grand-Elisabeth_ARD-Moderator-Tom-Meiler_Gerard-Nicolas-Fritz-Kaiser-Franz-Joseph-I.-Darsteller-der-Kaisertage-in-Bad-Ischl-mit-Frau-Francoise-Zirves-edited-scaled.jpg","articleSection":["Themenbeitr\u00e4ge Gesellschaft &amp; Politik"],"inLanguage":"de-AT"},{"@type":"WebPage","@id":"https:\/\/kulturonline.tv\/at\/feiern-wie-die-kaiserin-glanzvoller-geburtstag-fuer-das-hotel-grand-elisabeth-in-bad-ischl\/","url":"https:\/\/kulturonline.tv\/at\/feiern-wie-die-kaiserin-glanzvoller-geburtstag-fuer-das-hotel-grand-elisabeth-in-bad-ischl\/","name":"Feiern wie die Kaiserin: Glanzvoller Geburtstag f\u00fcr das Hotel Grand Elisabeth in Bad Ischl - Kultur Online TV &amp; FM","isPartOf":{"@id":"https:\/\/kulturonline.tv\/at\/#website"},"primaryImageOfPage":{"@id":"https:\/\/kulturonline.tv\/at\/feiern-wie-die-kaiserin-glanzvoller-geburtstag-fuer-das-hotel-grand-elisabeth-in-bad-ischl\/#primaryimage"},"image":{"@id":"https:\/\/kulturonline.tv\/at\/feiern-wie-die-kaiserin-glanzvoller-geburtstag-fuer-das-hotel-grand-elisabeth-in-bad-ischl\/#primaryimage"},"thumbnailUrl":"https:\/\/kulturonline.tv\/wp-content\/uploads\/2026\/04\/Grand-Elisabeth_ARD-Moderator-Tom-Meiler_Gerard-Nicolas-Fritz-Kaiser-Franz-Joseph-I.-Darsteller-der-Kaisertage-in-Bad-Ischl-mit-Frau-Francoise-Zirves-edited-scaled.jpg","datePublished":"2026-04-29T09:16:13+00:00","dateModified":"2026-04-29T09:16:37+00:00","description":"Bad Ischl \u2013 Ganz im Zeichen kaiserlicher Eleganz stand der erste Geburtstag des Hotels Grand Elisabeth in Bad Ischl. Das 4-Sterne-Superior-Haus feierte sein einj\u00e4hriges Bestehen mit einem rauschenden Fest und schlug dabei eine stilvolle Br\u00fccke zur Geschichte: Zeitgleich wurde auch der Hochzeitstag von Kaiserin Elisabeth (\u201eSisi\u201c) und Kaiser Franz Joseph zelebriert. Prominenter Stargast des Abends war Peter Weck, der letzte noch lebende Schauspieler der legend\u00e4ren \u201eSissi\u201c-Filme.","breadcrumb":{"@id":"https:\/\/kulturonline.tv\/at\/feiern-wie-die-kaiserin-glanzvoller-geburtstag-fuer-das-hotel-grand-elisabeth-in-bad-ischl\/#breadcrumb"},"inLanguage":"de-AT","potentialAction":[{"@type":"ReadAction","target":["https:\/\/kulturonline.tv\/at\/feiern-wie-die-kaiserin-glanzvoller-geburtstag-fuer-das-hotel-grand-elisabeth-in-bad-ischl\/"]}]},{"@type":"ImageObject","inLanguage":"de-AT","@id":"https:\/\/kulturonline.tv\/at\/feiern-wie-die-kaiserin-glanzvoller-geburtstag-fuer-das-hotel-grand-elisabeth-in-bad-ischl\/#primaryimage","url":"https:\/\/kulturonline.tv\/wp-content\/uploads\/2026\/04\/Grand-Elisabeth_ARD-Moderator-Tom-Meiler_Gerard-Nicolas-Fritz-Kaiser-Franz-Joseph-I.-Darsteller-der-Kaisertage-in-Bad-Ischl-mit-Frau-Francoise-Zirves-edited-scaled.jpg","contentUrl":"https:\/\/kulturonline.tv\/wp-content\/uploads\/2026\/04\/Grand-Elisabeth_ARD-Moderator-Tom-Meiler_Gerard-Nicolas-Fritz-Kaiser-Franz-Joseph-I.-Darsteller-der-Kaisertage-in-Bad-Ischl-mit-Frau-Francoise-Zirves-edited-scaled.jpg","width":2560,"height":1440},{"@type":"BreadcrumbList","@id":"https:\/\/kulturonline.tv\/at\/feiern-wie-die-kaiserin-glanzvoller-geburtstag-fuer-das-hotel-grand-elisabeth-in-bad-ischl\/#breadcrumb","itemListElement":[{"@type":"ListItem","position":1,"name":"Startseite","item":"https:\/\/kulturonline.tv\/at\/"},{"@type":"ListItem","position":2,"name":"Feiern wie die Kaiserin: Glanzvoller Geburtstag f\u00fcr das Hotel Grand Elisabeth in Bad Ischl"}]},{"@type":"WebSite","@id":"https:\/\/kulturonline.tv\/at\/#website","url":"https:\/\/kulturonline.tv\/at\/","name":"Kultur Online TV &amp; FM","description":"Wir sind Kultur 2.0 zum sehen &amp; h\u00f6ren","publisher":{"@id":"https:\/\/kulturonline.tv\/at\/#organization"},"potentialAction":[{"@type":"SearchAction","target":{"@type":"EntryPoint","urlTemplate":"https:\/\/kulturonline.tv\/at\/?s={search_term_string}"},"query-input":{"@type":"PropertyValueSpecification","valueRequired":true,"valueName":"search_term_string"}}],"inLanguage":"de-AT"},{"@type":"Organization","@id":"https:\/\/kulturonline.tv\/at\/#organization","name":"Kultur Online TV","url":"https:\/\/kulturonline.tv\/at\/","logo":{"@type":"ImageObject","inLanguage":"de-AT","@id":"https:\/\/kulturonline.tv\/at\/#\/schema\/logo\/image\/","url":"https:\/\/kulturonline.tv\/wp-content\/uploads\/2021\/08\/Kultur-Online-Tv-Logo-Endversion-neu.png","contentUrl":"https:\/\/kulturonline.tv\/wp-content\/uploads\/2021\/08\/Kultur-Online-Tv-Logo-Endversion-neu.png","width":200,"height":200,"caption":"Kultur Online TV"},"image":{"@id":"https:\/\/kulturonline.tv\/at\/#\/schema\/logo\/image\/"},"sameAs":["https:\/\/www.facebook.com\/kulturonline.tv","https:\/\/www.instagram.com\/kulturonline.tv"]},{"@type":"Person","@id":"https:\/\/kulturonline.tv\/at\/#\/schema\/person\/b0fac729bb9a0c193fb1df23449df4fe","name":"guenter.wolfgang"}]}},"_links":{"self":[{"href":"https:\/\/kulturonline.tv\/at\/wp-json\/wp\/v2\/posts\/148055","targetHints":{"allow":["GET"]}}],"collection":[{"href":"https:\/\/kulturonline.tv\/at\/wp-json\/wp\/v2\/posts"}],"about":[{"href":"https:\/\/kulturonline.tv\/at\/wp-json\/wp\/v2\/types\/post"}],"author":[{"embeddable":true,"href":"https:\/\/kulturonline.tv\/at\/wp-json\/wp\/v2\/users\/2"}],"replies":[{"embeddable":true,"href":"https:\/\/kulturonline.tv\/at\/wp-json\/wp\/v2\/comments?post=148055"}],"version-history":[{"count":1,"href":"https:\/\/kulturonline.tv\/at\/wp-json\/wp\/v2\/posts\/148055\/revisions"}],"predecessor-version":[{"id":148064,"href":"https:\/\/kulturonline.tv\/at\/wp-json\/wp\/v2\/posts\/148055\/revisions\/148064"}],"wp:featuredmedia":[{"embeddable":true,"href":"https:\/\/kulturonline.tv\/at\/wp-json\/wp\/v2\/media\/148058"}],"wp:attachment":[{"href":"https:\/\/kulturonline.tv\/at\/wp-json\/wp\/v2\/media?parent=148055"}],"wp:term":[{"taxonomy":"category","embeddable":true,"href":"https:\/\/kulturonline.tv\/at\/wp-json\/wp\/v2\/categories?post=148055"},{"taxonomy":"post_tag","embeddable":true,"href":"https:\/\/kulturonline.tv\/at\/wp-json\/wp\/v2\/tags?post=148055"}],"curies":[{"name":"wp","href":"https:\/\/api.w.org\/{rel}","templated":true}]}}