{"id":14853,"date":"2021-12-07T10:14:51","date_gmt":"2021-12-07T09:14:51","guid":{"rendered":"https:\/\/kulturonline.tv\/?p=14853"},"modified":"2021-12-07T10:14:52","modified_gmt":"2021-12-07T09:14:52","slug":"abdulrazak-gurnah-erhielt-literaturnobelpreis-in-london","status":"publish","type":"post","link":"https:\/\/kulturonline.tv\/at\/abdulrazak-gurnah-erhielt-literaturnobelpreis-in-london\/","title":{"rendered":"Abdulrazak Gurnah erhielt Literaturnobelpreis in London"},"content":{"rendered":"\n<p>Der diesj\u00e4hrige tansanische Literaturnobelpreistr\u00e4ger Abdulrazak Gurnah ist in London offiziell ausgezeichnet worden.<\/p>\n\n\n\n<figure class=\"wp-block-image size-full is-resized\"><img fetchpriority=\"high\" decoding=\"async\" src=\"https:\/\/kulturonline.tv\/wp-content\/uploads\/2021\/12\/Kultur-Online-TV-FM-3.jpg\" alt=\"\" class=\"wp-image-14855\" width=\"841\" height=\"472\" srcset=\"https:\/\/kulturonline.tv\/wp-content\/uploads\/2021\/12\/Kultur-Online-TV-FM-3.jpg 600w, https:\/\/kulturonline.tv\/wp-content\/uploads\/2021\/12\/Kultur-Online-TV-FM-3-416x234.jpg 416w\" sizes=\"(max-width: 841px) 100vw, 841px\" \/><\/figure>\n\n\n\n<p><strong>Gurnah erhielt am Montagmittag von der schwedischen Botschafterin Mikaela Kumlin Granit eine Medaille und Nobelpreisurkunde, wie das zust\u00e4ndige Komitee im Anschluss best\u00e4tigte.<\/strong><\/p>\n\n\n\n<p>Angesichts der Pandemie erhalten fast alle Preistr\u00e4gerinnen und Preistr\u00e4ger ihre Auszeichnungen in diesem Jahr in ihren Heimatl\u00e4ndern statt wie \u00fcblich in Stockholm. Nur die Friedensnobelpreistr\u00e4ger, die traditionell als einzige in Oslo ausgezeichnet werden, werden auch in diesem Jahr zur feierlichen Ehrung in der norwegischen Hauptstadt erwartet.<\/p>\n\n\n\n<p>Der 1948 auf der Insel Sansibar geborene Autor Gurnah erh\u00e4lt den Preis &#8222;f\u00fcr sein kompromissloses und mitf\u00fchlendes Durchdringen der Auswirkungen des Kolonialismus und des Schicksals des Fl\u00fcchtlings in der Kluft zwischen Kulturen und Kontinenten&#8220;, wie die Schwedische Akademie im Oktober bekannt gab.<\/p>\n\n\n\n<p>Als Fl\u00fcchtling kam Gurnah Ende der 60er Jahre nach Gro\u00dfbritannien, wo er seither lebt. Er hat nach Angaben der Schwedischen Akademie zehn Romane ver\u00f6ffentlicht, au\u00dferdem eine Reihe von Kurzgeschichten.<\/p>\n\n\n\n<p>Kultur Online TV<\/p>\n\n\n\n<p>#literatur #preise<\/p>\n","protected":false},"excerpt":{"rendered":"<p>Der diesj\u00e4hrige tansanische Literaturnobelpreistr\u00e4ger Abdulrazak Gurnah ist in London offiziell ausgezeichnet worden. Gurnah erhielt am Montagmittag von der schwedischen Botschafterin Mikaela Kumlin Granit eine Medaille und Nobelpreisurkunde, wie das zust\u00e4ndige Komitee im Anschluss best\u00e4tigte. Angesichts der Pandemie erhalten fast alle Preistr\u00e4gerinnen und Preistr\u00e4ger ihre Auszeichnungen in diesem Jahr in ihren Heimatl\u00e4ndern statt wie \u00fcblich in [&hellip;]<\/p>\n","protected":false},"author":2,"featured_media":14855,"comment_status":"closed","ping_status":"closed","sticky":false,"template":"","format":"standard","meta":{"_acf_changed":false,"footnotes":""},"categories":[133],"tags":[],"class_list":["post-14853","post","type-post","status-publish","format-standard","has-post-thumbnail","hentry","category-literatur"],"acf":[],"yoast_head":"<!-- This site is optimized with the Yoast SEO plugin v26.1.1 - https:\/\/yoast.com\/wordpress\/plugins\/seo\/ -->\n<title>Abdulrazak Gurnah erhielt Literaturnobelpreis in London - Kultur Online TV &amp; FM<\/title>\n<meta name=\"description\" content=\"Kultur sehen und H\u00f6ren\" \/>\n<meta name=\"robots\" content=\"index, follow, max-snippet:-1, max-image-preview:large, max-video-preview:-1\" \/>\n<link rel=\"canonical\" href=\"https:\/\/kulturonline.tv\/at\/abdulrazak-gurnah-erhielt-literaturnobelpreis-in-london\/\" \/>\n<meta property=\"og:locale\" content=\"de_DE\" \/>\n<meta property=\"og:type\" content=\"article\" \/>\n<meta property=\"og:title\" content=\"Abdulrazak Gurnah erhielt Literaturnobelpreis in London - Kultur Online TV &amp; FM\" \/>\n<meta property=\"og:description\" content=\"Kultur sehen und H\u00f6ren\" \/>\n<meta property=\"og:url\" content=\"https:\/\/kulturonline.tv\/at\/abdulrazak-gurnah-erhielt-literaturnobelpreis-in-london\/\" \/>\n<meta property=\"og:site_name\" content=\"Kultur Online TV &amp; FM\" \/>\n<meta property=\"article:publisher\" content=\"https:\/\/www.facebook.com\/kulturonline.tv\" \/>\n<meta property=\"article:published_time\" content=\"2021-12-07T09:14:51+00:00\" \/>\n<meta property=\"article:modified_time\" content=\"2021-12-07T09:14:52+00:00\" \/>\n<meta property=\"og:image\" content=\"https:\/\/kulturonline.tv\/wp-content\/uploads\/2021\/12\/Kultur-Online-TV-FM-3.jpg\" \/>\n\t<meta property=\"og:image:width\" content=\"600\" \/>\n\t<meta property=\"og:image:height\" content=\"337\" \/>\n\t<meta property=\"og:image:type\" content=\"image\/jpeg\" \/>\n<meta name=\"author\" content=\"guenter.wolfgang\" \/>\n<meta name=\"twitter:card\" content=\"summary_large_image\" \/>\n<meta name=\"twitter:label1\" content=\"Verfasst von\" \/>\n\t<meta name=\"twitter:data1\" content=\"guenter.wolfgang\" \/>\n\t<meta name=\"twitter:label2\" content=\"Gesch\u00e4tzte Lesezeit\" \/>\n\t<meta name=\"twitter:data2\" content=\"1 Minute\" \/>\n<script type=\"application\/ld+json\" class=\"yoast-schema-graph\">{\"@context\":\"https:\/\/schema.org\",\"@graph\":[{\"@type\":\"Article\",\"@id\":\"https:\/\/kulturonline.tv\/at\/abdulrazak-gurnah-erhielt-literaturnobelpreis-in-london\/#article\",\"isPartOf\":{\"@id\":\"https:\/\/kulturonline.tv\/at\/abdulrazak-gurnah-erhielt-literaturnobelpreis-in-london\/\"},\"author\":{\"name\":\"guenter.wolfgang\",\"@id\":\"https:\/\/kulturonline.tv\/at\/#\/schema\/person\/b0fac729bb9a0c193fb1df23449df4fe\"},\"headline\":\"Abdulrazak Gurnah erhielt Literaturnobelpreis in London\",\"datePublished\":\"2021-12-07T09:14:51+00:00\",\"dateModified\":\"2021-12-07T09:14:52+00:00\",\"mainEntityOfPage\":{\"@id\":\"https:\/\/kulturonline.tv\/at\/abdulrazak-gurnah-erhielt-literaturnobelpreis-in-london\/\"},\"wordCount\":177,\"publisher\":{\"@id\":\"https:\/\/kulturonline.tv\/at\/#organization\"},\"image\":{\"@id\":\"https:\/\/kulturonline.tv\/at\/abdulrazak-gurnah-erhielt-literaturnobelpreis-in-london\/#primaryimage\"},\"thumbnailUrl\":\"https:\/\/kulturonline.tv\/wp-content\/uploads\/2021\/12\/Kultur-Online-TV-FM-3.jpg\",\"articleSection\":[\"Literatur\"],\"inLanguage\":\"de-AT\"},{\"@type\":\"WebPage\",\"@id\":\"https:\/\/kulturonline.tv\/at\/abdulrazak-gurnah-erhielt-literaturnobelpreis-in-london\/\",\"url\":\"https:\/\/kulturonline.tv\/at\/abdulrazak-gurnah-erhielt-literaturnobelpreis-in-london\/\",\"name\":\"Abdulrazak Gurnah erhielt Literaturnobelpreis in London - Kultur Online TV &amp; FM\",\"isPartOf\":{\"@id\":\"https:\/\/kulturonline.tv\/at\/#website\"},\"primaryImageOfPage\":{\"@id\":\"https:\/\/kulturonline.tv\/at\/abdulrazak-gurnah-erhielt-literaturnobelpreis-in-london\/#primaryimage\"},\"image\":{\"@id\":\"https:\/\/kulturonline.tv\/at\/abdulrazak-gurnah-erhielt-literaturnobelpreis-in-london\/#primaryimage\"},\"thumbnailUrl\":\"https:\/\/kulturonline.tv\/wp-content\/uploads\/2021\/12\/Kultur-Online-TV-FM-3.jpg\",\"datePublished\":\"2021-12-07T09:14:51+00:00\",\"dateModified\":\"2021-12-07T09:14:52+00:00\",\"description\":\"Kultur sehen und H\u00f6ren\",\"breadcrumb\":{\"@id\":\"https:\/\/kulturonline.tv\/at\/abdulrazak-gurnah-erhielt-literaturnobelpreis-in-london\/#breadcrumb\"},\"inLanguage\":\"de-AT\",\"potentialAction\":[{\"@type\":\"ReadAction\",\"target\":[\"https:\/\/kulturonline.tv\/at\/abdulrazak-gurnah-erhielt-literaturnobelpreis-in-london\/\"]}]},{\"@type\":\"ImageObject\",\"inLanguage\":\"de-AT\",\"@id\":\"https:\/\/kulturonline.tv\/at\/abdulrazak-gurnah-erhielt-literaturnobelpreis-in-london\/#primaryimage\",\"url\":\"https:\/\/kulturonline.tv\/wp-content\/uploads\/2021\/12\/Kultur-Online-TV-FM-3.jpg\",\"contentUrl\":\"https:\/\/kulturonline.tv\/wp-content\/uploads\/2021\/12\/Kultur-Online-TV-FM-3.jpg\",\"width\":600,\"height\":337},{\"@type\":\"BreadcrumbList\",\"@id\":\"https:\/\/kulturonline.tv\/at\/abdulrazak-gurnah-erhielt-literaturnobelpreis-in-london\/#breadcrumb\",\"itemListElement\":[{\"@type\":\"ListItem\",\"position\":1,\"name\":\"Startseite\",\"item\":\"https:\/\/kulturonline.tv\/at\/\"},{\"@type\":\"ListItem\",\"position\":2,\"name\":\"Abdulrazak Gurnah erhielt Literaturnobelpreis in London\"}]},{\"@type\":\"WebSite\",\"@id\":\"https:\/\/kulturonline.tv\/at\/#website\",\"url\":\"https:\/\/kulturonline.tv\/at\/\",\"name\":\"Kultur Online TV &amp; FM\",\"description\":\"Wir sind Kultur 2.0 zum sehen &amp; h\u00f6ren\",\"publisher\":{\"@id\":\"https:\/\/kulturonline.tv\/at\/#organization\"},\"potentialAction\":[{\"@type\":\"SearchAction\",\"target\":{\"@type\":\"EntryPoint\",\"urlTemplate\":\"https:\/\/kulturonline.tv\/at\/?s={search_term_string}\"},\"query-input\":{\"@type\":\"PropertyValueSpecification\",\"valueRequired\":true,\"valueName\":\"search_term_string\"}}],\"inLanguage\":\"de-AT\"},{\"@type\":\"Organization\",\"@id\":\"https:\/\/kulturonline.tv\/at\/#organization\",\"name\":\"Kultur Online TV\",\"url\":\"https:\/\/kulturonline.tv\/at\/\",\"logo\":{\"@type\":\"ImageObject\",\"inLanguage\":\"de-AT\",\"@id\":\"https:\/\/kulturonline.tv\/at\/#\/schema\/logo\/image\/\",\"url\":\"https:\/\/kulturonline.tv\/wp-content\/uploads\/2021\/08\/Kultur-Online-Tv-Logo-Endversion-neu.png\",\"contentUrl\":\"https:\/\/kulturonline.tv\/wp-content\/uploads\/2021\/08\/Kultur-Online-Tv-Logo-Endversion-neu.png\",\"width\":200,\"height\":200,\"caption\":\"Kultur Online TV\"},\"image\":{\"@id\":\"https:\/\/kulturonline.tv\/at\/#\/schema\/logo\/image\/\"},\"sameAs\":[\"https:\/\/www.facebook.com\/kulturonline.tv\",\"https:\/\/www.instagram.com\/kulturonline.tv\"]},{\"@type\":\"Person\",\"@id\":\"https:\/\/kulturonline.tv\/at\/#\/schema\/person\/b0fac729bb9a0c193fb1df23449df4fe\",\"name\":\"guenter.wolfgang\"}]}<\/script>\n<!-- \/ Yoast SEO plugin. -->","yoast_head_json":{"title":"Abdulrazak Gurnah erhielt Literaturnobelpreis in London - Kultur Online TV &amp; FM","description":"Kultur sehen und H\u00f6ren","robots":{"index":"index","follow":"follow","max-snippet":"max-snippet:-1","max-image-preview":"max-image-preview:large","max-video-preview":"max-video-preview:-1"},"canonical":"https:\/\/kulturonline.tv\/at\/abdulrazak-gurnah-erhielt-literaturnobelpreis-in-london\/","og_locale":"de_DE","og_type":"article","og_title":"Abdulrazak Gurnah erhielt Literaturnobelpreis in London - Kultur Online TV &amp; FM","og_description":"Kultur sehen und H\u00f6ren","og_url":"https:\/\/kulturonline.tv\/at\/abdulrazak-gurnah-erhielt-literaturnobelpreis-in-london\/","og_site_name":"Kultur Online TV &amp; FM","article_publisher":"https:\/\/www.facebook.com\/kulturonline.tv","article_published_time":"2021-12-07T09:14:51+00:00","article_modified_time":"2021-12-07T09:14:52+00:00","og_image":[{"width":600,"height":337,"url":"https:\/\/kulturonline.tv\/wp-content\/uploads\/2021\/12\/Kultur-Online-TV-FM-3.jpg","type":"image\/jpeg"}],"author":"guenter.wolfgang","twitter_card":"summary_large_image","twitter_misc":{"Verfasst von":"guenter.wolfgang","Gesch\u00e4tzte Lesezeit":"1 Minute"},"schema":{"@context":"https:\/\/schema.org","@graph":[{"@type":"Article","@id":"https:\/\/kulturonline.tv\/at\/abdulrazak-gurnah-erhielt-literaturnobelpreis-in-london\/#article","isPartOf":{"@id":"https:\/\/kulturonline.tv\/at\/abdulrazak-gurnah-erhielt-literaturnobelpreis-in-london\/"},"author":{"name":"guenter.wolfgang","@id":"https:\/\/kulturonline.tv\/at\/#\/schema\/person\/b0fac729bb9a0c193fb1df23449df4fe"},"headline":"Abdulrazak Gurnah erhielt Literaturnobelpreis in London","datePublished":"2021-12-07T09:14:51+00:00","dateModified":"2021-12-07T09:14:52+00:00","mainEntityOfPage":{"@id":"https:\/\/kulturonline.tv\/at\/abdulrazak-gurnah-erhielt-literaturnobelpreis-in-london\/"},"wordCount":177,"publisher":{"@id":"https:\/\/kulturonline.tv\/at\/#organization"},"image":{"@id":"https:\/\/kulturonline.tv\/at\/abdulrazak-gurnah-erhielt-literaturnobelpreis-in-london\/#primaryimage"},"thumbnailUrl":"https:\/\/kulturonline.tv\/wp-content\/uploads\/2021\/12\/Kultur-Online-TV-FM-3.jpg","articleSection":["Literatur"],"inLanguage":"de-AT"},{"@type":"WebPage","@id":"https:\/\/kulturonline.tv\/at\/abdulrazak-gurnah-erhielt-literaturnobelpreis-in-london\/","url":"https:\/\/kulturonline.tv\/at\/abdulrazak-gurnah-erhielt-literaturnobelpreis-in-london\/","name":"Abdulrazak Gurnah erhielt Literaturnobelpreis in London - Kultur Online TV &amp; FM","isPartOf":{"@id":"https:\/\/kulturonline.tv\/at\/#website"},"primaryImageOfPage":{"@id":"https:\/\/kulturonline.tv\/at\/abdulrazak-gurnah-erhielt-literaturnobelpreis-in-london\/#primaryimage"},"image":{"@id":"https:\/\/kulturonline.tv\/at\/abdulrazak-gurnah-erhielt-literaturnobelpreis-in-london\/#primaryimage"},"thumbnailUrl":"https:\/\/kulturonline.tv\/wp-content\/uploads\/2021\/12\/Kultur-Online-TV-FM-3.jpg","datePublished":"2021-12-07T09:14:51+00:00","dateModified":"2021-12-07T09:14:52+00:00","description":"Kultur sehen und H\u00f6ren","breadcrumb":{"@id":"https:\/\/kulturonline.tv\/at\/abdulrazak-gurnah-erhielt-literaturnobelpreis-in-london\/#breadcrumb"},"inLanguage":"de-AT","potentialAction":[{"@type":"ReadAction","target":["https:\/\/kulturonline.tv\/at\/abdulrazak-gurnah-erhielt-literaturnobelpreis-in-london\/"]}]},{"@type":"ImageObject","inLanguage":"de-AT","@id":"https:\/\/kulturonline.tv\/at\/abdulrazak-gurnah-erhielt-literaturnobelpreis-in-london\/#primaryimage","url":"https:\/\/kulturonline.tv\/wp-content\/uploads\/2021\/12\/Kultur-Online-TV-FM-3.jpg","contentUrl":"https:\/\/kulturonline.tv\/wp-content\/uploads\/2021\/12\/Kultur-Online-TV-FM-3.jpg","width":600,"height":337},{"@type":"BreadcrumbList","@id":"https:\/\/kulturonline.tv\/at\/abdulrazak-gurnah-erhielt-literaturnobelpreis-in-london\/#breadcrumb","itemListElement":[{"@type":"ListItem","position":1,"name":"Startseite","item":"https:\/\/kulturonline.tv\/at\/"},{"@type":"ListItem","position":2,"name":"Abdulrazak Gurnah erhielt Literaturnobelpreis in London"}]},{"@type":"WebSite","@id":"https:\/\/kulturonline.tv\/at\/#website","url":"https:\/\/kulturonline.tv\/at\/","name":"Kultur Online TV &amp; FM","description":"Wir sind Kultur 2.0 zum sehen &amp; h\u00f6ren","publisher":{"@id":"https:\/\/kulturonline.tv\/at\/#organization"},"potentialAction":[{"@type":"SearchAction","target":{"@type":"EntryPoint","urlTemplate":"https:\/\/kulturonline.tv\/at\/?s={search_term_string}"},"query-input":{"@type":"PropertyValueSpecification","valueRequired":true,"valueName":"search_term_string"}}],"inLanguage":"de-AT"},{"@type":"Organization","@id":"https:\/\/kulturonline.tv\/at\/#organization","name":"Kultur Online TV","url":"https:\/\/kulturonline.tv\/at\/","logo":{"@type":"ImageObject","inLanguage":"de-AT","@id":"https:\/\/kulturonline.tv\/at\/#\/schema\/logo\/image\/","url":"https:\/\/kulturonline.tv\/wp-content\/uploads\/2021\/08\/Kultur-Online-Tv-Logo-Endversion-neu.png","contentUrl":"https:\/\/kulturonline.tv\/wp-content\/uploads\/2021\/08\/Kultur-Online-Tv-Logo-Endversion-neu.png","width":200,"height":200,"caption":"Kultur Online TV"},"image":{"@id":"https:\/\/kulturonline.tv\/at\/#\/schema\/logo\/image\/"},"sameAs":["https:\/\/www.facebook.com\/kulturonline.tv","https:\/\/www.instagram.com\/kulturonline.tv"]},{"@type":"Person","@id":"https:\/\/kulturonline.tv\/at\/#\/schema\/person\/b0fac729bb9a0c193fb1df23449df4fe","name":"guenter.wolfgang"}]}},"_links":{"self":[{"href":"https:\/\/kulturonline.tv\/at\/wp-json\/wp\/v2\/posts\/14853","targetHints":{"allow":["GET"]}}],"collection":[{"href":"https:\/\/kulturonline.tv\/at\/wp-json\/wp\/v2\/posts"}],"about":[{"href":"https:\/\/kulturonline.tv\/at\/wp-json\/wp\/v2\/types\/post"}],"author":[{"embeddable":true,"href":"https:\/\/kulturonline.tv\/at\/wp-json\/wp\/v2\/users\/2"}],"replies":[{"embeddable":true,"href":"https:\/\/kulturonline.tv\/at\/wp-json\/wp\/v2\/comments?post=14853"}],"version-history":[{"count":0,"href":"https:\/\/kulturonline.tv\/at\/wp-json\/wp\/v2\/posts\/14853\/revisions"}],"wp:featuredmedia":[{"embeddable":true,"href":"https:\/\/kulturonline.tv\/at\/wp-json\/wp\/v2\/media\/14855"}],"wp:attachment":[{"href":"https:\/\/kulturonline.tv\/at\/wp-json\/wp\/v2\/media?parent=14853"}],"wp:term":[{"taxonomy":"category","embeddable":true,"href":"https:\/\/kulturonline.tv\/at\/wp-json\/wp\/v2\/categories?post=14853"},{"taxonomy":"post_tag","embeddable":true,"href":"https:\/\/kulturonline.tv\/at\/wp-json\/wp\/v2\/tags?post=14853"}],"curies":[{"name":"wp","href":"https:\/\/api.w.org\/{rel}","templated":true}]}}