{"id":15383,"date":"2021-12-09T03:45:07","date_gmt":"2021-12-09T02:45:07","guid":{"rendered":"https:\/\/kulturonline.tv\/?p=15383"},"modified":"2022-08-12T16:23:41","modified_gmt":"2022-08-12T14:23:41","slug":"der-kleine-lord","status":"publish","type":"post","link":"https:\/\/kulturonline.tv\/at\/der-kleine-lord\/","title":{"rendered":"Der kleine Lord"},"content":{"rendered":"\n<p>&#8222;Du siehst nicht mehr so sch\u00f6n aus wie fr\u00fcher, aber fluchen kannst du immer noch&#8220;<\/p>\n\n\n\n<figure class=\"wp-block-image size-full is-resized\"><img decoding=\"async\" src=\"https:\/\/kulturonline.tv\/wp-content\/uploads\/2021\/12\/der-kleine-lord-ricky-schroder-grosvaterid3f285c54bintouchw1415ca00.62100.0087.62rmsk-edited.jpg\" alt=\"\" class=\"wp-image-15379\" width=\"840\" srcset=\"https:\/\/kulturonline.tv\/wp-content\/uploads\/2021\/12\/der-kleine-lord-ricky-schroder-grosvaterid3f285c54bintouchw1415ca00.62100.0087.62rmsk-edited.jpg 1411w, https:\/\/kulturonline.tv\/wp-content\/uploads\/2021\/12\/der-kleine-lord-ricky-schroder-grosvaterid3f285c54bintouchw1415ca00.62100.0087.62rmsk-edited-600x338.jpg 600w, https:\/\/kulturonline.tv\/wp-content\/uploads\/2021\/12\/der-kleine-lord-ricky-schroder-grosvaterid3f285c54bintouchw1415ca00.62100.0087.62rmsk-edited-800x450.jpg 800w, https:\/\/kulturonline.tv\/wp-content\/uploads\/2021\/12\/der-kleine-lord-ricky-schroder-grosvaterid3f285c54bintouchw1415ca00.62100.0087.62rmsk-edited-768x432.jpg 768w\" sizes=\"(max-width: 1411px) 100vw, 1411px\" \/><figcaption>\u00a9 Imago<\/figcaption><\/figure>\n\n\n\n<p>Der Weihnachtsklassiker l\u00e4uft erstmals genau eine Woche vor Heiligabend, am Freitag, den 17.12.2021, um 20:15 Uhr im \u00f6ffentlichen Fernsehen. <\/p>\n\n\n\n<p>Cedric Errol ist ein kleiner Junge aus New York. Seine Mutter ist Amerikanerin, aber was er bis dahin nicht wusste, ist, dass sein verstorbener Vater ein Sohn des kaltherzigen englischen Earl of Dorincourt ist. Seine beiden Onkel v\u00e4terlicherseits sind kinderlos gestorben, somit ist Cedric der einzige noch lebende Nachfolger.<\/p>\n\n\n\n<p>Er soll nun den Grafentitel erben, muss daf\u00fcr aber nach England ziehen. Schweren Herzens verl\u00e4sst der kleine Cedric seine Freunde und macht die lange Schiffsreise quer \u00fcber das grosse Wasser nach England. Dort angekommen, wohnt er im Schloss, wo hingegen seine Mutter angeblich &#8222;standesgem\u00e4\u00df&#8220; im Ort wohnt. Der Gro\u00dfvater w\u00fcnscht keinen Kontakt zu ihr, aber Cedric darf sie jederzeit dort besuchen. <\/p>\n\n\n\n<p>Nach und nach gelingt es dem zuk\u00fcnftigen Lord Fauntleroy mit seiner offenherzigen und liebenswerten Art das Herz des alten Lords zu erweichen. Schlie\u00dflich veranlasst er einen Besuch in &#8222;seinem&#8220; Armenviertel. <\/p>\n\n\n\n<p>Der Gro\u00dfvater erkennt die herrschenden Missst\u00e4nde und l\u00e4sst sie gleich beseitigen, indem er neue H\u00fctten bauen l\u00e4sst und die Arbeiten pers\u00f6nlich kontrolliert &#8211; sehr zur freudigen \u00dcberraschung aller Mitmenschen des alten Grafen.<\/p>\n\n\n\n<p>Schlie\u00dflich schafft es Cedric, dass sein Gro\u00dfvater dessen Mutter doch noch voll und ganz anerkennt, akzeptiert und sogar lieben lernt. Aber inzwischen spielt eine mutma\u00dfliche Betr\u00fcgerin mit, die versucht, ihren Sohn als den rechtm\u00e4\u00dfigen Erben des Titels durchzusetzen. <\/p>\n\n\n\n<p>Minna, so die Betr\u00fcgerin, wird mit Hilfe von Cedrics alten Freunden aus Amerika entlarvt und die Geschichte endet mit einem gemeinsamen, &#8222;klassen\u00fcbergreifenden&#8220; Fest auf Schloss Dorincourt, mit dem Cedrics achter Geburtstag gefeiert wird. Zwei der Freunde aus dem fr\u00fcheren Umfeld bleiben bei Cedric, dem Lord of Fauntleroy, in England.<\/p>\n\n\n\n<p>Mit dem durchg\u00e4ngigen Gegensatz von amerikanisch-demokratischer und britisch-aristokratischer Lebensweise und deren Werte ist die Geschichte auch heute noch reizvoll. Hinzu kommt die Beschreibung der damaligen sozialen Missst\u00e4nde und dem idealisierten Kind.<\/p>\n\n\n\n<p>Die Charaktere \u00fcberzeugen und sind auch in dieser Neuversion herzerw\u00e4rmend dargestellt und klar herausgearbeitet. Der alte Lord schaut nicht nur anfangs stets zornig, seine K\u00f6rperhaltung, seine Skepsis und seine Verbitterung sind in Wort und Bild klar herausgearbeitet, ebenso wie sein &#8222;Gegenspieler&#8220; der kleine Lord, der wohl jedes Herz \u00f6ffnet und erfreut &#8211; und wie es sich f\u00fcr ein M\u00e4rchen geh\u00f6rt, ist der kleine Lord schon zu perfekt, als dass er aus dem wahren Leben entstammen k\u00f6nnte.<\/p>\n\n\n\n<p>Eine Geschichte rund um die Freundschaft, Liebe und Mitgef\u00fchl.<\/p>\n\n\n\n<p>Kultur Online TV<\/p>\n\n\n\n<p>#lord #tv #movie #weihnachten #kultur<\/p>\n","protected":false},"excerpt":{"rendered":"<p>&#8222;Du siehst nicht mehr so sch\u00f6n aus wie fr\u00fcher, aber fluchen kannst du immer noch&#8220; Der Weihnachtsklassiker l\u00e4uft erstmals genau eine Woche vor Heiligabend, am Freitag, den 17.12.2021, um 20:15 Uhr im \u00f6ffentlichen Fernsehen. Cedric Errol ist ein kleiner Junge aus New York. Seine Mutter ist Amerikanerin, aber was er bis dahin nicht wusste, ist, [&hellip;]<\/p>\n","protected":false},"author":2,"featured_media":15380,"comment_status":"closed","ping_status":"closed","sticky":false,"template":"","format":"standard","meta":{"_acf_changed":false,"footnotes":""},"categories":[188,1],"tags":[],"class_list":["post-15383","post","type-post","status-publish","format-standard","has-post-thumbnail","hentry","category-medien","category-unkategorisiert"],"acf":[],"yoast_head":"<!-- This site is optimized with the Yoast SEO plugin v26.1.1 - https:\/\/yoast.com\/wordpress\/plugins\/seo\/ -->\n<title>Der kleine Lord - Kultur Online TV &amp; FM<\/title>\n<meta name=\"description\" content=\"Kultur sehen und H\u00f6ren\" \/>\n<meta name=\"robots\" content=\"index, follow, max-snippet:-1, max-image-preview:large, max-video-preview:-1\" \/>\n<link rel=\"canonical\" href=\"https:\/\/kulturonline.tv\/at\/der-kleine-lord\/\" \/>\n<meta property=\"og:locale\" content=\"de_DE\" \/>\n<meta property=\"og:type\" content=\"article\" \/>\n<meta property=\"og:title\" content=\"Der kleine Lord - Kultur Online TV &amp; FM\" \/>\n<meta property=\"og:description\" content=\"Kultur sehen und H\u00f6ren\" \/>\n<meta property=\"og:url\" content=\"https:\/\/kulturonline.tv\/at\/der-kleine-lord\/\" \/>\n<meta property=\"og:site_name\" content=\"Kultur Online TV &amp; FM\" \/>\n<meta property=\"article:publisher\" content=\"https:\/\/www.facebook.com\/kulturonline.tv\" \/>\n<meta property=\"article:published_time\" content=\"2021-12-09T02:45:07+00:00\" \/>\n<meta property=\"article:modified_time\" content=\"2022-08-12T14:23:41+00:00\" \/>\n<meta property=\"og:image\" content=\"https:\/\/kulturonline.tv\/wp-content\/uploads\/2021\/12\/der-kleine-lord-ricky-schroder-grosvaterid3f285c54bintouchw1415ca00.62100.0087.62rmsk-edited.jpg\" \/>\n\t<meta property=\"og:image:width\" content=\"1411\" \/>\n\t<meta property=\"og:image:height\" content=\"794\" \/>\n\t<meta property=\"og:image:type\" content=\"image\/jpeg\" \/>\n<meta name=\"author\" content=\"guenter.wolfgang\" \/>\n<meta name=\"twitter:card\" content=\"summary_large_image\" \/>\n<meta name=\"twitter:label1\" content=\"Verfasst von\" \/>\n\t<meta name=\"twitter:data1\" content=\"guenter.wolfgang\" \/>\n\t<meta name=\"twitter:label2\" content=\"Gesch\u00e4tzte Lesezeit\" \/>\n\t<meta name=\"twitter:data2\" content=\"3 Minuten\" \/>\n<script type=\"application\/ld+json\" class=\"yoast-schema-graph\">{\"@context\":\"https:\/\/schema.org\",\"@graph\":[{\"@type\":\"Article\",\"@id\":\"https:\/\/kulturonline.tv\/at\/der-kleine-lord\/#article\",\"isPartOf\":{\"@id\":\"https:\/\/kulturonline.tv\/at\/der-kleine-lord\/\"},\"author\":{\"name\":\"guenter.wolfgang\",\"@id\":\"https:\/\/kulturonline.tv\/at\/#\/schema\/person\/b0fac729bb9a0c193fb1df23449df4fe\"},\"headline\":\"Der kleine Lord\",\"datePublished\":\"2021-12-09T02:45:07+00:00\",\"dateModified\":\"2022-08-12T14:23:41+00:00\",\"mainEntityOfPage\":{\"@id\":\"https:\/\/kulturonline.tv\/at\/der-kleine-lord\/\"},\"wordCount\":452,\"publisher\":{\"@id\":\"https:\/\/kulturonline.tv\/at\/#organization\"},\"image\":{\"@id\":\"https:\/\/kulturonline.tv\/at\/der-kleine-lord\/#primaryimage\"},\"thumbnailUrl\":\"https:\/\/kulturonline.tv\/wp-content\/uploads\/2021\/12\/der-kleine-lord-ricky-schroder-grosvaterid3f285c54bintouchw1415ca00.62100.0087.62rmsk-edited.jpg\",\"articleSection\":[\"Medien\",\"Unkategorisiert\"],\"inLanguage\":\"de-AT\"},{\"@type\":\"WebPage\",\"@id\":\"https:\/\/kulturonline.tv\/at\/der-kleine-lord\/\",\"url\":\"https:\/\/kulturonline.tv\/at\/der-kleine-lord\/\",\"name\":\"Der kleine Lord - Kultur Online TV &amp; FM\",\"isPartOf\":{\"@id\":\"https:\/\/kulturonline.tv\/at\/#website\"},\"primaryImageOfPage\":{\"@id\":\"https:\/\/kulturonline.tv\/at\/der-kleine-lord\/#primaryimage\"},\"image\":{\"@id\":\"https:\/\/kulturonline.tv\/at\/der-kleine-lord\/#primaryimage\"},\"thumbnailUrl\":\"https:\/\/kulturonline.tv\/wp-content\/uploads\/2021\/12\/der-kleine-lord-ricky-schroder-grosvaterid3f285c54bintouchw1415ca00.62100.0087.62rmsk-edited.jpg\",\"datePublished\":\"2021-12-09T02:45:07+00:00\",\"dateModified\":\"2022-08-12T14:23:41+00:00\",\"description\":\"Kultur sehen und H\u00f6ren\",\"breadcrumb\":{\"@id\":\"https:\/\/kulturonline.tv\/at\/der-kleine-lord\/#breadcrumb\"},\"inLanguage\":\"de-AT\",\"potentialAction\":[{\"@type\":\"ReadAction\",\"target\":[\"https:\/\/kulturonline.tv\/at\/der-kleine-lord\/\"]}]},{\"@type\":\"ImageObject\",\"inLanguage\":\"de-AT\",\"@id\":\"https:\/\/kulturonline.tv\/at\/der-kleine-lord\/#primaryimage\",\"url\":\"https:\/\/kulturonline.tv\/wp-content\/uploads\/2021\/12\/der-kleine-lord-ricky-schroder-grosvaterid3f285c54bintouchw1415ca00.62100.0087.62rmsk-edited.jpg\",\"contentUrl\":\"https:\/\/kulturonline.tv\/wp-content\/uploads\/2021\/12\/der-kleine-lord-ricky-schroder-grosvaterid3f285c54bintouchw1415ca00.62100.0087.62rmsk-edited.jpg\",\"width\":1411,\"height\":794},{\"@type\":\"BreadcrumbList\",\"@id\":\"https:\/\/kulturonline.tv\/at\/der-kleine-lord\/#breadcrumb\",\"itemListElement\":[{\"@type\":\"ListItem\",\"position\":1,\"name\":\"Startseite\",\"item\":\"https:\/\/kulturonline.tv\/at\/\"},{\"@type\":\"ListItem\",\"position\":2,\"name\":\"Der kleine Lord\"}]},{\"@type\":\"WebSite\",\"@id\":\"https:\/\/kulturonline.tv\/at\/#website\",\"url\":\"https:\/\/kulturonline.tv\/at\/\",\"name\":\"Kultur Online TV &amp; FM\",\"description\":\"Wir sind Kultur 2.0 zum sehen &amp; h\u00f6ren\",\"publisher\":{\"@id\":\"https:\/\/kulturonline.tv\/at\/#organization\"},\"potentialAction\":[{\"@type\":\"SearchAction\",\"target\":{\"@type\":\"EntryPoint\",\"urlTemplate\":\"https:\/\/kulturonline.tv\/at\/?s={search_term_string}\"},\"query-input\":{\"@type\":\"PropertyValueSpecification\",\"valueRequired\":true,\"valueName\":\"search_term_string\"}}],\"inLanguage\":\"de-AT\"},{\"@type\":\"Organization\",\"@id\":\"https:\/\/kulturonline.tv\/at\/#organization\",\"name\":\"Kultur Online TV\",\"url\":\"https:\/\/kulturonline.tv\/at\/\",\"logo\":{\"@type\":\"ImageObject\",\"inLanguage\":\"de-AT\",\"@id\":\"https:\/\/kulturonline.tv\/at\/#\/schema\/logo\/image\/\",\"url\":\"https:\/\/kulturonline.tv\/wp-content\/uploads\/2021\/08\/Kultur-Online-Tv-Logo-Endversion-neu.png\",\"contentUrl\":\"https:\/\/kulturonline.tv\/wp-content\/uploads\/2021\/08\/Kultur-Online-Tv-Logo-Endversion-neu.png\",\"width\":200,\"height\":200,\"caption\":\"Kultur Online TV\"},\"image\":{\"@id\":\"https:\/\/kulturonline.tv\/at\/#\/schema\/logo\/image\/\"},\"sameAs\":[\"https:\/\/www.facebook.com\/kulturonline.tv\",\"https:\/\/www.instagram.com\/kulturonline.tv\"]},{\"@type\":\"Person\",\"@id\":\"https:\/\/kulturonline.tv\/at\/#\/schema\/person\/b0fac729bb9a0c193fb1df23449df4fe\",\"name\":\"guenter.wolfgang\"}]}<\/script>\n<!-- \/ Yoast SEO plugin. -->","yoast_head_json":{"title":"Der kleine Lord - Kultur Online TV &amp; FM","description":"Kultur sehen und H\u00f6ren","robots":{"index":"index","follow":"follow","max-snippet":"max-snippet:-1","max-image-preview":"max-image-preview:large","max-video-preview":"max-video-preview:-1"},"canonical":"https:\/\/kulturonline.tv\/at\/der-kleine-lord\/","og_locale":"de_DE","og_type":"article","og_title":"Der kleine Lord - Kultur Online TV &amp; FM","og_description":"Kultur sehen und H\u00f6ren","og_url":"https:\/\/kulturonline.tv\/at\/der-kleine-lord\/","og_site_name":"Kultur Online TV &amp; FM","article_publisher":"https:\/\/www.facebook.com\/kulturonline.tv","article_published_time":"2021-12-09T02:45:07+00:00","article_modified_time":"2022-08-12T14:23:41+00:00","og_image":[{"width":1411,"height":794,"url":"https:\/\/kulturonline.tv\/wp-content\/uploads\/2021\/12\/der-kleine-lord-ricky-schroder-grosvaterid3f285c54bintouchw1415ca00.62100.0087.62rmsk-edited.jpg","type":"image\/jpeg"}],"author":"guenter.wolfgang","twitter_card":"summary_large_image","twitter_misc":{"Verfasst von":"guenter.wolfgang","Gesch\u00e4tzte Lesezeit":"3 Minuten"},"schema":{"@context":"https:\/\/schema.org","@graph":[{"@type":"Article","@id":"https:\/\/kulturonline.tv\/at\/der-kleine-lord\/#article","isPartOf":{"@id":"https:\/\/kulturonline.tv\/at\/der-kleine-lord\/"},"author":{"name":"guenter.wolfgang","@id":"https:\/\/kulturonline.tv\/at\/#\/schema\/person\/b0fac729bb9a0c193fb1df23449df4fe"},"headline":"Der kleine Lord","datePublished":"2021-12-09T02:45:07+00:00","dateModified":"2022-08-12T14:23:41+00:00","mainEntityOfPage":{"@id":"https:\/\/kulturonline.tv\/at\/der-kleine-lord\/"},"wordCount":452,"publisher":{"@id":"https:\/\/kulturonline.tv\/at\/#organization"},"image":{"@id":"https:\/\/kulturonline.tv\/at\/der-kleine-lord\/#primaryimage"},"thumbnailUrl":"https:\/\/kulturonline.tv\/wp-content\/uploads\/2021\/12\/der-kleine-lord-ricky-schroder-grosvaterid3f285c54bintouchw1415ca00.62100.0087.62rmsk-edited.jpg","articleSection":["Medien","Unkategorisiert"],"inLanguage":"de-AT"},{"@type":"WebPage","@id":"https:\/\/kulturonline.tv\/at\/der-kleine-lord\/","url":"https:\/\/kulturonline.tv\/at\/der-kleine-lord\/","name":"Der kleine Lord - Kultur Online TV &amp; FM","isPartOf":{"@id":"https:\/\/kulturonline.tv\/at\/#website"},"primaryImageOfPage":{"@id":"https:\/\/kulturonline.tv\/at\/der-kleine-lord\/#primaryimage"},"image":{"@id":"https:\/\/kulturonline.tv\/at\/der-kleine-lord\/#primaryimage"},"thumbnailUrl":"https:\/\/kulturonline.tv\/wp-content\/uploads\/2021\/12\/der-kleine-lord-ricky-schroder-grosvaterid3f285c54bintouchw1415ca00.62100.0087.62rmsk-edited.jpg","datePublished":"2021-12-09T02:45:07+00:00","dateModified":"2022-08-12T14:23:41+00:00","description":"Kultur sehen und H\u00f6ren","breadcrumb":{"@id":"https:\/\/kulturonline.tv\/at\/der-kleine-lord\/#breadcrumb"},"inLanguage":"de-AT","potentialAction":[{"@type":"ReadAction","target":["https:\/\/kulturonline.tv\/at\/der-kleine-lord\/"]}]},{"@type":"ImageObject","inLanguage":"de-AT","@id":"https:\/\/kulturonline.tv\/at\/der-kleine-lord\/#primaryimage","url":"https:\/\/kulturonline.tv\/wp-content\/uploads\/2021\/12\/der-kleine-lord-ricky-schroder-grosvaterid3f285c54bintouchw1415ca00.62100.0087.62rmsk-edited.jpg","contentUrl":"https:\/\/kulturonline.tv\/wp-content\/uploads\/2021\/12\/der-kleine-lord-ricky-schroder-grosvaterid3f285c54bintouchw1415ca00.62100.0087.62rmsk-edited.jpg","width":1411,"height":794},{"@type":"BreadcrumbList","@id":"https:\/\/kulturonline.tv\/at\/der-kleine-lord\/#breadcrumb","itemListElement":[{"@type":"ListItem","position":1,"name":"Startseite","item":"https:\/\/kulturonline.tv\/at\/"},{"@type":"ListItem","position":2,"name":"Der kleine Lord"}]},{"@type":"WebSite","@id":"https:\/\/kulturonline.tv\/at\/#website","url":"https:\/\/kulturonline.tv\/at\/","name":"Kultur Online TV &amp; FM","description":"Wir sind Kultur 2.0 zum sehen &amp; h\u00f6ren","publisher":{"@id":"https:\/\/kulturonline.tv\/at\/#organization"},"potentialAction":[{"@type":"SearchAction","target":{"@type":"EntryPoint","urlTemplate":"https:\/\/kulturonline.tv\/at\/?s={search_term_string}"},"query-input":{"@type":"PropertyValueSpecification","valueRequired":true,"valueName":"search_term_string"}}],"inLanguage":"de-AT"},{"@type":"Organization","@id":"https:\/\/kulturonline.tv\/at\/#organization","name":"Kultur Online TV","url":"https:\/\/kulturonline.tv\/at\/","logo":{"@type":"ImageObject","inLanguage":"de-AT","@id":"https:\/\/kulturonline.tv\/at\/#\/schema\/logo\/image\/","url":"https:\/\/kulturonline.tv\/wp-content\/uploads\/2021\/08\/Kultur-Online-Tv-Logo-Endversion-neu.png","contentUrl":"https:\/\/kulturonline.tv\/wp-content\/uploads\/2021\/08\/Kultur-Online-Tv-Logo-Endversion-neu.png","width":200,"height":200,"caption":"Kultur Online TV"},"image":{"@id":"https:\/\/kulturonline.tv\/at\/#\/schema\/logo\/image\/"},"sameAs":["https:\/\/www.facebook.com\/kulturonline.tv","https:\/\/www.instagram.com\/kulturonline.tv"]},{"@type":"Person","@id":"https:\/\/kulturonline.tv\/at\/#\/schema\/person\/b0fac729bb9a0c193fb1df23449df4fe","name":"guenter.wolfgang"}]}},"_links":{"self":[{"href":"https:\/\/kulturonline.tv\/at\/wp-json\/wp\/v2\/posts\/15383","targetHints":{"allow":["GET"]}}],"collection":[{"href":"https:\/\/kulturonline.tv\/at\/wp-json\/wp\/v2\/posts"}],"about":[{"href":"https:\/\/kulturonline.tv\/at\/wp-json\/wp\/v2\/types\/post"}],"author":[{"embeddable":true,"href":"https:\/\/kulturonline.tv\/at\/wp-json\/wp\/v2\/users\/2"}],"replies":[{"embeddable":true,"href":"https:\/\/kulturonline.tv\/at\/wp-json\/wp\/v2\/comments?post=15383"}],"version-history":[{"count":0,"href":"https:\/\/kulturonline.tv\/at\/wp-json\/wp\/v2\/posts\/15383\/revisions"}],"wp:featuredmedia":[{"embeddable":true,"href":"https:\/\/kulturonline.tv\/at\/wp-json\/wp\/v2\/media\/15380"}],"wp:attachment":[{"href":"https:\/\/kulturonline.tv\/at\/wp-json\/wp\/v2\/media?parent=15383"}],"wp:term":[{"taxonomy":"category","embeddable":true,"href":"https:\/\/kulturonline.tv\/at\/wp-json\/wp\/v2\/categories?post=15383"},{"taxonomy":"post_tag","embeddable":true,"href":"https:\/\/kulturonline.tv\/at\/wp-json\/wp\/v2\/tags?post=15383"}],"curies":[{"name":"wp","href":"https:\/\/api.w.org\/{rel}","templated":true}]}}