{"id":15726,"date":"2021-12-10T12:53:15","date_gmt":"2021-12-10T11:53:15","guid":{"rendered":"https:\/\/kulturonline.tv\/?p=15726"},"modified":"2021-12-10T12:53:16","modified_gmt":"2021-12-10T11:53:16","slug":"das-buch-zur-aktuellen-debatte-kein-austrofaschismus","status":"publish","type":"post","link":"https:\/\/kulturonline.tv\/at\/das-buch-zur-aktuellen-debatte-kein-austrofaschismus\/","title":{"rendered":"Das Buch zur aktuellen Debatte: &#8222;(K)ein Austrofaschismus?&#8220;"},"content":{"rendered":"\n<p><strong>Geschichte ist niemals abgeschlossen.<\/strong><\/p>\n\n\n\n<div class=\"wp-block-media-text alignwide is-stacked-on-mobile\"><figure class=\"wp-block-media-text__media\"><img fetchpriority=\"high\" decoding=\"async\" width=\"417\" height=\"600\" src=\"https:\/\/kulturonline.tv\/wp-content\/uploads\/2021\/12\/kein-Austrofaschismus.jpeg\" alt=\"\" class=\"wp-image-15728 size-full\"\/><\/figure><div class=\"wp-block-media-text__content\">\n<h3 class=\"wp-block-heading\"><strong>Das wurde auch in Zusammenhang mit der Regierungsumbildung deutlich. Unversehens geriet der neue Innenminister Gerhard Karner (\u00d6VP) wegen eines Dollfu\u00df-Museums in jener Gemeinde, in der er B\u00fcrgermeister ist, unter Beschuss. Und ebenso unversehens wird ein 500-seitiger Sammelband mit dem sperrigen Titel &#8222;(K)ein Austrofaschismus? Studien zum Herrschaftssystem 1933 &#8211; 1938&#8220; zu einem Schl\u00fcsselwerk f\u00fcr die aktuelle politische Debatte.<\/strong> <\/h3>\n<\/div><\/div>\n\n\n\n<p>Bundeskanzler Karl Nehammer (\u00d6VP) w\u00e4hlte in seiner Antrittspressekonferenz am Dienstag bei der Verteidigung Karners wohl bewusst den Begriff &#8222;Kanzlerdiktatur&#8220;, der von Helmut Wohnout, dem fr\u00fcheren Gesch\u00e4ftsf\u00fchrer des Karl von Vogelsang-Instituts und heutigen Generaldirektor des \u00d6sterreichischen Staatsarchivs, vor einigen Jahren in die Debatte eingef\u00fchrt wurde. Denn die Auseinandersetzung um die Zeit zwischen Erster Republik und NS-Herrschaft ist vor allem eine um Begriffe. Das zeigte sich schon bei der Errichtung des &#8222;Haus der Geschichte \u00d6sterreich&#8220; (hdg\u00f6), wo man sich nach langen Diskussionen f\u00fcr &#8222;Dollfu\u00df-Schuschnigg-Diktatur&#8220; entschlossen hatte, in einer interaktiven Installation aber auch die Begriffe &#8222;Austrofaschismus&#8220;, &#8222;St\u00e4ndestaat&#8220;, &#8222;autorit\u00e4rer St\u00e4ndestaat&#8220; und &#8222;Kanzlerdiktatur&#8220; zur Diskussion stellte.<\/p>\n\n\n\n<p>Warum ausgerechnet der emeritierte Professor f\u00fcr Neuere Allgemeine und Schweizer Geschichte an der Universit\u00e4t Z\u00fcrich Carlo Moos als Herausgeber des k\u00fcrzlich erschienenen Sammelbands angefragt wurde, dazu \u00e4u\u00dfert er selbst eine Vermutung: &#8222;Als Schweizer d\u00fcrfte f\u00fcr mich gesprochen haben, dass ich im Austrofaschismus-Kontext zu keiner einschl\u00e4gigen &#8218;Schule&#8216; geh\u00f6re.&#8220; Er habe &#8222;das Problem der Benennung und Qualifizierung dieser Krisenjahre&#8220; in seiner ganzen Breite angehen wollen &#8211; und sei sofort durch die Verwendung des Begriffs Austrofaschismus im Titel von mancher Seite unter Beschuss geraten, schreibt er.<\/p>\n\n\n\n<p>Tats\u00e4chlich ist es ihm gelungen, 31 Autorinnen und Autoren zur Mitarbeit zu bewegen. Sie reichen vom Politologen Emmerich Talos, einem klaren Verfechter des Begriffs Austrofaschismus, bis zu Helmut Wohnout und dem Historiker Dieter A. Binder auf der anderen Seite. Von Oliver Rathkolb bis Hannes Leidinger, von Kurt Bauer bis Ilse Reiter-Zatloukal sind fast alle infrage Kommenden bei den 34 Beitr\u00e4gen mit alten oder neuen Aufs\u00e4tzen vertreten. Ein einziger Angefragter habe sich verweigert, schreibt Moos. Wie rasch das aneinander Reiben der Positionen zum Funkenflug f\u00fchren konnte, zeigt die (leider nur unvollst\u00e4ndig) abgedruckte, medial gef\u00fchrte Kontroverse zwischen dem Autor Robert Menasse und dem Zeithistoriker Gerhard Botz anl\u00e4sslich des 70-Jahr-Gedenkens an den 12. Februar 1934.<\/p>\n\n\n\n<p>Neben interessanten Spezial-Exkursen wie Christian Glanz&#8216; &#8222;Anmerkungen zur Rolle von Hermann Leopoldi im Austrofaschismus&#8220;, Betrachtungen zum Kurs Vorarlbergs in jener Zeit oder Markus Wurzers Aufsatz \u00fcber &#8222;Disziplinarverfahren gegen Studierende im Austrofaschismus&#8220; sind es immer wieder Abgrenzungs- und Definitionsfragen, die aus den unterschiedlichsten Ausgangspositionen aufgeworfen werden. Wie verh\u00e4lt sich der \u00f6sterreichische zum italienischen Faschismus? Wie sieht es mit F\u00fchrerkult und Rassismus aus? Wie ging das autorit\u00e4re Regime mit seinen Gegnern um? Was war seine ideologische Grundlage?about:blank<\/p>\n\n\n\n<p>Und immer wieder Dollfu\u00df. Sein aktuelles Bild in der \u00d6ffentlichkeit wertet die Historikerin Lucile Dreidemy, die mit ihrer Kritik am Dollfu\u00df-Museum die j\u00fcngste Debatte losgetreten hat, als sp\u00e4ten propagandistischen Erfolg: &#8222;Die verschiedenen Facetten der Selbst- und posthumen Inszenierung von Dollfu\u00df, mal in der Uniform des prototypischen neuen F\u00fchrers \u00d6sterreichs, mal als volksnaher Politiker und Familienvater, mal als mitleid- und sympathiew\u00fcrdiger M\u00e4rtyrerkanzler, trugen letztlich effizient dazu bei, ein salonf\u00e4higes Bild des Diktators zu konstruieren, das das Regime acht Dekaden \u00fcberdauerte.&#8220; Botz etwa weist gar darauf hin, Dollfu\u00df sei &#8222;seiner ganzen Erscheinung nach wenig beeindruckend, eher linkisch-&#8218;b\u00e4uerlich'&#8220; gewesen, &#8222;im Gegensatz zu den selbstbewussten charismatischen Volksf\u00fchrern \u00e0 la Mussolini und Hitler&#8220;.<\/p>\n\n\n\n<p>Die Diskussion \u00fcber seine Bewertung als Diktator oder als &#8222;Licht- und Schattenfigur&#8220; relativiert sich freilich mit Blick auf eine 2007\/8 durchgef\u00fchrte Umfrage, die ebenfalls in dem Band zitiert wird: Rund die H\u00e4lfte der Befragten wusste mit dem Namen Dollfu\u00df rein gar nichts anzufangen. Entsprechend ern\u00fcchternd liest sich Moos&#8216; Conclusio, dass sein Sammelband vor allem &#8222;die Vielfalt m\u00f6glicher Zugriffe und unterschiedlicher Umschreibungen der in die erheblich gr\u00f6\u00dfere NS-Katastrophe m\u00fcndenden End-Krisenjahre der \u00f6sterreichischen Ersten Republik&#8220; illustriere. &#8222;Ob der Begriffsstreit damit obsolet geworden sein k\u00f6nnte, ist allerdings eine andere Frage.&#8220;<\/p>\n\n\n\n<p>Kultur Online TV<\/p>\n\n\n\n<p>#literatur #politik<\/p>\n","protected":false},"excerpt":{"rendered":"<p>Geschichte ist niemals abgeschlossen. Das wurde auch in Zusammenhang mit der Regierungsumbildung deutlich. Unversehens geriet der neue Innenminister Gerhard Karner (\u00d6VP) wegen eines Dollfu\u00df-Museums in jener Gemeinde, in der er B\u00fcrgermeister ist, unter Beschuss. Und ebenso unversehens wird ein 500-seitiger Sammelband mit dem sperrigen Titel &#8222;(K)ein Austrofaschismus? Studien zum Herrschaftssystem 1933 &#8211; 1938&#8220; zu einem [&hellip;]<\/p>\n","protected":false},"author":2,"featured_media":15728,"comment_status":"closed","ping_status":"closed","sticky":false,"template":"","format":"standard","meta":{"_acf_changed":false,"footnotes":""},"categories":[133],"tags":[],"class_list":["post-15726","post","type-post","status-publish","format-standard","has-post-thumbnail","hentry","category-literatur"],"acf":[],"yoast_head":"<!-- This site is optimized with the Yoast SEO plugin v26.1.1 - https:\/\/yoast.com\/wordpress\/plugins\/seo\/ -->\n<title>Das Buch zur aktuellen Debatte: &quot;(K)ein Austrofaschismus?&quot; - Kultur Online TV &amp; FM<\/title>\n<meta name=\"description\" content=\"Kultur sehen und H\u00f6ren\" \/>\n<meta name=\"robots\" content=\"index, follow, max-snippet:-1, max-image-preview:large, max-video-preview:-1\" \/>\n<link rel=\"canonical\" href=\"https:\/\/kulturonline.tv\/at\/das-buch-zur-aktuellen-debatte-kein-austrofaschismus\/\" \/>\n<meta property=\"og:locale\" content=\"de_DE\" \/>\n<meta property=\"og:type\" content=\"article\" \/>\n<meta property=\"og:title\" content=\"Das Buch zur aktuellen Debatte: &quot;(K)ein Austrofaschismus?&quot; - Kultur Online TV &amp; FM\" \/>\n<meta property=\"og:description\" content=\"Kultur sehen und H\u00f6ren\" \/>\n<meta property=\"og:url\" content=\"https:\/\/kulturonline.tv\/at\/das-buch-zur-aktuellen-debatte-kein-austrofaschismus\/\" \/>\n<meta property=\"og:site_name\" content=\"Kultur Online TV &amp; FM\" \/>\n<meta property=\"article:publisher\" content=\"https:\/\/www.facebook.com\/kulturonline.tv\" \/>\n<meta property=\"article:published_time\" content=\"2021-12-10T11:53:15+00:00\" \/>\n<meta property=\"article:modified_time\" content=\"2021-12-10T11:53:16+00:00\" \/>\n<meta property=\"og:image\" content=\"https:\/\/kulturonline.tv\/wp-content\/uploads\/2021\/12\/kein-Austrofaschismus.jpeg\" \/>\n\t<meta property=\"og:image:width\" content=\"417\" \/>\n\t<meta property=\"og:image:height\" content=\"600\" \/>\n\t<meta property=\"og:image:type\" content=\"image\/jpeg\" \/>\n<meta name=\"author\" content=\"guenter.wolfgang\" \/>\n<meta name=\"twitter:card\" content=\"summary_large_image\" \/>\n<meta name=\"twitter:label1\" content=\"Verfasst von\" \/>\n\t<meta name=\"twitter:data1\" content=\"guenter.wolfgang\" \/>\n\t<meta name=\"twitter:label2\" content=\"Gesch\u00e4tzte Lesezeit\" \/>\n\t<meta name=\"twitter:data2\" content=\"3 Minuten\" \/>\n<script type=\"application\/ld+json\" class=\"yoast-schema-graph\">{\"@context\":\"https:\/\/schema.org\",\"@graph\":[{\"@type\":\"Article\",\"@id\":\"https:\/\/kulturonline.tv\/at\/das-buch-zur-aktuellen-debatte-kein-austrofaschismus\/#article\",\"isPartOf\":{\"@id\":\"https:\/\/kulturonline.tv\/at\/das-buch-zur-aktuellen-debatte-kein-austrofaschismus\/\"},\"author\":{\"name\":\"guenter.wolfgang\",\"@id\":\"https:\/\/kulturonline.tv\/at\/#\/schema\/person\/b0fac729bb9a0c193fb1df23449df4fe\"},\"headline\":\"Das Buch zur aktuellen Debatte: &#8222;(K)ein Austrofaschismus?&#8220;\",\"datePublished\":\"2021-12-10T11:53:15+00:00\",\"dateModified\":\"2021-12-10T11:53:16+00:00\",\"mainEntityOfPage\":{\"@id\":\"https:\/\/kulturonline.tv\/at\/das-buch-zur-aktuellen-debatte-kein-austrofaschismus\/\"},\"wordCount\":685,\"publisher\":{\"@id\":\"https:\/\/kulturonline.tv\/at\/#organization\"},\"image\":{\"@id\":\"https:\/\/kulturonline.tv\/at\/das-buch-zur-aktuellen-debatte-kein-austrofaschismus\/#primaryimage\"},\"thumbnailUrl\":\"https:\/\/kulturonline.tv\/wp-content\/uploads\/2021\/12\/kein-Austrofaschismus.jpeg\",\"articleSection\":[\"Literatur\"],\"inLanguage\":\"de-AT\"},{\"@type\":\"WebPage\",\"@id\":\"https:\/\/kulturonline.tv\/at\/das-buch-zur-aktuellen-debatte-kein-austrofaschismus\/\",\"url\":\"https:\/\/kulturonline.tv\/at\/das-buch-zur-aktuellen-debatte-kein-austrofaschismus\/\",\"name\":\"Das Buch zur aktuellen Debatte: \\\"(K)ein Austrofaschismus?\\\" - Kultur Online TV &amp; FM\",\"isPartOf\":{\"@id\":\"https:\/\/kulturonline.tv\/at\/#website\"},\"primaryImageOfPage\":{\"@id\":\"https:\/\/kulturonline.tv\/at\/das-buch-zur-aktuellen-debatte-kein-austrofaschismus\/#primaryimage\"},\"image\":{\"@id\":\"https:\/\/kulturonline.tv\/at\/das-buch-zur-aktuellen-debatte-kein-austrofaschismus\/#primaryimage\"},\"thumbnailUrl\":\"https:\/\/kulturonline.tv\/wp-content\/uploads\/2021\/12\/kein-Austrofaschismus.jpeg\",\"datePublished\":\"2021-12-10T11:53:15+00:00\",\"dateModified\":\"2021-12-10T11:53:16+00:00\",\"description\":\"Kultur sehen und H\u00f6ren\",\"breadcrumb\":{\"@id\":\"https:\/\/kulturonline.tv\/at\/das-buch-zur-aktuellen-debatte-kein-austrofaschismus\/#breadcrumb\"},\"inLanguage\":\"de-AT\",\"potentialAction\":[{\"@type\":\"ReadAction\",\"target\":[\"https:\/\/kulturonline.tv\/at\/das-buch-zur-aktuellen-debatte-kein-austrofaschismus\/\"]}]},{\"@type\":\"ImageObject\",\"inLanguage\":\"de-AT\",\"@id\":\"https:\/\/kulturonline.tv\/at\/das-buch-zur-aktuellen-debatte-kein-austrofaschismus\/#primaryimage\",\"url\":\"https:\/\/kulturonline.tv\/wp-content\/uploads\/2021\/12\/kein-Austrofaschismus.jpeg\",\"contentUrl\":\"https:\/\/kulturonline.tv\/wp-content\/uploads\/2021\/12\/kein-Austrofaschismus.jpeg\",\"width\":417,\"height\":600},{\"@type\":\"BreadcrumbList\",\"@id\":\"https:\/\/kulturonline.tv\/at\/das-buch-zur-aktuellen-debatte-kein-austrofaschismus\/#breadcrumb\",\"itemListElement\":[{\"@type\":\"ListItem\",\"position\":1,\"name\":\"Startseite\",\"item\":\"https:\/\/kulturonline.tv\/at\/\"},{\"@type\":\"ListItem\",\"position\":2,\"name\":\"Das Buch zur aktuellen Debatte: &#8222;(K)ein Austrofaschismus?&#8220;\"}]},{\"@type\":\"WebSite\",\"@id\":\"https:\/\/kulturonline.tv\/at\/#website\",\"url\":\"https:\/\/kulturonline.tv\/at\/\",\"name\":\"Kultur Online TV &amp; FM\",\"description\":\"Wir sind Kultur 2.0 zum sehen &amp; h\u00f6ren\",\"publisher\":{\"@id\":\"https:\/\/kulturonline.tv\/at\/#organization\"},\"potentialAction\":[{\"@type\":\"SearchAction\",\"target\":{\"@type\":\"EntryPoint\",\"urlTemplate\":\"https:\/\/kulturonline.tv\/at\/?s={search_term_string}\"},\"query-input\":{\"@type\":\"PropertyValueSpecification\",\"valueRequired\":true,\"valueName\":\"search_term_string\"}}],\"inLanguage\":\"de-AT\"},{\"@type\":\"Organization\",\"@id\":\"https:\/\/kulturonline.tv\/at\/#organization\",\"name\":\"Kultur Online TV\",\"url\":\"https:\/\/kulturonline.tv\/at\/\",\"logo\":{\"@type\":\"ImageObject\",\"inLanguage\":\"de-AT\",\"@id\":\"https:\/\/kulturonline.tv\/at\/#\/schema\/logo\/image\/\",\"url\":\"https:\/\/kulturonline.tv\/wp-content\/uploads\/2021\/08\/Kultur-Online-Tv-Logo-Endversion-neu.png\",\"contentUrl\":\"https:\/\/kulturonline.tv\/wp-content\/uploads\/2021\/08\/Kultur-Online-Tv-Logo-Endversion-neu.png\",\"width\":200,\"height\":200,\"caption\":\"Kultur Online TV\"},\"image\":{\"@id\":\"https:\/\/kulturonline.tv\/at\/#\/schema\/logo\/image\/\"},\"sameAs\":[\"https:\/\/www.facebook.com\/kulturonline.tv\",\"https:\/\/www.instagram.com\/kulturonline.tv\"]},{\"@type\":\"Person\",\"@id\":\"https:\/\/kulturonline.tv\/at\/#\/schema\/person\/b0fac729bb9a0c193fb1df23449df4fe\",\"name\":\"guenter.wolfgang\"}]}<\/script>\n<!-- \/ Yoast SEO plugin. -->","yoast_head_json":{"title":"Das Buch zur aktuellen Debatte: \"(K)ein Austrofaschismus?\" - Kultur Online TV &amp; FM","description":"Kultur sehen und H\u00f6ren","robots":{"index":"index","follow":"follow","max-snippet":"max-snippet:-1","max-image-preview":"max-image-preview:large","max-video-preview":"max-video-preview:-1"},"canonical":"https:\/\/kulturonline.tv\/at\/das-buch-zur-aktuellen-debatte-kein-austrofaschismus\/","og_locale":"de_DE","og_type":"article","og_title":"Das Buch zur aktuellen Debatte: \"(K)ein Austrofaschismus?\" - Kultur Online TV &amp; FM","og_description":"Kultur sehen und H\u00f6ren","og_url":"https:\/\/kulturonline.tv\/at\/das-buch-zur-aktuellen-debatte-kein-austrofaschismus\/","og_site_name":"Kultur Online TV &amp; FM","article_publisher":"https:\/\/www.facebook.com\/kulturonline.tv","article_published_time":"2021-12-10T11:53:15+00:00","article_modified_time":"2021-12-10T11:53:16+00:00","og_image":[{"width":417,"height":600,"url":"https:\/\/kulturonline.tv\/wp-content\/uploads\/2021\/12\/kein-Austrofaschismus.jpeg","type":"image\/jpeg"}],"author":"guenter.wolfgang","twitter_card":"summary_large_image","twitter_misc":{"Verfasst von":"guenter.wolfgang","Gesch\u00e4tzte Lesezeit":"3 Minuten"},"schema":{"@context":"https:\/\/schema.org","@graph":[{"@type":"Article","@id":"https:\/\/kulturonline.tv\/at\/das-buch-zur-aktuellen-debatte-kein-austrofaschismus\/#article","isPartOf":{"@id":"https:\/\/kulturonline.tv\/at\/das-buch-zur-aktuellen-debatte-kein-austrofaschismus\/"},"author":{"name":"guenter.wolfgang","@id":"https:\/\/kulturonline.tv\/at\/#\/schema\/person\/b0fac729bb9a0c193fb1df23449df4fe"},"headline":"Das Buch zur aktuellen Debatte: &#8222;(K)ein Austrofaschismus?&#8220;","datePublished":"2021-12-10T11:53:15+00:00","dateModified":"2021-12-10T11:53:16+00:00","mainEntityOfPage":{"@id":"https:\/\/kulturonline.tv\/at\/das-buch-zur-aktuellen-debatte-kein-austrofaschismus\/"},"wordCount":685,"publisher":{"@id":"https:\/\/kulturonline.tv\/at\/#organization"},"image":{"@id":"https:\/\/kulturonline.tv\/at\/das-buch-zur-aktuellen-debatte-kein-austrofaschismus\/#primaryimage"},"thumbnailUrl":"https:\/\/kulturonline.tv\/wp-content\/uploads\/2021\/12\/kein-Austrofaschismus.jpeg","articleSection":["Literatur"],"inLanguage":"de-AT"},{"@type":"WebPage","@id":"https:\/\/kulturonline.tv\/at\/das-buch-zur-aktuellen-debatte-kein-austrofaschismus\/","url":"https:\/\/kulturonline.tv\/at\/das-buch-zur-aktuellen-debatte-kein-austrofaschismus\/","name":"Das Buch zur aktuellen Debatte: \"(K)ein Austrofaschismus?\" - Kultur Online TV &amp; FM","isPartOf":{"@id":"https:\/\/kulturonline.tv\/at\/#website"},"primaryImageOfPage":{"@id":"https:\/\/kulturonline.tv\/at\/das-buch-zur-aktuellen-debatte-kein-austrofaschismus\/#primaryimage"},"image":{"@id":"https:\/\/kulturonline.tv\/at\/das-buch-zur-aktuellen-debatte-kein-austrofaschismus\/#primaryimage"},"thumbnailUrl":"https:\/\/kulturonline.tv\/wp-content\/uploads\/2021\/12\/kein-Austrofaschismus.jpeg","datePublished":"2021-12-10T11:53:15+00:00","dateModified":"2021-12-10T11:53:16+00:00","description":"Kultur sehen und H\u00f6ren","breadcrumb":{"@id":"https:\/\/kulturonline.tv\/at\/das-buch-zur-aktuellen-debatte-kein-austrofaschismus\/#breadcrumb"},"inLanguage":"de-AT","potentialAction":[{"@type":"ReadAction","target":["https:\/\/kulturonline.tv\/at\/das-buch-zur-aktuellen-debatte-kein-austrofaschismus\/"]}]},{"@type":"ImageObject","inLanguage":"de-AT","@id":"https:\/\/kulturonline.tv\/at\/das-buch-zur-aktuellen-debatte-kein-austrofaschismus\/#primaryimage","url":"https:\/\/kulturonline.tv\/wp-content\/uploads\/2021\/12\/kein-Austrofaschismus.jpeg","contentUrl":"https:\/\/kulturonline.tv\/wp-content\/uploads\/2021\/12\/kein-Austrofaschismus.jpeg","width":417,"height":600},{"@type":"BreadcrumbList","@id":"https:\/\/kulturonline.tv\/at\/das-buch-zur-aktuellen-debatte-kein-austrofaschismus\/#breadcrumb","itemListElement":[{"@type":"ListItem","position":1,"name":"Startseite","item":"https:\/\/kulturonline.tv\/at\/"},{"@type":"ListItem","position":2,"name":"Das Buch zur aktuellen Debatte: &#8222;(K)ein Austrofaschismus?&#8220;"}]},{"@type":"WebSite","@id":"https:\/\/kulturonline.tv\/at\/#website","url":"https:\/\/kulturonline.tv\/at\/","name":"Kultur Online TV &amp; FM","description":"Wir sind Kultur 2.0 zum sehen &amp; h\u00f6ren","publisher":{"@id":"https:\/\/kulturonline.tv\/at\/#organization"},"potentialAction":[{"@type":"SearchAction","target":{"@type":"EntryPoint","urlTemplate":"https:\/\/kulturonline.tv\/at\/?s={search_term_string}"},"query-input":{"@type":"PropertyValueSpecification","valueRequired":true,"valueName":"search_term_string"}}],"inLanguage":"de-AT"},{"@type":"Organization","@id":"https:\/\/kulturonline.tv\/at\/#organization","name":"Kultur Online TV","url":"https:\/\/kulturonline.tv\/at\/","logo":{"@type":"ImageObject","inLanguage":"de-AT","@id":"https:\/\/kulturonline.tv\/at\/#\/schema\/logo\/image\/","url":"https:\/\/kulturonline.tv\/wp-content\/uploads\/2021\/08\/Kultur-Online-Tv-Logo-Endversion-neu.png","contentUrl":"https:\/\/kulturonline.tv\/wp-content\/uploads\/2021\/08\/Kultur-Online-Tv-Logo-Endversion-neu.png","width":200,"height":200,"caption":"Kultur Online TV"},"image":{"@id":"https:\/\/kulturonline.tv\/at\/#\/schema\/logo\/image\/"},"sameAs":["https:\/\/www.facebook.com\/kulturonline.tv","https:\/\/www.instagram.com\/kulturonline.tv"]},{"@type":"Person","@id":"https:\/\/kulturonline.tv\/at\/#\/schema\/person\/b0fac729bb9a0c193fb1df23449df4fe","name":"guenter.wolfgang"}]}},"_links":{"self":[{"href":"https:\/\/kulturonline.tv\/at\/wp-json\/wp\/v2\/posts\/15726","targetHints":{"allow":["GET"]}}],"collection":[{"href":"https:\/\/kulturonline.tv\/at\/wp-json\/wp\/v2\/posts"}],"about":[{"href":"https:\/\/kulturonline.tv\/at\/wp-json\/wp\/v2\/types\/post"}],"author":[{"embeddable":true,"href":"https:\/\/kulturonline.tv\/at\/wp-json\/wp\/v2\/users\/2"}],"replies":[{"embeddable":true,"href":"https:\/\/kulturonline.tv\/at\/wp-json\/wp\/v2\/comments?post=15726"}],"version-history":[{"count":0,"href":"https:\/\/kulturonline.tv\/at\/wp-json\/wp\/v2\/posts\/15726\/revisions"}],"wp:featuredmedia":[{"embeddable":true,"href":"https:\/\/kulturonline.tv\/at\/wp-json\/wp\/v2\/media\/15728"}],"wp:attachment":[{"href":"https:\/\/kulturonline.tv\/at\/wp-json\/wp\/v2\/media?parent=15726"}],"wp:term":[{"taxonomy":"category","embeddable":true,"href":"https:\/\/kulturonline.tv\/at\/wp-json\/wp\/v2\/categories?post=15726"},{"taxonomy":"post_tag","embeddable":true,"href":"https:\/\/kulturonline.tv\/at\/wp-json\/wp\/v2\/tags?post=15726"}],"curies":[{"name":"wp","href":"https:\/\/api.w.org\/{rel}","templated":true}]}}