{"id":15842,"date":"2021-12-11T10:42:07","date_gmt":"2021-12-11T09:42:07","guid":{"rendered":"https:\/\/kulturonline.tv\/?p=15842"},"modified":"2021-12-11T10:42:08","modified_gmt":"2021-12-11T09:42:08","slug":"tansanischer-autor-gurnah-bei-nobelpreiszeremonie-geehrt","status":"publish","type":"post","link":"https:\/\/kulturonline.tv\/at\/tansanischer-autor-gurnah-bei-nobelpreiszeremonie-geehrt\/","title":{"rendered":"Tansanischer Autor Gurnah bei Nobelpreiszeremonie geehrt"},"content":{"rendered":"\n<p><strong>Nicht vor Ort, aber irgendwie doch dabei:\u00a0Der tansanische Literaturnobelpreistr\u00e4ger Abdulrazak Gurnah ist auf einer feierlichen Nobelpreiszeremonie in Stockholm f\u00fcr sein literarisches Schaffen gew\u00fcrdigt worden.<\/strong><\/p>\n\n\n\n<figure class=\"wp-block-image size-full is-resized\"><img fetchpriority=\"high\" decoding=\"async\" src=\"https:\/\/kulturonline.tv\/wp-content\/uploads\/2021\/12\/kultur-online-tv-7.jpg\" alt=\"\" class=\"wp-image-15844\" width=\"840\" height=\"472\" srcset=\"https:\/\/kulturonline.tv\/wp-content\/uploads\/2021\/12\/kultur-online-tv-7.jpg 600w, https:\/\/kulturonline.tv\/wp-content\/uploads\/2021\/12\/kultur-online-tv-7-416x234.jpg 416w\" sizes=\"(max-width: 840px) 100vw, 840px\" \/><\/figure>\n\n\n\n<p><strong>Die schwedische Schriftstellerin Ellen Mattson stellte die Arbeit des in Gro\u00dfbritannien lebenden Gurnah am Freitag vor einem lokalen &#8211; und coronabedingt deutlich kleineren Publikum als \u00fcblich &#8211; vor.<\/strong><\/p>\n\n\n\n<p>In Gurnahs Werken gehe es immer wieder darum, wie jemand seinen angestammten Platz in der Welt verliere und einen neuen finden m\u00fcsse, sagte Mattson. Der Autor schaffe es dabei, die Einzigartigkeit jedes einzelnen Schicksals darzustellen und nachvollziehbar zu machen.<\/p>\n\n\n\n<p>\u00dcblicherweise werden die Nobelpreise mit Ausnahme des in Oslo vergebenen Friedensnobelpreises gro\u00dfteils in Stockholm \u00fcberreicht. Das Ganze findet traditionell am 10. Dezember statt, dem Todestag von Preisstifter und Dynamit-Erfinder Alfred Nobel. Wegen der Unsicherheiten rund um die Corona-Pandemie hatte die zust\u00e4ndige Nobelstiftung aber schon im September entschieden, alle sonst in Stockholm vergebenen Preise vorab in den jeweiligen Heimatl\u00e4ndern der Geehrten zu \u00fcberreichen. Gurnah hatte den Literaturnobelpreis somit schon am Dienstag in London erhalten.<\/p>\n\n\n\n<p>Die Schwedische Akademie hatte Anfang Oktober bekanntgegeben, dass der 72-j\u00e4hrige Gurnah in diesem Jahr mit dem Literaturnobelpreis ausgezeichnet wird. Im deutschsprachigen Raum kannte den aus Tansania stammenden Autor zu dem Zeitpunkt kaum jemand.<\/p>\n\n\n\n<p>Gurnah wurde im Dezember 1948 auf der Insel Sansibar geboren, die zur fr\u00fcheren britischen Kolonie Tansania geh\u00f6rt, und kam als Fl\u00fcchtling Ende der 60er Jahre nach Gro\u00dfbritannien, wo er seither lebt. Er erh\u00e4lt den Nobelpreis &#8222;f\u00fcr sein kompromissloses und mitf\u00fchlendes Durchdringen der Auswirkungen des Kolonialismus und des Schicksals des Fl\u00fcchtlings in der Kluft zwischen Kulturen und Kontinenten&#8220;.<\/p>\n\n\n\n<p>&#8222;Schreiben ist immer ein Vergn\u00fcgen gewesen&#8220;, sagte Gurnah in seiner Nobelvorlesung, in der er auf die Zeit einging, als er als Bub in der Schule Geschichten schreiben sollte. &#8222;Leicht verwunderlich&#8220; sei diese jugendliche Freude am Schreiben immer noch da &#8211; auch nach Jahrzehnten.<\/p>\n\n\n\n<p>Kultur Online TV<\/p>\n\n\n\n<p>#literatur #kunst #kultur<\/p>\n","protected":false},"excerpt":{"rendered":"<p>Nicht vor Ort, aber irgendwie doch dabei:\u00a0Der tansanische Literaturnobelpreistr\u00e4ger Abdulrazak Gurnah ist auf einer feierlichen Nobelpreiszeremonie in Stockholm f\u00fcr sein literarisches Schaffen gew\u00fcrdigt worden. Die schwedische Schriftstellerin Ellen Mattson stellte die Arbeit des in Gro\u00dfbritannien lebenden Gurnah am Freitag vor einem lokalen &#8211; und coronabedingt deutlich kleineren Publikum als \u00fcblich &#8211; vor. In Gurnahs Werken [&hellip;]<\/p>\n","protected":false},"author":2,"featured_media":15844,"comment_status":"closed","ping_status":"closed","sticky":false,"template":"","format":"standard","meta":{"_acf_changed":false,"footnotes":""},"categories":[133],"tags":[],"class_list":["post-15842","post","type-post","status-publish","format-standard","has-post-thumbnail","hentry","category-literatur"],"acf":[],"yoast_head":"<!-- This site is optimized with the Yoast SEO plugin v26.1.1 - https:\/\/yoast.com\/wordpress\/plugins\/seo\/ -->\n<title>Tansanischer Autor Gurnah bei Nobelpreiszeremonie geehrt - Kultur Online TV &amp; FM<\/title>\n<meta name=\"description\" content=\"Kultur sehen und H\u00f6ren\" \/>\n<meta name=\"robots\" content=\"index, follow, max-snippet:-1, max-image-preview:large, max-video-preview:-1\" \/>\n<link rel=\"canonical\" href=\"https:\/\/kulturonline.tv\/at\/tansanischer-autor-gurnah-bei-nobelpreiszeremonie-geehrt\/\" \/>\n<meta property=\"og:locale\" content=\"de_DE\" \/>\n<meta property=\"og:type\" content=\"article\" \/>\n<meta property=\"og:title\" content=\"Tansanischer Autor Gurnah bei Nobelpreiszeremonie geehrt - Kultur Online TV &amp; FM\" \/>\n<meta property=\"og:description\" content=\"Kultur sehen und H\u00f6ren\" \/>\n<meta property=\"og:url\" content=\"https:\/\/kulturonline.tv\/at\/tansanischer-autor-gurnah-bei-nobelpreiszeremonie-geehrt\/\" \/>\n<meta property=\"og:site_name\" content=\"Kultur Online TV &amp; FM\" \/>\n<meta property=\"article:publisher\" content=\"https:\/\/www.facebook.com\/kulturonline.tv\" \/>\n<meta property=\"article:published_time\" content=\"2021-12-11T09:42:07+00:00\" \/>\n<meta property=\"article:modified_time\" content=\"2021-12-11T09:42:08+00:00\" \/>\n<meta property=\"og:image\" content=\"https:\/\/kulturonline.tv\/wp-content\/uploads\/2021\/12\/kultur-online-tv-7.jpg\" \/>\n\t<meta property=\"og:image:width\" content=\"600\" \/>\n\t<meta property=\"og:image:height\" content=\"337\" \/>\n\t<meta property=\"og:image:type\" content=\"image\/jpeg\" \/>\n<meta name=\"author\" content=\"guenter.wolfgang\" \/>\n<meta name=\"twitter:card\" content=\"summary_large_image\" \/>\n<meta name=\"twitter:label1\" content=\"Verfasst von\" \/>\n\t<meta name=\"twitter:data1\" content=\"guenter.wolfgang\" \/>\n\t<meta name=\"twitter:label2\" content=\"Gesch\u00e4tzte Lesezeit\" \/>\n\t<meta name=\"twitter:data2\" content=\"2 Minuten\" \/>\n<script type=\"application\/ld+json\" class=\"yoast-schema-graph\">{\"@context\":\"https:\/\/schema.org\",\"@graph\":[{\"@type\":\"Article\",\"@id\":\"https:\/\/kulturonline.tv\/at\/tansanischer-autor-gurnah-bei-nobelpreiszeremonie-geehrt\/#article\",\"isPartOf\":{\"@id\":\"https:\/\/kulturonline.tv\/at\/tansanischer-autor-gurnah-bei-nobelpreiszeremonie-geehrt\/\"},\"author\":{\"name\":\"guenter.wolfgang\",\"@id\":\"https:\/\/kulturonline.tv\/at\/#\/schema\/person\/b0fac729bb9a0c193fb1df23449df4fe\"},\"headline\":\"Tansanischer Autor Gurnah bei Nobelpreiszeremonie geehrt\",\"datePublished\":\"2021-12-11T09:42:07+00:00\",\"dateModified\":\"2021-12-11T09:42:08+00:00\",\"mainEntityOfPage\":{\"@id\":\"https:\/\/kulturonline.tv\/at\/tansanischer-autor-gurnah-bei-nobelpreiszeremonie-geehrt\/\"},\"wordCount\":326,\"publisher\":{\"@id\":\"https:\/\/kulturonline.tv\/at\/#organization\"},\"image\":{\"@id\":\"https:\/\/kulturonline.tv\/at\/tansanischer-autor-gurnah-bei-nobelpreiszeremonie-geehrt\/#primaryimage\"},\"thumbnailUrl\":\"https:\/\/kulturonline.tv\/wp-content\/uploads\/2021\/12\/kultur-online-tv-7.jpg\",\"articleSection\":[\"Literatur\"],\"inLanguage\":\"de-AT\"},{\"@type\":\"WebPage\",\"@id\":\"https:\/\/kulturonline.tv\/at\/tansanischer-autor-gurnah-bei-nobelpreiszeremonie-geehrt\/\",\"url\":\"https:\/\/kulturonline.tv\/at\/tansanischer-autor-gurnah-bei-nobelpreiszeremonie-geehrt\/\",\"name\":\"Tansanischer Autor Gurnah bei Nobelpreiszeremonie geehrt - Kultur Online TV &amp; FM\",\"isPartOf\":{\"@id\":\"https:\/\/kulturonline.tv\/at\/#website\"},\"primaryImageOfPage\":{\"@id\":\"https:\/\/kulturonline.tv\/at\/tansanischer-autor-gurnah-bei-nobelpreiszeremonie-geehrt\/#primaryimage\"},\"image\":{\"@id\":\"https:\/\/kulturonline.tv\/at\/tansanischer-autor-gurnah-bei-nobelpreiszeremonie-geehrt\/#primaryimage\"},\"thumbnailUrl\":\"https:\/\/kulturonline.tv\/wp-content\/uploads\/2021\/12\/kultur-online-tv-7.jpg\",\"datePublished\":\"2021-12-11T09:42:07+00:00\",\"dateModified\":\"2021-12-11T09:42:08+00:00\",\"description\":\"Kultur sehen und H\u00f6ren\",\"breadcrumb\":{\"@id\":\"https:\/\/kulturonline.tv\/at\/tansanischer-autor-gurnah-bei-nobelpreiszeremonie-geehrt\/#breadcrumb\"},\"inLanguage\":\"de-AT\",\"potentialAction\":[{\"@type\":\"ReadAction\",\"target\":[\"https:\/\/kulturonline.tv\/at\/tansanischer-autor-gurnah-bei-nobelpreiszeremonie-geehrt\/\"]}]},{\"@type\":\"ImageObject\",\"inLanguage\":\"de-AT\",\"@id\":\"https:\/\/kulturonline.tv\/at\/tansanischer-autor-gurnah-bei-nobelpreiszeremonie-geehrt\/#primaryimage\",\"url\":\"https:\/\/kulturonline.tv\/wp-content\/uploads\/2021\/12\/kultur-online-tv-7.jpg\",\"contentUrl\":\"https:\/\/kulturonline.tv\/wp-content\/uploads\/2021\/12\/kultur-online-tv-7.jpg\",\"width\":600,\"height\":337},{\"@type\":\"BreadcrumbList\",\"@id\":\"https:\/\/kulturonline.tv\/at\/tansanischer-autor-gurnah-bei-nobelpreiszeremonie-geehrt\/#breadcrumb\",\"itemListElement\":[{\"@type\":\"ListItem\",\"position\":1,\"name\":\"Startseite\",\"item\":\"https:\/\/kulturonline.tv\/at\/\"},{\"@type\":\"ListItem\",\"position\":2,\"name\":\"Tansanischer Autor Gurnah bei Nobelpreiszeremonie geehrt\"}]},{\"@type\":\"WebSite\",\"@id\":\"https:\/\/kulturonline.tv\/at\/#website\",\"url\":\"https:\/\/kulturonline.tv\/at\/\",\"name\":\"Kultur Online TV &amp; FM\",\"description\":\"Wir sind Kultur 2.0 zum sehen &amp; h\u00f6ren\",\"publisher\":{\"@id\":\"https:\/\/kulturonline.tv\/at\/#organization\"},\"potentialAction\":[{\"@type\":\"SearchAction\",\"target\":{\"@type\":\"EntryPoint\",\"urlTemplate\":\"https:\/\/kulturonline.tv\/at\/?s={search_term_string}\"},\"query-input\":{\"@type\":\"PropertyValueSpecification\",\"valueRequired\":true,\"valueName\":\"search_term_string\"}}],\"inLanguage\":\"de-AT\"},{\"@type\":\"Organization\",\"@id\":\"https:\/\/kulturonline.tv\/at\/#organization\",\"name\":\"Kultur Online TV\",\"url\":\"https:\/\/kulturonline.tv\/at\/\",\"logo\":{\"@type\":\"ImageObject\",\"inLanguage\":\"de-AT\",\"@id\":\"https:\/\/kulturonline.tv\/at\/#\/schema\/logo\/image\/\",\"url\":\"https:\/\/kulturonline.tv\/wp-content\/uploads\/2021\/08\/Kultur-Online-Tv-Logo-Endversion-neu.png\",\"contentUrl\":\"https:\/\/kulturonline.tv\/wp-content\/uploads\/2021\/08\/Kultur-Online-Tv-Logo-Endversion-neu.png\",\"width\":200,\"height\":200,\"caption\":\"Kultur Online TV\"},\"image\":{\"@id\":\"https:\/\/kulturonline.tv\/at\/#\/schema\/logo\/image\/\"},\"sameAs\":[\"https:\/\/www.facebook.com\/kulturonline.tv\",\"https:\/\/www.instagram.com\/kulturonline.tv\"]},{\"@type\":\"Person\",\"@id\":\"https:\/\/kulturonline.tv\/at\/#\/schema\/person\/b0fac729bb9a0c193fb1df23449df4fe\",\"name\":\"guenter.wolfgang\"}]}<\/script>\n<!-- \/ Yoast SEO plugin. -->","yoast_head_json":{"title":"Tansanischer Autor Gurnah bei Nobelpreiszeremonie geehrt - Kultur Online TV &amp; FM","description":"Kultur sehen und H\u00f6ren","robots":{"index":"index","follow":"follow","max-snippet":"max-snippet:-1","max-image-preview":"max-image-preview:large","max-video-preview":"max-video-preview:-1"},"canonical":"https:\/\/kulturonline.tv\/at\/tansanischer-autor-gurnah-bei-nobelpreiszeremonie-geehrt\/","og_locale":"de_DE","og_type":"article","og_title":"Tansanischer Autor Gurnah bei Nobelpreiszeremonie geehrt - Kultur Online TV &amp; FM","og_description":"Kultur sehen und H\u00f6ren","og_url":"https:\/\/kulturonline.tv\/at\/tansanischer-autor-gurnah-bei-nobelpreiszeremonie-geehrt\/","og_site_name":"Kultur Online TV &amp; FM","article_publisher":"https:\/\/www.facebook.com\/kulturonline.tv","article_published_time":"2021-12-11T09:42:07+00:00","article_modified_time":"2021-12-11T09:42:08+00:00","og_image":[{"width":600,"height":337,"url":"https:\/\/kulturonline.tv\/wp-content\/uploads\/2021\/12\/kultur-online-tv-7.jpg","type":"image\/jpeg"}],"author":"guenter.wolfgang","twitter_card":"summary_large_image","twitter_misc":{"Verfasst von":"guenter.wolfgang","Gesch\u00e4tzte Lesezeit":"2 Minuten"},"schema":{"@context":"https:\/\/schema.org","@graph":[{"@type":"Article","@id":"https:\/\/kulturonline.tv\/at\/tansanischer-autor-gurnah-bei-nobelpreiszeremonie-geehrt\/#article","isPartOf":{"@id":"https:\/\/kulturonline.tv\/at\/tansanischer-autor-gurnah-bei-nobelpreiszeremonie-geehrt\/"},"author":{"name":"guenter.wolfgang","@id":"https:\/\/kulturonline.tv\/at\/#\/schema\/person\/b0fac729bb9a0c193fb1df23449df4fe"},"headline":"Tansanischer Autor Gurnah bei Nobelpreiszeremonie geehrt","datePublished":"2021-12-11T09:42:07+00:00","dateModified":"2021-12-11T09:42:08+00:00","mainEntityOfPage":{"@id":"https:\/\/kulturonline.tv\/at\/tansanischer-autor-gurnah-bei-nobelpreiszeremonie-geehrt\/"},"wordCount":326,"publisher":{"@id":"https:\/\/kulturonline.tv\/at\/#organization"},"image":{"@id":"https:\/\/kulturonline.tv\/at\/tansanischer-autor-gurnah-bei-nobelpreiszeremonie-geehrt\/#primaryimage"},"thumbnailUrl":"https:\/\/kulturonline.tv\/wp-content\/uploads\/2021\/12\/kultur-online-tv-7.jpg","articleSection":["Literatur"],"inLanguage":"de-AT"},{"@type":"WebPage","@id":"https:\/\/kulturonline.tv\/at\/tansanischer-autor-gurnah-bei-nobelpreiszeremonie-geehrt\/","url":"https:\/\/kulturonline.tv\/at\/tansanischer-autor-gurnah-bei-nobelpreiszeremonie-geehrt\/","name":"Tansanischer Autor Gurnah bei Nobelpreiszeremonie geehrt - Kultur Online TV &amp; FM","isPartOf":{"@id":"https:\/\/kulturonline.tv\/at\/#website"},"primaryImageOfPage":{"@id":"https:\/\/kulturonline.tv\/at\/tansanischer-autor-gurnah-bei-nobelpreiszeremonie-geehrt\/#primaryimage"},"image":{"@id":"https:\/\/kulturonline.tv\/at\/tansanischer-autor-gurnah-bei-nobelpreiszeremonie-geehrt\/#primaryimage"},"thumbnailUrl":"https:\/\/kulturonline.tv\/wp-content\/uploads\/2021\/12\/kultur-online-tv-7.jpg","datePublished":"2021-12-11T09:42:07+00:00","dateModified":"2021-12-11T09:42:08+00:00","description":"Kultur sehen und H\u00f6ren","breadcrumb":{"@id":"https:\/\/kulturonline.tv\/at\/tansanischer-autor-gurnah-bei-nobelpreiszeremonie-geehrt\/#breadcrumb"},"inLanguage":"de-AT","potentialAction":[{"@type":"ReadAction","target":["https:\/\/kulturonline.tv\/at\/tansanischer-autor-gurnah-bei-nobelpreiszeremonie-geehrt\/"]}]},{"@type":"ImageObject","inLanguage":"de-AT","@id":"https:\/\/kulturonline.tv\/at\/tansanischer-autor-gurnah-bei-nobelpreiszeremonie-geehrt\/#primaryimage","url":"https:\/\/kulturonline.tv\/wp-content\/uploads\/2021\/12\/kultur-online-tv-7.jpg","contentUrl":"https:\/\/kulturonline.tv\/wp-content\/uploads\/2021\/12\/kultur-online-tv-7.jpg","width":600,"height":337},{"@type":"BreadcrumbList","@id":"https:\/\/kulturonline.tv\/at\/tansanischer-autor-gurnah-bei-nobelpreiszeremonie-geehrt\/#breadcrumb","itemListElement":[{"@type":"ListItem","position":1,"name":"Startseite","item":"https:\/\/kulturonline.tv\/at\/"},{"@type":"ListItem","position":2,"name":"Tansanischer Autor Gurnah bei Nobelpreiszeremonie geehrt"}]},{"@type":"WebSite","@id":"https:\/\/kulturonline.tv\/at\/#website","url":"https:\/\/kulturonline.tv\/at\/","name":"Kultur Online TV &amp; FM","description":"Wir sind Kultur 2.0 zum sehen &amp; h\u00f6ren","publisher":{"@id":"https:\/\/kulturonline.tv\/at\/#organization"},"potentialAction":[{"@type":"SearchAction","target":{"@type":"EntryPoint","urlTemplate":"https:\/\/kulturonline.tv\/at\/?s={search_term_string}"},"query-input":{"@type":"PropertyValueSpecification","valueRequired":true,"valueName":"search_term_string"}}],"inLanguage":"de-AT"},{"@type":"Organization","@id":"https:\/\/kulturonline.tv\/at\/#organization","name":"Kultur Online TV","url":"https:\/\/kulturonline.tv\/at\/","logo":{"@type":"ImageObject","inLanguage":"de-AT","@id":"https:\/\/kulturonline.tv\/at\/#\/schema\/logo\/image\/","url":"https:\/\/kulturonline.tv\/wp-content\/uploads\/2021\/08\/Kultur-Online-Tv-Logo-Endversion-neu.png","contentUrl":"https:\/\/kulturonline.tv\/wp-content\/uploads\/2021\/08\/Kultur-Online-Tv-Logo-Endversion-neu.png","width":200,"height":200,"caption":"Kultur Online TV"},"image":{"@id":"https:\/\/kulturonline.tv\/at\/#\/schema\/logo\/image\/"},"sameAs":["https:\/\/www.facebook.com\/kulturonline.tv","https:\/\/www.instagram.com\/kulturonline.tv"]},{"@type":"Person","@id":"https:\/\/kulturonline.tv\/at\/#\/schema\/person\/b0fac729bb9a0c193fb1df23449df4fe","name":"guenter.wolfgang"}]}},"_links":{"self":[{"href":"https:\/\/kulturonline.tv\/at\/wp-json\/wp\/v2\/posts\/15842","targetHints":{"allow":["GET"]}}],"collection":[{"href":"https:\/\/kulturonline.tv\/at\/wp-json\/wp\/v2\/posts"}],"about":[{"href":"https:\/\/kulturonline.tv\/at\/wp-json\/wp\/v2\/types\/post"}],"author":[{"embeddable":true,"href":"https:\/\/kulturonline.tv\/at\/wp-json\/wp\/v2\/users\/2"}],"replies":[{"embeddable":true,"href":"https:\/\/kulturonline.tv\/at\/wp-json\/wp\/v2\/comments?post=15842"}],"version-history":[{"count":0,"href":"https:\/\/kulturonline.tv\/at\/wp-json\/wp\/v2\/posts\/15842\/revisions"}],"wp:featuredmedia":[{"embeddable":true,"href":"https:\/\/kulturonline.tv\/at\/wp-json\/wp\/v2\/media\/15844"}],"wp:attachment":[{"href":"https:\/\/kulturonline.tv\/at\/wp-json\/wp\/v2\/media?parent=15842"}],"wp:term":[{"taxonomy":"category","embeddable":true,"href":"https:\/\/kulturonline.tv\/at\/wp-json\/wp\/v2\/categories?post=15842"},{"taxonomy":"post_tag","embeddable":true,"href":"https:\/\/kulturonline.tv\/at\/wp-json\/wp\/v2\/tags?post=15842"}],"curies":[{"name":"wp","href":"https:\/\/api.w.org\/{rel}","templated":true}]}}