{"id":15979,"date":"2021-12-11T14:55:21","date_gmt":"2021-12-11T13:55:21","guid":{"rendered":"https:\/\/kulturonline.tv\/?p=15979"},"modified":"2021-12-11T14:55:21","modified_gmt":"2021-12-11T13:55:21","slug":"projektstipendien-fuer-literatur-2022-23","status":"publish","type":"post","link":"https:\/\/kulturonline.tv\/at\/projektstipendien-fuer-literatur-2022-23\/","title":{"rendered":"Projektstipendien f\u00fcr Literatur 2022\/23"},"content":{"rendered":"\n<p>Zur F\u00f6rderung \u00f6sterreichischer Autor:innen hat die Literaturabteilung des Bundesministeriums f\u00fcr Kunst, Kultur, \u00f6ffentlichen Dienst und Sport 50 Projektstipendien f\u00fcr Literatur bereitgestellt. Bewerbungen k\u00f6nnen von Autor:innen eingereicht werden, die die \u00f6sterreichische Staatsb\u00fcrgerschaft besitzen oder ihren st\u00e4ndigen Wohnsitz in \u00d6sterreich haben.<\/p>\n\n\n\n<figure class=\"wp-block-image size-large\"><img fetchpriority=\"high\" decoding=\"async\" width=\"1920\" height=\"1080\" src=\"https:\/\/kulturonline.tv\/wp-content\/uploads\/2021\/12\/lteratur-edited.jpg\" alt=\"\" class=\"wp-image-15983\" srcset=\"https:\/\/kulturonline.tv\/wp-content\/uploads\/2021\/12\/lteratur-edited.jpg 1920w, https:\/\/kulturonline.tv\/wp-content\/uploads\/2021\/12\/lteratur-edited-600x338.jpg 600w, https:\/\/kulturonline.tv\/wp-content\/uploads\/2021\/12\/lteratur-edited-800x450.jpg 800w, https:\/\/kulturonline.tv\/wp-content\/uploads\/2021\/12\/lteratur-edited-1600x900.jpg 1600w, https:\/\/kulturonline.tv\/wp-content\/uploads\/2021\/12\/lteratur-edited-768x432.jpg 768w, https:\/\/kulturonline.tv\/wp-content\/uploads\/2021\/12\/lteratur-edited-1536x864.jpg 1536w\" sizes=\"(max-width: 1920px) 100vw, 1920px\" \/><\/figure>\n\n\n\n<p>Mit dem Projektstipendium werden gr\u00f6\u00dfere Schreibvorhaben (Prosa, Lyrik, Essay) vor allem von freiberuflich t\u00e4tigen Autor:innen gef\u00f6rdert,<\/p>\n\n\n\n<p>die zumindest zwei selbst\u00e4ndige literarische Publikationen vorweisen k\u00f6nnen (unabh\u00e4ngig von ihrem Alter) oder<br>die am ersten oder zweiten Buch arbeiten, aber das Alterslimit f\u00fcr das Startstipendium f\u00fcr Literatur (2022 maximal 35 Jahre alt) bereits \u00fcberschritten haben.<br>Autor:innen, die das Projektstipendium der Jahre 2020\/21 und 2021\/22 erhalten haben, also durchgehend 24 Monate lang das Stipendium bezogen haben, k\u00f6nnen sich erst wieder 2023 um ein Langzeitstipendium bewerben.<\/p>\n\n\n\n<p>Die Laufzeit der Stipendien betr\u00e4gt ein Jahr, beginnend mit 1. Juli 2022. Sie sind mit je \u20ac 16.800,- dotiert.<\/p>\n\n\n\n<p>Die Bewerbung ist versandfertig in f\u00fcnffacher Ausfertigung bis sp\u00e4testens 31. J\u00e4nner 2022 an das Bundesministerium f\u00fcr Kunst, Kultur, \u00f6ffentlichen Dienst und Sport, Abteilung IV\/A\/5, Concordiaplatz 2, 1010 Wien, zu \u00fcbermitteln. Zus\u00e4tzlich ist das ausgef\u00fcllte F\u00f6rderungsformular (einfach) beizulegen.<\/p>\n\n\n\n<p><a href=\"https:\/\/www.bmkoes.gv.at\/Service\/Ausschreibungen\/kunst-und-kultur-ausschreibungen\/Projektstipendien-f%C3%BCr-Literatur.html\">Zur Bewerbung<\/a><\/p>\n\n\n\n<p><\/p>\n\n\n\n<p>Kultur Online TV<\/p>\n\n\n\n<p>#kultur #literatur #f\u00f6rderungen <\/p>\n","protected":false},"excerpt":{"rendered":"<p>Zur F\u00f6rderung \u00f6sterreichischer Autor:innen hat die Literaturabteilung des Bundesministeriums f\u00fcr Kunst, Kultur, \u00f6ffentlichen Dienst und Sport 50 Projektstipendien f\u00fcr Literatur bereitgestellt. Bewerbungen k\u00f6nnen von Autor:innen eingereicht werden, die die \u00f6sterreichische Staatsb\u00fcrgerschaft besitzen oder ihren st\u00e4ndigen Wohnsitz in \u00d6sterreich haben. Mit dem Projektstipendium werden gr\u00f6\u00dfere Schreibvorhaben (Prosa, Lyrik, Essay) vor allem von freiberuflich t\u00e4tigen Autor:innen gef\u00f6rdert, [&hellip;]<\/p>\n","protected":false},"author":2,"featured_media":15983,"comment_status":"closed","ping_status":"closed","sticky":false,"template":"","format":"standard","meta":{"_acf_changed":false,"footnotes":""},"categories":[133],"tags":[],"class_list":["post-15979","post","type-post","status-publish","format-standard","has-post-thumbnail","hentry","category-literatur"],"acf":[],"yoast_head":"<!-- This site is optimized with the Yoast SEO plugin v26.1.1 - https:\/\/yoast.com\/wordpress\/plugins\/seo\/ -->\n<title>Projektstipendien f\u00fcr Literatur 2022\/23 - Kultur Online TV &amp; FM<\/title>\n<meta name=\"description\" content=\"Kultur sehen und H\u00f6ren\" \/>\n<meta name=\"robots\" content=\"index, follow, max-snippet:-1, max-image-preview:large, max-video-preview:-1\" \/>\n<link rel=\"canonical\" href=\"https:\/\/kulturonline.tv\/at\/projektstipendien-fuer-literatur-2022-23\/\" \/>\n<meta property=\"og:locale\" content=\"de_DE\" \/>\n<meta property=\"og:type\" content=\"article\" \/>\n<meta property=\"og:title\" content=\"Projektstipendien f\u00fcr Literatur 2022\/23 - Kultur Online TV &amp; FM\" \/>\n<meta property=\"og:description\" content=\"Kultur sehen und H\u00f6ren\" \/>\n<meta property=\"og:url\" content=\"https:\/\/kulturonline.tv\/at\/projektstipendien-fuer-literatur-2022-23\/\" \/>\n<meta property=\"og:site_name\" content=\"Kultur Online TV &amp; FM\" \/>\n<meta property=\"article:publisher\" content=\"https:\/\/www.facebook.com\/kulturonline.tv\" \/>\n<meta property=\"article:published_time\" content=\"2021-12-11T13:55:21+00:00\" \/>\n<meta property=\"og:image\" content=\"https:\/\/kulturonline.tv\/wp-content\/uploads\/2021\/12\/lteratur-edited.jpg\" \/>\n\t<meta property=\"og:image:width\" content=\"1920\" \/>\n\t<meta property=\"og:image:height\" content=\"1080\" \/>\n\t<meta property=\"og:image:type\" content=\"image\/jpeg\" \/>\n<meta name=\"author\" content=\"guenter.wolfgang\" \/>\n<meta name=\"twitter:card\" content=\"summary_large_image\" \/>\n<meta name=\"twitter:label1\" content=\"Verfasst von\" \/>\n\t<meta name=\"twitter:data1\" content=\"guenter.wolfgang\" \/>\n\t<meta name=\"twitter:label2\" content=\"Gesch\u00e4tzte Lesezeit\" \/>\n\t<meta name=\"twitter:data2\" content=\"2 Minuten\" \/>\n<script type=\"application\/ld+json\" class=\"yoast-schema-graph\">{\"@context\":\"https:\/\/schema.org\",\"@graph\":[{\"@type\":\"Article\",\"@id\":\"https:\/\/kulturonline.tv\/at\/projektstipendien-fuer-literatur-2022-23\/#article\",\"isPartOf\":{\"@id\":\"https:\/\/kulturonline.tv\/at\/projektstipendien-fuer-literatur-2022-23\/\"},\"author\":{\"name\":\"guenter.wolfgang\",\"@id\":\"https:\/\/kulturonline.tv\/at\/#\/schema\/person\/b0fac729bb9a0c193fb1df23449df4fe\"},\"headline\":\"Projektstipendien f\u00fcr Literatur 2022\/23\",\"datePublished\":\"2021-12-11T13:55:21+00:00\",\"mainEntityOfPage\":{\"@id\":\"https:\/\/kulturonline.tv\/at\/projektstipendien-fuer-literatur-2022-23\/\"},\"wordCount\":202,\"publisher\":{\"@id\":\"https:\/\/kulturonline.tv\/at\/#organization\"},\"image\":{\"@id\":\"https:\/\/kulturonline.tv\/at\/projektstipendien-fuer-literatur-2022-23\/#primaryimage\"},\"thumbnailUrl\":\"https:\/\/kulturonline.tv\/wp-content\/uploads\/2021\/12\/lteratur-edited.jpg\",\"articleSection\":[\"Literatur\"],\"inLanguage\":\"de-AT\"},{\"@type\":\"WebPage\",\"@id\":\"https:\/\/kulturonline.tv\/at\/projektstipendien-fuer-literatur-2022-23\/\",\"url\":\"https:\/\/kulturonline.tv\/at\/projektstipendien-fuer-literatur-2022-23\/\",\"name\":\"Projektstipendien f\u00fcr Literatur 2022\/23 - Kultur Online TV &amp; FM\",\"isPartOf\":{\"@id\":\"https:\/\/kulturonline.tv\/at\/#website\"},\"primaryImageOfPage\":{\"@id\":\"https:\/\/kulturonline.tv\/at\/projektstipendien-fuer-literatur-2022-23\/#primaryimage\"},\"image\":{\"@id\":\"https:\/\/kulturonline.tv\/at\/projektstipendien-fuer-literatur-2022-23\/#primaryimage\"},\"thumbnailUrl\":\"https:\/\/kulturonline.tv\/wp-content\/uploads\/2021\/12\/lteratur-edited.jpg\",\"datePublished\":\"2021-12-11T13:55:21+00:00\",\"description\":\"Kultur sehen und H\u00f6ren\",\"breadcrumb\":{\"@id\":\"https:\/\/kulturonline.tv\/at\/projektstipendien-fuer-literatur-2022-23\/#breadcrumb\"},\"inLanguage\":\"de-AT\",\"potentialAction\":[{\"@type\":\"ReadAction\",\"target\":[\"https:\/\/kulturonline.tv\/at\/projektstipendien-fuer-literatur-2022-23\/\"]}]},{\"@type\":\"ImageObject\",\"inLanguage\":\"de-AT\",\"@id\":\"https:\/\/kulturonline.tv\/at\/projektstipendien-fuer-literatur-2022-23\/#primaryimage\",\"url\":\"https:\/\/kulturonline.tv\/wp-content\/uploads\/2021\/12\/lteratur-edited.jpg\",\"contentUrl\":\"https:\/\/kulturonline.tv\/wp-content\/uploads\/2021\/12\/lteratur-edited.jpg\",\"width\":1920,\"height\":1080},{\"@type\":\"BreadcrumbList\",\"@id\":\"https:\/\/kulturonline.tv\/at\/projektstipendien-fuer-literatur-2022-23\/#breadcrumb\",\"itemListElement\":[{\"@type\":\"ListItem\",\"position\":1,\"name\":\"Startseite\",\"item\":\"https:\/\/kulturonline.tv\/at\/\"},{\"@type\":\"ListItem\",\"position\":2,\"name\":\"Projektstipendien f\u00fcr Literatur 2022\/23\"}]},{\"@type\":\"WebSite\",\"@id\":\"https:\/\/kulturonline.tv\/at\/#website\",\"url\":\"https:\/\/kulturonline.tv\/at\/\",\"name\":\"Kultur Online TV &amp; FM\",\"description\":\"Wir sind Kultur 2.0 zum sehen &amp; h\u00f6ren\",\"publisher\":{\"@id\":\"https:\/\/kulturonline.tv\/at\/#organization\"},\"potentialAction\":[{\"@type\":\"SearchAction\",\"target\":{\"@type\":\"EntryPoint\",\"urlTemplate\":\"https:\/\/kulturonline.tv\/at\/?s={search_term_string}\"},\"query-input\":{\"@type\":\"PropertyValueSpecification\",\"valueRequired\":true,\"valueName\":\"search_term_string\"}}],\"inLanguage\":\"de-AT\"},{\"@type\":\"Organization\",\"@id\":\"https:\/\/kulturonline.tv\/at\/#organization\",\"name\":\"Kultur Online TV\",\"url\":\"https:\/\/kulturonline.tv\/at\/\",\"logo\":{\"@type\":\"ImageObject\",\"inLanguage\":\"de-AT\",\"@id\":\"https:\/\/kulturonline.tv\/at\/#\/schema\/logo\/image\/\",\"url\":\"https:\/\/kulturonline.tv\/wp-content\/uploads\/2021\/08\/Kultur-Online-Tv-Logo-Endversion-neu.png\",\"contentUrl\":\"https:\/\/kulturonline.tv\/wp-content\/uploads\/2021\/08\/Kultur-Online-Tv-Logo-Endversion-neu.png\",\"width\":200,\"height\":200,\"caption\":\"Kultur Online TV\"},\"image\":{\"@id\":\"https:\/\/kulturonline.tv\/at\/#\/schema\/logo\/image\/\"},\"sameAs\":[\"https:\/\/www.facebook.com\/kulturonline.tv\",\"https:\/\/www.instagram.com\/kulturonline.tv\"]},{\"@type\":\"Person\",\"@id\":\"https:\/\/kulturonline.tv\/at\/#\/schema\/person\/b0fac729bb9a0c193fb1df23449df4fe\",\"name\":\"guenter.wolfgang\"}]}<\/script>\n<!-- \/ Yoast SEO plugin. -->","yoast_head_json":{"title":"Projektstipendien f\u00fcr Literatur 2022\/23 - Kultur Online TV &amp; FM","description":"Kultur sehen und H\u00f6ren","robots":{"index":"index","follow":"follow","max-snippet":"max-snippet:-1","max-image-preview":"max-image-preview:large","max-video-preview":"max-video-preview:-1"},"canonical":"https:\/\/kulturonline.tv\/at\/projektstipendien-fuer-literatur-2022-23\/","og_locale":"de_DE","og_type":"article","og_title":"Projektstipendien f\u00fcr Literatur 2022\/23 - Kultur Online TV &amp; FM","og_description":"Kultur sehen und H\u00f6ren","og_url":"https:\/\/kulturonline.tv\/at\/projektstipendien-fuer-literatur-2022-23\/","og_site_name":"Kultur Online TV &amp; FM","article_publisher":"https:\/\/www.facebook.com\/kulturonline.tv","article_published_time":"2021-12-11T13:55:21+00:00","og_image":[{"width":1920,"height":1080,"url":"https:\/\/kulturonline.tv\/wp-content\/uploads\/2021\/12\/lteratur-edited.jpg","type":"image\/jpeg"}],"author":"guenter.wolfgang","twitter_card":"summary_large_image","twitter_misc":{"Verfasst von":"guenter.wolfgang","Gesch\u00e4tzte Lesezeit":"2 Minuten"},"schema":{"@context":"https:\/\/schema.org","@graph":[{"@type":"Article","@id":"https:\/\/kulturonline.tv\/at\/projektstipendien-fuer-literatur-2022-23\/#article","isPartOf":{"@id":"https:\/\/kulturonline.tv\/at\/projektstipendien-fuer-literatur-2022-23\/"},"author":{"name":"guenter.wolfgang","@id":"https:\/\/kulturonline.tv\/at\/#\/schema\/person\/b0fac729bb9a0c193fb1df23449df4fe"},"headline":"Projektstipendien f\u00fcr Literatur 2022\/23","datePublished":"2021-12-11T13:55:21+00:00","mainEntityOfPage":{"@id":"https:\/\/kulturonline.tv\/at\/projektstipendien-fuer-literatur-2022-23\/"},"wordCount":202,"publisher":{"@id":"https:\/\/kulturonline.tv\/at\/#organization"},"image":{"@id":"https:\/\/kulturonline.tv\/at\/projektstipendien-fuer-literatur-2022-23\/#primaryimage"},"thumbnailUrl":"https:\/\/kulturonline.tv\/wp-content\/uploads\/2021\/12\/lteratur-edited.jpg","articleSection":["Literatur"],"inLanguage":"de-AT"},{"@type":"WebPage","@id":"https:\/\/kulturonline.tv\/at\/projektstipendien-fuer-literatur-2022-23\/","url":"https:\/\/kulturonline.tv\/at\/projektstipendien-fuer-literatur-2022-23\/","name":"Projektstipendien f\u00fcr Literatur 2022\/23 - Kultur Online TV &amp; FM","isPartOf":{"@id":"https:\/\/kulturonline.tv\/at\/#website"},"primaryImageOfPage":{"@id":"https:\/\/kulturonline.tv\/at\/projektstipendien-fuer-literatur-2022-23\/#primaryimage"},"image":{"@id":"https:\/\/kulturonline.tv\/at\/projektstipendien-fuer-literatur-2022-23\/#primaryimage"},"thumbnailUrl":"https:\/\/kulturonline.tv\/wp-content\/uploads\/2021\/12\/lteratur-edited.jpg","datePublished":"2021-12-11T13:55:21+00:00","description":"Kultur sehen und H\u00f6ren","breadcrumb":{"@id":"https:\/\/kulturonline.tv\/at\/projektstipendien-fuer-literatur-2022-23\/#breadcrumb"},"inLanguage":"de-AT","potentialAction":[{"@type":"ReadAction","target":["https:\/\/kulturonline.tv\/at\/projektstipendien-fuer-literatur-2022-23\/"]}]},{"@type":"ImageObject","inLanguage":"de-AT","@id":"https:\/\/kulturonline.tv\/at\/projektstipendien-fuer-literatur-2022-23\/#primaryimage","url":"https:\/\/kulturonline.tv\/wp-content\/uploads\/2021\/12\/lteratur-edited.jpg","contentUrl":"https:\/\/kulturonline.tv\/wp-content\/uploads\/2021\/12\/lteratur-edited.jpg","width":1920,"height":1080},{"@type":"BreadcrumbList","@id":"https:\/\/kulturonline.tv\/at\/projektstipendien-fuer-literatur-2022-23\/#breadcrumb","itemListElement":[{"@type":"ListItem","position":1,"name":"Startseite","item":"https:\/\/kulturonline.tv\/at\/"},{"@type":"ListItem","position":2,"name":"Projektstipendien f\u00fcr Literatur 2022\/23"}]},{"@type":"WebSite","@id":"https:\/\/kulturonline.tv\/at\/#website","url":"https:\/\/kulturonline.tv\/at\/","name":"Kultur Online TV &amp; FM","description":"Wir sind Kultur 2.0 zum sehen &amp; h\u00f6ren","publisher":{"@id":"https:\/\/kulturonline.tv\/at\/#organization"},"potentialAction":[{"@type":"SearchAction","target":{"@type":"EntryPoint","urlTemplate":"https:\/\/kulturonline.tv\/at\/?s={search_term_string}"},"query-input":{"@type":"PropertyValueSpecification","valueRequired":true,"valueName":"search_term_string"}}],"inLanguage":"de-AT"},{"@type":"Organization","@id":"https:\/\/kulturonline.tv\/at\/#organization","name":"Kultur Online TV","url":"https:\/\/kulturonline.tv\/at\/","logo":{"@type":"ImageObject","inLanguage":"de-AT","@id":"https:\/\/kulturonline.tv\/at\/#\/schema\/logo\/image\/","url":"https:\/\/kulturonline.tv\/wp-content\/uploads\/2021\/08\/Kultur-Online-Tv-Logo-Endversion-neu.png","contentUrl":"https:\/\/kulturonline.tv\/wp-content\/uploads\/2021\/08\/Kultur-Online-Tv-Logo-Endversion-neu.png","width":200,"height":200,"caption":"Kultur Online TV"},"image":{"@id":"https:\/\/kulturonline.tv\/at\/#\/schema\/logo\/image\/"},"sameAs":["https:\/\/www.facebook.com\/kulturonline.tv","https:\/\/www.instagram.com\/kulturonline.tv"]},{"@type":"Person","@id":"https:\/\/kulturonline.tv\/at\/#\/schema\/person\/b0fac729bb9a0c193fb1df23449df4fe","name":"guenter.wolfgang"}]}},"_links":{"self":[{"href":"https:\/\/kulturonline.tv\/at\/wp-json\/wp\/v2\/posts\/15979","targetHints":{"allow":["GET"]}}],"collection":[{"href":"https:\/\/kulturonline.tv\/at\/wp-json\/wp\/v2\/posts"}],"about":[{"href":"https:\/\/kulturonline.tv\/at\/wp-json\/wp\/v2\/types\/post"}],"author":[{"embeddable":true,"href":"https:\/\/kulturonline.tv\/at\/wp-json\/wp\/v2\/users\/2"}],"replies":[{"embeddable":true,"href":"https:\/\/kulturonline.tv\/at\/wp-json\/wp\/v2\/comments?post=15979"}],"version-history":[{"count":0,"href":"https:\/\/kulturonline.tv\/at\/wp-json\/wp\/v2\/posts\/15979\/revisions"}],"wp:featuredmedia":[{"embeddable":true,"href":"https:\/\/kulturonline.tv\/at\/wp-json\/wp\/v2\/media\/15983"}],"wp:attachment":[{"href":"https:\/\/kulturonline.tv\/at\/wp-json\/wp\/v2\/media?parent=15979"}],"wp:term":[{"taxonomy":"category","embeddable":true,"href":"https:\/\/kulturonline.tv\/at\/wp-json\/wp\/v2\/categories?post=15979"},{"taxonomy":"post_tag","embeddable":true,"href":"https:\/\/kulturonline.tv\/at\/wp-json\/wp\/v2\/tags?post=15979"}],"curies":[{"name":"wp","href":"https:\/\/api.w.org\/{rel}","templated":true}]}}