{"id":16236,"date":"2021-12-13T10:48:20","date_gmt":"2021-12-13T09:48:20","guid":{"rendered":"https:\/\/kulturonline.tv\/?p=16236"},"modified":"2021-12-13T10:48:21","modified_gmt":"2021-12-13T09:48:21","slug":"bernhard-strobel-und-lajos-adamik-erhalten-oesterreichischen-staatspreis-fuer-literarische-uebersetzung-2021","status":"publish","type":"post","link":"https:\/\/kulturonline.tv\/at\/bernhard-strobel-und-lajos-adamik-erhalten-oesterreichischen-staatspreis-fuer-literarische-uebersetzung-2021\/","title":{"rendered":"Bernhard Strobel und Lajos Adamik erhalten \u00d6sterreichischen Staatspreis f\u00fcr literarische \u00dcbersetzung 2021"},"content":{"rendered":"\n<p>51 in- und ausl\u00e4ndische \u00dcbersetzer:innen\u00a0erhalten \u00dcbersetzungspr\u00e4mien f\u00fcr 2021 im Gesamtwert von 88.200 Euro. Staatssekret\u00e4rin Andrea Mayer gratuliert herzlich.\u00a0<\/p>\n\n\n\n<figure class=\"wp-block-image size-full\"><img fetchpriority=\"high\" decoding=\"async\" width=\"900\" height=\"460\" src=\"https:\/\/kulturonline.tv\/wp-content\/uploads\/2021\/12\/literatur.jpg\" alt=\"\" class=\"wp-image-16238\" srcset=\"https:\/\/kulturonline.tv\/wp-content\/uploads\/2021\/12\/literatur.jpg 900w, https:\/\/kulturonline.tv\/wp-content\/uploads\/2021\/12\/literatur-600x307.jpg 600w, https:\/\/kulturonline.tv\/wp-content\/uploads\/2021\/12\/literatur-800x409.jpg 800w, https:\/\/kulturonline.tv\/wp-content\/uploads\/2021\/12\/literatur-768x393.jpg 768w\" sizes=\"(max-width: 900px) 100vw, 900px\" \/><\/figure>\n\n\n\n<p>Die Preistr\u00e4ger des \u00d6sterreichischen Staatspreises f\u00fcr literarische \u00dcbersetzung des Jahres 2021 stehen fest: der Preis f\u00fcr Literatur\u00fcbersetzungen ins Deutsche geht an den Wiener \u00dcbersetzer Bernhard Strobel. Der Preis f\u00fcr die \u00dcbersetzung \u00f6sterreichischer Literatur in eine andere Sprache geht an den ungarischen \u00dcbersetzer, Lektor und Publizisten Lajos Adamik.<\/p>\n\n\n\n<p>Zudem hat der \u00dcbersetzungsbeirat des Bundesministeriums f\u00fcr Kunst, Kultur, \u00f6ffentlichen Dienst und Sport (BMK\u00d6S) in- und ausl\u00e4ndischen \u00dcbersetzerinnen und \u00dcbersetzern 51 Pr\u00e4mien im Gesamtwert von 88.200 Euro f\u00fcr besonders gelungene \u00dcbersetzungen zeitgen\u00f6ssischer Literatur zuerkannt.<\/p>\n\n\n\n<h2 class=\"wp-block-heading\">Staatspreis f\u00fcr die \u00dcbersetzung ins Deutsche<\/h2>\n\n\n\n<p>Der Staatspreis f\u00fcr die \u00dcbersetzung ins Deutsche geht an den Autor und \u00dcbersetzer&nbsp;<strong>Bernhard Strobel<\/strong>&nbsp;(*1982 in Wien), der drei ma\u00dfgebliche norwegische Gegenwartsautoren fernab des literarischen Mainstreams \u00fcbertr\u00e4gt: Bjarte Breiteig, Tor Ulven und Jan Kj\u00e6rstad.&nbsp;<br>Er erh\u00e4lt den Staatspreis f\u00fcr seine herausragende Leistung, schn\u00f6rkellos-lakonische Texte wie fabulierend-m\u00e4andernde Texte in ihrer jeweiligen Vielschichtigkeit, Experimentierfreudigkeit und sprachsch\u00f6pferischen Kraft einem deutschsprachigen Publikum zug\u00e4nglich zu machen, so die Jury.<\/p>\n\n\n\n<h2 class=\"wp-block-heading\">Staatspreis f\u00fcr die \u00dcbersetzung \u00f6sterreichischer Literatur<\/h2>\n\n\n\n<p>Der Staatspreis f\u00fcr die \u00dcbersetzung \u00f6sterreichischer Literatur wird an den ungarischen \u00dcbersetzer, Lektor und Publizisten\u00a0<strong>Lajos Adamik<\/strong>\u00a0(*1958 in Budapest) vergeben, der Autoren wie Adalbert Stifter, Stefan Zweig, Peter Handke, Ingeborg Bachmann, Thomas Bernhard, Christoph Ransmayr, Robert Menasse, Werner Kofler und Marlene Streeruwitz \u00fcbersetzt.\u00a0<\/p>\n\n\n\n<p>Er erh\u00e4lt den Preis f\u00fcr seine hohen \u00e4sthetischen Anspr\u00fcche gegen\u00fcber den von ihm ausgew\u00e4hlten Texten sowie f\u00fcr seine Meisterschaft, komplexe, philosophisch-literarische \u00dcbertragungen von Repr\u00e4sentanten der klassischen und modernen Belletristik und Essayistik zu bewerkstelligen, so die Jury.<\/p>\n\n\n\n<p>Der \u00d6sterreichische Staatspreis f\u00fcr literarische \u00dcbersetzung wird j\u00e4hrlich vom Bundesministerium f\u00fcr Kunst, Kultur, \u00f6ffentlichen Dienst und Sport vergeben. Die Nominierung der Preistr\u00e4ger erfolgt durch den Beirat f\u00fcr literarische \u00dcbersetzung. Die Preise sind mit jeweils 10.000 Euro dotiert. Die Verleihung der Preise wird im Sommer 2022 im Literaturhaus Wien stattfinden.<\/p>\n\n\n\n<p>Kultur Online TV<\/p>\n\n\n\n<p>#literatur #kultur #kunst<\/p>\n","protected":false},"excerpt":{"rendered":"<p>51 in- und ausl\u00e4ndische \u00dcbersetzer:innen\u00a0erhalten \u00dcbersetzungspr\u00e4mien f\u00fcr 2021 im Gesamtwert von 88.200 Euro. Staatssekret\u00e4rin Andrea Mayer gratuliert herzlich.\u00a0 Die Preistr\u00e4ger des \u00d6sterreichischen Staatspreises f\u00fcr literarische \u00dcbersetzung des Jahres 2021 stehen fest: der Preis f\u00fcr Literatur\u00fcbersetzungen ins Deutsche geht an den Wiener \u00dcbersetzer Bernhard Strobel. Der Preis f\u00fcr die \u00dcbersetzung \u00f6sterreichischer Literatur in eine andere Sprache [&hellip;]<\/p>\n","protected":false},"author":2,"featured_media":16238,"comment_status":"closed","ping_status":"closed","sticky":false,"template":"","format":"standard","meta":{"_acf_changed":false,"footnotes":""},"categories":[133],"tags":[],"class_list":["post-16236","post","type-post","status-publish","format-standard","has-post-thumbnail","hentry","category-literatur"],"acf":[],"yoast_head":"<!-- This site is optimized with the Yoast SEO plugin v26.1.1 - https:\/\/yoast.com\/wordpress\/plugins\/seo\/ -->\n<title>Bernhard Strobel und Lajos Adamik erhalten \u00d6sterreichischen Staatspreis f\u00fcr literarische \u00dcbersetzung 2021 - Kultur Online TV &amp; FM<\/title>\n<meta name=\"description\" content=\"Kultur sehen und H\u00f6ren\" \/>\n<meta name=\"robots\" content=\"index, follow, max-snippet:-1, max-image-preview:large, max-video-preview:-1\" \/>\n<link rel=\"canonical\" href=\"https:\/\/kulturonline.tv\/at\/bernhard-strobel-und-lajos-adamik-erhalten-oesterreichischen-staatspreis-fuer-literarische-uebersetzung-2021\/\" \/>\n<meta property=\"og:locale\" content=\"de_DE\" \/>\n<meta property=\"og:type\" content=\"article\" \/>\n<meta property=\"og:title\" content=\"Bernhard Strobel und Lajos Adamik erhalten \u00d6sterreichischen Staatspreis f\u00fcr literarische \u00dcbersetzung 2021 - Kultur Online TV &amp; FM\" \/>\n<meta property=\"og:description\" content=\"Kultur sehen und H\u00f6ren\" \/>\n<meta property=\"og:url\" content=\"https:\/\/kulturonline.tv\/at\/bernhard-strobel-und-lajos-adamik-erhalten-oesterreichischen-staatspreis-fuer-literarische-uebersetzung-2021\/\" \/>\n<meta property=\"og:site_name\" content=\"Kultur Online TV &amp; FM\" \/>\n<meta property=\"article:publisher\" content=\"https:\/\/www.facebook.com\/kulturonline.tv\" \/>\n<meta property=\"article:published_time\" content=\"2021-12-13T09:48:20+00:00\" \/>\n<meta property=\"article:modified_time\" content=\"2021-12-13T09:48:21+00:00\" \/>\n<meta property=\"og:image\" content=\"https:\/\/kulturonline.tv\/wp-content\/uploads\/2021\/12\/literatur.jpg\" \/>\n\t<meta property=\"og:image:width\" content=\"900\" \/>\n\t<meta property=\"og:image:height\" content=\"460\" \/>\n\t<meta property=\"og:image:type\" content=\"image\/jpeg\" \/>\n<meta name=\"author\" content=\"guenter.wolfgang\" \/>\n<meta name=\"twitter:card\" content=\"summary_large_image\" \/>\n<meta name=\"twitter:label1\" content=\"Verfasst von\" \/>\n\t<meta name=\"twitter:data1\" content=\"guenter.wolfgang\" \/>\n\t<meta name=\"twitter:label2\" content=\"Gesch\u00e4tzte Lesezeit\" \/>\n\t<meta name=\"twitter:data2\" content=\"2 Minuten\" \/>\n<script type=\"application\/ld+json\" class=\"yoast-schema-graph\">{\"@context\":\"https:\/\/schema.org\",\"@graph\":[{\"@type\":\"Article\",\"@id\":\"https:\/\/kulturonline.tv\/at\/bernhard-strobel-und-lajos-adamik-erhalten-oesterreichischen-staatspreis-fuer-literarische-uebersetzung-2021\/#article\",\"isPartOf\":{\"@id\":\"https:\/\/kulturonline.tv\/at\/bernhard-strobel-und-lajos-adamik-erhalten-oesterreichischen-staatspreis-fuer-literarische-uebersetzung-2021\/\"},\"author\":{\"name\":\"guenter.wolfgang\",\"@id\":\"https:\/\/kulturonline.tv\/at\/#\/schema\/person\/b0fac729bb9a0c193fb1df23449df4fe\"},\"headline\":\"Bernhard Strobel und Lajos Adamik erhalten \u00d6sterreichischen Staatspreis f\u00fcr literarische \u00dcbersetzung 2021\",\"datePublished\":\"2021-12-13T09:48:20+00:00\",\"dateModified\":\"2021-12-13T09:48:21+00:00\",\"mainEntityOfPage\":{\"@id\":\"https:\/\/kulturonline.tv\/at\/bernhard-strobel-und-lajos-adamik-erhalten-oesterreichischen-staatspreis-fuer-literarische-uebersetzung-2021\/\"},\"wordCount\":358,\"publisher\":{\"@id\":\"https:\/\/kulturonline.tv\/at\/#organization\"},\"image\":{\"@id\":\"https:\/\/kulturonline.tv\/at\/bernhard-strobel-und-lajos-adamik-erhalten-oesterreichischen-staatspreis-fuer-literarische-uebersetzung-2021\/#primaryimage\"},\"thumbnailUrl\":\"https:\/\/kulturonline.tv\/wp-content\/uploads\/2021\/12\/literatur.jpg\",\"articleSection\":[\"Literatur\"],\"inLanguage\":\"de-AT\"},{\"@type\":\"WebPage\",\"@id\":\"https:\/\/kulturonline.tv\/at\/bernhard-strobel-und-lajos-adamik-erhalten-oesterreichischen-staatspreis-fuer-literarische-uebersetzung-2021\/\",\"url\":\"https:\/\/kulturonline.tv\/at\/bernhard-strobel-und-lajos-adamik-erhalten-oesterreichischen-staatspreis-fuer-literarische-uebersetzung-2021\/\",\"name\":\"Bernhard Strobel und Lajos Adamik erhalten \u00d6sterreichischen Staatspreis f\u00fcr literarische \u00dcbersetzung 2021 - Kultur Online TV &amp; FM\",\"isPartOf\":{\"@id\":\"https:\/\/kulturonline.tv\/at\/#website\"},\"primaryImageOfPage\":{\"@id\":\"https:\/\/kulturonline.tv\/at\/bernhard-strobel-und-lajos-adamik-erhalten-oesterreichischen-staatspreis-fuer-literarische-uebersetzung-2021\/#primaryimage\"},\"image\":{\"@id\":\"https:\/\/kulturonline.tv\/at\/bernhard-strobel-und-lajos-adamik-erhalten-oesterreichischen-staatspreis-fuer-literarische-uebersetzung-2021\/#primaryimage\"},\"thumbnailUrl\":\"https:\/\/kulturonline.tv\/wp-content\/uploads\/2021\/12\/literatur.jpg\",\"datePublished\":\"2021-12-13T09:48:20+00:00\",\"dateModified\":\"2021-12-13T09:48:21+00:00\",\"description\":\"Kultur sehen und H\u00f6ren\",\"breadcrumb\":{\"@id\":\"https:\/\/kulturonline.tv\/at\/bernhard-strobel-und-lajos-adamik-erhalten-oesterreichischen-staatspreis-fuer-literarische-uebersetzung-2021\/#breadcrumb\"},\"inLanguage\":\"de-AT\",\"potentialAction\":[{\"@type\":\"ReadAction\",\"target\":[\"https:\/\/kulturonline.tv\/at\/bernhard-strobel-und-lajos-adamik-erhalten-oesterreichischen-staatspreis-fuer-literarische-uebersetzung-2021\/\"]}]},{\"@type\":\"ImageObject\",\"inLanguage\":\"de-AT\",\"@id\":\"https:\/\/kulturonline.tv\/at\/bernhard-strobel-und-lajos-adamik-erhalten-oesterreichischen-staatspreis-fuer-literarische-uebersetzung-2021\/#primaryimage\",\"url\":\"https:\/\/kulturonline.tv\/wp-content\/uploads\/2021\/12\/literatur.jpg\",\"contentUrl\":\"https:\/\/kulturonline.tv\/wp-content\/uploads\/2021\/12\/literatur.jpg\",\"width\":900,\"height\":460},{\"@type\":\"BreadcrumbList\",\"@id\":\"https:\/\/kulturonline.tv\/at\/bernhard-strobel-und-lajos-adamik-erhalten-oesterreichischen-staatspreis-fuer-literarische-uebersetzung-2021\/#breadcrumb\",\"itemListElement\":[{\"@type\":\"ListItem\",\"position\":1,\"name\":\"Startseite\",\"item\":\"https:\/\/kulturonline.tv\/at\/\"},{\"@type\":\"ListItem\",\"position\":2,\"name\":\"Bernhard Strobel und Lajos Adamik erhalten \u00d6sterreichischen Staatspreis f\u00fcr literarische \u00dcbersetzung 2021\"}]},{\"@type\":\"WebSite\",\"@id\":\"https:\/\/kulturonline.tv\/at\/#website\",\"url\":\"https:\/\/kulturonline.tv\/at\/\",\"name\":\"Kultur Online TV &amp; FM\",\"description\":\"Wir sind Kultur 2.0 zum sehen &amp; h\u00f6ren\",\"publisher\":{\"@id\":\"https:\/\/kulturonline.tv\/at\/#organization\"},\"potentialAction\":[{\"@type\":\"SearchAction\",\"target\":{\"@type\":\"EntryPoint\",\"urlTemplate\":\"https:\/\/kulturonline.tv\/at\/?s={search_term_string}\"},\"query-input\":{\"@type\":\"PropertyValueSpecification\",\"valueRequired\":true,\"valueName\":\"search_term_string\"}}],\"inLanguage\":\"de-AT\"},{\"@type\":\"Organization\",\"@id\":\"https:\/\/kulturonline.tv\/at\/#organization\",\"name\":\"Kultur Online TV\",\"url\":\"https:\/\/kulturonline.tv\/at\/\",\"logo\":{\"@type\":\"ImageObject\",\"inLanguage\":\"de-AT\",\"@id\":\"https:\/\/kulturonline.tv\/at\/#\/schema\/logo\/image\/\",\"url\":\"https:\/\/kulturonline.tv\/wp-content\/uploads\/2021\/08\/Kultur-Online-Tv-Logo-Endversion-neu.png\",\"contentUrl\":\"https:\/\/kulturonline.tv\/wp-content\/uploads\/2021\/08\/Kultur-Online-Tv-Logo-Endversion-neu.png\",\"width\":200,\"height\":200,\"caption\":\"Kultur Online TV\"},\"image\":{\"@id\":\"https:\/\/kulturonline.tv\/at\/#\/schema\/logo\/image\/\"},\"sameAs\":[\"https:\/\/www.facebook.com\/kulturonline.tv\",\"https:\/\/www.instagram.com\/kulturonline.tv\"]},{\"@type\":\"Person\",\"@id\":\"https:\/\/kulturonline.tv\/at\/#\/schema\/person\/b0fac729bb9a0c193fb1df23449df4fe\",\"name\":\"guenter.wolfgang\"}]}<\/script>\n<!-- \/ Yoast SEO plugin. -->","yoast_head_json":{"title":"Bernhard Strobel und Lajos Adamik erhalten \u00d6sterreichischen Staatspreis f\u00fcr literarische \u00dcbersetzung 2021 - Kultur Online TV &amp; FM","description":"Kultur sehen und H\u00f6ren","robots":{"index":"index","follow":"follow","max-snippet":"max-snippet:-1","max-image-preview":"max-image-preview:large","max-video-preview":"max-video-preview:-1"},"canonical":"https:\/\/kulturonline.tv\/at\/bernhard-strobel-und-lajos-adamik-erhalten-oesterreichischen-staatspreis-fuer-literarische-uebersetzung-2021\/","og_locale":"de_DE","og_type":"article","og_title":"Bernhard Strobel und Lajos Adamik erhalten \u00d6sterreichischen Staatspreis f\u00fcr literarische \u00dcbersetzung 2021 - Kultur Online TV &amp; FM","og_description":"Kultur sehen und H\u00f6ren","og_url":"https:\/\/kulturonline.tv\/at\/bernhard-strobel-und-lajos-adamik-erhalten-oesterreichischen-staatspreis-fuer-literarische-uebersetzung-2021\/","og_site_name":"Kultur Online TV &amp; FM","article_publisher":"https:\/\/www.facebook.com\/kulturonline.tv","article_published_time":"2021-12-13T09:48:20+00:00","article_modified_time":"2021-12-13T09:48:21+00:00","og_image":[{"width":900,"height":460,"url":"https:\/\/kulturonline.tv\/wp-content\/uploads\/2021\/12\/literatur.jpg","type":"image\/jpeg"}],"author":"guenter.wolfgang","twitter_card":"summary_large_image","twitter_misc":{"Verfasst von":"guenter.wolfgang","Gesch\u00e4tzte Lesezeit":"2 Minuten"},"schema":{"@context":"https:\/\/schema.org","@graph":[{"@type":"Article","@id":"https:\/\/kulturonline.tv\/at\/bernhard-strobel-und-lajos-adamik-erhalten-oesterreichischen-staatspreis-fuer-literarische-uebersetzung-2021\/#article","isPartOf":{"@id":"https:\/\/kulturonline.tv\/at\/bernhard-strobel-und-lajos-adamik-erhalten-oesterreichischen-staatspreis-fuer-literarische-uebersetzung-2021\/"},"author":{"name":"guenter.wolfgang","@id":"https:\/\/kulturonline.tv\/at\/#\/schema\/person\/b0fac729bb9a0c193fb1df23449df4fe"},"headline":"Bernhard Strobel und Lajos Adamik erhalten \u00d6sterreichischen Staatspreis f\u00fcr literarische \u00dcbersetzung 2021","datePublished":"2021-12-13T09:48:20+00:00","dateModified":"2021-12-13T09:48:21+00:00","mainEntityOfPage":{"@id":"https:\/\/kulturonline.tv\/at\/bernhard-strobel-und-lajos-adamik-erhalten-oesterreichischen-staatspreis-fuer-literarische-uebersetzung-2021\/"},"wordCount":358,"publisher":{"@id":"https:\/\/kulturonline.tv\/at\/#organization"},"image":{"@id":"https:\/\/kulturonline.tv\/at\/bernhard-strobel-und-lajos-adamik-erhalten-oesterreichischen-staatspreis-fuer-literarische-uebersetzung-2021\/#primaryimage"},"thumbnailUrl":"https:\/\/kulturonline.tv\/wp-content\/uploads\/2021\/12\/literatur.jpg","articleSection":["Literatur"],"inLanguage":"de-AT"},{"@type":"WebPage","@id":"https:\/\/kulturonline.tv\/at\/bernhard-strobel-und-lajos-adamik-erhalten-oesterreichischen-staatspreis-fuer-literarische-uebersetzung-2021\/","url":"https:\/\/kulturonline.tv\/at\/bernhard-strobel-und-lajos-adamik-erhalten-oesterreichischen-staatspreis-fuer-literarische-uebersetzung-2021\/","name":"Bernhard Strobel und Lajos Adamik erhalten \u00d6sterreichischen Staatspreis f\u00fcr literarische \u00dcbersetzung 2021 - Kultur Online TV &amp; FM","isPartOf":{"@id":"https:\/\/kulturonline.tv\/at\/#website"},"primaryImageOfPage":{"@id":"https:\/\/kulturonline.tv\/at\/bernhard-strobel-und-lajos-adamik-erhalten-oesterreichischen-staatspreis-fuer-literarische-uebersetzung-2021\/#primaryimage"},"image":{"@id":"https:\/\/kulturonline.tv\/at\/bernhard-strobel-und-lajos-adamik-erhalten-oesterreichischen-staatspreis-fuer-literarische-uebersetzung-2021\/#primaryimage"},"thumbnailUrl":"https:\/\/kulturonline.tv\/wp-content\/uploads\/2021\/12\/literatur.jpg","datePublished":"2021-12-13T09:48:20+00:00","dateModified":"2021-12-13T09:48:21+00:00","description":"Kultur sehen und H\u00f6ren","breadcrumb":{"@id":"https:\/\/kulturonline.tv\/at\/bernhard-strobel-und-lajos-adamik-erhalten-oesterreichischen-staatspreis-fuer-literarische-uebersetzung-2021\/#breadcrumb"},"inLanguage":"de-AT","potentialAction":[{"@type":"ReadAction","target":["https:\/\/kulturonline.tv\/at\/bernhard-strobel-und-lajos-adamik-erhalten-oesterreichischen-staatspreis-fuer-literarische-uebersetzung-2021\/"]}]},{"@type":"ImageObject","inLanguage":"de-AT","@id":"https:\/\/kulturonline.tv\/at\/bernhard-strobel-und-lajos-adamik-erhalten-oesterreichischen-staatspreis-fuer-literarische-uebersetzung-2021\/#primaryimage","url":"https:\/\/kulturonline.tv\/wp-content\/uploads\/2021\/12\/literatur.jpg","contentUrl":"https:\/\/kulturonline.tv\/wp-content\/uploads\/2021\/12\/literatur.jpg","width":900,"height":460},{"@type":"BreadcrumbList","@id":"https:\/\/kulturonline.tv\/at\/bernhard-strobel-und-lajos-adamik-erhalten-oesterreichischen-staatspreis-fuer-literarische-uebersetzung-2021\/#breadcrumb","itemListElement":[{"@type":"ListItem","position":1,"name":"Startseite","item":"https:\/\/kulturonline.tv\/at\/"},{"@type":"ListItem","position":2,"name":"Bernhard Strobel und Lajos Adamik erhalten \u00d6sterreichischen Staatspreis f\u00fcr literarische \u00dcbersetzung 2021"}]},{"@type":"WebSite","@id":"https:\/\/kulturonline.tv\/at\/#website","url":"https:\/\/kulturonline.tv\/at\/","name":"Kultur Online TV &amp; FM","description":"Wir sind Kultur 2.0 zum sehen &amp; h\u00f6ren","publisher":{"@id":"https:\/\/kulturonline.tv\/at\/#organization"},"potentialAction":[{"@type":"SearchAction","target":{"@type":"EntryPoint","urlTemplate":"https:\/\/kulturonline.tv\/at\/?s={search_term_string}"},"query-input":{"@type":"PropertyValueSpecification","valueRequired":true,"valueName":"search_term_string"}}],"inLanguage":"de-AT"},{"@type":"Organization","@id":"https:\/\/kulturonline.tv\/at\/#organization","name":"Kultur Online TV","url":"https:\/\/kulturonline.tv\/at\/","logo":{"@type":"ImageObject","inLanguage":"de-AT","@id":"https:\/\/kulturonline.tv\/at\/#\/schema\/logo\/image\/","url":"https:\/\/kulturonline.tv\/wp-content\/uploads\/2021\/08\/Kultur-Online-Tv-Logo-Endversion-neu.png","contentUrl":"https:\/\/kulturonline.tv\/wp-content\/uploads\/2021\/08\/Kultur-Online-Tv-Logo-Endversion-neu.png","width":200,"height":200,"caption":"Kultur Online TV"},"image":{"@id":"https:\/\/kulturonline.tv\/at\/#\/schema\/logo\/image\/"},"sameAs":["https:\/\/www.facebook.com\/kulturonline.tv","https:\/\/www.instagram.com\/kulturonline.tv"]},{"@type":"Person","@id":"https:\/\/kulturonline.tv\/at\/#\/schema\/person\/b0fac729bb9a0c193fb1df23449df4fe","name":"guenter.wolfgang"}]}},"_links":{"self":[{"href":"https:\/\/kulturonline.tv\/at\/wp-json\/wp\/v2\/posts\/16236","targetHints":{"allow":["GET"]}}],"collection":[{"href":"https:\/\/kulturonline.tv\/at\/wp-json\/wp\/v2\/posts"}],"about":[{"href":"https:\/\/kulturonline.tv\/at\/wp-json\/wp\/v2\/types\/post"}],"author":[{"embeddable":true,"href":"https:\/\/kulturonline.tv\/at\/wp-json\/wp\/v2\/users\/2"}],"replies":[{"embeddable":true,"href":"https:\/\/kulturonline.tv\/at\/wp-json\/wp\/v2\/comments?post=16236"}],"version-history":[{"count":0,"href":"https:\/\/kulturonline.tv\/at\/wp-json\/wp\/v2\/posts\/16236\/revisions"}],"wp:featuredmedia":[{"embeddable":true,"href":"https:\/\/kulturonline.tv\/at\/wp-json\/wp\/v2\/media\/16238"}],"wp:attachment":[{"href":"https:\/\/kulturonline.tv\/at\/wp-json\/wp\/v2\/media?parent=16236"}],"wp:term":[{"taxonomy":"category","embeddable":true,"href":"https:\/\/kulturonline.tv\/at\/wp-json\/wp\/v2\/categories?post=16236"},{"taxonomy":"post_tag","embeddable":true,"href":"https:\/\/kulturonline.tv\/at\/wp-json\/wp\/v2\/tags?post=16236"}],"curies":[{"name":"wp","href":"https:\/\/api.w.org\/{rel}","templated":true}]}}