{"id":16286,"date":"2021-12-13T13:04:23","date_gmt":"2021-12-13T12:04:23","guid":{"rendered":"https:\/\/kulturonline.tv\/?p=16286"},"modified":"2021-12-13T13:04:24","modified_gmt":"2021-12-13T12:04:24","slug":"tipp-musikbuecher-des-jahres-2021","status":"publish","type":"post","link":"https:\/\/kulturonline.tv\/at\/tipp-musikbuecher-des-jahres-2021\/","title":{"rendered":"Tipp: Musikb\u00fccher des Jahres 2021"},"content":{"rendered":"\n<p>Sin\u00e9ad O\u2019Connor (Sandycove)<\/p>\n\n\n\n<div class=\"wp-block-media-text alignwide is-stacked-on-mobile\"><figure class=\"wp-block-media-text__media\"><img fetchpriority=\"high\" decoding=\"async\" width=\"280\" height=\"400\" src=\"https:\/\/kulturonline.tv\/wp-content\/uploads\/2021\/12\/Sinead-OConnor-Sandycove.jpg\" alt=\"\" class=\"wp-image-16288 size-full\"\/><\/figure><div class=\"wp-block-media-text__content\">\n<p><\/p>\n\n\n\n<p><\/p>\n\n\n\n<p><\/p>\n\n\n\n<p><\/p>\n\n\n\n<p><\/p>\n\n\n\n<p><\/p>\n\n\n\n<p><\/p>\n\n\n\n<p>Die Singer-Songwriterin hat eine wirklich unglaubliche Geschichte zu erz\u00e4hlen \u2013 als sie ber\u00fchmt wurde, hatte sie bereits ersch\u00fctternde Misshandlungen durch ihre Mutter, Besuche von Jesus, einen Aufenthalt in einem Heim f\u00fcr M\u00e4dchen mit Verhaltensproblemen, das Scheitern von ihr Ehrgeiz, Priester zu werden und ein Leben als Stripperin. Aber was an Rememberings wirklich auff\u00e4llt, ist ihre Erz\u00e4hlweise: O\u2019Connor ist eine gro\u00dfartige Prosaautorin, auch wenn sie darauf besteht, dass sie es nicht ist (das Klavier im Haus ihrer Gro\u00dfmutter klingt \u201ewie die Geisterglocken eines versunkenen Schiffes\u201c). Was durchaus verst\u00e4ndlicherweise ein Buch voller Bitterkeit und Bedauern h\u00e4tte sein k\u00f6nnen, entpuppt sich als voller Humor und Vergebung.<\/p>\n<\/div><\/div>\n\n\n\n<p>Sie ist die Frau mit dem kahl rasierten Kopf, die \u00bbNothing Compares 2 U\u00ab zu einem weltweiten Hit machte, vor laufenden Kameras ein Foto von Papst Johannes Paul II. zerriss und zur meistgehassten Person wurde.<br>Sin\u00e9ad O Connor hat immer das gemacht, was sie f\u00fcr richtig hielt &#8211; egal, ob ihr das Nachteile brachte oder nicht. Auch in ihren Erinnerungen nimmt sie kein Blatt vor den Mund. Spricht \u00fcber ihre schmerzhafte Kindheit, musikalische Erfolge und pers\u00f6nliche Niederlagen. Aber auch \u00fcber das Gl\u00fcck, Mutter zu sein, ihre fortw\u00e4hrende Suche nach spiritueller Erf\u00fcllung &#8211; und die Kraft der Musik, mit deren Hilfe sie \u00fcberlebte und zu sich selbst fand.<\/p>\n\n\n\n<figure class=\"wp-block-embed is-type-video is-provider-youtube wp-block-embed-youtube wp-embed-aspect-4-3 wp-has-aspect-ratio\"><div class=\"wp-block-embed__wrapper\">\n<iframe title=\"Sin\u00e9ad O&#039;Connor - Nothing Compares 2 U (Official Music Video) [HD]\" width=\"800\" height=\"600\" src=\"https:\/\/www.youtube.com\/embed\/0-EF60neguk?feature=oembed\" frameborder=\"0\" allow=\"accelerometer; autoplay; clipboard-write; encrypted-media; gyroscope; picture-in-picture; web-share\" referrerpolicy=\"strict-origin-when-cross-origin\" allowfullscreen><\/iframe>\n<\/div><\/figure>\n\n\n\n<p>Sin\u00e9ad O\u2019Connor wurde 1966 als drittes von f\u00fcnf Kindern in der N\u00e4he von Dublin geboren; ein Bruder ist der Schriftsteller Joseph O\u2019Connor. Als Kind wurde sie nach eigenen Angaben von ihrer Mutter k\u00f6rperlich misshandelt. Als sie acht Jahre alt war, trennten sich ihre Eltern. Im katholisch-konservativen Irland jener Zeit war eine Scheidung noch nicht m\u00f6glich und im Fall einer Trennung wurden Kinder generell der Mutter zugesprochen. Ihr Vater wurde ein engagierter K\u00e4mpfer f\u00fcr das irische Scheidungsrecht. 1979 zog Sin\u00e9ad bei ihrer Mutter Marie O\u2019Connor aus, um bei ihrem Vater und seiner Lebensgef\u00e4hrtin zu leben.<\/p>\n\n\n\n<p>Sp\u00e4ter wurde sie der Schule verwiesen und wegen Ladendiebstahls eingesperrt; sie musste schlie\u00dflich ein Internat der Sisters of Our Lady of Charity besuchen, die in Irland in zahlreiche, erst nach 1990 \u00f6ffentlich gewordene Skandale wegen Gewalt und Kindesmissbrauchs verwickelt waren (vgl. z. B. Skandal um das Dubliner Magdalenenheim). Sie wurde nach ihren Angaben als Kind von Geistlichen missbraucht. Mit 16 Jahren verlie\u00df sie das Internat, um Gesang und Klavier zu studieren. Zu ihren musikalischen Vorbildern z\u00e4hlte sie Aretha Franklin und The Smiths. Sie arbeitete nebenbei als Kellnerin. Ihre erste Band hie\u00df Ton Ton Macoute (abgeleitet von der Bezeichnung der fr\u00fcheren haitianischen Geheimpolizei Tonton Macoute).<\/p>\n\n\n\n<p>Im Jahr 1983 vereinbarte sie in London einen Vertrag mit dem Musiklabel Ensign Records, 1987 erschien ihr erstes Album The Lion and the Cobra. Die Single Mandinka schlug Wellen in der Independent-Szene, das Musikvideo mit einer glatzk\u00f6pfigen Frau nicht weniger. Zu dieser Zeit heiratete sie \u201eihren\u201c Schlagzeuger John Reynolds, von dem sie sich Anfang der 1990er nach der Rechtsreform scheiden lie\u00df. Aus der Verbindung mit Reynolds stammt ihr erstes Kind.<\/p>\n\n\n\n<p>Der gro\u00dfe Durchbruch gelang Sin\u00e9ad O\u2019Connor 1990 mit ihrem zweiten Album I Do Not Want What I Haven\u2019t Got und der Single-Coverversion des Prince-Songs Nothing Compares 2 U. Das Lied schaffte es in Deutschland auf Platz 1 der Hitparade. Im selben Jahr lehnte sie es ab, in New Jersey aufzutreten, da vor ihrem Auftritt die amerikanische Nationalhymne gesungen werden sollte. Frank Sinatra kommentierte ihre Weigerung schlicht mit: \u201eI kick her ass!\u201c O\u2019Connor \u00e4u\u00dferte darauf gegen\u00fcber Journalisten, sie hoffe, dass sie Sinatra nicht begegne; schlie\u00dflich k\u00f6nne sie doch keinen alten Mann schlagen. Die Veranstalter verzichteten an diesem Abend auf die Nationalhymne, lehnten es aber sp\u00e4ter ab, jemals wieder mit ihr zu arbeiten. Im selben Jahr hatte sie einen Auftritt bei Roger Waters\u2019 Auff\u00fchrung von The Wall auf dem Potsdamer Platz in Berlin. Dort sang sie das Lied Mother.<\/p>\n\n\n\n<p>Kultur Online TV<\/p>\n\n\n\n<p>#music #literatur <\/p>\n","protected":false},"excerpt":{"rendered":"<p>Sin\u00e9ad O\u2019Connor (Sandycove) Die Singer-Songwriterin hat eine wirklich unglaubliche Geschichte zu erz\u00e4hlen \u2013 als sie ber\u00fchmt wurde, hatte sie bereits ersch\u00fctternde Misshandlungen durch ihre Mutter, Besuche von Jesus, einen Aufenthalt in einem Heim f\u00fcr M\u00e4dchen mit Verhaltensproblemen, das Scheitern von ihr Ehrgeiz, Priester zu werden und ein Leben als Stripperin. Aber was an Rememberings wirklich [&hellip;]<\/p>\n","protected":false},"author":2,"featured_media":16288,"comment_status":"closed","ping_status":"closed","sticky":false,"template":"","format":"standard","meta":{"_acf_changed":false,"footnotes":""},"categories":[133],"tags":[],"class_list":["post-16286","post","type-post","status-publish","format-standard","has-post-thumbnail","hentry","category-literatur"],"acf":[],"yoast_head":"<!-- This site is optimized with the Yoast SEO plugin v26.1.1 - https:\/\/yoast.com\/wordpress\/plugins\/seo\/ -->\n<title>Tipp: Musikb\u00fccher des Jahres 2021 - Kultur Online TV &amp; FM<\/title>\n<meta name=\"description\" content=\"Kultur sehen und H\u00f6ren\" \/>\n<meta name=\"robots\" content=\"index, follow, max-snippet:-1, max-image-preview:large, max-video-preview:-1\" \/>\n<link rel=\"canonical\" href=\"https:\/\/kulturonline.tv\/at\/tipp-musikbuecher-des-jahres-2021\/\" \/>\n<meta property=\"og:locale\" content=\"de_DE\" \/>\n<meta property=\"og:type\" content=\"article\" \/>\n<meta property=\"og:title\" content=\"Tipp: Musikb\u00fccher des Jahres 2021 - Kultur Online TV &amp; FM\" \/>\n<meta property=\"og:description\" content=\"Kultur sehen und H\u00f6ren\" \/>\n<meta property=\"og:url\" content=\"https:\/\/kulturonline.tv\/at\/tipp-musikbuecher-des-jahres-2021\/\" \/>\n<meta property=\"og:site_name\" content=\"Kultur Online TV &amp; FM\" \/>\n<meta property=\"article:publisher\" content=\"https:\/\/www.facebook.com\/kulturonline.tv\" \/>\n<meta property=\"article:published_time\" content=\"2021-12-13T12:04:23+00:00\" \/>\n<meta property=\"article:modified_time\" content=\"2021-12-13T12:04:24+00:00\" \/>\n<meta property=\"og:image\" content=\"https:\/\/kulturonline.tv\/wp-content\/uploads\/2021\/12\/Sinead-OConnor-Sandycove.jpg\" \/>\n\t<meta property=\"og:image:width\" content=\"280\" \/>\n\t<meta property=\"og:image:height\" content=\"400\" \/>\n\t<meta property=\"og:image:type\" content=\"image\/jpeg\" \/>\n<meta name=\"author\" content=\"guenter.wolfgang\" \/>\n<meta name=\"twitter:card\" content=\"summary_large_image\" \/>\n<meta name=\"twitter:label1\" content=\"Verfasst von\" \/>\n\t<meta name=\"twitter:data1\" content=\"guenter.wolfgang\" \/>\n\t<meta name=\"twitter:label2\" content=\"Gesch\u00e4tzte Lesezeit\" \/>\n\t<meta name=\"twitter:data2\" content=\"3 Minuten\" \/>\n<script type=\"application\/ld+json\" class=\"yoast-schema-graph\">{\"@context\":\"https:\/\/schema.org\",\"@graph\":[{\"@type\":\"Article\",\"@id\":\"https:\/\/kulturonline.tv\/at\/tipp-musikbuecher-des-jahres-2021\/#article\",\"isPartOf\":{\"@id\":\"https:\/\/kulturonline.tv\/at\/tipp-musikbuecher-des-jahres-2021\/\"},\"author\":{\"name\":\"guenter.wolfgang\",\"@id\":\"https:\/\/kulturonline.tv\/at\/#\/schema\/person\/b0fac729bb9a0c193fb1df23449df4fe\"},\"headline\":\"Tipp: Musikb\u00fccher des Jahres 2021\",\"datePublished\":\"2021-12-13T12:04:23+00:00\",\"dateModified\":\"2021-12-13T12:04:24+00:00\",\"mainEntityOfPage\":{\"@id\":\"https:\/\/kulturonline.tv\/at\/tipp-musikbuecher-des-jahres-2021\/\"},\"wordCount\":674,\"publisher\":{\"@id\":\"https:\/\/kulturonline.tv\/at\/#organization\"},\"image\":{\"@id\":\"https:\/\/kulturonline.tv\/at\/tipp-musikbuecher-des-jahres-2021\/#primaryimage\"},\"thumbnailUrl\":\"https:\/\/kulturonline.tv\/wp-content\/uploads\/2021\/12\/Sinead-OConnor-Sandycove.jpg\",\"articleSection\":[\"Literatur\"],\"inLanguage\":\"de-AT\"},{\"@type\":\"WebPage\",\"@id\":\"https:\/\/kulturonline.tv\/at\/tipp-musikbuecher-des-jahres-2021\/\",\"url\":\"https:\/\/kulturonline.tv\/at\/tipp-musikbuecher-des-jahres-2021\/\",\"name\":\"Tipp: Musikb\u00fccher des Jahres 2021 - Kultur Online TV &amp; FM\",\"isPartOf\":{\"@id\":\"https:\/\/kulturonline.tv\/at\/#website\"},\"primaryImageOfPage\":{\"@id\":\"https:\/\/kulturonline.tv\/at\/tipp-musikbuecher-des-jahres-2021\/#primaryimage\"},\"image\":{\"@id\":\"https:\/\/kulturonline.tv\/at\/tipp-musikbuecher-des-jahres-2021\/#primaryimage\"},\"thumbnailUrl\":\"https:\/\/kulturonline.tv\/wp-content\/uploads\/2021\/12\/Sinead-OConnor-Sandycove.jpg\",\"datePublished\":\"2021-12-13T12:04:23+00:00\",\"dateModified\":\"2021-12-13T12:04:24+00:00\",\"description\":\"Kultur sehen und H\u00f6ren\",\"breadcrumb\":{\"@id\":\"https:\/\/kulturonline.tv\/at\/tipp-musikbuecher-des-jahres-2021\/#breadcrumb\"},\"inLanguage\":\"de-AT\",\"potentialAction\":[{\"@type\":\"ReadAction\",\"target\":[\"https:\/\/kulturonline.tv\/at\/tipp-musikbuecher-des-jahres-2021\/\"]}]},{\"@type\":\"ImageObject\",\"inLanguage\":\"de-AT\",\"@id\":\"https:\/\/kulturonline.tv\/at\/tipp-musikbuecher-des-jahres-2021\/#primaryimage\",\"url\":\"https:\/\/kulturonline.tv\/wp-content\/uploads\/2021\/12\/Sinead-OConnor-Sandycove.jpg\",\"contentUrl\":\"https:\/\/kulturonline.tv\/wp-content\/uploads\/2021\/12\/Sinead-OConnor-Sandycove.jpg\",\"width\":280,\"height\":400},{\"@type\":\"BreadcrumbList\",\"@id\":\"https:\/\/kulturonline.tv\/at\/tipp-musikbuecher-des-jahres-2021\/#breadcrumb\",\"itemListElement\":[{\"@type\":\"ListItem\",\"position\":1,\"name\":\"Startseite\",\"item\":\"https:\/\/kulturonline.tv\/at\/\"},{\"@type\":\"ListItem\",\"position\":2,\"name\":\"Tipp: Musikb\u00fccher des Jahres 2021\"}]},{\"@type\":\"WebSite\",\"@id\":\"https:\/\/kulturonline.tv\/at\/#website\",\"url\":\"https:\/\/kulturonline.tv\/at\/\",\"name\":\"Kultur Online TV &amp; FM\",\"description\":\"Wir sind Kultur 2.0 zum sehen &amp; h\u00f6ren\",\"publisher\":{\"@id\":\"https:\/\/kulturonline.tv\/at\/#organization\"},\"potentialAction\":[{\"@type\":\"SearchAction\",\"target\":{\"@type\":\"EntryPoint\",\"urlTemplate\":\"https:\/\/kulturonline.tv\/at\/?s={search_term_string}\"},\"query-input\":{\"@type\":\"PropertyValueSpecification\",\"valueRequired\":true,\"valueName\":\"search_term_string\"}}],\"inLanguage\":\"de-AT\"},{\"@type\":\"Organization\",\"@id\":\"https:\/\/kulturonline.tv\/at\/#organization\",\"name\":\"Kultur Online TV\",\"url\":\"https:\/\/kulturonline.tv\/at\/\",\"logo\":{\"@type\":\"ImageObject\",\"inLanguage\":\"de-AT\",\"@id\":\"https:\/\/kulturonline.tv\/at\/#\/schema\/logo\/image\/\",\"url\":\"https:\/\/kulturonline.tv\/wp-content\/uploads\/2021\/08\/Kultur-Online-Tv-Logo-Endversion-neu.png\",\"contentUrl\":\"https:\/\/kulturonline.tv\/wp-content\/uploads\/2021\/08\/Kultur-Online-Tv-Logo-Endversion-neu.png\",\"width\":200,\"height\":200,\"caption\":\"Kultur Online TV\"},\"image\":{\"@id\":\"https:\/\/kulturonline.tv\/at\/#\/schema\/logo\/image\/\"},\"sameAs\":[\"https:\/\/www.facebook.com\/kulturonline.tv\",\"https:\/\/www.instagram.com\/kulturonline.tv\"]},{\"@type\":\"Person\",\"@id\":\"https:\/\/kulturonline.tv\/at\/#\/schema\/person\/b0fac729bb9a0c193fb1df23449df4fe\",\"name\":\"guenter.wolfgang\"}]}<\/script>\n<!-- \/ Yoast SEO plugin. -->","yoast_head_json":{"title":"Tipp: Musikb\u00fccher des Jahres 2021 - Kultur Online TV &amp; FM","description":"Kultur sehen und H\u00f6ren","robots":{"index":"index","follow":"follow","max-snippet":"max-snippet:-1","max-image-preview":"max-image-preview:large","max-video-preview":"max-video-preview:-1"},"canonical":"https:\/\/kulturonline.tv\/at\/tipp-musikbuecher-des-jahres-2021\/","og_locale":"de_DE","og_type":"article","og_title":"Tipp: Musikb\u00fccher des Jahres 2021 - Kultur Online TV &amp; FM","og_description":"Kultur sehen und H\u00f6ren","og_url":"https:\/\/kulturonline.tv\/at\/tipp-musikbuecher-des-jahres-2021\/","og_site_name":"Kultur Online TV &amp; FM","article_publisher":"https:\/\/www.facebook.com\/kulturonline.tv","article_published_time":"2021-12-13T12:04:23+00:00","article_modified_time":"2021-12-13T12:04:24+00:00","og_image":[{"width":280,"height":400,"url":"https:\/\/kulturonline.tv\/wp-content\/uploads\/2021\/12\/Sinead-OConnor-Sandycove.jpg","type":"image\/jpeg"}],"author":"guenter.wolfgang","twitter_card":"summary_large_image","twitter_misc":{"Verfasst von":"guenter.wolfgang","Gesch\u00e4tzte Lesezeit":"3 Minuten"},"schema":{"@context":"https:\/\/schema.org","@graph":[{"@type":"Article","@id":"https:\/\/kulturonline.tv\/at\/tipp-musikbuecher-des-jahres-2021\/#article","isPartOf":{"@id":"https:\/\/kulturonline.tv\/at\/tipp-musikbuecher-des-jahres-2021\/"},"author":{"name":"guenter.wolfgang","@id":"https:\/\/kulturonline.tv\/at\/#\/schema\/person\/b0fac729bb9a0c193fb1df23449df4fe"},"headline":"Tipp: Musikb\u00fccher des Jahres 2021","datePublished":"2021-12-13T12:04:23+00:00","dateModified":"2021-12-13T12:04:24+00:00","mainEntityOfPage":{"@id":"https:\/\/kulturonline.tv\/at\/tipp-musikbuecher-des-jahres-2021\/"},"wordCount":674,"publisher":{"@id":"https:\/\/kulturonline.tv\/at\/#organization"},"image":{"@id":"https:\/\/kulturonline.tv\/at\/tipp-musikbuecher-des-jahres-2021\/#primaryimage"},"thumbnailUrl":"https:\/\/kulturonline.tv\/wp-content\/uploads\/2021\/12\/Sinead-OConnor-Sandycove.jpg","articleSection":["Literatur"],"inLanguage":"de-AT"},{"@type":"WebPage","@id":"https:\/\/kulturonline.tv\/at\/tipp-musikbuecher-des-jahres-2021\/","url":"https:\/\/kulturonline.tv\/at\/tipp-musikbuecher-des-jahres-2021\/","name":"Tipp: Musikb\u00fccher des Jahres 2021 - Kultur Online TV &amp; FM","isPartOf":{"@id":"https:\/\/kulturonline.tv\/at\/#website"},"primaryImageOfPage":{"@id":"https:\/\/kulturonline.tv\/at\/tipp-musikbuecher-des-jahres-2021\/#primaryimage"},"image":{"@id":"https:\/\/kulturonline.tv\/at\/tipp-musikbuecher-des-jahres-2021\/#primaryimage"},"thumbnailUrl":"https:\/\/kulturonline.tv\/wp-content\/uploads\/2021\/12\/Sinead-OConnor-Sandycove.jpg","datePublished":"2021-12-13T12:04:23+00:00","dateModified":"2021-12-13T12:04:24+00:00","description":"Kultur sehen und H\u00f6ren","breadcrumb":{"@id":"https:\/\/kulturonline.tv\/at\/tipp-musikbuecher-des-jahres-2021\/#breadcrumb"},"inLanguage":"de-AT","potentialAction":[{"@type":"ReadAction","target":["https:\/\/kulturonline.tv\/at\/tipp-musikbuecher-des-jahres-2021\/"]}]},{"@type":"ImageObject","inLanguage":"de-AT","@id":"https:\/\/kulturonline.tv\/at\/tipp-musikbuecher-des-jahres-2021\/#primaryimage","url":"https:\/\/kulturonline.tv\/wp-content\/uploads\/2021\/12\/Sinead-OConnor-Sandycove.jpg","contentUrl":"https:\/\/kulturonline.tv\/wp-content\/uploads\/2021\/12\/Sinead-OConnor-Sandycove.jpg","width":280,"height":400},{"@type":"BreadcrumbList","@id":"https:\/\/kulturonline.tv\/at\/tipp-musikbuecher-des-jahres-2021\/#breadcrumb","itemListElement":[{"@type":"ListItem","position":1,"name":"Startseite","item":"https:\/\/kulturonline.tv\/at\/"},{"@type":"ListItem","position":2,"name":"Tipp: Musikb\u00fccher des Jahres 2021"}]},{"@type":"WebSite","@id":"https:\/\/kulturonline.tv\/at\/#website","url":"https:\/\/kulturonline.tv\/at\/","name":"Kultur Online TV &amp; FM","description":"Wir sind Kultur 2.0 zum sehen &amp; h\u00f6ren","publisher":{"@id":"https:\/\/kulturonline.tv\/at\/#organization"},"potentialAction":[{"@type":"SearchAction","target":{"@type":"EntryPoint","urlTemplate":"https:\/\/kulturonline.tv\/at\/?s={search_term_string}"},"query-input":{"@type":"PropertyValueSpecification","valueRequired":true,"valueName":"search_term_string"}}],"inLanguage":"de-AT"},{"@type":"Organization","@id":"https:\/\/kulturonline.tv\/at\/#organization","name":"Kultur Online TV","url":"https:\/\/kulturonline.tv\/at\/","logo":{"@type":"ImageObject","inLanguage":"de-AT","@id":"https:\/\/kulturonline.tv\/at\/#\/schema\/logo\/image\/","url":"https:\/\/kulturonline.tv\/wp-content\/uploads\/2021\/08\/Kultur-Online-Tv-Logo-Endversion-neu.png","contentUrl":"https:\/\/kulturonline.tv\/wp-content\/uploads\/2021\/08\/Kultur-Online-Tv-Logo-Endversion-neu.png","width":200,"height":200,"caption":"Kultur Online TV"},"image":{"@id":"https:\/\/kulturonline.tv\/at\/#\/schema\/logo\/image\/"},"sameAs":["https:\/\/www.facebook.com\/kulturonline.tv","https:\/\/www.instagram.com\/kulturonline.tv"]},{"@type":"Person","@id":"https:\/\/kulturonline.tv\/at\/#\/schema\/person\/b0fac729bb9a0c193fb1df23449df4fe","name":"guenter.wolfgang"}]}},"_links":{"self":[{"href":"https:\/\/kulturonline.tv\/at\/wp-json\/wp\/v2\/posts\/16286","targetHints":{"allow":["GET"]}}],"collection":[{"href":"https:\/\/kulturonline.tv\/at\/wp-json\/wp\/v2\/posts"}],"about":[{"href":"https:\/\/kulturonline.tv\/at\/wp-json\/wp\/v2\/types\/post"}],"author":[{"embeddable":true,"href":"https:\/\/kulturonline.tv\/at\/wp-json\/wp\/v2\/users\/2"}],"replies":[{"embeddable":true,"href":"https:\/\/kulturonline.tv\/at\/wp-json\/wp\/v2\/comments?post=16286"}],"version-history":[{"count":0,"href":"https:\/\/kulturonline.tv\/at\/wp-json\/wp\/v2\/posts\/16286\/revisions"}],"wp:featuredmedia":[{"embeddable":true,"href":"https:\/\/kulturonline.tv\/at\/wp-json\/wp\/v2\/media\/16288"}],"wp:attachment":[{"href":"https:\/\/kulturonline.tv\/at\/wp-json\/wp\/v2\/media?parent=16286"}],"wp:term":[{"taxonomy":"category","embeddable":true,"href":"https:\/\/kulturonline.tv\/at\/wp-json\/wp\/v2\/categories?post=16286"},{"taxonomy":"post_tag","embeddable":true,"href":"https:\/\/kulturonline.tv\/at\/wp-json\/wp\/v2\/tags?post=16286"}],"curies":[{"name":"wp","href":"https:\/\/api.w.org\/{rel}","templated":true}]}}