{"id":16317,"date":"2021-12-14T02:44:20","date_gmt":"2021-12-14T01:44:20","guid":{"rendered":"https:\/\/kulturonline.tv\/?p=16317"},"modified":"2021-12-14T02:44:20","modified_gmt":"2021-12-14T01:44:20","slug":"das-scharnier-zur-modernen-literatur","status":"publish","type":"post","link":"https:\/\/kulturonline.tv\/at\/das-scharnier-zur-modernen-literatur\/","title":{"rendered":"Das Scharnier zur modernen Literatur"},"content":{"rendered":"\n<p>Gustave Flaubert hat die Prosa auf die Stufe der Poesie gehoben und gilt als Erfinder des literarischen Realismus.&nbsp;<\/p>\n\n\n\n<figure class=\"wp-block-image size-large\"><img fetchpriority=\"high\" decoding=\"async\" width=\"1600\" height=\"900\" src=\"https:\/\/kulturonline.tv\/wp-content\/uploads\/2021\/12\/1920x1080-2-1600x900.jpg\" alt=\"\" class=\"wp-image-16313\" srcset=\"https:\/\/kulturonline.tv\/wp-content\/uploads\/2021\/12\/1920x1080-2-1600x900.jpg 1600w, https:\/\/kulturonline.tv\/wp-content\/uploads\/2021\/12\/1920x1080-2-600x338.jpg 600w, https:\/\/kulturonline.tv\/wp-content\/uploads\/2021\/12\/1920x1080-2-800x450.jpg 800w, https:\/\/kulturonline.tv\/wp-content\/uploads\/2021\/12\/1920x1080-2-768x432.jpg 768w, https:\/\/kulturonline.tv\/wp-content\/uploads\/2021\/12\/1920x1080-2-1536x864.jpg 1536w, https:\/\/kulturonline.tv\/wp-content\/uploads\/2021\/12\/1920x1080-2.jpg 1920w\" sizes=\"(max-width: 1600px) 100vw, 1600px\" \/><figcaption>\u00a9 Leemage<\/figcaption><\/figure>\n\n\n\n<p>Als Einsiedler in einem Vorort von Rouen revolutionierte Flaubert die Literatur. Mit seiner gestochen scharfen Prosa begann ein neues Zeitalter: Gustave Flaubert, Arztsohn aus Rouen, hielt der franz\u00f6sischen Gesellschaft den Spiegel vor und mokierte sich \u00fcber t\u00f6richten Fortschrittswahn.<\/p>\n\n\n\n<p>Gustav Flaubert w\u00e4re heute 200 Jahre alt geworden, geboren am 12. Dezember 1821. Er ist unbestritten einer der gro\u00dfen Realisten der Literatur.<\/p>\n\n\n\n<p>Anl\u00e4sslich seines Geburtstages wird er in der Presse als scharfsinniger Analytiker der franz\u00f6sischen Gesellschaft des 19. Jahrhunderts gew\u00fcrdigt, dem die Stumpfsinnigkeit des B\u00fcrgertums verhasst war. <\/p>\n\n\n\n<p>Er kritisiert die b\u00fcrgerlichen Verh\u00e4ltnisse allerdings nicht von einem revolution\u00e4ren Standpunkt, vom proletarischen Klassenstandpunkt aus, der sie revolution\u00e4r \u00fcberwinden will. Er \u00fcbte bei\u00dfende Kritik an der Bourgeoisie, sah aber nicht den Gegenpol, die aufstrebende Arbeiterklasse.<\/p>\n\n\n\n<p>In &#8222;Beitr\u00e4ge zum sozialistischen Realismus &#8211; Grunds\u00e4tzliches \u00fcber Kunst und Literatur&#8220; wird Flaubert von einem sowjetischen Wissenschaftler folgenderma\u00dfen charakterisiert: &#8222;Ausgehend von der subjektiven \u00dcberzeugung, da\u00df die gesamte Gesellschaft b\u00fcrgerlich entartet sei, schuf Flaubert seinen Roman &#8222;Die Schule der Empfindsamkeit&#8220;, der von Ha\u00df gegen die bourgeoisen Zust\u00e4nde durchdrungen ist, die den Menschen erniedrigen und entsittlichen. <\/p>\n\n\n\n<p>Flaubert zeigte den Bourgeois in all seiner Habgier, Brutalit\u00e4t und Beschr\u00e4nktheit und sprach damit der b\u00fcrgerlichen Eigent\u00fcmergesellschaft das Urteil. <\/p>\n\n\n\n<p>Flaubert stellte fest, da\u00df der b\u00fcrgerliche Staat dem Gewissen und der Vernunft des Menschen zuwider ist. Irrigerweise leugnete er die M\u00f6glichkeit sozialen Fortschritts und legte in seinem Realismus das Schwergewicht auf eine fast allumfassende Skepsis.\u201c<\/p>\n\n\n\n<p>Gustave Flaubert, der von seinem Schreiben \u2013 anders als z.B. Honor\u00e9 de Balzac oder George Sand \u2013 nie hatte leben k\u00f6nnen, der am Ende seines Lebens auf staatliche Unterst\u00fctzung angewiesen war, weil das ererbte Verm\u00f6gen, der umfangreiche Landbesitz der Familie, draufgegangen war, stellte sich gerne dank seiner Kunst in einer alle b\u00fcrgerlichen Dimensionen sprengenden Gr\u00f6\u00dfe dar: \u201eDer Autor muss in seinem Werk wie Gott im Weltall sein, \u00fcberall anwesend und nirgends sichtbar.\u201c <\/p>\n\n\n\n<p>Gleichzeitig aber wusste Flaubert sehr genau, dass jedes Atom der von ihm geschaffenen Welt immer nur er selbst war. \u201eMadame Bovary, c\u2019est moi\u201c, erkl\u00e4rte er. In diesem Dilemma lebte Flaubert. In diesem Dilemma lebt jeder Autor, seit Geschichten erfunden werden. Es als Dilemma zu empfinden, ist vielleicht eine moderne Errungenschaft.<\/p>\n\n\n\n<p>Kultur Online TV<\/p>\n\n\n\n<p>#literatur #realismus #kultur <\/p>\n","protected":false},"excerpt":{"rendered":"<p>Gustave Flaubert hat die Prosa auf die Stufe der Poesie gehoben und gilt als Erfinder des literarischen Realismus.&nbsp; Als Einsiedler in einem Vorort von Rouen revolutionierte Flaubert die Literatur. Mit seiner gestochen scharfen Prosa begann ein neues Zeitalter: Gustave Flaubert, Arztsohn aus Rouen, hielt der franz\u00f6sischen Gesellschaft den Spiegel vor und mokierte sich \u00fcber t\u00f6richten [&hellip;]<\/p>\n","protected":false},"author":2,"featured_media":16314,"comment_status":"closed","ping_status":"closed","sticky":false,"template":"","format":"standard","meta":{"_acf_changed":false,"footnotes":""},"categories":[133],"tags":[],"class_list":["post-16317","post","type-post","status-publish","format-standard","has-post-thumbnail","hentry","category-literatur"],"acf":[],"yoast_head":"<!-- This site is optimized with the Yoast SEO plugin v26.1.1 - https:\/\/yoast.com\/wordpress\/plugins\/seo\/ -->\n<title>Das Scharnier zur modernen Literatur - Kultur Online TV &amp; FM<\/title>\n<meta name=\"description\" content=\"Kultur sehen und H\u00f6ren\" \/>\n<meta name=\"robots\" content=\"index, follow, max-snippet:-1, max-image-preview:large, max-video-preview:-1\" \/>\n<link rel=\"canonical\" href=\"https:\/\/kulturonline.tv\/at\/das-scharnier-zur-modernen-literatur\/\" \/>\n<meta property=\"og:locale\" content=\"de_DE\" \/>\n<meta property=\"og:type\" content=\"article\" \/>\n<meta property=\"og:title\" content=\"Das Scharnier zur modernen Literatur - Kultur Online TV &amp; FM\" \/>\n<meta property=\"og:description\" content=\"Kultur sehen und H\u00f6ren\" \/>\n<meta property=\"og:url\" content=\"https:\/\/kulturonline.tv\/at\/das-scharnier-zur-modernen-literatur\/\" \/>\n<meta property=\"og:site_name\" content=\"Kultur Online TV &amp; FM\" \/>\n<meta property=\"article:publisher\" content=\"https:\/\/www.facebook.com\/kulturonline.tv\" \/>\n<meta property=\"article:published_time\" content=\"2021-12-14T01:44:20+00:00\" \/>\n<meta property=\"og:image\" content=\"https:\/\/kulturonline.tv\/wp-content\/uploads\/2021\/12\/1920x1080-2.jpg\" \/>\n\t<meta property=\"og:image:width\" content=\"1920\" \/>\n\t<meta property=\"og:image:height\" content=\"1080\" \/>\n\t<meta property=\"og:image:type\" content=\"image\/jpeg\" \/>\n<meta name=\"author\" content=\"guenter.wolfgang\" \/>\n<meta name=\"twitter:card\" content=\"summary_large_image\" \/>\n<meta name=\"twitter:label1\" content=\"Verfasst von\" \/>\n\t<meta name=\"twitter:data1\" content=\"guenter.wolfgang\" \/>\n\t<meta name=\"twitter:label2\" content=\"Gesch\u00e4tzte Lesezeit\" \/>\n\t<meta name=\"twitter:data2\" content=\"2 Minuten\" \/>\n<script type=\"application\/ld+json\" class=\"yoast-schema-graph\">{\"@context\":\"https:\/\/schema.org\",\"@graph\":[{\"@type\":\"Article\",\"@id\":\"https:\/\/kulturonline.tv\/at\/das-scharnier-zur-modernen-literatur\/#article\",\"isPartOf\":{\"@id\":\"https:\/\/kulturonline.tv\/at\/das-scharnier-zur-modernen-literatur\/\"},\"author\":{\"name\":\"guenter.wolfgang\",\"@id\":\"https:\/\/kulturonline.tv\/at\/#\/schema\/person\/b0fac729bb9a0c193fb1df23449df4fe\"},\"headline\":\"Das Scharnier zur modernen Literatur\",\"datePublished\":\"2021-12-14T01:44:20+00:00\",\"mainEntityOfPage\":{\"@id\":\"https:\/\/kulturonline.tv\/at\/das-scharnier-zur-modernen-literatur\/\"},\"wordCount\":407,\"publisher\":{\"@id\":\"https:\/\/kulturonline.tv\/at\/#organization\"},\"image\":{\"@id\":\"https:\/\/kulturonline.tv\/at\/das-scharnier-zur-modernen-literatur\/#primaryimage\"},\"thumbnailUrl\":\"https:\/\/kulturonline.tv\/wp-content\/uploads\/2021\/12\/1920x1080-2.jpg\",\"articleSection\":[\"Literatur\"],\"inLanguage\":\"de-AT\"},{\"@type\":\"WebPage\",\"@id\":\"https:\/\/kulturonline.tv\/at\/das-scharnier-zur-modernen-literatur\/\",\"url\":\"https:\/\/kulturonline.tv\/at\/das-scharnier-zur-modernen-literatur\/\",\"name\":\"Das Scharnier zur modernen Literatur - Kultur Online TV &amp; FM\",\"isPartOf\":{\"@id\":\"https:\/\/kulturonline.tv\/at\/#website\"},\"primaryImageOfPage\":{\"@id\":\"https:\/\/kulturonline.tv\/at\/das-scharnier-zur-modernen-literatur\/#primaryimage\"},\"image\":{\"@id\":\"https:\/\/kulturonline.tv\/at\/das-scharnier-zur-modernen-literatur\/#primaryimage\"},\"thumbnailUrl\":\"https:\/\/kulturonline.tv\/wp-content\/uploads\/2021\/12\/1920x1080-2.jpg\",\"datePublished\":\"2021-12-14T01:44:20+00:00\",\"description\":\"Kultur sehen und H\u00f6ren\",\"breadcrumb\":{\"@id\":\"https:\/\/kulturonline.tv\/at\/das-scharnier-zur-modernen-literatur\/#breadcrumb\"},\"inLanguage\":\"de-AT\",\"potentialAction\":[{\"@type\":\"ReadAction\",\"target\":[\"https:\/\/kulturonline.tv\/at\/das-scharnier-zur-modernen-literatur\/\"]}]},{\"@type\":\"ImageObject\",\"inLanguage\":\"de-AT\",\"@id\":\"https:\/\/kulturonline.tv\/at\/das-scharnier-zur-modernen-literatur\/#primaryimage\",\"url\":\"https:\/\/kulturonline.tv\/wp-content\/uploads\/2021\/12\/1920x1080-2.jpg\",\"contentUrl\":\"https:\/\/kulturonline.tv\/wp-content\/uploads\/2021\/12\/1920x1080-2.jpg\",\"width\":1920,\"height\":1080},{\"@type\":\"BreadcrumbList\",\"@id\":\"https:\/\/kulturonline.tv\/at\/das-scharnier-zur-modernen-literatur\/#breadcrumb\",\"itemListElement\":[{\"@type\":\"ListItem\",\"position\":1,\"name\":\"Startseite\",\"item\":\"https:\/\/kulturonline.tv\/at\/\"},{\"@type\":\"ListItem\",\"position\":2,\"name\":\"Das Scharnier zur modernen Literatur\"}]},{\"@type\":\"WebSite\",\"@id\":\"https:\/\/kulturonline.tv\/at\/#website\",\"url\":\"https:\/\/kulturonline.tv\/at\/\",\"name\":\"Kultur Online TV &amp; FM\",\"description\":\"Wir sind Kultur 2.0 zum sehen &amp; h\u00f6ren\",\"publisher\":{\"@id\":\"https:\/\/kulturonline.tv\/at\/#organization\"},\"potentialAction\":[{\"@type\":\"SearchAction\",\"target\":{\"@type\":\"EntryPoint\",\"urlTemplate\":\"https:\/\/kulturonline.tv\/at\/?s={search_term_string}\"},\"query-input\":{\"@type\":\"PropertyValueSpecification\",\"valueRequired\":true,\"valueName\":\"search_term_string\"}}],\"inLanguage\":\"de-AT\"},{\"@type\":\"Organization\",\"@id\":\"https:\/\/kulturonline.tv\/at\/#organization\",\"name\":\"Kultur Online TV\",\"url\":\"https:\/\/kulturonline.tv\/at\/\",\"logo\":{\"@type\":\"ImageObject\",\"inLanguage\":\"de-AT\",\"@id\":\"https:\/\/kulturonline.tv\/at\/#\/schema\/logo\/image\/\",\"url\":\"https:\/\/kulturonline.tv\/wp-content\/uploads\/2021\/08\/Kultur-Online-Tv-Logo-Endversion-neu.png\",\"contentUrl\":\"https:\/\/kulturonline.tv\/wp-content\/uploads\/2021\/08\/Kultur-Online-Tv-Logo-Endversion-neu.png\",\"width\":200,\"height\":200,\"caption\":\"Kultur Online TV\"},\"image\":{\"@id\":\"https:\/\/kulturonline.tv\/at\/#\/schema\/logo\/image\/\"},\"sameAs\":[\"https:\/\/www.facebook.com\/kulturonline.tv\",\"https:\/\/www.instagram.com\/kulturonline.tv\"]},{\"@type\":\"Person\",\"@id\":\"https:\/\/kulturonline.tv\/at\/#\/schema\/person\/b0fac729bb9a0c193fb1df23449df4fe\",\"name\":\"guenter.wolfgang\"}]}<\/script>\n<!-- \/ Yoast SEO plugin. -->","yoast_head_json":{"title":"Das Scharnier zur modernen Literatur - Kultur Online TV &amp; FM","description":"Kultur sehen und H\u00f6ren","robots":{"index":"index","follow":"follow","max-snippet":"max-snippet:-1","max-image-preview":"max-image-preview:large","max-video-preview":"max-video-preview:-1"},"canonical":"https:\/\/kulturonline.tv\/at\/das-scharnier-zur-modernen-literatur\/","og_locale":"de_DE","og_type":"article","og_title":"Das Scharnier zur modernen Literatur - Kultur Online TV &amp; FM","og_description":"Kultur sehen und H\u00f6ren","og_url":"https:\/\/kulturonline.tv\/at\/das-scharnier-zur-modernen-literatur\/","og_site_name":"Kultur Online TV &amp; FM","article_publisher":"https:\/\/www.facebook.com\/kulturonline.tv","article_published_time":"2021-12-14T01:44:20+00:00","og_image":[{"width":1920,"height":1080,"url":"https:\/\/kulturonline.tv\/wp-content\/uploads\/2021\/12\/1920x1080-2.jpg","type":"image\/jpeg"}],"author":"guenter.wolfgang","twitter_card":"summary_large_image","twitter_misc":{"Verfasst von":"guenter.wolfgang","Gesch\u00e4tzte Lesezeit":"2 Minuten"},"schema":{"@context":"https:\/\/schema.org","@graph":[{"@type":"Article","@id":"https:\/\/kulturonline.tv\/at\/das-scharnier-zur-modernen-literatur\/#article","isPartOf":{"@id":"https:\/\/kulturonline.tv\/at\/das-scharnier-zur-modernen-literatur\/"},"author":{"name":"guenter.wolfgang","@id":"https:\/\/kulturonline.tv\/at\/#\/schema\/person\/b0fac729bb9a0c193fb1df23449df4fe"},"headline":"Das Scharnier zur modernen Literatur","datePublished":"2021-12-14T01:44:20+00:00","mainEntityOfPage":{"@id":"https:\/\/kulturonline.tv\/at\/das-scharnier-zur-modernen-literatur\/"},"wordCount":407,"publisher":{"@id":"https:\/\/kulturonline.tv\/at\/#organization"},"image":{"@id":"https:\/\/kulturonline.tv\/at\/das-scharnier-zur-modernen-literatur\/#primaryimage"},"thumbnailUrl":"https:\/\/kulturonline.tv\/wp-content\/uploads\/2021\/12\/1920x1080-2.jpg","articleSection":["Literatur"],"inLanguage":"de-AT"},{"@type":"WebPage","@id":"https:\/\/kulturonline.tv\/at\/das-scharnier-zur-modernen-literatur\/","url":"https:\/\/kulturonline.tv\/at\/das-scharnier-zur-modernen-literatur\/","name":"Das Scharnier zur modernen Literatur - Kultur Online TV &amp; FM","isPartOf":{"@id":"https:\/\/kulturonline.tv\/at\/#website"},"primaryImageOfPage":{"@id":"https:\/\/kulturonline.tv\/at\/das-scharnier-zur-modernen-literatur\/#primaryimage"},"image":{"@id":"https:\/\/kulturonline.tv\/at\/das-scharnier-zur-modernen-literatur\/#primaryimage"},"thumbnailUrl":"https:\/\/kulturonline.tv\/wp-content\/uploads\/2021\/12\/1920x1080-2.jpg","datePublished":"2021-12-14T01:44:20+00:00","description":"Kultur sehen und H\u00f6ren","breadcrumb":{"@id":"https:\/\/kulturonline.tv\/at\/das-scharnier-zur-modernen-literatur\/#breadcrumb"},"inLanguage":"de-AT","potentialAction":[{"@type":"ReadAction","target":["https:\/\/kulturonline.tv\/at\/das-scharnier-zur-modernen-literatur\/"]}]},{"@type":"ImageObject","inLanguage":"de-AT","@id":"https:\/\/kulturonline.tv\/at\/das-scharnier-zur-modernen-literatur\/#primaryimage","url":"https:\/\/kulturonline.tv\/wp-content\/uploads\/2021\/12\/1920x1080-2.jpg","contentUrl":"https:\/\/kulturonline.tv\/wp-content\/uploads\/2021\/12\/1920x1080-2.jpg","width":1920,"height":1080},{"@type":"BreadcrumbList","@id":"https:\/\/kulturonline.tv\/at\/das-scharnier-zur-modernen-literatur\/#breadcrumb","itemListElement":[{"@type":"ListItem","position":1,"name":"Startseite","item":"https:\/\/kulturonline.tv\/at\/"},{"@type":"ListItem","position":2,"name":"Das Scharnier zur modernen Literatur"}]},{"@type":"WebSite","@id":"https:\/\/kulturonline.tv\/at\/#website","url":"https:\/\/kulturonline.tv\/at\/","name":"Kultur Online TV &amp; FM","description":"Wir sind Kultur 2.0 zum sehen &amp; h\u00f6ren","publisher":{"@id":"https:\/\/kulturonline.tv\/at\/#organization"},"potentialAction":[{"@type":"SearchAction","target":{"@type":"EntryPoint","urlTemplate":"https:\/\/kulturonline.tv\/at\/?s={search_term_string}"},"query-input":{"@type":"PropertyValueSpecification","valueRequired":true,"valueName":"search_term_string"}}],"inLanguage":"de-AT"},{"@type":"Organization","@id":"https:\/\/kulturonline.tv\/at\/#organization","name":"Kultur Online TV","url":"https:\/\/kulturonline.tv\/at\/","logo":{"@type":"ImageObject","inLanguage":"de-AT","@id":"https:\/\/kulturonline.tv\/at\/#\/schema\/logo\/image\/","url":"https:\/\/kulturonline.tv\/wp-content\/uploads\/2021\/08\/Kultur-Online-Tv-Logo-Endversion-neu.png","contentUrl":"https:\/\/kulturonline.tv\/wp-content\/uploads\/2021\/08\/Kultur-Online-Tv-Logo-Endversion-neu.png","width":200,"height":200,"caption":"Kultur Online TV"},"image":{"@id":"https:\/\/kulturonline.tv\/at\/#\/schema\/logo\/image\/"},"sameAs":["https:\/\/www.facebook.com\/kulturonline.tv","https:\/\/www.instagram.com\/kulturonline.tv"]},{"@type":"Person","@id":"https:\/\/kulturonline.tv\/at\/#\/schema\/person\/b0fac729bb9a0c193fb1df23449df4fe","name":"guenter.wolfgang"}]}},"_links":{"self":[{"href":"https:\/\/kulturonline.tv\/at\/wp-json\/wp\/v2\/posts\/16317","targetHints":{"allow":["GET"]}}],"collection":[{"href":"https:\/\/kulturonline.tv\/at\/wp-json\/wp\/v2\/posts"}],"about":[{"href":"https:\/\/kulturonline.tv\/at\/wp-json\/wp\/v2\/types\/post"}],"author":[{"embeddable":true,"href":"https:\/\/kulturonline.tv\/at\/wp-json\/wp\/v2\/users\/2"}],"replies":[{"embeddable":true,"href":"https:\/\/kulturonline.tv\/at\/wp-json\/wp\/v2\/comments?post=16317"}],"version-history":[{"count":0,"href":"https:\/\/kulturonline.tv\/at\/wp-json\/wp\/v2\/posts\/16317\/revisions"}],"wp:featuredmedia":[{"embeddable":true,"href":"https:\/\/kulturonline.tv\/at\/wp-json\/wp\/v2\/media\/16314"}],"wp:attachment":[{"href":"https:\/\/kulturonline.tv\/at\/wp-json\/wp\/v2\/media?parent=16317"}],"wp:term":[{"taxonomy":"category","embeddable":true,"href":"https:\/\/kulturonline.tv\/at\/wp-json\/wp\/v2\/categories?post=16317"},{"taxonomy":"post_tag","embeddable":true,"href":"https:\/\/kulturonline.tv\/at\/wp-json\/wp\/v2\/tags?post=16317"}],"curies":[{"name":"wp","href":"https:\/\/api.w.org\/{rel}","templated":true}]}}