{"id":16603,"date":"2021-12-16T08:05:36","date_gmt":"2021-12-16T07:05:36","guid":{"rendered":"https:\/\/kulturonline.tv\/?p=16603"},"modified":"2021-12-16T08:05:37","modified_gmt":"2021-12-16T07:05:37","slug":"autor-mwanza-mujila-erhielt-prix-les-afriques","status":"publish","type":"post","link":"https:\/\/kulturonline.tv\/at\/autor-mwanza-mujila-erhielt-prix-les-afriques\/","title":{"rendered":"Autor Mwanza Mujila erhielt Prix Les Afriques"},"content":{"rendered":"\n<p><strong>Der kongolesisch-\u00f6sterreichische Autor Fiston Mwanza Mujila (&#8222;Tram 83&#8220;) erh\u00e4lt f\u00fcr seinen Roman &#8222;La danse du Vilain&#8220;, der im Fr\u00fchjahr auf Deutsch unter dem Titel &#8222;Tanz der Teufel&#8220; (Zsonlay) erscheinen wird, den Prix Les Afriques.<\/strong><\/p>\n\n\n\n<figure class=\"wp-block-image size-full is-resized\"><img decoding=\"async\" src=\"https:\/\/kulturonline.tv\/wp-content\/uploads\/2021\/12\/kultur-online-tv-12-edited.jpg\" alt=\"\" class=\"wp-image-16607\" width=\"839\" srcset=\"https:\/\/kulturonline.tv\/wp-content\/uploads\/2021\/12\/kultur-online-tv-12-edited.jpg 599w, https:\/\/kulturonline.tv\/wp-content\/uploads\/2021\/12\/kultur-online-tv-12-edited-416x234.jpg 416w\" sizes=\"(max-width: 599px) 100vw, 599px\" \/><\/figure>\n\n\n\n<p><strong>Das gab das Preiskomitee laut Verlagsangaben k\u00fcrzlich bekannt. Damit setzte er sich gegen Booker-Preistr\u00e4gerin Bernardine Evaristo, Abdelaziz Baraka Sakin, Marc Alexandre Oho Bambe und Sindiwe Magona durch, die ebenfalls auf der Shortlist standen.<\/strong><\/p>\n\n\n\n<p>In seinem Roman spreche Fiston Mwanza Mujila vor allem die Themen innerafrikanische Migration, Raubbau der Bodensch\u00e4tze durch Afrikaner und dessen Folgen sowie die st\u00e4ndige Verschlechterung der Lebensbedingungen offen an. &#8222;Er zeigt die wachsende Kluft zwischen der afrikanischen Bev\u00f6lkerung und der politischen Klasse, die sich nur selbst bereichert&#8220;, hei\u00dft es in der Begr\u00fcndung der Jury.<\/p>\n\n\n\n<p>Zuletzt ging der Prix Les Afriques an Ayobami Adebayo (2020), Elnathan John (2019), Kei Miller (2018), Abdelaziz Baraka Sakin (2017) and Hemley Boum (2016). Die Auszeichnung ist heuer mit 6.000 Schweizer Franken (rund 5.800 Euro) dotiert. Zudem erh\u00e4lt Fiston Mwanza Mujila eine k\u00fcnstlerische Arbeit des senegalesischen Malers Momar Seck, weiters werden 100 B\u00fccher vom Verlag angekauft.<\/p>\n\n\n\n<p>Der Prix Les Afriques wird j\u00e4hrlich an einen Afrikaner oder Schriftsteller afrikanischer Abstammung verliehen, der einen Roman geschrieben hat, der ein menschliches, gesellschaftliches, ideologisches, politisches, kulturelles, wirtschaftliches oder historisches Thema im Zusammenhang mit Afrika oder seiner Diaspora beleuchtet.<\/p>\n\n\n\n<p>Fiston Mwanza Mujila, der seine B\u00fccher auf Franz\u00f6sisch verfasst, wurde 1981 in Lubumbashi in der Demokratischen Republik Kongo geboren. Er lebt seit 2009 in Graz und lehrt dort afrikanische Literatur. Mit seinem Romandeb\u00fct &#8222;Tram 83&#8220; (2014) landete er einen internationalen Erfolg, sein Theaterst\u00fcck &#8222;Zu der Zeit der K\u00f6niginmutter&#8220; wurde 2019 im Akademietheater uraufgef\u00fchrt.<\/p>\n\n\n\n<p>Kultur Online TV<\/p>\n\n\n\n<p>#literatur #news #preis<\/p>\n","protected":false},"excerpt":{"rendered":"<p>Der kongolesisch-\u00f6sterreichische Autor Fiston Mwanza Mujila (&#8222;Tram 83&#8220;) erh\u00e4lt f\u00fcr seinen Roman &#8222;La danse du Vilain&#8220;, der im Fr\u00fchjahr auf Deutsch unter dem Titel &#8222;Tanz der Teufel&#8220; (Zsonlay) erscheinen wird, den Prix Les Afriques. Das gab das Preiskomitee laut Verlagsangaben k\u00fcrzlich bekannt. Damit setzte er sich gegen Booker-Preistr\u00e4gerin Bernardine Evaristo, Abdelaziz Baraka Sakin, Marc Alexandre [&hellip;]<\/p>\n","protected":false},"author":2,"featured_media":16607,"comment_status":"closed","ping_status":"closed","sticky":false,"template":"","format":"standard","meta":{"_acf_changed":false,"footnotes":""},"categories":[133],"tags":[],"class_list":["post-16603","post","type-post","status-publish","format-standard","has-post-thumbnail","hentry","category-literatur"],"acf":[],"yoast_head":"<!-- This site is optimized with the Yoast SEO plugin v26.1.1 - https:\/\/yoast.com\/wordpress\/plugins\/seo\/ -->\n<title>Autor Mwanza Mujila erhielt Prix Les Afriques - Kultur Online TV &amp; FM<\/title>\n<meta name=\"description\" content=\"Kultur sehen und H\u00f6ren\" \/>\n<meta name=\"robots\" content=\"index, follow, max-snippet:-1, max-image-preview:large, max-video-preview:-1\" \/>\n<link rel=\"canonical\" href=\"https:\/\/kulturonline.tv\/at\/autor-mwanza-mujila-erhielt-prix-les-afriques\/\" \/>\n<meta property=\"og:locale\" content=\"de_DE\" \/>\n<meta property=\"og:type\" content=\"article\" \/>\n<meta property=\"og:title\" content=\"Autor Mwanza Mujila erhielt Prix Les Afriques - Kultur Online TV &amp; FM\" \/>\n<meta property=\"og:description\" content=\"Kultur sehen und H\u00f6ren\" \/>\n<meta property=\"og:url\" content=\"https:\/\/kulturonline.tv\/at\/autor-mwanza-mujila-erhielt-prix-les-afriques\/\" \/>\n<meta property=\"og:site_name\" content=\"Kultur Online TV &amp; FM\" \/>\n<meta property=\"article:publisher\" content=\"https:\/\/www.facebook.com\/kulturonline.tv\" \/>\n<meta property=\"article:published_time\" content=\"2021-12-16T07:05:36+00:00\" \/>\n<meta property=\"article:modified_time\" content=\"2021-12-16T07:05:37+00:00\" \/>\n<meta property=\"og:image\" content=\"https:\/\/kulturonline.tv\/wp-content\/uploads\/2021\/12\/kultur-online-tv-12-edited.jpg\" \/>\n\t<meta property=\"og:image:width\" content=\"599\" \/>\n\t<meta property=\"og:image:height\" content=\"337\" \/>\n\t<meta property=\"og:image:type\" content=\"image\/jpeg\" \/>\n<meta name=\"author\" content=\"guenter.wolfgang\" \/>\n<meta name=\"twitter:card\" content=\"summary_large_image\" \/>\n<meta name=\"twitter:label1\" content=\"Verfasst von\" \/>\n\t<meta name=\"twitter:data1\" content=\"guenter.wolfgang\" \/>\n\t<meta name=\"twitter:label2\" content=\"Gesch\u00e4tzte Lesezeit\" \/>\n\t<meta name=\"twitter:data2\" content=\"2 Minuten\" \/>\n<script type=\"application\/ld+json\" class=\"yoast-schema-graph\">{\"@context\":\"https:\/\/schema.org\",\"@graph\":[{\"@type\":\"Article\",\"@id\":\"https:\/\/kulturonline.tv\/at\/autor-mwanza-mujila-erhielt-prix-les-afriques\/#article\",\"isPartOf\":{\"@id\":\"https:\/\/kulturonline.tv\/at\/autor-mwanza-mujila-erhielt-prix-les-afriques\/\"},\"author\":{\"name\":\"guenter.wolfgang\",\"@id\":\"https:\/\/kulturonline.tv\/at\/#\/schema\/person\/b0fac729bb9a0c193fb1df23449df4fe\"},\"headline\":\"Autor Mwanza Mujila erhielt Prix Les Afriques\",\"datePublished\":\"2021-12-16T07:05:36+00:00\",\"dateModified\":\"2021-12-16T07:05:37+00:00\",\"mainEntityOfPage\":{\"@id\":\"https:\/\/kulturonline.tv\/at\/autor-mwanza-mujila-erhielt-prix-les-afriques\/\"},\"wordCount\":288,\"publisher\":{\"@id\":\"https:\/\/kulturonline.tv\/at\/#organization\"},\"image\":{\"@id\":\"https:\/\/kulturonline.tv\/at\/autor-mwanza-mujila-erhielt-prix-les-afriques\/#primaryimage\"},\"thumbnailUrl\":\"https:\/\/kulturonline.tv\/wp-content\/uploads\/2021\/12\/kultur-online-tv-12-edited.jpg\",\"articleSection\":[\"Literatur\"],\"inLanguage\":\"de-AT\"},{\"@type\":\"WebPage\",\"@id\":\"https:\/\/kulturonline.tv\/at\/autor-mwanza-mujila-erhielt-prix-les-afriques\/\",\"url\":\"https:\/\/kulturonline.tv\/at\/autor-mwanza-mujila-erhielt-prix-les-afriques\/\",\"name\":\"Autor Mwanza Mujila erhielt Prix Les Afriques - Kultur Online TV &amp; FM\",\"isPartOf\":{\"@id\":\"https:\/\/kulturonline.tv\/at\/#website\"},\"primaryImageOfPage\":{\"@id\":\"https:\/\/kulturonline.tv\/at\/autor-mwanza-mujila-erhielt-prix-les-afriques\/#primaryimage\"},\"image\":{\"@id\":\"https:\/\/kulturonline.tv\/at\/autor-mwanza-mujila-erhielt-prix-les-afriques\/#primaryimage\"},\"thumbnailUrl\":\"https:\/\/kulturonline.tv\/wp-content\/uploads\/2021\/12\/kultur-online-tv-12-edited.jpg\",\"datePublished\":\"2021-12-16T07:05:36+00:00\",\"dateModified\":\"2021-12-16T07:05:37+00:00\",\"description\":\"Kultur sehen und H\u00f6ren\",\"breadcrumb\":{\"@id\":\"https:\/\/kulturonline.tv\/at\/autor-mwanza-mujila-erhielt-prix-les-afriques\/#breadcrumb\"},\"inLanguage\":\"de-AT\",\"potentialAction\":[{\"@type\":\"ReadAction\",\"target\":[\"https:\/\/kulturonline.tv\/at\/autor-mwanza-mujila-erhielt-prix-les-afriques\/\"]}]},{\"@type\":\"ImageObject\",\"inLanguage\":\"de-AT\",\"@id\":\"https:\/\/kulturonline.tv\/at\/autor-mwanza-mujila-erhielt-prix-les-afriques\/#primaryimage\",\"url\":\"https:\/\/kulturonline.tv\/wp-content\/uploads\/2021\/12\/kultur-online-tv-12-edited.jpg\",\"contentUrl\":\"https:\/\/kulturonline.tv\/wp-content\/uploads\/2021\/12\/kultur-online-tv-12-edited.jpg\",\"width\":599,\"height\":337},{\"@type\":\"BreadcrumbList\",\"@id\":\"https:\/\/kulturonline.tv\/at\/autor-mwanza-mujila-erhielt-prix-les-afriques\/#breadcrumb\",\"itemListElement\":[{\"@type\":\"ListItem\",\"position\":1,\"name\":\"Startseite\",\"item\":\"https:\/\/kulturonline.tv\/at\/\"},{\"@type\":\"ListItem\",\"position\":2,\"name\":\"Autor Mwanza Mujila erhielt Prix Les Afriques\"}]},{\"@type\":\"WebSite\",\"@id\":\"https:\/\/kulturonline.tv\/at\/#website\",\"url\":\"https:\/\/kulturonline.tv\/at\/\",\"name\":\"Kultur Online TV &amp; FM\",\"description\":\"Wir sind Kultur 2.0 zum sehen &amp; h\u00f6ren\",\"publisher\":{\"@id\":\"https:\/\/kulturonline.tv\/at\/#organization\"},\"potentialAction\":[{\"@type\":\"SearchAction\",\"target\":{\"@type\":\"EntryPoint\",\"urlTemplate\":\"https:\/\/kulturonline.tv\/at\/?s={search_term_string}\"},\"query-input\":{\"@type\":\"PropertyValueSpecification\",\"valueRequired\":true,\"valueName\":\"search_term_string\"}}],\"inLanguage\":\"de-AT\"},{\"@type\":\"Organization\",\"@id\":\"https:\/\/kulturonline.tv\/at\/#organization\",\"name\":\"Kultur Online TV\",\"url\":\"https:\/\/kulturonline.tv\/at\/\",\"logo\":{\"@type\":\"ImageObject\",\"inLanguage\":\"de-AT\",\"@id\":\"https:\/\/kulturonline.tv\/at\/#\/schema\/logo\/image\/\",\"url\":\"https:\/\/kulturonline.tv\/wp-content\/uploads\/2021\/08\/Kultur-Online-Tv-Logo-Endversion-neu.png\",\"contentUrl\":\"https:\/\/kulturonline.tv\/wp-content\/uploads\/2021\/08\/Kultur-Online-Tv-Logo-Endversion-neu.png\",\"width\":200,\"height\":200,\"caption\":\"Kultur Online TV\"},\"image\":{\"@id\":\"https:\/\/kulturonline.tv\/at\/#\/schema\/logo\/image\/\"},\"sameAs\":[\"https:\/\/www.facebook.com\/kulturonline.tv\",\"https:\/\/www.instagram.com\/kulturonline.tv\"]},{\"@type\":\"Person\",\"@id\":\"https:\/\/kulturonline.tv\/at\/#\/schema\/person\/b0fac729bb9a0c193fb1df23449df4fe\",\"name\":\"guenter.wolfgang\"}]}<\/script>\n<!-- \/ Yoast SEO plugin. -->","yoast_head_json":{"title":"Autor Mwanza Mujila erhielt Prix Les Afriques - Kultur Online TV &amp; FM","description":"Kultur sehen und H\u00f6ren","robots":{"index":"index","follow":"follow","max-snippet":"max-snippet:-1","max-image-preview":"max-image-preview:large","max-video-preview":"max-video-preview:-1"},"canonical":"https:\/\/kulturonline.tv\/at\/autor-mwanza-mujila-erhielt-prix-les-afriques\/","og_locale":"de_DE","og_type":"article","og_title":"Autor Mwanza Mujila erhielt Prix Les Afriques - Kultur Online TV &amp; FM","og_description":"Kultur sehen und H\u00f6ren","og_url":"https:\/\/kulturonline.tv\/at\/autor-mwanza-mujila-erhielt-prix-les-afriques\/","og_site_name":"Kultur Online TV &amp; FM","article_publisher":"https:\/\/www.facebook.com\/kulturonline.tv","article_published_time":"2021-12-16T07:05:36+00:00","article_modified_time":"2021-12-16T07:05:37+00:00","og_image":[{"width":599,"height":337,"url":"https:\/\/kulturonline.tv\/wp-content\/uploads\/2021\/12\/kultur-online-tv-12-edited.jpg","type":"image\/jpeg"}],"author":"guenter.wolfgang","twitter_card":"summary_large_image","twitter_misc":{"Verfasst von":"guenter.wolfgang","Gesch\u00e4tzte Lesezeit":"2 Minuten"},"schema":{"@context":"https:\/\/schema.org","@graph":[{"@type":"Article","@id":"https:\/\/kulturonline.tv\/at\/autor-mwanza-mujila-erhielt-prix-les-afriques\/#article","isPartOf":{"@id":"https:\/\/kulturonline.tv\/at\/autor-mwanza-mujila-erhielt-prix-les-afriques\/"},"author":{"name":"guenter.wolfgang","@id":"https:\/\/kulturonline.tv\/at\/#\/schema\/person\/b0fac729bb9a0c193fb1df23449df4fe"},"headline":"Autor Mwanza Mujila erhielt Prix Les Afriques","datePublished":"2021-12-16T07:05:36+00:00","dateModified":"2021-12-16T07:05:37+00:00","mainEntityOfPage":{"@id":"https:\/\/kulturonline.tv\/at\/autor-mwanza-mujila-erhielt-prix-les-afriques\/"},"wordCount":288,"publisher":{"@id":"https:\/\/kulturonline.tv\/at\/#organization"},"image":{"@id":"https:\/\/kulturonline.tv\/at\/autor-mwanza-mujila-erhielt-prix-les-afriques\/#primaryimage"},"thumbnailUrl":"https:\/\/kulturonline.tv\/wp-content\/uploads\/2021\/12\/kultur-online-tv-12-edited.jpg","articleSection":["Literatur"],"inLanguage":"de-AT"},{"@type":"WebPage","@id":"https:\/\/kulturonline.tv\/at\/autor-mwanza-mujila-erhielt-prix-les-afriques\/","url":"https:\/\/kulturonline.tv\/at\/autor-mwanza-mujila-erhielt-prix-les-afriques\/","name":"Autor Mwanza Mujila erhielt Prix Les Afriques - Kultur Online TV &amp; FM","isPartOf":{"@id":"https:\/\/kulturonline.tv\/at\/#website"},"primaryImageOfPage":{"@id":"https:\/\/kulturonline.tv\/at\/autor-mwanza-mujila-erhielt-prix-les-afriques\/#primaryimage"},"image":{"@id":"https:\/\/kulturonline.tv\/at\/autor-mwanza-mujila-erhielt-prix-les-afriques\/#primaryimage"},"thumbnailUrl":"https:\/\/kulturonline.tv\/wp-content\/uploads\/2021\/12\/kultur-online-tv-12-edited.jpg","datePublished":"2021-12-16T07:05:36+00:00","dateModified":"2021-12-16T07:05:37+00:00","description":"Kultur sehen und H\u00f6ren","breadcrumb":{"@id":"https:\/\/kulturonline.tv\/at\/autor-mwanza-mujila-erhielt-prix-les-afriques\/#breadcrumb"},"inLanguage":"de-AT","potentialAction":[{"@type":"ReadAction","target":["https:\/\/kulturonline.tv\/at\/autor-mwanza-mujila-erhielt-prix-les-afriques\/"]}]},{"@type":"ImageObject","inLanguage":"de-AT","@id":"https:\/\/kulturonline.tv\/at\/autor-mwanza-mujila-erhielt-prix-les-afriques\/#primaryimage","url":"https:\/\/kulturonline.tv\/wp-content\/uploads\/2021\/12\/kultur-online-tv-12-edited.jpg","contentUrl":"https:\/\/kulturonline.tv\/wp-content\/uploads\/2021\/12\/kultur-online-tv-12-edited.jpg","width":599,"height":337},{"@type":"BreadcrumbList","@id":"https:\/\/kulturonline.tv\/at\/autor-mwanza-mujila-erhielt-prix-les-afriques\/#breadcrumb","itemListElement":[{"@type":"ListItem","position":1,"name":"Startseite","item":"https:\/\/kulturonline.tv\/at\/"},{"@type":"ListItem","position":2,"name":"Autor Mwanza Mujila erhielt Prix Les Afriques"}]},{"@type":"WebSite","@id":"https:\/\/kulturonline.tv\/at\/#website","url":"https:\/\/kulturonline.tv\/at\/","name":"Kultur Online TV &amp; FM","description":"Wir sind Kultur 2.0 zum sehen &amp; h\u00f6ren","publisher":{"@id":"https:\/\/kulturonline.tv\/at\/#organization"},"potentialAction":[{"@type":"SearchAction","target":{"@type":"EntryPoint","urlTemplate":"https:\/\/kulturonline.tv\/at\/?s={search_term_string}"},"query-input":{"@type":"PropertyValueSpecification","valueRequired":true,"valueName":"search_term_string"}}],"inLanguage":"de-AT"},{"@type":"Organization","@id":"https:\/\/kulturonline.tv\/at\/#organization","name":"Kultur Online TV","url":"https:\/\/kulturonline.tv\/at\/","logo":{"@type":"ImageObject","inLanguage":"de-AT","@id":"https:\/\/kulturonline.tv\/at\/#\/schema\/logo\/image\/","url":"https:\/\/kulturonline.tv\/wp-content\/uploads\/2021\/08\/Kultur-Online-Tv-Logo-Endversion-neu.png","contentUrl":"https:\/\/kulturonline.tv\/wp-content\/uploads\/2021\/08\/Kultur-Online-Tv-Logo-Endversion-neu.png","width":200,"height":200,"caption":"Kultur Online TV"},"image":{"@id":"https:\/\/kulturonline.tv\/at\/#\/schema\/logo\/image\/"},"sameAs":["https:\/\/www.facebook.com\/kulturonline.tv","https:\/\/www.instagram.com\/kulturonline.tv"]},{"@type":"Person","@id":"https:\/\/kulturonline.tv\/at\/#\/schema\/person\/b0fac729bb9a0c193fb1df23449df4fe","name":"guenter.wolfgang"}]}},"_links":{"self":[{"href":"https:\/\/kulturonline.tv\/at\/wp-json\/wp\/v2\/posts\/16603","targetHints":{"allow":["GET"]}}],"collection":[{"href":"https:\/\/kulturonline.tv\/at\/wp-json\/wp\/v2\/posts"}],"about":[{"href":"https:\/\/kulturonline.tv\/at\/wp-json\/wp\/v2\/types\/post"}],"author":[{"embeddable":true,"href":"https:\/\/kulturonline.tv\/at\/wp-json\/wp\/v2\/users\/2"}],"replies":[{"embeddable":true,"href":"https:\/\/kulturonline.tv\/at\/wp-json\/wp\/v2\/comments?post=16603"}],"version-history":[{"count":0,"href":"https:\/\/kulturonline.tv\/at\/wp-json\/wp\/v2\/posts\/16603\/revisions"}],"wp:featuredmedia":[{"embeddable":true,"href":"https:\/\/kulturonline.tv\/at\/wp-json\/wp\/v2\/media\/16607"}],"wp:attachment":[{"href":"https:\/\/kulturonline.tv\/at\/wp-json\/wp\/v2\/media?parent=16603"}],"wp:term":[{"taxonomy":"category","embeddable":true,"href":"https:\/\/kulturonline.tv\/at\/wp-json\/wp\/v2\/categories?post=16603"},{"taxonomy":"post_tag","embeddable":true,"href":"https:\/\/kulturonline.tv\/at\/wp-json\/wp\/v2\/tags?post=16603"}],"curies":[{"name":"wp","href":"https:\/\/api.w.org\/{rel}","templated":true}]}}