{"id":17050,"date":"2021-12-21T08:17:24","date_gmt":"2021-12-21T07:17:24","guid":{"rendered":"https:\/\/kulturonline.tv\/?p=17050"},"modified":"2021-12-21T08:17:25","modified_gmt":"2021-12-21T07:17:25","slug":"deutscher-verleger-klaus-wagenbach-gestorben","status":"publish","type":"post","link":"https:\/\/kulturonline.tv\/at\/deutscher-verleger-klaus-wagenbach-gestorben\/","title":{"rendered":"Deutscher Verleger Klaus Wagenbach gestorben"},"content":{"rendered":"\n<p>Er starb am Freitag in Berlin im Alter von 91 Jahren, wie sein Verlag am Montag mitteilte.&nbsp;<\/p>\n\n\n\n<figure class=\"wp-block-image size-full is-resized\"><img decoding=\"async\" src=\"https:\/\/kulturonline.tv\/wp-content\/uploads\/2021\/12\/kultur-onlin-tv-edited.jpg\" alt=\"\" class=\"wp-image-17054\" width=\"844\" srcset=\"https:\/\/kulturonline.tv\/wp-content\/uploads\/2021\/12\/kultur-onlin-tv-edited.jpg 599w, https:\/\/kulturonline.tv\/wp-content\/uploads\/2021\/12\/kultur-onlin-tv-edited-416x234.jpg 416w\" sizes=\"(max-width: 599px) 100vw, 599px\" \/><\/figure>\n\n\n\n<p><strong>Er sei gestorben &#8222;begleitet von seiner Familie und umgeben von seinen B\u00fcchern&#8220;, hie\u00df es. &#8222;Seinem Lebensmotto entsprechend werden wir seinen Verlag weiterf\u00fchren: &#8218;Gewonnen kann durch Tr\u00fcbseligkeit nie etwas werden.'&#8220;<\/strong><\/p>\n\n\n\n<p>Der in Berlin geborene Wagenbach begann 1949 eine Lehre beim damals noch vereinten Verlag Suhrkamp\/Fischer. Der Schriftsteller Franz Kafka wurde zur gro\u00dfen Leidenschaft, Wagenbach promovierte \u00fcber den Autor. Der Kauf von Fischer durch Holtzbrinck brachte einschneidende Konsequenzen: Die neuen Chefs k\u00fcndigten Wagenbach, nachdem er sich bei der Staatsanwaltschaft \u00fcber die Verhaftung eines DDR-Verlegers w\u00e4hrend der Buchmesse beschwert hatte. Wagenbach mochte solche &#8222;Kurven in der Biografie&#8220;, wie er es nannte. Befreundete Autoren prophezeiten ihm, mit seinen Standpunkten bei keinem Verlag unterzukommen.<\/p>\n\n\n\n<p>1964 gr\u00fcndete er seinen eigenen Verlag in West-Berlin. Das fr\u00fche Verlagsmotto &#8222;Geschichtsbewusstsein, Anarchie, Hedonismus&#8220; war Hinweis auf Wagenbachs Welt und die K\u00e4mpfe der jungen Demokratie gegen Verdr\u00e4ngung der NS-Vergangenheit, dumpfen Konservatismus, l\u00e4hmendes Spie\u00dfertum. Wirtschaftlich war es nicht leicht. Das Verlegen bezeichnete er als Antwort auf die Aufgabe, erfolgreich ein konkursreifes Unternehmen zu f\u00fchren. Die Bank sperrte den Kredit.<\/p>\n\n\n\n<p>&#8222;Die ersten Titel blieben den bekannteren Autoren vorbehalten, beginnend mit den Erinnerungen von Kurt Wolff, gefolgt von Prosab\u00fcchern Christoph Meckels und Johannes Bobrowskis und je einem Buch von G\u00fcnter Grass, Hans Werner Richter und Ingeborg Bachmann, die sich gerne an diesem Projekt eines alternativen Verlags beteiligten&#8220;, erinnerte sich Wagenbach sp\u00e4ter. &#8222;Die Drahtharfe&#8220; von Wolf Biermann war das erfolgreichste Buch des ersten Jahres, &#8222;aber es kam dem Verlag teuer zu stehen&#8220;, so Wagenbach. Der sp\u00e4tere DDR-Vize-Kulturminister Klaus H\u00f6pcke riet ihm, von Biermann zu <\/p>\n\n\n\n<p>lassen. Wagenbach lehnte ab. Die Folge: Ein- und Durchreiseverbot, kaum Chancen auf weitere DDR-Autoren, zerplatzt der Traum vom grenz\u00fcberschreitenden Verlag. Auch Biermann selbst sollte Wagenbach noch entt\u00e4uschen: 1976 in den Westen ausgeb\u00fcrgert, suchte sich der Dissident einen gr\u00f6\u00dferen Verlag.<\/p>\n\n\n\n<figure class=\"wp-block-embed is-type-video is-provider-youtube wp-block-embed-youtube wp-embed-aspect-16-9 wp-has-aspect-ratio\"><div class=\"wp-block-embed__wrapper\">\nhttps:\/\/www.youtube.com\/watch?v=Np6joDF7TV8\n<\/div><\/figure>\n\n\n\n<p>Wagenbach stand f\u00fcr eine Kultur der Einmischung und des demokratischen Streits. Er galt als Prototyp des politischen Verlegers der 68er Bewegung. Die Szene ging im Verlag ein und aus. Immer wieder gab es Hausdurchsuchungen, Prozesse, Verurteilungen. Wagenbach sah sich selbst als den meistangeklagten noch lebenden deutschen Verleger. Der Jurist an seiner Seite hie\u00df Otto Schily, der sp\u00e4tere RAF-Anwalt und noch sp\u00e4tere deutsche Bundesinnenminister. Dem &#8222;Spiegel&#8220; sagte er zu Kontakten in den Untergrund: &#8222;Vor allem Ulrike Meinhof war mir nahe, aber ich habe nie verstanden, wie sie auf diesen Weg geraten ist.&#8220; Wagenbach ver\u00f6ffentlichte Texte der sp\u00e4teren RAF-Terroristin, hielt die Rede an ihrem Grab.<\/p>\n\n\n\n<p>Er stand auch f\u00fcr aufwendig gemachte B\u00fccher, sie sollten &#8222;hundert Jahre halten&#8220;, sagte er. &#8222;Der unabh\u00e4ngige Verlag f\u00fcr wilde Leser&#8220; &#8211; so die sp\u00e4tere Eigensicht &#8211; brachte mit Hans Magnus Enzensberger das &#8222;Kursbuch&#8220; und sp\u00e4ter den &#8222;Freibeuter&#8220; heraus. Michel Houellebecq war Wagenbach zu kalt. &#8222;Die Ausweitung der Kampfzone&#8220; brachte der Verlag, &#8222;Elementarteilchen&#8220; wurde abgelehnt. 2002 \u00fcbernahm Susanne Sch\u00fcssler den Verlag, Wagenbachs dritte Ehefrau.<\/p>\n\n\n\n<p>Kultur Online TV<\/p>\n\n\n\n<p>#kunst #kultur #literatur<\/p>\n","protected":false},"excerpt":{"rendered":"<p>Er starb am Freitag in Berlin im Alter von 91 Jahren, wie sein Verlag am Montag mitteilte.&nbsp; Er sei gestorben &#8222;begleitet von seiner Familie und umgeben von seinen B\u00fcchern&#8220;, hie\u00df es. &#8222;Seinem Lebensmotto entsprechend werden wir seinen Verlag weiterf\u00fchren: &#8218;Gewonnen kann durch Tr\u00fcbseligkeit nie etwas werden.&#8217;&#8220; Der in Berlin geborene Wagenbach begann 1949 eine Lehre [&hellip;]<\/p>\n","protected":false},"author":2,"featured_media":17054,"comment_status":"closed","ping_status":"closed","sticky":false,"template":"","format":"standard","meta":{"_acf_changed":false,"footnotes":""},"categories":[133],"tags":[],"class_list":["post-17050","post","type-post","status-publish","format-standard","has-post-thumbnail","hentry","category-literatur"],"acf":[],"yoast_head":"<!-- This site is optimized with the Yoast SEO plugin v26.1.1 - https:\/\/yoast.com\/wordpress\/plugins\/seo\/ -->\n<title>Deutscher Verleger Klaus Wagenbach gestorben - Kultur Online TV &amp; FM<\/title>\n<meta name=\"description\" content=\"Kultur sehen und H\u00f6ren\" \/>\n<meta name=\"robots\" content=\"index, follow, max-snippet:-1, max-image-preview:large, max-video-preview:-1\" \/>\n<link rel=\"canonical\" href=\"https:\/\/kulturonline.tv\/at\/deutscher-verleger-klaus-wagenbach-gestorben\/\" \/>\n<meta property=\"og:locale\" content=\"de_DE\" \/>\n<meta property=\"og:type\" content=\"article\" \/>\n<meta property=\"og:title\" content=\"Deutscher Verleger Klaus Wagenbach gestorben - Kultur Online TV &amp; FM\" \/>\n<meta property=\"og:description\" content=\"Kultur sehen und H\u00f6ren\" \/>\n<meta property=\"og:url\" content=\"https:\/\/kulturonline.tv\/at\/deutscher-verleger-klaus-wagenbach-gestorben\/\" \/>\n<meta property=\"og:site_name\" content=\"Kultur Online TV &amp; FM\" \/>\n<meta property=\"article:publisher\" content=\"https:\/\/www.facebook.com\/kulturonline.tv\" \/>\n<meta property=\"article:published_time\" content=\"2021-12-21T07:17:24+00:00\" \/>\n<meta property=\"article:modified_time\" content=\"2021-12-21T07:17:25+00:00\" \/>\n<meta property=\"og:image\" content=\"https:\/\/kulturonline.tv\/wp-content\/uploads\/2021\/12\/kultur-onlin-tv-edited.jpg\" \/>\n\t<meta property=\"og:image:width\" content=\"599\" \/>\n\t<meta property=\"og:image:height\" content=\"337\" \/>\n\t<meta property=\"og:image:type\" content=\"image\/jpeg\" \/>\n<meta name=\"author\" content=\"guenter.wolfgang\" \/>\n<meta name=\"twitter:card\" content=\"summary_large_image\" \/>\n<meta name=\"twitter:label1\" content=\"Verfasst von\" \/>\n\t<meta name=\"twitter:data1\" content=\"guenter.wolfgang\" \/>\n\t<meta name=\"twitter:label2\" content=\"Gesch\u00e4tzte Lesezeit\" \/>\n\t<meta name=\"twitter:data2\" content=\"3 Minuten\" \/>\n<script type=\"application\/ld+json\" class=\"yoast-schema-graph\">{\"@context\":\"https:\/\/schema.org\",\"@graph\":[{\"@type\":\"Article\",\"@id\":\"https:\/\/kulturonline.tv\/at\/deutscher-verleger-klaus-wagenbach-gestorben\/#article\",\"isPartOf\":{\"@id\":\"https:\/\/kulturonline.tv\/at\/deutscher-verleger-klaus-wagenbach-gestorben\/\"},\"author\":{\"name\":\"guenter.wolfgang\",\"@id\":\"https:\/\/kulturonline.tv\/at\/#\/schema\/person\/b0fac729bb9a0c193fb1df23449df4fe\"},\"headline\":\"Deutscher Verleger Klaus Wagenbach gestorben\",\"datePublished\":\"2021-12-21T07:17:24+00:00\",\"dateModified\":\"2021-12-21T07:17:25+00:00\",\"mainEntityOfPage\":{\"@id\":\"https:\/\/kulturonline.tv\/at\/deutscher-verleger-klaus-wagenbach-gestorben\/\"},\"wordCount\":522,\"publisher\":{\"@id\":\"https:\/\/kulturonline.tv\/at\/#organization\"},\"image\":{\"@id\":\"https:\/\/kulturonline.tv\/at\/deutscher-verleger-klaus-wagenbach-gestorben\/#primaryimage\"},\"thumbnailUrl\":\"https:\/\/kulturonline.tv\/wp-content\/uploads\/2021\/12\/kultur-onlin-tv-edited.jpg\",\"articleSection\":[\"Literatur\"],\"inLanguage\":\"de-AT\"},{\"@type\":\"WebPage\",\"@id\":\"https:\/\/kulturonline.tv\/at\/deutscher-verleger-klaus-wagenbach-gestorben\/\",\"url\":\"https:\/\/kulturonline.tv\/at\/deutscher-verleger-klaus-wagenbach-gestorben\/\",\"name\":\"Deutscher Verleger Klaus Wagenbach gestorben - Kultur Online TV &amp; FM\",\"isPartOf\":{\"@id\":\"https:\/\/kulturonline.tv\/at\/#website\"},\"primaryImageOfPage\":{\"@id\":\"https:\/\/kulturonline.tv\/at\/deutscher-verleger-klaus-wagenbach-gestorben\/#primaryimage\"},\"image\":{\"@id\":\"https:\/\/kulturonline.tv\/at\/deutscher-verleger-klaus-wagenbach-gestorben\/#primaryimage\"},\"thumbnailUrl\":\"https:\/\/kulturonline.tv\/wp-content\/uploads\/2021\/12\/kultur-onlin-tv-edited.jpg\",\"datePublished\":\"2021-12-21T07:17:24+00:00\",\"dateModified\":\"2021-12-21T07:17:25+00:00\",\"description\":\"Kultur sehen und H\u00f6ren\",\"breadcrumb\":{\"@id\":\"https:\/\/kulturonline.tv\/at\/deutscher-verleger-klaus-wagenbach-gestorben\/#breadcrumb\"},\"inLanguage\":\"de-AT\",\"potentialAction\":[{\"@type\":\"ReadAction\",\"target\":[\"https:\/\/kulturonline.tv\/at\/deutscher-verleger-klaus-wagenbach-gestorben\/\"]}]},{\"@type\":\"ImageObject\",\"inLanguage\":\"de-AT\",\"@id\":\"https:\/\/kulturonline.tv\/at\/deutscher-verleger-klaus-wagenbach-gestorben\/#primaryimage\",\"url\":\"https:\/\/kulturonline.tv\/wp-content\/uploads\/2021\/12\/kultur-onlin-tv-edited.jpg\",\"contentUrl\":\"https:\/\/kulturonline.tv\/wp-content\/uploads\/2021\/12\/kultur-onlin-tv-edited.jpg\",\"width\":599,\"height\":337},{\"@type\":\"BreadcrumbList\",\"@id\":\"https:\/\/kulturonline.tv\/at\/deutscher-verleger-klaus-wagenbach-gestorben\/#breadcrumb\",\"itemListElement\":[{\"@type\":\"ListItem\",\"position\":1,\"name\":\"Startseite\",\"item\":\"https:\/\/kulturonline.tv\/at\/\"},{\"@type\":\"ListItem\",\"position\":2,\"name\":\"Deutscher Verleger Klaus Wagenbach gestorben\"}]},{\"@type\":\"WebSite\",\"@id\":\"https:\/\/kulturonline.tv\/at\/#website\",\"url\":\"https:\/\/kulturonline.tv\/at\/\",\"name\":\"Kultur Online TV &amp; FM\",\"description\":\"Wir sind Kultur 2.0 zum sehen &amp; h\u00f6ren\",\"publisher\":{\"@id\":\"https:\/\/kulturonline.tv\/at\/#organization\"},\"potentialAction\":[{\"@type\":\"SearchAction\",\"target\":{\"@type\":\"EntryPoint\",\"urlTemplate\":\"https:\/\/kulturonline.tv\/at\/?s={search_term_string}\"},\"query-input\":{\"@type\":\"PropertyValueSpecification\",\"valueRequired\":true,\"valueName\":\"search_term_string\"}}],\"inLanguage\":\"de-AT\"},{\"@type\":\"Organization\",\"@id\":\"https:\/\/kulturonline.tv\/at\/#organization\",\"name\":\"Kultur Online TV\",\"url\":\"https:\/\/kulturonline.tv\/at\/\",\"logo\":{\"@type\":\"ImageObject\",\"inLanguage\":\"de-AT\",\"@id\":\"https:\/\/kulturonline.tv\/at\/#\/schema\/logo\/image\/\",\"url\":\"https:\/\/kulturonline.tv\/wp-content\/uploads\/2021\/08\/Kultur-Online-Tv-Logo-Endversion-neu.png\",\"contentUrl\":\"https:\/\/kulturonline.tv\/wp-content\/uploads\/2021\/08\/Kultur-Online-Tv-Logo-Endversion-neu.png\",\"width\":200,\"height\":200,\"caption\":\"Kultur Online TV\"},\"image\":{\"@id\":\"https:\/\/kulturonline.tv\/at\/#\/schema\/logo\/image\/\"},\"sameAs\":[\"https:\/\/www.facebook.com\/kulturonline.tv\",\"https:\/\/www.instagram.com\/kulturonline.tv\"]},{\"@type\":\"Person\",\"@id\":\"https:\/\/kulturonline.tv\/at\/#\/schema\/person\/b0fac729bb9a0c193fb1df23449df4fe\",\"name\":\"guenter.wolfgang\"}]}<\/script>\n<!-- \/ Yoast SEO plugin. -->","yoast_head_json":{"title":"Deutscher Verleger Klaus Wagenbach gestorben - Kultur Online TV &amp; FM","description":"Kultur sehen und H\u00f6ren","robots":{"index":"index","follow":"follow","max-snippet":"max-snippet:-1","max-image-preview":"max-image-preview:large","max-video-preview":"max-video-preview:-1"},"canonical":"https:\/\/kulturonline.tv\/at\/deutscher-verleger-klaus-wagenbach-gestorben\/","og_locale":"de_DE","og_type":"article","og_title":"Deutscher Verleger Klaus Wagenbach gestorben - Kultur Online TV &amp; FM","og_description":"Kultur sehen und H\u00f6ren","og_url":"https:\/\/kulturonline.tv\/at\/deutscher-verleger-klaus-wagenbach-gestorben\/","og_site_name":"Kultur Online TV &amp; FM","article_publisher":"https:\/\/www.facebook.com\/kulturonline.tv","article_published_time":"2021-12-21T07:17:24+00:00","article_modified_time":"2021-12-21T07:17:25+00:00","og_image":[{"width":599,"height":337,"url":"https:\/\/kulturonline.tv\/wp-content\/uploads\/2021\/12\/kultur-onlin-tv-edited.jpg","type":"image\/jpeg"}],"author":"guenter.wolfgang","twitter_card":"summary_large_image","twitter_misc":{"Verfasst von":"guenter.wolfgang","Gesch\u00e4tzte Lesezeit":"3 Minuten"},"schema":{"@context":"https:\/\/schema.org","@graph":[{"@type":"Article","@id":"https:\/\/kulturonline.tv\/at\/deutscher-verleger-klaus-wagenbach-gestorben\/#article","isPartOf":{"@id":"https:\/\/kulturonline.tv\/at\/deutscher-verleger-klaus-wagenbach-gestorben\/"},"author":{"name":"guenter.wolfgang","@id":"https:\/\/kulturonline.tv\/at\/#\/schema\/person\/b0fac729bb9a0c193fb1df23449df4fe"},"headline":"Deutscher Verleger Klaus Wagenbach gestorben","datePublished":"2021-12-21T07:17:24+00:00","dateModified":"2021-12-21T07:17:25+00:00","mainEntityOfPage":{"@id":"https:\/\/kulturonline.tv\/at\/deutscher-verleger-klaus-wagenbach-gestorben\/"},"wordCount":522,"publisher":{"@id":"https:\/\/kulturonline.tv\/at\/#organization"},"image":{"@id":"https:\/\/kulturonline.tv\/at\/deutscher-verleger-klaus-wagenbach-gestorben\/#primaryimage"},"thumbnailUrl":"https:\/\/kulturonline.tv\/wp-content\/uploads\/2021\/12\/kultur-onlin-tv-edited.jpg","articleSection":["Literatur"],"inLanguage":"de-AT"},{"@type":"WebPage","@id":"https:\/\/kulturonline.tv\/at\/deutscher-verleger-klaus-wagenbach-gestorben\/","url":"https:\/\/kulturonline.tv\/at\/deutscher-verleger-klaus-wagenbach-gestorben\/","name":"Deutscher Verleger Klaus Wagenbach gestorben - Kultur Online TV &amp; FM","isPartOf":{"@id":"https:\/\/kulturonline.tv\/at\/#website"},"primaryImageOfPage":{"@id":"https:\/\/kulturonline.tv\/at\/deutscher-verleger-klaus-wagenbach-gestorben\/#primaryimage"},"image":{"@id":"https:\/\/kulturonline.tv\/at\/deutscher-verleger-klaus-wagenbach-gestorben\/#primaryimage"},"thumbnailUrl":"https:\/\/kulturonline.tv\/wp-content\/uploads\/2021\/12\/kultur-onlin-tv-edited.jpg","datePublished":"2021-12-21T07:17:24+00:00","dateModified":"2021-12-21T07:17:25+00:00","description":"Kultur sehen und H\u00f6ren","breadcrumb":{"@id":"https:\/\/kulturonline.tv\/at\/deutscher-verleger-klaus-wagenbach-gestorben\/#breadcrumb"},"inLanguage":"de-AT","potentialAction":[{"@type":"ReadAction","target":["https:\/\/kulturonline.tv\/at\/deutscher-verleger-klaus-wagenbach-gestorben\/"]}]},{"@type":"ImageObject","inLanguage":"de-AT","@id":"https:\/\/kulturonline.tv\/at\/deutscher-verleger-klaus-wagenbach-gestorben\/#primaryimage","url":"https:\/\/kulturonline.tv\/wp-content\/uploads\/2021\/12\/kultur-onlin-tv-edited.jpg","contentUrl":"https:\/\/kulturonline.tv\/wp-content\/uploads\/2021\/12\/kultur-onlin-tv-edited.jpg","width":599,"height":337},{"@type":"BreadcrumbList","@id":"https:\/\/kulturonline.tv\/at\/deutscher-verleger-klaus-wagenbach-gestorben\/#breadcrumb","itemListElement":[{"@type":"ListItem","position":1,"name":"Startseite","item":"https:\/\/kulturonline.tv\/at\/"},{"@type":"ListItem","position":2,"name":"Deutscher Verleger Klaus Wagenbach gestorben"}]},{"@type":"WebSite","@id":"https:\/\/kulturonline.tv\/at\/#website","url":"https:\/\/kulturonline.tv\/at\/","name":"Kultur Online TV &amp; FM","description":"Wir sind Kultur 2.0 zum sehen &amp; h\u00f6ren","publisher":{"@id":"https:\/\/kulturonline.tv\/at\/#organization"},"potentialAction":[{"@type":"SearchAction","target":{"@type":"EntryPoint","urlTemplate":"https:\/\/kulturonline.tv\/at\/?s={search_term_string}"},"query-input":{"@type":"PropertyValueSpecification","valueRequired":true,"valueName":"search_term_string"}}],"inLanguage":"de-AT"},{"@type":"Organization","@id":"https:\/\/kulturonline.tv\/at\/#organization","name":"Kultur Online TV","url":"https:\/\/kulturonline.tv\/at\/","logo":{"@type":"ImageObject","inLanguage":"de-AT","@id":"https:\/\/kulturonline.tv\/at\/#\/schema\/logo\/image\/","url":"https:\/\/kulturonline.tv\/wp-content\/uploads\/2021\/08\/Kultur-Online-Tv-Logo-Endversion-neu.png","contentUrl":"https:\/\/kulturonline.tv\/wp-content\/uploads\/2021\/08\/Kultur-Online-Tv-Logo-Endversion-neu.png","width":200,"height":200,"caption":"Kultur Online TV"},"image":{"@id":"https:\/\/kulturonline.tv\/at\/#\/schema\/logo\/image\/"},"sameAs":["https:\/\/www.facebook.com\/kulturonline.tv","https:\/\/www.instagram.com\/kulturonline.tv"]},{"@type":"Person","@id":"https:\/\/kulturonline.tv\/at\/#\/schema\/person\/b0fac729bb9a0c193fb1df23449df4fe","name":"guenter.wolfgang"}]}},"_links":{"self":[{"href":"https:\/\/kulturonline.tv\/at\/wp-json\/wp\/v2\/posts\/17050","targetHints":{"allow":["GET"]}}],"collection":[{"href":"https:\/\/kulturonline.tv\/at\/wp-json\/wp\/v2\/posts"}],"about":[{"href":"https:\/\/kulturonline.tv\/at\/wp-json\/wp\/v2\/types\/post"}],"author":[{"embeddable":true,"href":"https:\/\/kulturonline.tv\/at\/wp-json\/wp\/v2\/users\/2"}],"replies":[{"embeddable":true,"href":"https:\/\/kulturonline.tv\/at\/wp-json\/wp\/v2\/comments?post=17050"}],"version-history":[{"count":0,"href":"https:\/\/kulturonline.tv\/at\/wp-json\/wp\/v2\/posts\/17050\/revisions"}],"wp:featuredmedia":[{"embeddable":true,"href":"https:\/\/kulturonline.tv\/at\/wp-json\/wp\/v2\/media\/17054"}],"wp:attachment":[{"href":"https:\/\/kulturonline.tv\/at\/wp-json\/wp\/v2\/media?parent=17050"}],"wp:term":[{"taxonomy":"category","embeddable":true,"href":"https:\/\/kulturonline.tv\/at\/wp-json\/wp\/v2\/categories?post=17050"},{"taxonomy":"post_tag","embeddable":true,"href":"https:\/\/kulturonline.tv\/at\/wp-json\/wp\/v2\/tags?post=17050"}],"curies":[{"name":"wp","href":"https:\/\/api.w.org\/{rel}","templated":true}]}}