{"id":17222,"date":"2021-12-22T07:55:49","date_gmt":"2021-12-22T06:55:49","guid":{"rendered":"https:\/\/kulturonline.tv\/?p=17222"},"modified":"2021-12-22T07:55:52","modified_gmt":"2021-12-22T06:55:52","slug":"nackt-im-museum-deutsches-buch-und-schriftmuseum-kauft-comic-sammlung","status":"publish","type":"post","link":"https:\/\/kulturonline.tv\/at\/nackt-im-museum-deutsches-buch-und-schriftmuseum-kauft-comic-sammlung\/","title":{"rendered":"Nackt im Museum: Deutsches Buch- und Schriftmuseum kauft Comic-Sammlung"},"content":{"rendered":"\n<p>Die Sammlung umfasst mehrere Jahrzehnte der US-Underground- und Independent-Szene, darunter Werke von Robert Crumb oder Art Spiegelman<\/p>\n\n\n\n<figure class=\"wp-block-image size-full is-resized\"><img decoding=\"async\" src=\"https:\/\/kulturonline.tv\/wp-content\/uploads\/2021\/12\/nakt-im-museum-edited.jpg\" alt=\"\" class=\"wp-image-17226\" width=\"848\"\/><\/figure>\n\n\n\n<p>Das Deutsche Buch- und Schriftmuseum (DBSM) in Leipzig hat eine umfangreiche Comic-Sammlung aus der US-amerikanischen Underground- und Independent-Szene gekauft. Mit der mehrere Jahrzehnte umfassenden Sammlung werde eine seit Jahren gesehene L\u00fccke geschlossen, teilte das Museum am Dienstag mit. Urspr\u00fcnglich zusammengetragen worden sei das Konvolut von Verleger und Herausgeber Armin Abmeier (1940-2012).<\/p>\n\n\n\n<p>&#8222;Der Bestand erm\u00f6glicht einen umfassenden \u00dcberblick \u00fcber das Schaffen der international vernetzten Zeichner- und Illustratorenszene, die im Grenzbereich von Hoch- und Popul\u00e4rkultur und oft bewusst abseits des kulturellen Mainstreams agierte&#8220;, hie\u00df es in der Mitteilung. Museumsleiterin Stephanie Jacobs bezeichnete die Sammlung als ein &#8222;schier unersch\u00f6pfliches Reservoir f\u00fcr Kooperationen sowohl mit der Literatur-, Buch- und Bildwissenschaft als auch mit den Digital Humanities.&#8220;<\/p>\n\n\n\n<p>Abmeier habe sich als Sammler mit Beginn in den 1960er-Jahren vornehmlich auf einzelne Akteure konzentriert, die heute laut DBSM zu den Gro\u00dfen der Szene z\u00e4hlen \u2013 darunter Robert Crumb, Art Spiegelman und Mark Beyer. Neben Comics f\u00e4nden sich zudem illustrierte B\u00fccher, Zeitschriften, Schallplatten und Filme in Abmeiers Sammlung wieder.<\/p>\n\n\n\n<p>Kultur Online TV<\/p>\n\n\n\n<p>#kunst #kultur #literatur<\/p>\n","protected":false},"excerpt":{"rendered":"<p>Die Sammlung umfasst mehrere Jahrzehnte der US-Underground- und Independent-Szene, darunter Werke von Robert Crumb oder Art Spiegelman Das Deutsche Buch- und Schriftmuseum (DBSM) in Leipzig hat eine umfangreiche Comic-Sammlung aus der US-amerikanischen Underground- und Independent-Szene gekauft. Mit der mehrere Jahrzehnte umfassenden Sammlung werde eine seit Jahren gesehene L\u00fccke geschlossen, teilte das Museum am Dienstag mit. [&hellip;]<\/p>\n","protected":false},"author":2,"featured_media":17226,"comment_status":"closed","ping_status":"closed","sticky":false,"template":"","format":"standard","meta":{"_acf_changed":false,"footnotes":""},"categories":[133],"tags":[],"class_list":["post-17222","post","type-post","status-publish","format-standard","has-post-thumbnail","hentry","category-literatur"],"acf":[],"yoast_head":"<!-- This site is optimized with the Yoast SEO plugin v26.1.1 - https:\/\/yoast.com\/wordpress\/plugins\/seo\/ -->\n<title>Nackt im Museum: Deutsches Buch- und Schriftmuseum kauft Comic-Sammlung - Kultur Online TV &amp; FM<\/title>\n<meta name=\"description\" content=\"Kultur sehen und H\u00f6ren\" \/>\n<meta name=\"robots\" content=\"index, follow, max-snippet:-1, max-image-preview:large, max-video-preview:-1\" \/>\n<link rel=\"canonical\" href=\"https:\/\/kulturonline.tv\/at\/nackt-im-museum-deutsches-buch-und-schriftmuseum-kauft-comic-sammlung\/\" \/>\n<meta property=\"og:locale\" content=\"de_DE\" \/>\n<meta property=\"og:type\" content=\"article\" \/>\n<meta property=\"og:title\" content=\"Nackt im Museum: Deutsches Buch- und Schriftmuseum kauft Comic-Sammlung - Kultur Online TV &amp; FM\" \/>\n<meta property=\"og:description\" content=\"Kultur sehen und H\u00f6ren\" \/>\n<meta property=\"og:url\" content=\"https:\/\/kulturonline.tv\/at\/nackt-im-museum-deutsches-buch-und-schriftmuseum-kauft-comic-sammlung\/\" \/>\n<meta property=\"og:site_name\" content=\"Kultur Online TV &amp; FM\" \/>\n<meta property=\"article:publisher\" content=\"https:\/\/www.facebook.com\/kulturonline.tv\" \/>\n<meta property=\"article:published_time\" content=\"2021-12-22T06:55:49+00:00\" \/>\n<meta property=\"article:modified_time\" content=\"2021-12-22T06:55:52+00:00\" \/>\n<meta property=\"og:image\" content=\"https:\/\/kulturonline.tv\/wp-content\/uploads\/2021\/12\/nakt-im-museum-edited.jpg\" \/>\n\t<meta property=\"og:image:width\" content=\"368\" \/>\n\t<meta property=\"og:image:height\" content=\"207\" \/>\n\t<meta property=\"og:image:type\" content=\"image\/jpeg\" \/>\n<meta name=\"author\" content=\"guenter.wolfgang\" \/>\n<meta name=\"twitter:card\" content=\"summary_large_image\" \/>\n<meta name=\"twitter:label1\" content=\"Verfasst von\" \/>\n\t<meta name=\"twitter:data1\" content=\"guenter.wolfgang\" \/>\n\t<meta name=\"twitter:label2\" content=\"Gesch\u00e4tzte Lesezeit\" \/>\n\t<meta name=\"twitter:data2\" content=\"2 Minuten\" \/>\n<script type=\"application\/ld+json\" class=\"yoast-schema-graph\">{\"@context\":\"https:\/\/schema.org\",\"@graph\":[{\"@type\":\"Article\",\"@id\":\"https:\/\/kulturonline.tv\/at\/nackt-im-museum-deutsches-buch-und-schriftmuseum-kauft-comic-sammlung\/#article\",\"isPartOf\":{\"@id\":\"https:\/\/kulturonline.tv\/at\/nackt-im-museum-deutsches-buch-und-schriftmuseum-kauft-comic-sammlung\/\"},\"author\":{\"name\":\"guenter.wolfgang\",\"@id\":\"https:\/\/kulturonline.tv\/at\/#\/schema\/person\/b0fac729bb9a0c193fb1df23449df4fe\"},\"headline\":\"Nackt im Museum: Deutsches Buch- und Schriftmuseum kauft Comic-Sammlung\",\"datePublished\":\"2021-12-22T06:55:49+00:00\",\"dateModified\":\"2021-12-22T06:55:52+00:00\",\"mainEntityOfPage\":{\"@id\":\"https:\/\/kulturonline.tv\/at\/nackt-im-museum-deutsches-buch-und-schriftmuseum-kauft-comic-sammlung\/\"},\"wordCount\":202,\"publisher\":{\"@id\":\"https:\/\/kulturonline.tv\/at\/#organization\"},\"image\":{\"@id\":\"https:\/\/kulturonline.tv\/at\/nackt-im-museum-deutsches-buch-und-schriftmuseum-kauft-comic-sammlung\/#primaryimage\"},\"thumbnailUrl\":\"https:\/\/kulturonline.tv\/wp-content\/uploads\/2021\/12\/nakt-im-museum-edited.jpg\",\"articleSection\":[\"Literatur\"],\"inLanguage\":\"de-AT\"},{\"@type\":\"WebPage\",\"@id\":\"https:\/\/kulturonline.tv\/at\/nackt-im-museum-deutsches-buch-und-schriftmuseum-kauft-comic-sammlung\/\",\"url\":\"https:\/\/kulturonline.tv\/at\/nackt-im-museum-deutsches-buch-und-schriftmuseum-kauft-comic-sammlung\/\",\"name\":\"Nackt im Museum: Deutsches Buch- und Schriftmuseum kauft Comic-Sammlung - Kultur Online TV &amp; FM\",\"isPartOf\":{\"@id\":\"https:\/\/kulturonline.tv\/at\/#website\"},\"primaryImageOfPage\":{\"@id\":\"https:\/\/kulturonline.tv\/at\/nackt-im-museum-deutsches-buch-und-schriftmuseum-kauft-comic-sammlung\/#primaryimage\"},\"image\":{\"@id\":\"https:\/\/kulturonline.tv\/at\/nackt-im-museum-deutsches-buch-und-schriftmuseum-kauft-comic-sammlung\/#primaryimage\"},\"thumbnailUrl\":\"https:\/\/kulturonline.tv\/wp-content\/uploads\/2021\/12\/nakt-im-museum-edited.jpg\",\"datePublished\":\"2021-12-22T06:55:49+00:00\",\"dateModified\":\"2021-12-22T06:55:52+00:00\",\"description\":\"Kultur sehen und H\u00f6ren\",\"breadcrumb\":{\"@id\":\"https:\/\/kulturonline.tv\/at\/nackt-im-museum-deutsches-buch-und-schriftmuseum-kauft-comic-sammlung\/#breadcrumb\"},\"inLanguage\":\"de-AT\",\"potentialAction\":[{\"@type\":\"ReadAction\",\"target\":[\"https:\/\/kulturonline.tv\/at\/nackt-im-museum-deutsches-buch-und-schriftmuseum-kauft-comic-sammlung\/\"]}]},{\"@type\":\"ImageObject\",\"inLanguage\":\"de-AT\",\"@id\":\"https:\/\/kulturonline.tv\/at\/nackt-im-museum-deutsches-buch-und-schriftmuseum-kauft-comic-sammlung\/#primaryimage\",\"url\":\"https:\/\/kulturonline.tv\/wp-content\/uploads\/2021\/12\/nakt-im-museum-edited.jpg\",\"contentUrl\":\"https:\/\/kulturonline.tv\/wp-content\/uploads\/2021\/12\/nakt-im-museum-edited.jpg\",\"width\":368,\"height\":207},{\"@type\":\"BreadcrumbList\",\"@id\":\"https:\/\/kulturonline.tv\/at\/nackt-im-museum-deutsches-buch-und-schriftmuseum-kauft-comic-sammlung\/#breadcrumb\",\"itemListElement\":[{\"@type\":\"ListItem\",\"position\":1,\"name\":\"Startseite\",\"item\":\"https:\/\/kulturonline.tv\/at\/\"},{\"@type\":\"ListItem\",\"position\":2,\"name\":\"Nackt im Museum: Deutsches Buch- und Schriftmuseum kauft Comic-Sammlung\"}]},{\"@type\":\"WebSite\",\"@id\":\"https:\/\/kulturonline.tv\/at\/#website\",\"url\":\"https:\/\/kulturonline.tv\/at\/\",\"name\":\"Kultur Online TV &amp; FM\",\"description\":\"Wir sind Kultur 2.0 zum sehen &amp; h\u00f6ren\",\"publisher\":{\"@id\":\"https:\/\/kulturonline.tv\/at\/#organization\"},\"potentialAction\":[{\"@type\":\"SearchAction\",\"target\":{\"@type\":\"EntryPoint\",\"urlTemplate\":\"https:\/\/kulturonline.tv\/at\/?s={search_term_string}\"},\"query-input\":{\"@type\":\"PropertyValueSpecification\",\"valueRequired\":true,\"valueName\":\"search_term_string\"}}],\"inLanguage\":\"de-AT\"},{\"@type\":\"Organization\",\"@id\":\"https:\/\/kulturonline.tv\/at\/#organization\",\"name\":\"Kultur Online TV\",\"url\":\"https:\/\/kulturonline.tv\/at\/\",\"logo\":{\"@type\":\"ImageObject\",\"inLanguage\":\"de-AT\",\"@id\":\"https:\/\/kulturonline.tv\/at\/#\/schema\/logo\/image\/\",\"url\":\"https:\/\/kulturonline.tv\/wp-content\/uploads\/2021\/08\/Kultur-Online-Tv-Logo-Endversion-neu.png\",\"contentUrl\":\"https:\/\/kulturonline.tv\/wp-content\/uploads\/2021\/08\/Kultur-Online-Tv-Logo-Endversion-neu.png\",\"width\":200,\"height\":200,\"caption\":\"Kultur Online TV\"},\"image\":{\"@id\":\"https:\/\/kulturonline.tv\/at\/#\/schema\/logo\/image\/\"},\"sameAs\":[\"https:\/\/www.facebook.com\/kulturonline.tv\",\"https:\/\/www.instagram.com\/kulturonline.tv\"]},{\"@type\":\"Person\",\"@id\":\"https:\/\/kulturonline.tv\/at\/#\/schema\/person\/b0fac729bb9a0c193fb1df23449df4fe\",\"name\":\"guenter.wolfgang\"}]}<\/script>\n<!-- \/ Yoast SEO plugin. -->","yoast_head_json":{"title":"Nackt im Museum: Deutsches Buch- und Schriftmuseum kauft Comic-Sammlung - Kultur Online TV &amp; FM","description":"Kultur sehen und H\u00f6ren","robots":{"index":"index","follow":"follow","max-snippet":"max-snippet:-1","max-image-preview":"max-image-preview:large","max-video-preview":"max-video-preview:-1"},"canonical":"https:\/\/kulturonline.tv\/at\/nackt-im-museum-deutsches-buch-und-schriftmuseum-kauft-comic-sammlung\/","og_locale":"de_DE","og_type":"article","og_title":"Nackt im Museum: Deutsches Buch- und Schriftmuseum kauft Comic-Sammlung - Kultur Online TV &amp; FM","og_description":"Kultur sehen und H\u00f6ren","og_url":"https:\/\/kulturonline.tv\/at\/nackt-im-museum-deutsches-buch-und-schriftmuseum-kauft-comic-sammlung\/","og_site_name":"Kultur Online TV &amp; FM","article_publisher":"https:\/\/www.facebook.com\/kulturonline.tv","article_published_time":"2021-12-22T06:55:49+00:00","article_modified_time":"2021-12-22T06:55:52+00:00","og_image":[{"width":368,"height":207,"url":"https:\/\/kulturonline.tv\/wp-content\/uploads\/2021\/12\/nakt-im-museum-edited.jpg","type":"image\/jpeg"}],"author":"guenter.wolfgang","twitter_card":"summary_large_image","twitter_misc":{"Verfasst von":"guenter.wolfgang","Gesch\u00e4tzte Lesezeit":"2 Minuten"},"schema":{"@context":"https:\/\/schema.org","@graph":[{"@type":"Article","@id":"https:\/\/kulturonline.tv\/at\/nackt-im-museum-deutsches-buch-und-schriftmuseum-kauft-comic-sammlung\/#article","isPartOf":{"@id":"https:\/\/kulturonline.tv\/at\/nackt-im-museum-deutsches-buch-und-schriftmuseum-kauft-comic-sammlung\/"},"author":{"name":"guenter.wolfgang","@id":"https:\/\/kulturonline.tv\/at\/#\/schema\/person\/b0fac729bb9a0c193fb1df23449df4fe"},"headline":"Nackt im Museum: Deutsches Buch- und Schriftmuseum kauft Comic-Sammlung","datePublished":"2021-12-22T06:55:49+00:00","dateModified":"2021-12-22T06:55:52+00:00","mainEntityOfPage":{"@id":"https:\/\/kulturonline.tv\/at\/nackt-im-museum-deutsches-buch-und-schriftmuseum-kauft-comic-sammlung\/"},"wordCount":202,"publisher":{"@id":"https:\/\/kulturonline.tv\/at\/#organization"},"image":{"@id":"https:\/\/kulturonline.tv\/at\/nackt-im-museum-deutsches-buch-und-schriftmuseum-kauft-comic-sammlung\/#primaryimage"},"thumbnailUrl":"https:\/\/kulturonline.tv\/wp-content\/uploads\/2021\/12\/nakt-im-museum-edited.jpg","articleSection":["Literatur"],"inLanguage":"de-AT"},{"@type":"WebPage","@id":"https:\/\/kulturonline.tv\/at\/nackt-im-museum-deutsches-buch-und-schriftmuseum-kauft-comic-sammlung\/","url":"https:\/\/kulturonline.tv\/at\/nackt-im-museum-deutsches-buch-und-schriftmuseum-kauft-comic-sammlung\/","name":"Nackt im Museum: Deutsches Buch- und Schriftmuseum kauft Comic-Sammlung - Kultur Online TV &amp; FM","isPartOf":{"@id":"https:\/\/kulturonline.tv\/at\/#website"},"primaryImageOfPage":{"@id":"https:\/\/kulturonline.tv\/at\/nackt-im-museum-deutsches-buch-und-schriftmuseum-kauft-comic-sammlung\/#primaryimage"},"image":{"@id":"https:\/\/kulturonline.tv\/at\/nackt-im-museum-deutsches-buch-und-schriftmuseum-kauft-comic-sammlung\/#primaryimage"},"thumbnailUrl":"https:\/\/kulturonline.tv\/wp-content\/uploads\/2021\/12\/nakt-im-museum-edited.jpg","datePublished":"2021-12-22T06:55:49+00:00","dateModified":"2021-12-22T06:55:52+00:00","description":"Kultur sehen und H\u00f6ren","breadcrumb":{"@id":"https:\/\/kulturonline.tv\/at\/nackt-im-museum-deutsches-buch-und-schriftmuseum-kauft-comic-sammlung\/#breadcrumb"},"inLanguage":"de-AT","potentialAction":[{"@type":"ReadAction","target":["https:\/\/kulturonline.tv\/at\/nackt-im-museum-deutsches-buch-und-schriftmuseum-kauft-comic-sammlung\/"]}]},{"@type":"ImageObject","inLanguage":"de-AT","@id":"https:\/\/kulturonline.tv\/at\/nackt-im-museum-deutsches-buch-und-schriftmuseum-kauft-comic-sammlung\/#primaryimage","url":"https:\/\/kulturonline.tv\/wp-content\/uploads\/2021\/12\/nakt-im-museum-edited.jpg","contentUrl":"https:\/\/kulturonline.tv\/wp-content\/uploads\/2021\/12\/nakt-im-museum-edited.jpg","width":368,"height":207},{"@type":"BreadcrumbList","@id":"https:\/\/kulturonline.tv\/at\/nackt-im-museum-deutsches-buch-und-schriftmuseum-kauft-comic-sammlung\/#breadcrumb","itemListElement":[{"@type":"ListItem","position":1,"name":"Startseite","item":"https:\/\/kulturonline.tv\/at\/"},{"@type":"ListItem","position":2,"name":"Nackt im Museum: Deutsches Buch- und Schriftmuseum kauft Comic-Sammlung"}]},{"@type":"WebSite","@id":"https:\/\/kulturonline.tv\/at\/#website","url":"https:\/\/kulturonline.tv\/at\/","name":"Kultur Online TV &amp; FM","description":"Wir sind Kultur 2.0 zum sehen &amp; h\u00f6ren","publisher":{"@id":"https:\/\/kulturonline.tv\/at\/#organization"},"potentialAction":[{"@type":"SearchAction","target":{"@type":"EntryPoint","urlTemplate":"https:\/\/kulturonline.tv\/at\/?s={search_term_string}"},"query-input":{"@type":"PropertyValueSpecification","valueRequired":true,"valueName":"search_term_string"}}],"inLanguage":"de-AT"},{"@type":"Organization","@id":"https:\/\/kulturonline.tv\/at\/#organization","name":"Kultur Online TV","url":"https:\/\/kulturonline.tv\/at\/","logo":{"@type":"ImageObject","inLanguage":"de-AT","@id":"https:\/\/kulturonline.tv\/at\/#\/schema\/logo\/image\/","url":"https:\/\/kulturonline.tv\/wp-content\/uploads\/2021\/08\/Kultur-Online-Tv-Logo-Endversion-neu.png","contentUrl":"https:\/\/kulturonline.tv\/wp-content\/uploads\/2021\/08\/Kultur-Online-Tv-Logo-Endversion-neu.png","width":200,"height":200,"caption":"Kultur Online TV"},"image":{"@id":"https:\/\/kulturonline.tv\/at\/#\/schema\/logo\/image\/"},"sameAs":["https:\/\/www.facebook.com\/kulturonline.tv","https:\/\/www.instagram.com\/kulturonline.tv"]},{"@type":"Person","@id":"https:\/\/kulturonline.tv\/at\/#\/schema\/person\/b0fac729bb9a0c193fb1df23449df4fe","name":"guenter.wolfgang"}]}},"_links":{"self":[{"href":"https:\/\/kulturonline.tv\/at\/wp-json\/wp\/v2\/posts\/17222","targetHints":{"allow":["GET"]}}],"collection":[{"href":"https:\/\/kulturonline.tv\/at\/wp-json\/wp\/v2\/posts"}],"about":[{"href":"https:\/\/kulturonline.tv\/at\/wp-json\/wp\/v2\/types\/post"}],"author":[{"embeddable":true,"href":"https:\/\/kulturonline.tv\/at\/wp-json\/wp\/v2\/users\/2"}],"replies":[{"embeddable":true,"href":"https:\/\/kulturonline.tv\/at\/wp-json\/wp\/v2\/comments?post=17222"}],"version-history":[{"count":0,"href":"https:\/\/kulturonline.tv\/at\/wp-json\/wp\/v2\/posts\/17222\/revisions"}],"wp:featuredmedia":[{"embeddable":true,"href":"https:\/\/kulturonline.tv\/at\/wp-json\/wp\/v2\/media\/17226"}],"wp:attachment":[{"href":"https:\/\/kulturonline.tv\/at\/wp-json\/wp\/v2\/media?parent=17222"}],"wp:term":[{"taxonomy":"category","embeddable":true,"href":"https:\/\/kulturonline.tv\/at\/wp-json\/wp\/v2\/categories?post=17222"},{"taxonomy":"post_tag","embeddable":true,"href":"https:\/\/kulturonline.tv\/at\/wp-json\/wp\/v2\/tags?post=17222"}],"curies":[{"name":"wp","href":"https:\/\/api.w.org\/{rel}","templated":true}]}}