{"id":17551,"date":"2021-12-24T09:46:39","date_gmt":"2021-12-24T08:46:39","guid":{"rendered":"https:\/\/kulturonline.tv\/?p=17551"},"modified":"2021-12-24T09:46:39","modified_gmt":"2021-12-24T08:46:39","slug":"us-autorin-joan-didion-im-alter-von-87-jahren-gestorben","status":"publish","type":"post","link":"https:\/\/kulturonline.tv\/at\/us-autorin-joan-didion-im-alter-von-87-jahren-gestorben\/","title":{"rendered":"US-Autorin Joan Didion im Alter von 87 Jahren gestorben"},"content":{"rendered":"\n<p>Die US-amerikanische Autorin Joan Didion  starb am Donnerstag im Alter von 87 Jahren in New York an den Folgen einer Parkinson-Erkrankung, wie ihr Verlag Knopf Doubleday best\u00e4tigte.<\/p>\n\n\n\n<figure class=\"wp-block-embed is-type-video is-provider-youtube wp-block-embed-youtube wp-embed-aspect-16-9 wp-has-aspect-ratio\"><div class=\"wp-block-embed__wrapper\">\n<iframe title=\"Joan Didion&#039;s nephew reflects on her legacy and inspirations: &#039;Life was her material&#039;\" width=\"800\" height=\"450\" src=\"https:\/\/www.youtube.com\/embed\/XRmg0iMjboQ?feature=oembed\" frameborder=\"0\" allow=\"accelerometer; autoplay; clipboard-write; encrypted-media; gyroscope; picture-in-picture; web-share\" referrerpolicy=\"strict-origin-when-cross-origin\" allowfullscreen><\/iframe>\n<\/div><\/figure>\n\n\n\n<p>Didion hatte sich in den 1960er und 1970er-Jahren als Journalistin und mit Romanen \u00fcber das Leben und die Hippie-Kultur in Kalifornien einen Namen gemacht.<\/p>\n\n\n\n<p>&#8222;Joan war eine brillante Beobachterin und Zuh\u00f6rerin, die weise und subtil Wahrheiten \u00fcber unsere Gegenwart und Zukunft verk\u00fcndet hat&#8220;, teilte die Lektorin Shelley Wanger am Donnerstag mit. &#8222;Ihr Schreiben ist zeitlos und kraftvoll und ihre Prosa hat Millionen Menschen beeinflusst. Wir werden ihren Tod betrauern, aber ihr Leben feiern.&#8220;<\/p>\n\n\n\n<p>Fotos trugen zum Ruhm von Joan Didion mindestens genauso bei wie Texte. Sie sei schon immer &#8222;eine Meisterin des Autoren-Fotos&#8220; gewesen, urteilte einmal der &#8222;New Yorker&#8220;. Ob in den 60ern als langhaarige Sch\u00f6nheit in ihrem Luxusauto, oder sp\u00e4ter grauhaarig und mit gro\u00dfer schwarzer Sonnenbrille als Werbetr\u00e4gerin f\u00fcr eine Haute-Couture-Marke. Ein &#8222;unsterbliches Traumm\u00e4dchen&#8220;, wie die Modezeitschrift &#8222;Vogue&#8220; schrieb.<\/p>\n\n\n\n<p>Im hohen Alter erlebte die US-Autorin eine Renaissance, wurde beispielsweise von der &#8222;Vanity Fair&#8220; als &#8222;Kulturikone&#8220; gefeiert: &#8222;Sie ist eine brillante Autorin &#8211; Satz f\u00fcr Satz unter den besten, die dieses Land je hervorgebracht hat.&#8220;<\/p>\n\n\n\n<p>Ber\u00fchmt wurde die am 5. Dezember 1934 im kalifornischen Sacramento geborene Didion in den 60er-Jahren mit ihren Beobachtungen \u00fcber die Hippies in San Francisco. In der Sammlung &#8222;Die Stunde der Bestie&#8220; fasste sie diese nicht unumstrittenen, aber auch von vielen Fans und Kritikern gefeierten Texte zusammen. Didion schrieb auch Romane und Sachb\u00fccher, ihre ganz gro\u00dfe St\u00e4rke blieben aber immer die Magazin-Reportagen, die sie f\u00fcr alle bedeutenden Zeitschriften der USA verfasste. &#8222;Mein Ziel ist immer, dass man es in einem Rutsch lesen kann&#8220;, sagte die Autorin einmal in einem Interview.<\/p>\n\n\n\n<figure class=\"wp-block-image size-full\"><img fetchpriority=\"high\" decoding=\"async\" width=\"899\" height=\"505\" src=\"https:\/\/kulturonline.tv\/wp-content\/uploads\/2021\/12\/joan-didion-im-alter-von-87-jahren-gestorben-image-edited.jpg\" alt=\"\" class=\"wp-image-17555\" srcset=\"https:\/\/kulturonline.tv\/wp-content\/uploads\/2021\/12\/joan-didion-im-alter-von-87-jahren-gestorben-image-edited.jpg 899w, https:\/\/kulturonline.tv\/wp-content\/uploads\/2021\/12\/joan-didion-im-alter-von-87-jahren-gestorben-image-edited-600x337.jpg 600w, https:\/\/kulturonline.tv\/wp-content\/uploads\/2021\/12\/joan-didion-im-alter-von-87-jahren-gestorben-image-edited-800x449.jpg 800w, https:\/\/kulturonline.tv\/wp-content\/uploads\/2021\/12\/joan-didion-im-alter-von-87-jahren-gestorben-image-edited-768x431.jpg 768w\" sizes=\"(max-width: 899px) 100vw, 899px\" \/><\/figure>\n\n\n\n<p>Didion wurde in eine Familie von Republikanern hineingeboren. Ihr Vater arbeitete f\u00fcr die US-Armee und die Familie zog h\u00e4ufig um, haupts\u00e4chlich innerhalb Kaliforniens. Didion studierte in Berkeley und zog dann nach New York, wo sie ihren sp\u00e4teren Ehemann, den Autor John Gregory Dunne kennenlernte. Mit ihm zusammen schrieb sie auch 1976 das Drehbuch f\u00fcr &#8222;A Star is Born&#8220;, das vor wenigen Jahren in einer Neuverfilmung mit Lady Gaga und Bradley Cooper ein Kinohit wurde. Das Paar zog zur\u00fcck nach Kalifornien und arbeitete in Los Angeles als glamour\u00f6ses Drehbuchautorenpaar &#8211; mit schicken Autos, Promi-Partys und schlie\u00dflich auch mit Adoptivtochter Quintana Roo, benannt nach einer Region in Mexiko.<\/p>\n\n\n\n<p>Aber Didion hatte eine gespaltene Einstellung gegen\u00fcber Kalifornien, die sie schlie\u00dflich nach dem Tod ihrer Eltern in dem Buch &#8222;Where I was from&#8220; verarbeitete. Amerika lebe im Selbst-Betrug, argumentiert sie da. Kalifornien sei nicht von den Siedlern mit Planwagen gepr\u00e4gt, sondern von gro\u00dfen Unternehmen und der Regierung des Bundesstaats. Didion und ihr Mann zogen schlie\u00dflich zur\u00fcck nach New York.<\/p>\n\n\n\n<p>In ihren Schriften wurde Didion immer politischer &#8211; bis ihr Leben auf einmal von zwei dramatischen Schicksalsschl\u00e4gen gepr\u00e4gt wurde. 2003 starb ihr Mann pl\u00f6tzlich an einem Schlaganfall, als sich das Paar gerade zum Abendessen setzen wollte. Die Tochter war da schon schwer krank und lag im Koma, sie starb zwei Jahre sp\u00e4ter. &#8222;Ich bin zweimal durch diesen Prozess gegangen&#8220;, sagte Didion einmal dem britischen &#8222;Guardian&#8220;. &#8222;Es ist anders, weil die Beziehung zu einem Kind gleichzeitig fundamentaler und weniger intim ist.&#8220;<\/p>\n\n\n\n<p>Danach schrieb Didion haupts\u00e4chlich gegen den Schmerz an. Den Tod ihres Mannes verarbeitete sie in &#8222;Das Jahr magischen Denkens&#8220; (Originalausgabe 2005), den ihrer Tochter in &#8222;Blaue Stunden&#8220; (2011). &#8222;Es gab nichts anderes zu tun. Ich musste meinen Weg rausschreiben.&#8220; Es sei ihr &#8222;erstaunlich leicht gefallen&#8220;. &#8222;Ich sa\u00df da und weinte. Ich habe gar nicht gemerkt, dass ich geschrieben habe. Normalerweise mache ich mir viele Gedanken \u00fcber den Rhythmus der S\u00e4tze und wie das alles funktioniert. Diesmal nicht.&#8220; Beide B\u00fccher wurden von der Kritik gefeiert.<\/p>\n\n\n\n<p>Didion schrieb weiter. &#8222;Ich bin nur ich selbst vor der Schreibmaschine.&#8220; Au\u00dferdem solle die Trauer nicht alles sein, was von ihr \u00fcbrig bleibt. &#8222;Ich wollte nicht Miss Einsames-Herz werden.&#8220; 2017 ver\u00f6ffentlichte sie einige \u00e4ltere Texte von einer Reise in den S\u00fcdwesten der USA unter dem Titel &#8222;S\u00fcden und Westen&#8220;. Auch 2021 erschien noch einmal eine Sammlung von Texten unter dem Titel &#8222;Let Me Tell You What I Mean&#8220;. Alle Kritiken ihrer Werke habe sie immer gelesen, sagte die Literatin einmal. &#8222;Nat\u00fcrlich, das ist Teil von dem, was ich mache. Es w\u00e4re unm\u00f6glich, es nicht zu tun. Das w\u00e4re wie nicht zu rauchen.&#8220;<\/p>\n\n\n\n<p>Viele w\u00fcrdigten nach der Meldung \u00fcber Didions Tod ihr Lebenswerk. &#8222;Eine brillante Autorin, die die Kunst des Schreibens ver\u00e4ndert hat&#8220;, schrieb Oscar-Preistr\u00e4gerin Reese Witherspoon (45) auf Twitter. Sie dankte Didion daf\u00fcr, ihre Geschichten mit der Welt zu teilen. &#8222;Amerika hat heute eine seiner gr\u00f6\u00dften Geschichtenerz\u00e4hlerinnen verloren. Wir werden dich vermissen, Joan Didion&#8220;, schrieb US-Schauspielerin Lynda Carter (70) auf Twitter. Die Journalistin Maria Shriver, Ex-Ehefrau von Arnold Schwarzenegger, w\u00fcrdigte Didion als &#8222;Legende&#8220;, die durch ihre Werke so vielen Menschen geholfen habe.<\/p>\n\n\n\n<p>&#8222;Joan war eine brillante Beobachterin und Zuh\u00f6rerin, die weise und subtil Wahrheiten \u00fcber unsere Gegenwart und Zukunft verk\u00fcndet hat&#8220;, teilte die Lektorin Shelley Wanger am Donnerstag mit. &#8222;Ihr Schreiben ist zeitlos und kraftvoll und ihre Prosa hat Millionen Menschen beeinflusst. Wir werden ihren Tod betrauern, aber ihr Leben feiern.&#8220;<\/p>\n\n\n\n<p>US-Schauspielerin Jessica Chastain schrieb auf Twitter, dass sie die Autorin heute feiern w\u00fcrde, dazu verlinkte sie Ausz\u00fcge aus einer Rede Didions vor Studenten im Jahr 1975. Der kalifornische Gouverneur Gavin Newsom w\u00fcrdigte die Autorin als einflussreiche &#8222;Pionierin&#8220; einer neuen Journalismusbewegung der 1960er-Jahre. &#8222;Sie war einzigartig in ihrer Kapazit\u00e4t, \u00fcber Leben, Verlust, Liebe und Gesellschaft zu schreiben&#8220;, hie\u00df es in der Mitteilung des Politikers.<\/p>\n","protected":false},"excerpt":{"rendered":"<p>Die US-amerikanische Autorin Joan Didion starb am Donnerstag im Alter von 87 Jahren in New York an den Folgen einer Parkinson-Erkrankung, wie ihr Verlag Knopf Doubleday best\u00e4tigte. Didion hatte sich in den 1960er und 1970er-Jahren als Journalistin und mit Romanen \u00fcber das Leben und die Hippie-Kultur in Kalifornien einen Namen gemacht. &#8222;Joan war eine brillante [&hellip;]<\/p>\n","protected":false},"author":2,"featured_media":17555,"comment_status":"closed","ping_status":"closed","sticky":false,"template":"","format":"standard","meta":{"_acf_changed":false,"footnotes":""},"categories":[133],"tags":[],"class_list":["post-17551","post","type-post","status-publish","format-standard","has-post-thumbnail","hentry","category-literatur"],"acf":[],"yoast_head":"<!-- This site is optimized with the Yoast SEO plugin v26.1.1 - https:\/\/yoast.com\/wordpress\/plugins\/seo\/ -->\n<title>US-Autorin Joan Didion im Alter von 87 Jahren gestorben - Kultur Online TV &amp; FM<\/title>\n<meta name=\"description\" content=\"Kultur sehen und H\u00f6ren\" \/>\n<meta name=\"robots\" content=\"index, follow, max-snippet:-1, max-image-preview:large, max-video-preview:-1\" \/>\n<link rel=\"canonical\" href=\"https:\/\/kulturonline.tv\/at\/us-autorin-joan-didion-im-alter-von-87-jahren-gestorben\/\" \/>\n<meta property=\"og:locale\" content=\"de_DE\" \/>\n<meta property=\"og:type\" content=\"article\" \/>\n<meta property=\"og:title\" content=\"US-Autorin Joan Didion im Alter von 87 Jahren gestorben - Kultur Online TV &amp; FM\" \/>\n<meta property=\"og:description\" content=\"Kultur sehen und H\u00f6ren\" \/>\n<meta property=\"og:url\" content=\"https:\/\/kulturonline.tv\/at\/us-autorin-joan-didion-im-alter-von-87-jahren-gestorben\/\" \/>\n<meta property=\"og:site_name\" content=\"Kultur Online TV &amp; FM\" \/>\n<meta property=\"article:publisher\" content=\"https:\/\/www.facebook.com\/kulturonline.tv\" \/>\n<meta property=\"article:published_time\" content=\"2021-12-24T08:46:39+00:00\" \/>\n<meta property=\"og:image\" content=\"https:\/\/kulturonline.tv\/wp-content\/uploads\/2021\/12\/joan-didion-im-alter-von-87-jahren-gestorben-image-edited.jpg\" \/>\n\t<meta property=\"og:image:width\" content=\"899\" \/>\n\t<meta property=\"og:image:height\" content=\"505\" \/>\n\t<meta property=\"og:image:type\" content=\"image\/jpeg\" \/>\n<meta name=\"author\" content=\"guenter.wolfgang\" \/>\n<meta name=\"twitter:card\" content=\"summary_large_image\" \/>\n<meta name=\"twitter:label1\" content=\"Verfasst von\" \/>\n\t<meta name=\"twitter:data1\" content=\"guenter.wolfgang\" \/>\n\t<meta name=\"twitter:label2\" content=\"Gesch\u00e4tzte Lesezeit\" \/>\n\t<meta name=\"twitter:data2\" content=\"6 Minuten\" \/>\n<script type=\"application\/ld+json\" class=\"yoast-schema-graph\">{\"@context\":\"https:\/\/schema.org\",\"@graph\":[{\"@type\":\"Article\",\"@id\":\"https:\/\/kulturonline.tv\/at\/us-autorin-joan-didion-im-alter-von-87-jahren-gestorben\/#article\",\"isPartOf\":{\"@id\":\"https:\/\/kulturonline.tv\/at\/us-autorin-joan-didion-im-alter-von-87-jahren-gestorben\/\"},\"author\":{\"name\":\"guenter.wolfgang\",\"@id\":\"https:\/\/kulturonline.tv\/at\/#\/schema\/person\/b0fac729bb9a0c193fb1df23449df4fe\"},\"headline\":\"US-Autorin Joan Didion im Alter von 87 Jahren gestorben\",\"datePublished\":\"2021-12-24T08:46:39+00:00\",\"mainEntityOfPage\":{\"@id\":\"https:\/\/kulturonline.tv\/at\/us-autorin-joan-didion-im-alter-von-87-jahren-gestorben\/\"},\"wordCount\":965,\"publisher\":{\"@id\":\"https:\/\/kulturonline.tv\/at\/#organization\"},\"image\":{\"@id\":\"https:\/\/kulturonline.tv\/at\/us-autorin-joan-didion-im-alter-von-87-jahren-gestorben\/#primaryimage\"},\"thumbnailUrl\":\"https:\/\/kulturonline.tv\/wp-content\/uploads\/2021\/12\/joan-didion-im-alter-von-87-jahren-gestorben-image-edited.jpg\",\"articleSection\":[\"Literatur\"],\"inLanguage\":\"de-AT\"},{\"@type\":\"WebPage\",\"@id\":\"https:\/\/kulturonline.tv\/at\/us-autorin-joan-didion-im-alter-von-87-jahren-gestorben\/\",\"url\":\"https:\/\/kulturonline.tv\/at\/us-autorin-joan-didion-im-alter-von-87-jahren-gestorben\/\",\"name\":\"US-Autorin Joan Didion im Alter von 87 Jahren gestorben - Kultur Online TV &amp; FM\",\"isPartOf\":{\"@id\":\"https:\/\/kulturonline.tv\/at\/#website\"},\"primaryImageOfPage\":{\"@id\":\"https:\/\/kulturonline.tv\/at\/us-autorin-joan-didion-im-alter-von-87-jahren-gestorben\/#primaryimage\"},\"image\":{\"@id\":\"https:\/\/kulturonline.tv\/at\/us-autorin-joan-didion-im-alter-von-87-jahren-gestorben\/#primaryimage\"},\"thumbnailUrl\":\"https:\/\/kulturonline.tv\/wp-content\/uploads\/2021\/12\/joan-didion-im-alter-von-87-jahren-gestorben-image-edited.jpg\",\"datePublished\":\"2021-12-24T08:46:39+00:00\",\"description\":\"Kultur sehen und H\u00f6ren\",\"breadcrumb\":{\"@id\":\"https:\/\/kulturonline.tv\/at\/us-autorin-joan-didion-im-alter-von-87-jahren-gestorben\/#breadcrumb\"},\"inLanguage\":\"de-AT\",\"potentialAction\":[{\"@type\":\"ReadAction\",\"target\":[\"https:\/\/kulturonline.tv\/at\/us-autorin-joan-didion-im-alter-von-87-jahren-gestorben\/\"]}]},{\"@type\":\"ImageObject\",\"inLanguage\":\"de-AT\",\"@id\":\"https:\/\/kulturonline.tv\/at\/us-autorin-joan-didion-im-alter-von-87-jahren-gestorben\/#primaryimage\",\"url\":\"https:\/\/kulturonline.tv\/wp-content\/uploads\/2021\/12\/joan-didion-im-alter-von-87-jahren-gestorben-image-edited.jpg\",\"contentUrl\":\"https:\/\/kulturonline.tv\/wp-content\/uploads\/2021\/12\/joan-didion-im-alter-von-87-jahren-gestorben-image-edited.jpg\",\"width\":899,\"height\":505},{\"@type\":\"BreadcrumbList\",\"@id\":\"https:\/\/kulturonline.tv\/at\/us-autorin-joan-didion-im-alter-von-87-jahren-gestorben\/#breadcrumb\",\"itemListElement\":[{\"@type\":\"ListItem\",\"position\":1,\"name\":\"Startseite\",\"item\":\"https:\/\/kulturonline.tv\/at\/\"},{\"@type\":\"ListItem\",\"position\":2,\"name\":\"US-Autorin Joan Didion im Alter von 87 Jahren gestorben\"}]},{\"@type\":\"WebSite\",\"@id\":\"https:\/\/kulturonline.tv\/at\/#website\",\"url\":\"https:\/\/kulturonline.tv\/at\/\",\"name\":\"Kultur Online TV &amp; FM\",\"description\":\"Wir sind Kultur 2.0 zum sehen &amp; h\u00f6ren\",\"publisher\":{\"@id\":\"https:\/\/kulturonline.tv\/at\/#organization\"},\"potentialAction\":[{\"@type\":\"SearchAction\",\"target\":{\"@type\":\"EntryPoint\",\"urlTemplate\":\"https:\/\/kulturonline.tv\/at\/?s={search_term_string}\"},\"query-input\":{\"@type\":\"PropertyValueSpecification\",\"valueRequired\":true,\"valueName\":\"search_term_string\"}}],\"inLanguage\":\"de-AT\"},{\"@type\":\"Organization\",\"@id\":\"https:\/\/kulturonline.tv\/at\/#organization\",\"name\":\"Kultur Online TV\",\"url\":\"https:\/\/kulturonline.tv\/at\/\",\"logo\":{\"@type\":\"ImageObject\",\"inLanguage\":\"de-AT\",\"@id\":\"https:\/\/kulturonline.tv\/at\/#\/schema\/logo\/image\/\",\"url\":\"https:\/\/kulturonline.tv\/wp-content\/uploads\/2021\/08\/Kultur-Online-Tv-Logo-Endversion-neu.png\",\"contentUrl\":\"https:\/\/kulturonline.tv\/wp-content\/uploads\/2021\/08\/Kultur-Online-Tv-Logo-Endversion-neu.png\",\"width\":200,\"height\":200,\"caption\":\"Kultur Online TV\"},\"image\":{\"@id\":\"https:\/\/kulturonline.tv\/at\/#\/schema\/logo\/image\/\"},\"sameAs\":[\"https:\/\/www.facebook.com\/kulturonline.tv\",\"https:\/\/www.instagram.com\/kulturonline.tv\"]},{\"@type\":\"Person\",\"@id\":\"https:\/\/kulturonline.tv\/at\/#\/schema\/person\/b0fac729bb9a0c193fb1df23449df4fe\",\"name\":\"guenter.wolfgang\"}]}<\/script>\n<!-- \/ Yoast SEO plugin. -->","yoast_head_json":{"title":"US-Autorin Joan Didion im Alter von 87 Jahren gestorben - Kultur Online TV &amp; FM","description":"Kultur sehen und H\u00f6ren","robots":{"index":"index","follow":"follow","max-snippet":"max-snippet:-1","max-image-preview":"max-image-preview:large","max-video-preview":"max-video-preview:-1"},"canonical":"https:\/\/kulturonline.tv\/at\/us-autorin-joan-didion-im-alter-von-87-jahren-gestorben\/","og_locale":"de_DE","og_type":"article","og_title":"US-Autorin Joan Didion im Alter von 87 Jahren gestorben - Kultur Online TV &amp; FM","og_description":"Kultur sehen und H\u00f6ren","og_url":"https:\/\/kulturonline.tv\/at\/us-autorin-joan-didion-im-alter-von-87-jahren-gestorben\/","og_site_name":"Kultur Online TV &amp; FM","article_publisher":"https:\/\/www.facebook.com\/kulturonline.tv","article_published_time":"2021-12-24T08:46:39+00:00","og_image":[{"width":899,"height":505,"url":"https:\/\/kulturonline.tv\/wp-content\/uploads\/2021\/12\/joan-didion-im-alter-von-87-jahren-gestorben-image-edited.jpg","type":"image\/jpeg"}],"author":"guenter.wolfgang","twitter_card":"summary_large_image","twitter_misc":{"Verfasst von":"guenter.wolfgang","Gesch\u00e4tzte Lesezeit":"6 Minuten"},"schema":{"@context":"https:\/\/schema.org","@graph":[{"@type":"Article","@id":"https:\/\/kulturonline.tv\/at\/us-autorin-joan-didion-im-alter-von-87-jahren-gestorben\/#article","isPartOf":{"@id":"https:\/\/kulturonline.tv\/at\/us-autorin-joan-didion-im-alter-von-87-jahren-gestorben\/"},"author":{"name":"guenter.wolfgang","@id":"https:\/\/kulturonline.tv\/at\/#\/schema\/person\/b0fac729bb9a0c193fb1df23449df4fe"},"headline":"US-Autorin Joan Didion im Alter von 87 Jahren gestorben","datePublished":"2021-12-24T08:46:39+00:00","mainEntityOfPage":{"@id":"https:\/\/kulturonline.tv\/at\/us-autorin-joan-didion-im-alter-von-87-jahren-gestorben\/"},"wordCount":965,"publisher":{"@id":"https:\/\/kulturonline.tv\/at\/#organization"},"image":{"@id":"https:\/\/kulturonline.tv\/at\/us-autorin-joan-didion-im-alter-von-87-jahren-gestorben\/#primaryimage"},"thumbnailUrl":"https:\/\/kulturonline.tv\/wp-content\/uploads\/2021\/12\/joan-didion-im-alter-von-87-jahren-gestorben-image-edited.jpg","articleSection":["Literatur"],"inLanguage":"de-AT"},{"@type":"WebPage","@id":"https:\/\/kulturonline.tv\/at\/us-autorin-joan-didion-im-alter-von-87-jahren-gestorben\/","url":"https:\/\/kulturonline.tv\/at\/us-autorin-joan-didion-im-alter-von-87-jahren-gestorben\/","name":"US-Autorin Joan Didion im Alter von 87 Jahren gestorben - Kultur Online TV &amp; FM","isPartOf":{"@id":"https:\/\/kulturonline.tv\/at\/#website"},"primaryImageOfPage":{"@id":"https:\/\/kulturonline.tv\/at\/us-autorin-joan-didion-im-alter-von-87-jahren-gestorben\/#primaryimage"},"image":{"@id":"https:\/\/kulturonline.tv\/at\/us-autorin-joan-didion-im-alter-von-87-jahren-gestorben\/#primaryimage"},"thumbnailUrl":"https:\/\/kulturonline.tv\/wp-content\/uploads\/2021\/12\/joan-didion-im-alter-von-87-jahren-gestorben-image-edited.jpg","datePublished":"2021-12-24T08:46:39+00:00","description":"Kultur sehen und H\u00f6ren","breadcrumb":{"@id":"https:\/\/kulturonline.tv\/at\/us-autorin-joan-didion-im-alter-von-87-jahren-gestorben\/#breadcrumb"},"inLanguage":"de-AT","potentialAction":[{"@type":"ReadAction","target":["https:\/\/kulturonline.tv\/at\/us-autorin-joan-didion-im-alter-von-87-jahren-gestorben\/"]}]},{"@type":"ImageObject","inLanguage":"de-AT","@id":"https:\/\/kulturonline.tv\/at\/us-autorin-joan-didion-im-alter-von-87-jahren-gestorben\/#primaryimage","url":"https:\/\/kulturonline.tv\/wp-content\/uploads\/2021\/12\/joan-didion-im-alter-von-87-jahren-gestorben-image-edited.jpg","contentUrl":"https:\/\/kulturonline.tv\/wp-content\/uploads\/2021\/12\/joan-didion-im-alter-von-87-jahren-gestorben-image-edited.jpg","width":899,"height":505},{"@type":"BreadcrumbList","@id":"https:\/\/kulturonline.tv\/at\/us-autorin-joan-didion-im-alter-von-87-jahren-gestorben\/#breadcrumb","itemListElement":[{"@type":"ListItem","position":1,"name":"Startseite","item":"https:\/\/kulturonline.tv\/at\/"},{"@type":"ListItem","position":2,"name":"US-Autorin Joan Didion im Alter von 87 Jahren gestorben"}]},{"@type":"WebSite","@id":"https:\/\/kulturonline.tv\/at\/#website","url":"https:\/\/kulturonline.tv\/at\/","name":"Kultur Online TV &amp; FM","description":"Wir sind Kultur 2.0 zum sehen &amp; h\u00f6ren","publisher":{"@id":"https:\/\/kulturonline.tv\/at\/#organization"},"potentialAction":[{"@type":"SearchAction","target":{"@type":"EntryPoint","urlTemplate":"https:\/\/kulturonline.tv\/at\/?s={search_term_string}"},"query-input":{"@type":"PropertyValueSpecification","valueRequired":true,"valueName":"search_term_string"}}],"inLanguage":"de-AT"},{"@type":"Organization","@id":"https:\/\/kulturonline.tv\/at\/#organization","name":"Kultur Online TV","url":"https:\/\/kulturonline.tv\/at\/","logo":{"@type":"ImageObject","inLanguage":"de-AT","@id":"https:\/\/kulturonline.tv\/at\/#\/schema\/logo\/image\/","url":"https:\/\/kulturonline.tv\/wp-content\/uploads\/2021\/08\/Kultur-Online-Tv-Logo-Endversion-neu.png","contentUrl":"https:\/\/kulturonline.tv\/wp-content\/uploads\/2021\/08\/Kultur-Online-Tv-Logo-Endversion-neu.png","width":200,"height":200,"caption":"Kultur Online TV"},"image":{"@id":"https:\/\/kulturonline.tv\/at\/#\/schema\/logo\/image\/"},"sameAs":["https:\/\/www.facebook.com\/kulturonline.tv","https:\/\/www.instagram.com\/kulturonline.tv"]},{"@type":"Person","@id":"https:\/\/kulturonline.tv\/at\/#\/schema\/person\/b0fac729bb9a0c193fb1df23449df4fe","name":"guenter.wolfgang"}]}},"_links":{"self":[{"href":"https:\/\/kulturonline.tv\/at\/wp-json\/wp\/v2\/posts\/17551","targetHints":{"allow":["GET"]}}],"collection":[{"href":"https:\/\/kulturonline.tv\/at\/wp-json\/wp\/v2\/posts"}],"about":[{"href":"https:\/\/kulturonline.tv\/at\/wp-json\/wp\/v2\/types\/post"}],"author":[{"embeddable":true,"href":"https:\/\/kulturonline.tv\/at\/wp-json\/wp\/v2\/users\/2"}],"replies":[{"embeddable":true,"href":"https:\/\/kulturonline.tv\/at\/wp-json\/wp\/v2\/comments?post=17551"}],"version-history":[{"count":0,"href":"https:\/\/kulturonline.tv\/at\/wp-json\/wp\/v2\/posts\/17551\/revisions"}],"wp:featuredmedia":[{"embeddable":true,"href":"https:\/\/kulturonline.tv\/at\/wp-json\/wp\/v2\/media\/17555"}],"wp:attachment":[{"href":"https:\/\/kulturonline.tv\/at\/wp-json\/wp\/v2\/media?parent=17551"}],"wp:term":[{"taxonomy":"category","embeddable":true,"href":"https:\/\/kulturonline.tv\/at\/wp-json\/wp\/v2\/categories?post=17551"},{"taxonomy":"post_tag","embeddable":true,"href":"https:\/\/kulturonline.tv\/at\/wp-json\/wp\/v2\/tags?post=17551"}],"curies":[{"name":"wp","href":"https:\/\/api.w.org\/{rel}","templated":true}]}}