{"id":17637,"date":"2021-12-25T11:39:50","date_gmt":"2021-12-25T10:39:50","guid":{"rendered":"https:\/\/kulturonline.tv\/?p=17637"},"modified":"2021-12-25T11:39:51","modified_gmt":"2021-12-25T10:39:51","slug":"urheberrechtsnovelle-buch-und-medienwirtschaft-grundsaetzlich-zufrieden","status":"publish","type":"post","link":"https:\/\/kulturonline.tv\/at\/urheberrechtsnovelle-buch-und-medienwirtschaft-grundsaetzlich-zufrieden\/","title":{"rendered":"Urheberrechtsnovelle: Buch- und Medienwirtschaft grunds\u00e4tzlich zufrieden"},"content":{"rendered":"\n<p>Ausgewogene L\u00f6sung mit Augenma\u00df erreicht &#8211; Verlagsstandort \u00d6sterreich abgesichert<\/p>\n\n\n\n<figure class=\"wp-block-image size-large\"><img fetchpriority=\"high\" decoding=\"async\" width=\"1919\" height=\"1079\" src=\"https:\/\/kulturonline.tv\/wp-content\/uploads\/2021\/12\/copyright-389901_1920-edited.jpg\" alt=\"\" class=\"wp-image-17641\" srcset=\"https:\/\/kulturonline.tv\/wp-content\/uploads\/2021\/12\/copyright-389901_1920-edited.jpg 1919w, https:\/\/kulturonline.tv\/wp-content\/uploads\/2021\/12\/copyright-389901_1920-edited-600x337.jpg 600w, https:\/\/kulturonline.tv\/wp-content\/uploads\/2021\/12\/copyright-389901_1920-edited-800x450.jpg 800w, https:\/\/kulturonline.tv\/wp-content\/uploads\/2021\/12\/copyright-389901_1920-edited-1600x900.jpg 1600w, https:\/\/kulturonline.tv\/wp-content\/uploads\/2021\/12\/copyright-389901_1920-edited-768x432.jpg 768w, https:\/\/kulturonline.tv\/wp-content\/uploads\/2021\/12\/copyright-389901_1920-edited-1536x864.jpg 1536w\" sizes=\"(max-width: 1919px) 100vw, 1919px\" \/><\/figure>\n\n\n\n<p>Mit dem heutigen Beschluss im Bundesrat ist der parlamentarische Proze\u00df der Urheberrechtsnovelle abgeschlossen, mit der unter anderem die Copyright-Richtlinie umgesetzt wurde.<\/p>\n\n\n\n<p>\u201eAuch wenn nicht alles zum Gesetz geworden ist, was wir uns gew\u00fcnscht haben, sind wir grunds\u00e4tzlich zufrieden. Der Verlagsstandort \u00d6sterreich ist &#8211; dank weiterhin ausreichender Investitionssicherheit &#8211; abgesichert\u201c , kommentiert Georg Gl\u00f6ckler, Vertreter der Verlage und Stellvertretender Fachverbandsobmann des Fachverbandes der Buch- und Medienwirtschaft in der Wirtschaftskammer \u00d6sterreich (WK\u00d6), den Beschluss.<\/p>\n\n\n\n<p>Sonja Franzke vom FV Buch und Medienwirtschaft unterstreicht: \u201eWir haben uns sehr f\u00fcr Augenma\u00df und Ausgewogenheit eingesetzt. Wichtig war und ist es, dass auch die kreativen M\u00f6glichkeiten der kleinstruktierten Verlage nicht ausgehebelt werden, das h\u00e4tte den Autor:innen und letztlich auch dem Literaturbetrieb sehr geschadet.\u201c<\/p>\n\n\n\n<p>F\u00fcr die Bildungsverlage zeigt sich Iris Blatterer prinzipiell zufrieden, wenn auch die Neuerungen f\u00fcr die Bildungsverlage, aufgrund der EU-Richtlinie, durchaus einschneidend sind: \u201eLetztlich hat man trotz massiven Gegenwinds unsere Schmerzgrenzen akzeptiert und l\u00e4sst uns leben.\u201c<\/p>\n\n\n\n<p>Kultur Online TV<\/p>\n\n\n\n<p>#medien #news #kunst #kultur #literatur<\/p>\n","protected":false},"excerpt":{"rendered":"<p>Ausgewogene L\u00f6sung mit Augenma\u00df erreicht &#8211; Verlagsstandort \u00d6sterreich abgesichert Mit dem heutigen Beschluss im Bundesrat ist der parlamentarische Proze\u00df der Urheberrechtsnovelle abgeschlossen, mit der unter anderem die Copyright-Richtlinie umgesetzt wurde. \u201eAuch wenn nicht alles zum Gesetz geworden ist, was wir uns gew\u00fcnscht haben, sind wir grunds\u00e4tzlich zufrieden. Der Verlagsstandort \u00d6sterreich ist &#8211; dank weiterhin ausreichender [&hellip;]<\/p>\n","protected":false},"author":2,"featured_media":17641,"comment_status":"closed","ping_status":"closed","sticky":false,"template":"","format":"standard","meta":{"_acf_changed":false,"footnotes":""},"categories":[133],"tags":[],"class_list":["post-17637","post","type-post","status-publish","format-standard","has-post-thumbnail","hentry","category-literatur"],"acf":[],"yoast_head":"<!-- This site is optimized with the Yoast SEO plugin v26.1.1 - https:\/\/yoast.com\/wordpress\/plugins\/seo\/ -->\n<title>Urheberrechtsnovelle: Buch- und Medienwirtschaft grunds\u00e4tzlich zufrieden - Kultur Online TV &amp; FM<\/title>\n<meta name=\"description\" content=\"Kultur sehen und H\u00f6ren\" \/>\n<meta name=\"robots\" content=\"index, follow, max-snippet:-1, max-image-preview:large, max-video-preview:-1\" \/>\n<link rel=\"canonical\" href=\"https:\/\/kulturonline.tv\/at\/urheberrechtsnovelle-buch-und-medienwirtschaft-grundsaetzlich-zufrieden\/\" \/>\n<meta property=\"og:locale\" content=\"de_DE\" \/>\n<meta property=\"og:type\" content=\"article\" \/>\n<meta property=\"og:title\" content=\"Urheberrechtsnovelle: Buch- und Medienwirtschaft grunds\u00e4tzlich zufrieden - Kultur Online TV &amp; FM\" \/>\n<meta property=\"og:description\" content=\"Kultur sehen und H\u00f6ren\" \/>\n<meta property=\"og:url\" content=\"https:\/\/kulturonline.tv\/at\/urheberrechtsnovelle-buch-und-medienwirtschaft-grundsaetzlich-zufrieden\/\" \/>\n<meta property=\"og:site_name\" content=\"Kultur Online TV &amp; FM\" \/>\n<meta property=\"article:publisher\" content=\"https:\/\/www.facebook.com\/kulturonline.tv\" \/>\n<meta property=\"article:published_time\" content=\"2021-12-25T10:39:50+00:00\" \/>\n<meta property=\"article:modified_time\" content=\"2021-12-25T10:39:51+00:00\" \/>\n<meta property=\"og:image\" content=\"https:\/\/kulturonline.tv\/wp-content\/uploads\/2021\/12\/copyright-389901_1920-edited.jpg\" \/>\n\t<meta property=\"og:image:width\" content=\"1919\" \/>\n\t<meta property=\"og:image:height\" content=\"1079\" \/>\n\t<meta property=\"og:image:type\" content=\"image\/jpeg\" \/>\n<meta name=\"author\" content=\"guenter.wolfgang\" \/>\n<meta name=\"twitter:card\" content=\"summary_large_image\" \/>\n<meta name=\"twitter:label1\" content=\"Verfasst von\" \/>\n\t<meta name=\"twitter:data1\" content=\"guenter.wolfgang\" \/>\n\t<meta name=\"twitter:label2\" content=\"Gesch\u00e4tzte Lesezeit\" \/>\n\t<meta name=\"twitter:data2\" content=\"2 Minuten\" \/>\n<script type=\"application\/ld+json\" class=\"yoast-schema-graph\">{\"@context\":\"https:\/\/schema.org\",\"@graph\":[{\"@type\":\"Article\",\"@id\":\"https:\/\/kulturonline.tv\/at\/urheberrechtsnovelle-buch-und-medienwirtschaft-grundsaetzlich-zufrieden\/#article\",\"isPartOf\":{\"@id\":\"https:\/\/kulturonline.tv\/at\/urheberrechtsnovelle-buch-und-medienwirtschaft-grundsaetzlich-zufrieden\/\"},\"author\":{\"name\":\"guenter.wolfgang\",\"@id\":\"https:\/\/kulturonline.tv\/at\/#\/schema\/person\/b0fac729bb9a0c193fb1df23449df4fe\"},\"headline\":\"Urheberrechtsnovelle: Buch- und Medienwirtschaft grunds\u00e4tzlich zufrieden\",\"datePublished\":\"2021-12-25T10:39:50+00:00\",\"dateModified\":\"2021-12-25T10:39:51+00:00\",\"mainEntityOfPage\":{\"@id\":\"https:\/\/kulturonline.tv\/at\/urheberrechtsnovelle-buch-und-medienwirtschaft-grundsaetzlich-zufrieden\/\"},\"wordCount\":185,\"publisher\":{\"@id\":\"https:\/\/kulturonline.tv\/at\/#organization\"},\"image\":{\"@id\":\"https:\/\/kulturonline.tv\/at\/urheberrechtsnovelle-buch-und-medienwirtschaft-grundsaetzlich-zufrieden\/#primaryimage\"},\"thumbnailUrl\":\"https:\/\/kulturonline.tv\/wp-content\/uploads\/2021\/12\/copyright-389901_1920-edited.jpg\",\"articleSection\":[\"Literatur\"],\"inLanguage\":\"de-AT\"},{\"@type\":\"WebPage\",\"@id\":\"https:\/\/kulturonline.tv\/at\/urheberrechtsnovelle-buch-und-medienwirtschaft-grundsaetzlich-zufrieden\/\",\"url\":\"https:\/\/kulturonline.tv\/at\/urheberrechtsnovelle-buch-und-medienwirtschaft-grundsaetzlich-zufrieden\/\",\"name\":\"Urheberrechtsnovelle: Buch- und Medienwirtschaft grunds\u00e4tzlich zufrieden - Kultur Online TV &amp; FM\",\"isPartOf\":{\"@id\":\"https:\/\/kulturonline.tv\/at\/#website\"},\"primaryImageOfPage\":{\"@id\":\"https:\/\/kulturonline.tv\/at\/urheberrechtsnovelle-buch-und-medienwirtschaft-grundsaetzlich-zufrieden\/#primaryimage\"},\"image\":{\"@id\":\"https:\/\/kulturonline.tv\/at\/urheberrechtsnovelle-buch-und-medienwirtschaft-grundsaetzlich-zufrieden\/#primaryimage\"},\"thumbnailUrl\":\"https:\/\/kulturonline.tv\/wp-content\/uploads\/2021\/12\/copyright-389901_1920-edited.jpg\",\"datePublished\":\"2021-12-25T10:39:50+00:00\",\"dateModified\":\"2021-12-25T10:39:51+00:00\",\"description\":\"Kultur sehen und H\u00f6ren\",\"breadcrumb\":{\"@id\":\"https:\/\/kulturonline.tv\/at\/urheberrechtsnovelle-buch-und-medienwirtschaft-grundsaetzlich-zufrieden\/#breadcrumb\"},\"inLanguage\":\"de-AT\",\"potentialAction\":[{\"@type\":\"ReadAction\",\"target\":[\"https:\/\/kulturonline.tv\/at\/urheberrechtsnovelle-buch-und-medienwirtschaft-grundsaetzlich-zufrieden\/\"]}]},{\"@type\":\"ImageObject\",\"inLanguage\":\"de-AT\",\"@id\":\"https:\/\/kulturonline.tv\/at\/urheberrechtsnovelle-buch-und-medienwirtschaft-grundsaetzlich-zufrieden\/#primaryimage\",\"url\":\"https:\/\/kulturonline.tv\/wp-content\/uploads\/2021\/12\/copyright-389901_1920-edited.jpg\",\"contentUrl\":\"https:\/\/kulturonline.tv\/wp-content\/uploads\/2021\/12\/copyright-389901_1920-edited.jpg\",\"width\":1919,\"height\":1079},{\"@type\":\"BreadcrumbList\",\"@id\":\"https:\/\/kulturonline.tv\/at\/urheberrechtsnovelle-buch-und-medienwirtschaft-grundsaetzlich-zufrieden\/#breadcrumb\",\"itemListElement\":[{\"@type\":\"ListItem\",\"position\":1,\"name\":\"Startseite\",\"item\":\"https:\/\/kulturonline.tv\/at\/\"},{\"@type\":\"ListItem\",\"position\":2,\"name\":\"Urheberrechtsnovelle: Buch- und Medienwirtschaft grunds\u00e4tzlich zufrieden\"}]},{\"@type\":\"WebSite\",\"@id\":\"https:\/\/kulturonline.tv\/at\/#website\",\"url\":\"https:\/\/kulturonline.tv\/at\/\",\"name\":\"Kultur Online TV &amp; FM\",\"description\":\"Wir sind Kultur 2.0 zum sehen &amp; h\u00f6ren\",\"publisher\":{\"@id\":\"https:\/\/kulturonline.tv\/at\/#organization\"},\"potentialAction\":[{\"@type\":\"SearchAction\",\"target\":{\"@type\":\"EntryPoint\",\"urlTemplate\":\"https:\/\/kulturonline.tv\/at\/?s={search_term_string}\"},\"query-input\":{\"@type\":\"PropertyValueSpecification\",\"valueRequired\":true,\"valueName\":\"search_term_string\"}}],\"inLanguage\":\"de-AT\"},{\"@type\":\"Organization\",\"@id\":\"https:\/\/kulturonline.tv\/at\/#organization\",\"name\":\"Kultur Online TV\",\"url\":\"https:\/\/kulturonline.tv\/at\/\",\"logo\":{\"@type\":\"ImageObject\",\"inLanguage\":\"de-AT\",\"@id\":\"https:\/\/kulturonline.tv\/at\/#\/schema\/logo\/image\/\",\"url\":\"https:\/\/kulturonline.tv\/wp-content\/uploads\/2021\/08\/Kultur-Online-Tv-Logo-Endversion-neu.png\",\"contentUrl\":\"https:\/\/kulturonline.tv\/wp-content\/uploads\/2021\/08\/Kultur-Online-Tv-Logo-Endversion-neu.png\",\"width\":200,\"height\":200,\"caption\":\"Kultur Online TV\"},\"image\":{\"@id\":\"https:\/\/kulturonline.tv\/at\/#\/schema\/logo\/image\/\"},\"sameAs\":[\"https:\/\/www.facebook.com\/kulturonline.tv\",\"https:\/\/www.instagram.com\/kulturonline.tv\"]},{\"@type\":\"Person\",\"@id\":\"https:\/\/kulturonline.tv\/at\/#\/schema\/person\/b0fac729bb9a0c193fb1df23449df4fe\",\"name\":\"guenter.wolfgang\"}]}<\/script>\n<!-- \/ Yoast SEO plugin. -->","yoast_head_json":{"title":"Urheberrechtsnovelle: Buch- und Medienwirtschaft grunds\u00e4tzlich zufrieden - Kultur Online TV &amp; FM","description":"Kultur sehen und H\u00f6ren","robots":{"index":"index","follow":"follow","max-snippet":"max-snippet:-1","max-image-preview":"max-image-preview:large","max-video-preview":"max-video-preview:-1"},"canonical":"https:\/\/kulturonline.tv\/at\/urheberrechtsnovelle-buch-und-medienwirtschaft-grundsaetzlich-zufrieden\/","og_locale":"de_DE","og_type":"article","og_title":"Urheberrechtsnovelle: Buch- und Medienwirtschaft grunds\u00e4tzlich zufrieden - Kultur Online TV &amp; FM","og_description":"Kultur sehen und H\u00f6ren","og_url":"https:\/\/kulturonline.tv\/at\/urheberrechtsnovelle-buch-und-medienwirtschaft-grundsaetzlich-zufrieden\/","og_site_name":"Kultur Online TV &amp; FM","article_publisher":"https:\/\/www.facebook.com\/kulturonline.tv","article_published_time":"2021-12-25T10:39:50+00:00","article_modified_time":"2021-12-25T10:39:51+00:00","og_image":[{"width":1919,"height":1079,"url":"https:\/\/kulturonline.tv\/wp-content\/uploads\/2021\/12\/copyright-389901_1920-edited.jpg","type":"image\/jpeg"}],"author":"guenter.wolfgang","twitter_card":"summary_large_image","twitter_misc":{"Verfasst von":"guenter.wolfgang","Gesch\u00e4tzte Lesezeit":"2 Minuten"},"schema":{"@context":"https:\/\/schema.org","@graph":[{"@type":"Article","@id":"https:\/\/kulturonline.tv\/at\/urheberrechtsnovelle-buch-und-medienwirtschaft-grundsaetzlich-zufrieden\/#article","isPartOf":{"@id":"https:\/\/kulturonline.tv\/at\/urheberrechtsnovelle-buch-und-medienwirtschaft-grundsaetzlich-zufrieden\/"},"author":{"name":"guenter.wolfgang","@id":"https:\/\/kulturonline.tv\/at\/#\/schema\/person\/b0fac729bb9a0c193fb1df23449df4fe"},"headline":"Urheberrechtsnovelle: Buch- und Medienwirtschaft grunds\u00e4tzlich zufrieden","datePublished":"2021-12-25T10:39:50+00:00","dateModified":"2021-12-25T10:39:51+00:00","mainEntityOfPage":{"@id":"https:\/\/kulturonline.tv\/at\/urheberrechtsnovelle-buch-und-medienwirtschaft-grundsaetzlich-zufrieden\/"},"wordCount":185,"publisher":{"@id":"https:\/\/kulturonline.tv\/at\/#organization"},"image":{"@id":"https:\/\/kulturonline.tv\/at\/urheberrechtsnovelle-buch-und-medienwirtschaft-grundsaetzlich-zufrieden\/#primaryimage"},"thumbnailUrl":"https:\/\/kulturonline.tv\/wp-content\/uploads\/2021\/12\/copyright-389901_1920-edited.jpg","articleSection":["Literatur"],"inLanguage":"de-AT"},{"@type":"WebPage","@id":"https:\/\/kulturonline.tv\/at\/urheberrechtsnovelle-buch-und-medienwirtschaft-grundsaetzlich-zufrieden\/","url":"https:\/\/kulturonline.tv\/at\/urheberrechtsnovelle-buch-und-medienwirtschaft-grundsaetzlich-zufrieden\/","name":"Urheberrechtsnovelle: Buch- und Medienwirtschaft grunds\u00e4tzlich zufrieden - Kultur Online TV &amp; FM","isPartOf":{"@id":"https:\/\/kulturonline.tv\/at\/#website"},"primaryImageOfPage":{"@id":"https:\/\/kulturonline.tv\/at\/urheberrechtsnovelle-buch-und-medienwirtschaft-grundsaetzlich-zufrieden\/#primaryimage"},"image":{"@id":"https:\/\/kulturonline.tv\/at\/urheberrechtsnovelle-buch-und-medienwirtschaft-grundsaetzlich-zufrieden\/#primaryimage"},"thumbnailUrl":"https:\/\/kulturonline.tv\/wp-content\/uploads\/2021\/12\/copyright-389901_1920-edited.jpg","datePublished":"2021-12-25T10:39:50+00:00","dateModified":"2021-12-25T10:39:51+00:00","description":"Kultur sehen und H\u00f6ren","breadcrumb":{"@id":"https:\/\/kulturonline.tv\/at\/urheberrechtsnovelle-buch-und-medienwirtschaft-grundsaetzlich-zufrieden\/#breadcrumb"},"inLanguage":"de-AT","potentialAction":[{"@type":"ReadAction","target":["https:\/\/kulturonline.tv\/at\/urheberrechtsnovelle-buch-und-medienwirtschaft-grundsaetzlich-zufrieden\/"]}]},{"@type":"ImageObject","inLanguage":"de-AT","@id":"https:\/\/kulturonline.tv\/at\/urheberrechtsnovelle-buch-und-medienwirtschaft-grundsaetzlich-zufrieden\/#primaryimage","url":"https:\/\/kulturonline.tv\/wp-content\/uploads\/2021\/12\/copyright-389901_1920-edited.jpg","contentUrl":"https:\/\/kulturonline.tv\/wp-content\/uploads\/2021\/12\/copyright-389901_1920-edited.jpg","width":1919,"height":1079},{"@type":"BreadcrumbList","@id":"https:\/\/kulturonline.tv\/at\/urheberrechtsnovelle-buch-und-medienwirtschaft-grundsaetzlich-zufrieden\/#breadcrumb","itemListElement":[{"@type":"ListItem","position":1,"name":"Startseite","item":"https:\/\/kulturonline.tv\/at\/"},{"@type":"ListItem","position":2,"name":"Urheberrechtsnovelle: Buch- und Medienwirtschaft grunds\u00e4tzlich zufrieden"}]},{"@type":"WebSite","@id":"https:\/\/kulturonline.tv\/at\/#website","url":"https:\/\/kulturonline.tv\/at\/","name":"Kultur Online TV &amp; FM","description":"Wir sind Kultur 2.0 zum sehen &amp; h\u00f6ren","publisher":{"@id":"https:\/\/kulturonline.tv\/at\/#organization"},"potentialAction":[{"@type":"SearchAction","target":{"@type":"EntryPoint","urlTemplate":"https:\/\/kulturonline.tv\/at\/?s={search_term_string}"},"query-input":{"@type":"PropertyValueSpecification","valueRequired":true,"valueName":"search_term_string"}}],"inLanguage":"de-AT"},{"@type":"Organization","@id":"https:\/\/kulturonline.tv\/at\/#organization","name":"Kultur Online TV","url":"https:\/\/kulturonline.tv\/at\/","logo":{"@type":"ImageObject","inLanguage":"de-AT","@id":"https:\/\/kulturonline.tv\/at\/#\/schema\/logo\/image\/","url":"https:\/\/kulturonline.tv\/wp-content\/uploads\/2021\/08\/Kultur-Online-Tv-Logo-Endversion-neu.png","contentUrl":"https:\/\/kulturonline.tv\/wp-content\/uploads\/2021\/08\/Kultur-Online-Tv-Logo-Endversion-neu.png","width":200,"height":200,"caption":"Kultur Online TV"},"image":{"@id":"https:\/\/kulturonline.tv\/at\/#\/schema\/logo\/image\/"},"sameAs":["https:\/\/www.facebook.com\/kulturonline.tv","https:\/\/www.instagram.com\/kulturonline.tv"]},{"@type":"Person","@id":"https:\/\/kulturonline.tv\/at\/#\/schema\/person\/b0fac729bb9a0c193fb1df23449df4fe","name":"guenter.wolfgang"}]}},"_links":{"self":[{"href":"https:\/\/kulturonline.tv\/at\/wp-json\/wp\/v2\/posts\/17637","targetHints":{"allow":["GET"]}}],"collection":[{"href":"https:\/\/kulturonline.tv\/at\/wp-json\/wp\/v2\/posts"}],"about":[{"href":"https:\/\/kulturonline.tv\/at\/wp-json\/wp\/v2\/types\/post"}],"author":[{"embeddable":true,"href":"https:\/\/kulturonline.tv\/at\/wp-json\/wp\/v2\/users\/2"}],"replies":[{"embeddable":true,"href":"https:\/\/kulturonline.tv\/at\/wp-json\/wp\/v2\/comments?post=17637"}],"version-history":[{"count":0,"href":"https:\/\/kulturonline.tv\/at\/wp-json\/wp\/v2\/posts\/17637\/revisions"}],"wp:featuredmedia":[{"embeddable":true,"href":"https:\/\/kulturonline.tv\/at\/wp-json\/wp\/v2\/media\/17641"}],"wp:attachment":[{"href":"https:\/\/kulturonline.tv\/at\/wp-json\/wp\/v2\/media?parent=17637"}],"wp:term":[{"taxonomy":"category","embeddable":true,"href":"https:\/\/kulturonline.tv\/at\/wp-json\/wp\/v2\/categories?post=17637"},{"taxonomy":"post_tag","embeddable":true,"href":"https:\/\/kulturonline.tv\/at\/wp-json\/wp\/v2\/tags?post=17637"}],"curies":[{"name":"wp","href":"https:\/\/api.w.org\/{rel}","templated":true}]}}