{"id":18065,"date":"2021-12-29T09:47:24","date_gmt":"2021-12-29T08:47:24","guid":{"rendered":"https:\/\/kulturonline.tv\/?p=18065"},"modified":"2021-12-29T09:47:25","modified_gmt":"2021-12-29T08:47:25","slug":"franzoesische-autorin-ernaux-bekommt-europaeischen-literaturpreis","status":"publish","type":"post","link":"https:\/\/kulturonline.tv\/at\/franzoesische-autorin-ernaux-bekommt-europaeischen-literaturpreis\/","title":{"rendered":"Franz\u00f6sische Autorin Ernaux bekommt Europ\u00e4ischen Literaturpreis"},"content":{"rendered":"\n<p><strong>Die franz\u00f6sische Schriftstellerin Annie Ernaux erh\u00e4lt den 13. W\u00fcrth-Preis f\u00fcr Europ\u00e4ische Literatur.<\/strong><\/p>\n\n\n\n<figure class=\"wp-block-image size-full\"><img fetchpriority=\"high\" decoding=\"async\" width=\"930\" height=\"523\" src=\"https:\/\/kulturonline.tv\/wp-content\/uploads\/2021\/12\/Annie-Ernaux-edited.jpg\" alt=\"\" class=\"wp-image-18069\" srcset=\"https:\/\/kulturonline.tv\/wp-content\/uploads\/2021\/12\/Annie-Ernaux-edited.jpg 930w, https:\/\/kulturonline.tv\/wp-content\/uploads\/2021\/12\/Annie-Ernaux-edited-600x337.jpg 600w, https:\/\/kulturonline.tv\/wp-content\/uploads\/2021\/12\/Annie-Ernaux-edited-800x450.jpg 800w, https:\/\/kulturonline.tv\/wp-content\/uploads\/2021\/12\/Annie-Ernaux-edited-768x432.jpg 768w\" sizes=\"(max-width: 930px) 100vw, 930px\" \/><\/figure>\n\n\n\n<p>Die Jury w\u00fcrdigte die 81-J\u00e4hrige &#8222;f\u00fcr die Unerschrockenheit, mit der sie ihre Erfahrung in ihrer Autofiktion protokolliert, und f\u00fcr die Klarheit ihres Blickes auf Gesellschaft und kollektives Ged\u00e4chtnis&#8220;. Die Auszeichnung ist mit 25.000 Euro dotiert. Zuletzt erschien Ernauxs Roman &#8222;Das Ereignis&#8220; auf Deutsch. Darin beschreibt sie, wie die Studentin Annie Ernaux 1963 schwanger wird und versucht, dieses Kind nicht zu bekommen &#8211; in einer Zeit und einem Land, in dem Abtreibung verboten ist. Die Erfahrung von Entm\u00fcndigung, Ohnmacht und Angst, die Ernaux&#8216; Text widerspiegele, sei zeitlos g\u00fcltig, urteilt die Jury.<\/p>\n\n\n\n<figure class=\"wp-block-embed is-type-video is-provider-youtube wp-block-embed-youtube wp-embed-aspect-16-9 wp-has-aspect-ratio\"><div class=\"wp-block-embed__wrapper\">\n<iframe title=\"Annie Ernaux spricht \u00fcber \u00bbDie Jahre\u00ab\" width=\"800\" height=\"450\" src=\"https:\/\/www.youtube.com\/embed\/Gga-t7C7BQo?feature=oembed\" frameborder=\"0\" allow=\"accelerometer; autoplay; clipboard-write; encrypted-media; gyroscope; picture-in-picture; web-share\" referrerpolicy=\"strict-origin-when-cross-origin\" allowfullscreen><\/iframe>\n<\/div><\/figure>\n\n\n\n<p>Annie Ernaux, geborene Duchesne (geb. 1. September 1940 in Lillebonne, Seine-Maritime), ist eine franz\u00f6sische Schriftstellerin. Ihr literarisches Werk ist im Wesentlichen autobiographisch. In Frankreich erschien 2008 ihr Buch Les Ann\u00e9es, das sehr erfolgreich ist. Die deutsche \u00dcbersetzung Die Jahre erschien 2017 und fand ebenfalls viel.<\/p>\n\n\n\n<p>1974 publizierte Ernaux ihren ersten autobiographischen Roman Les Armoires vides. 1984 erhielt sie f\u00fcr La Place den Prix Renaudot.<\/p>\n\n\n\n<p>Der 2008 ver\u00f6ffentlichte Roman Les Ann\u00e9es wurde mit mehreren Preisen ausgezeichnet. Ebenfalls 2008 erhielt sie den Prix de la langue fran\u00e7aise f\u00fcr ihr Gesamtwerk<\/p>\n\n\n\n<p>2011 ver\u00f6ffentlichte sie L\u2019Autre Fille, einen Brief an ihre Schwester, die als sechsj\u00e4hriges Kind, zwei Jahre vor der Geburt der Autorin, gestorben war.[6] Ebenfalls 2011 erschien L\u2019Atelier noir, eine Sammlung von Notizen, Pl\u00e4nen und Gedanken zu ihrem Werk. Die Anthologie \u00c9crire la vie erschien ebenfalls 2011 in Quarto. Darin enthalten sind neben den meisten ihrer autobiographischen Werke Fotografien und Tagebuchausschnitte.<\/p>\n\n\n\n<p>Im April 2016 ver\u00f6ffentlichte sie ein weiteres autobiographisches Werk, M\u00e9moire de fille (Erinnerung eines M\u00e4dchens)[8], in dem sie sich mit den im Sommer 1958 gemachten ersten sexuellen Erfahrungen und deren lebenslangem Nachklang besch\u00e4ftigt. Sie schreibt vom \u201eGed\u00e4chtnis der Scham\u201c<\/p>\n\n\n\n<p>\u201eDas gro\u00dfe Ged\u00e4chtnis der Scham ist sehr viel klarer und erbarmungsloser als jedes andere. Es ist im Grund die besondere Gabe der Scham.\u201c<\/p>\n\n\n\n<p>\u2013 Annie Ernaux: Erinnerung eines M\u00e4dchens<br>Zu ihrer Arbeitsweise schreibt Ernaux programmatisch in Die Scham (1997, deutsch 2020):<\/p>\n\n\n\n<p>\u201eUm meine damalige (sc. 1952) Lebenswirklichkeit zu erreichen, gibt es nur eine verl\u00e4ssliche M\u00f6glichkeit, ich muss mir die Gesetze und Riten, die Glaubenss\u00e4tze und Werte der verschiedenen Milieus vergegenw\u00e4rtigen, Schule, Familie, Provinz, in denen ich gefangen war und die, ohne dass ich mir ihrer Widerspr\u00fcche bewusst gewesen w\u00e4re, mein Leben beherrschten. Die verschiedenen Sprachen zutage bringen, die mich ausmachten, die Worte der Religion, die Worte meiner Eltern, die an Gesten und Gegenst\u00e4nde gekn\u00fcpft waren, die Worte der Fortsetzungsromane, die ich in Zeitschriften las (\u2026). Mich dieser Worte bedienen, von denen manche noch immer mit der damaligen Schwere auf mir lasten, um den Text der Welt, in der ich zw\u00f6lf Jahre alt war und glaubte, wahnsinnig zu werden, anhand der Szene eines Junisonntags zu zerlegen und wieder zusammenzusetzen.\u201c<\/p>\n\n\n\n<p>\u2013 Ernaux, Die Scham.<\/p>\n\n\n\n<p>Texttquelle: Wikipedia<\/p>\n\n\n\n<p>Kultur Online TV<\/p>\n\n\n\n<p>#kunst  #kultur #musik #news<\/p>\n","protected":false},"excerpt":{"rendered":"<p>Die franz\u00f6sische Schriftstellerin Annie Ernaux erh\u00e4lt den 13. W\u00fcrth-Preis f\u00fcr Europ\u00e4ische Literatur. Die Jury w\u00fcrdigte die 81-J\u00e4hrige &#8222;f\u00fcr die Unerschrockenheit, mit der sie ihre Erfahrung in ihrer Autofiktion protokolliert, und f\u00fcr die Klarheit ihres Blickes auf Gesellschaft und kollektives Ged\u00e4chtnis&#8220;. Die Auszeichnung ist mit 25.000 Euro dotiert. Zuletzt erschien Ernauxs Roman &#8222;Das Ereignis&#8220; auf Deutsch. [&hellip;]<\/p>\n","protected":false},"author":2,"featured_media":18069,"comment_status":"closed","ping_status":"closed","sticky":false,"template":"","format":"standard","meta":{"_acf_changed":false,"footnotes":""},"categories":[133],"tags":[],"class_list":["post-18065","post","type-post","status-publish","format-standard","has-post-thumbnail","hentry","category-literatur"],"acf":[],"yoast_head":"<!-- This site is optimized with the Yoast SEO plugin v26.1.1 - https:\/\/yoast.com\/wordpress\/plugins\/seo\/ -->\n<title>Franz\u00f6sische Autorin Ernaux bekommt Europ\u00e4ischen Literaturpreis - Kultur Online TV &amp; FM<\/title>\n<meta name=\"description\" content=\"Kultur sehen und H\u00f6ren\" \/>\n<meta name=\"robots\" content=\"index, follow, max-snippet:-1, max-image-preview:large, max-video-preview:-1\" \/>\n<link rel=\"canonical\" href=\"https:\/\/kulturonline.tv\/at\/franzoesische-autorin-ernaux-bekommt-europaeischen-literaturpreis\/\" \/>\n<meta property=\"og:locale\" content=\"de_DE\" \/>\n<meta property=\"og:type\" content=\"article\" \/>\n<meta property=\"og:title\" content=\"Franz\u00f6sische Autorin Ernaux bekommt Europ\u00e4ischen Literaturpreis - Kultur Online TV &amp; FM\" \/>\n<meta property=\"og:description\" content=\"Kultur sehen und H\u00f6ren\" \/>\n<meta property=\"og:url\" content=\"https:\/\/kulturonline.tv\/at\/franzoesische-autorin-ernaux-bekommt-europaeischen-literaturpreis\/\" \/>\n<meta property=\"og:site_name\" content=\"Kultur Online TV &amp; FM\" \/>\n<meta property=\"article:publisher\" content=\"https:\/\/www.facebook.com\/kulturonline.tv\" \/>\n<meta property=\"article:published_time\" content=\"2021-12-29T08:47:24+00:00\" \/>\n<meta property=\"article:modified_time\" content=\"2021-12-29T08:47:25+00:00\" \/>\n<meta property=\"og:image\" content=\"https:\/\/kulturonline.tv\/wp-content\/uploads\/2021\/12\/Annie-Ernaux-edited.jpg\" \/>\n\t<meta property=\"og:image:width\" content=\"930\" \/>\n\t<meta property=\"og:image:height\" content=\"523\" \/>\n\t<meta property=\"og:image:type\" content=\"image\/jpeg\" \/>\n<meta name=\"author\" content=\"guenter.wolfgang\" \/>\n<meta name=\"twitter:card\" content=\"summary_large_image\" \/>\n<meta name=\"twitter:label1\" content=\"Verfasst von\" \/>\n\t<meta name=\"twitter:data1\" content=\"guenter.wolfgang\" \/>\n\t<meta name=\"twitter:label2\" content=\"Gesch\u00e4tzte Lesezeit\" \/>\n\t<meta name=\"twitter:data2\" content=\"3 Minuten\" \/>\n<script type=\"application\/ld+json\" class=\"yoast-schema-graph\">{\"@context\":\"https:\/\/schema.org\",\"@graph\":[{\"@type\":\"Article\",\"@id\":\"https:\/\/kulturonline.tv\/at\/franzoesische-autorin-ernaux-bekommt-europaeischen-literaturpreis\/#article\",\"isPartOf\":{\"@id\":\"https:\/\/kulturonline.tv\/at\/franzoesische-autorin-ernaux-bekommt-europaeischen-literaturpreis\/\"},\"author\":{\"name\":\"guenter.wolfgang\",\"@id\":\"https:\/\/kulturonline.tv\/at\/#\/schema\/person\/b0fac729bb9a0c193fb1df23449df4fe\"},\"headline\":\"Franz\u00f6sische Autorin Ernaux bekommt Europ\u00e4ischen Literaturpreis\",\"datePublished\":\"2021-12-29T08:47:24+00:00\",\"dateModified\":\"2021-12-29T08:47:25+00:00\",\"mainEntityOfPage\":{\"@id\":\"https:\/\/kulturonline.tv\/at\/franzoesische-autorin-ernaux-bekommt-europaeischen-literaturpreis\/\"},\"wordCount\":505,\"publisher\":{\"@id\":\"https:\/\/kulturonline.tv\/at\/#organization\"},\"image\":{\"@id\":\"https:\/\/kulturonline.tv\/at\/franzoesische-autorin-ernaux-bekommt-europaeischen-literaturpreis\/#primaryimage\"},\"thumbnailUrl\":\"https:\/\/kulturonline.tv\/wp-content\/uploads\/2021\/12\/Annie-Ernaux-edited.jpg\",\"articleSection\":[\"Literatur\"],\"inLanguage\":\"de-AT\"},{\"@type\":\"WebPage\",\"@id\":\"https:\/\/kulturonline.tv\/at\/franzoesische-autorin-ernaux-bekommt-europaeischen-literaturpreis\/\",\"url\":\"https:\/\/kulturonline.tv\/at\/franzoesische-autorin-ernaux-bekommt-europaeischen-literaturpreis\/\",\"name\":\"Franz\u00f6sische Autorin Ernaux bekommt Europ\u00e4ischen Literaturpreis - Kultur Online TV &amp; FM\",\"isPartOf\":{\"@id\":\"https:\/\/kulturonline.tv\/at\/#website\"},\"primaryImageOfPage\":{\"@id\":\"https:\/\/kulturonline.tv\/at\/franzoesische-autorin-ernaux-bekommt-europaeischen-literaturpreis\/#primaryimage\"},\"image\":{\"@id\":\"https:\/\/kulturonline.tv\/at\/franzoesische-autorin-ernaux-bekommt-europaeischen-literaturpreis\/#primaryimage\"},\"thumbnailUrl\":\"https:\/\/kulturonline.tv\/wp-content\/uploads\/2021\/12\/Annie-Ernaux-edited.jpg\",\"datePublished\":\"2021-12-29T08:47:24+00:00\",\"dateModified\":\"2021-12-29T08:47:25+00:00\",\"description\":\"Kultur sehen und H\u00f6ren\",\"breadcrumb\":{\"@id\":\"https:\/\/kulturonline.tv\/at\/franzoesische-autorin-ernaux-bekommt-europaeischen-literaturpreis\/#breadcrumb\"},\"inLanguage\":\"de-AT\",\"potentialAction\":[{\"@type\":\"ReadAction\",\"target\":[\"https:\/\/kulturonline.tv\/at\/franzoesische-autorin-ernaux-bekommt-europaeischen-literaturpreis\/\"]}]},{\"@type\":\"ImageObject\",\"inLanguage\":\"de-AT\",\"@id\":\"https:\/\/kulturonline.tv\/at\/franzoesische-autorin-ernaux-bekommt-europaeischen-literaturpreis\/#primaryimage\",\"url\":\"https:\/\/kulturonline.tv\/wp-content\/uploads\/2021\/12\/Annie-Ernaux-edited.jpg\",\"contentUrl\":\"https:\/\/kulturonline.tv\/wp-content\/uploads\/2021\/12\/Annie-Ernaux-edited.jpg\",\"width\":930,\"height\":523},{\"@type\":\"BreadcrumbList\",\"@id\":\"https:\/\/kulturonline.tv\/at\/franzoesische-autorin-ernaux-bekommt-europaeischen-literaturpreis\/#breadcrumb\",\"itemListElement\":[{\"@type\":\"ListItem\",\"position\":1,\"name\":\"Startseite\",\"item\":\"https:\/\/kulturonline.tv\/at\/\"},{\"@type\":\"ListItem\",\"position\":2,\"name\":\"Franz\u00f6sische Autorin Ernaux bekommt Europ\u00e4ischen Literaturpreis\"}]},{\"@type\":\"WebSite\",\"@id\":\"https:\/\/kulturonline.tv\/at\/#website\",\"url\":\"https:\/\/kulturonline.tv\/at\/\",\"name\":\"Kultur Online TV &amp; FM\",\"description\":\"Wir sind Kultur 2.0 zum sehen &amp; h\u00f6ren\",\"publisher\":{\"@id\":\"https:\/\/kulturonline.tv\/at\/#organization\"},\"potentialAction\":[{\"@type\":\"SearchAction\",\"target\":{\"@type\":\"EntryPoint\",\"urlTemplate\":\"https:\/\/kulturonline.tv\/at\/?s={search_term_string}\"},\"query-input\":{\"@type\":\"PropertyValueSpecification\",\"valueRequired\":true,\"valueName\":\"search_term_string\"}}],\"inLanguage\":\"de-AT\"},{\"@type\":\"Organization\",\"@id\":\"https:\/\/kulturonline.tv\/at\/#organization\",\"name\":\"Kultur Online TV\",\"url\":\"https:\/\/kulturonline.tv\/at\/\",\"logo\":{\"@type\":\"ImageObject\",\"inLanguage\":\"de-AT\",\"@id\":\"https:\/\/kulturonline.tv\/at\/#\/schema\/logo\/image\/\",\"url\":\"https:\/\/kulturonline.tv\/wp-content\/uploads\/2021\/08\/Kultur-Online-Tv-Logo-Endversion-neu.png\",\"contentUrl\":\"https:\/\/kulturonline.tv\/wp-content\/uploads\/2021\/08\/Kultur-Online-Tv-Logo-Endversion-neu.png\",\"width\":200,\"height\":200,\"caption\":\"Kultur Online TV\"},\"image\":{\"@id\":\"https:\/\/kulturonline.tv\/at\/#\/schema\/logo\/image\/\"},\"sameAs\":[\"https:\/\/www.facebook.com\/kulturonline.tv\",\"https:\/\/www.instagram.com\/kulturonline.tv\"]},{\"@type\":\"Person\",\"@id\":\"https:\/\/kulturonline.tv\/at\/#\/schema\/person\/b0fac729bb9a0c193fb1df23449df4fe\",\"name\":\"guenter.wolfgang\"}]}<\/script>\n<!-- \/ Yoast SEO plugin. -->","yoast_head_json":{"title":"Franz\u00f6sische Autorin Ernaux bekommt Europ\u00e4ischen Literaturpreis - Kultur Online TV &amp; FM","description":"Kultur sehen und H\u00f6ren","robots":{"index":"index","follow":"follow","max-snippet":"max-snippet:-1","max-image-preview":"max-image-preview:large","max-video-preview":"max-video-preview:-1"},"canonical":"https:\/\/kulturonline.tv\/at\/franzoesische-autorin-ernaux-bekommt-europaeischen-literaturpreis\/","og_locale":"de_DE","og_type":"article","og_title":"Franz\u00f6sische Autorin Ernaux bekommt Europ\u00e4ischen Literaturpreis - Kultur Online TV &amp; FM","og_description":"Kultur sehen und H\u00f6ren","og_url":"https:\/\/kulturonline.tv\/at\/franzoesische-autorin-ernaux-bekommt-europaeischen-literaturpreis\/","og_site_name":"Kultur Online TV &amp; FM","article_publisher":"https:\/\/www.facebook.com\/kulturonline.tv","article_published_time":"2021-12-29T08:47:24+00:00","article_modified_time":"2021-12-29T08:47:25+00:00","og_image":[{"width":930,"height":523,"url":"https:\/\/kulturonline.tv\/wp-content\/uploads\/2021\/12\/Annie-Ernaux-edited.jpg","type":"image\/jpeg"}],"author":"guenter.wolfgang","twitter_card":"summary_large_image","twitter_misc":{"Verfasst von":"guenter.wolfgang","Gesch\u00e4tzte Lesezeit":"3 Minuten"},"schema":{"@context":"https:\/\/schema.org","@graph":[{"@type":"Article","@id":"https:\/\/kulturonline.tv\/at\/franzoesische-autorin-ernaux-bekommt-europaeischen-literaturpreis\/#article","isPartOf":{"@id":"https:\/\/kulturonline.tv\/at\/franzoesische-autorin-ernaux-bekommt-europaeischen-literaturpreis\/"},"author":{"name":"guenter.wolfgang","@id":"https:\/\/kulturonline.tv\/at\/#\/schema\/person\/b0fac729bb9a0c193fb1df23449df4fe"},"headline":"Franz\u00f6sische Autorin Ernaux bekommt Europ\u00e4ischen Literaturpreis","datePublished":"2021-12-29T08:47:24+00:00","dateModified":"2021-12-29T08:47:25+00:00","mainEntityOfPage":{"@id":"https:\/\/kulturonline.tv\/at\/franzoesische-autorin-ernaux-bekommt-europaeischen-literaturpreis\/"},"wordCount":505,"publisher":{"@id":"https:\/\/kulturonline.tv\/at\/#organization"},"image":{"@id":"https:\/\/kulturonline.tv\/at\/franzoesische-autorin-ernaux-bekommt-europaeischen-literaturpreis\/#primaryimage"},"thumbnailUrl":"https:\/\/kulturonline.tv\/wp-content\/uploads\/2021\/12\/Annie-Ernaux-edited.jpg","articleSection":["Literatur"],"inLanguage":"de-AT"},{"@type":"WebPage","@id":"https:\/\/kulturonline.tv\/at\/franzoesische-autorin-ernaux-bekommt-europaeischen-literaturpreis\/","url":"https:\/\/kulturonline.tv\/at\/franzoesische-autorin-ernaux-bekommt-europaeischen-literaturpreis\/","name":"Franz\u00f6sische Autorin Ernaux bekommt Europ\u00e4ischen Literaturpreis - Kultur Online TV &amp; FM","isPartOf":{"@id":"https:\/\/kulturonline.tv\/at\/#website"},"primaryImageOfPage":{"@id":"https:\/\/kulturonline.tv\/at\/franzoesische-autorin-ernaux-bekommt-europaeischen-literaturpreis\/#primaryimage"},"image":{"@id":"https:\/\/kulturonline.tv\/at\/franzoesische-autorin-ernaux-bekommt-europaeischen-literaturpreis\/#primaryimage"},"thumbnailUrl":"https:\/\/kulturonline.tv\/wp-content\/uploads\/2021\/12\/Annie-Ernaux-edited.jpg","datePublished":"2021-12-29T08:47:24+00:00","dateModified":"2021-12-29T08:47:25+00:00","description":"Kultur sehen und H\u00f6ren","breadcrumb":{"@id":"https:\/\/kulturonline.tv\/at\/franzoesische-autorin-ernaux-bekommt-europaeischen-literaturpreis\/#breadcrumb"},"inLanguage":"de-AT","potentialAction":[{"@type":"ReadAction","target":["https:\/\/kulturonline.tv\/at\/franzoesische-autorin-ernaux-bekommt-europaeischen-literaturpreis\/"]}]},{"@type":"ImageObject","inLanguage":"de-AT","@id":"https:\/\/kulturonline.tv\/at\/franzoesische-autorin-ernaux-bekommt-europaeischen-literaturpreis\/#primaryimage","url":"https:\/\/kulturonline.tv\/wp-content\/uploads\/2021\/12\/Annie-Ernaux-edited.jpg","contentUrl":"https:\/\/kulturonline.tv\/wp-content\/uploads\/2021\/12\/Annie-Ernaux-edited.jpg","width":930,"height":523},{"@type":"BreadcrumbList","@id":"https:\/\/kulturonline.tv\/at\/franzoesische-autorin-ernaux-bekommt-europaeischen-literaturpreis\/#breadcrumb","itemListElement":[{"@type":"ListItem","position":1,"name":"Startseite","item":"https:\/\/kulturonline.tv\/at\/"},{"@type":"ListItem","position":2,"name":"Franz\u00f6sische Autorin Ernaux bekommt Europ\u00e4ischen Literaturpreis"}]},{"@type":"WebSite","@id":"https:\/\/kulturonline.tv\/at\/#website","url":"https:\/\/kulturonline.tv\/at\/","name":"Kultur Online TV &amp; FM","description":"Wir sind Kultur 2.0 zum sehen &amp; h\u00f6ren","publisher":{"@id":"https:\/\/kulturonline.tv\/at\/#organization"},"potentialAction":[{"@type":"SearchAction","target":{"@type":"EntryPoint","urlTemplate":"https:\/\/kulturonline.tv\/at\/?s={search_term_string}"},"query-input":{"@type":"PropertyValueSpecification","valueRequired":true,"valueName":"search_term_string"}}],"inLanguage":"de-AT"},{"@type":"Organization","@id":"https:\/\/kulturonline.tv\/at\/#organization","name":"Kultur Online TV","url":"https:\/\/kulturonline.tv\/at\/","logo":{"@type":"ImageObject","inLanguage":"de-AT","@id":"https:\/\/kulturonline.tv\/at\/#\/schema\/logo\/image\/","url":"https:\/\/kulturonline.tv\/wp-content\/uploads\/2021\/08\/Kultur-Online-Tv-Logo-Endversion-neu.png","contentUrl":"https:\/\/kulturonline.tv\/wp-content\/uploads\/2021\/08\/Kultur-Online-Tv-Logo-Endversion-neu.png","width":200,"height":200,"caption":"Kultur Online TV"},"image":{"@id":"https:\/\/kulturonline.tv\/at\/#\/schema\/logo\/image\/"},"sameAs":["https:\/\/www.facebook.com\/kulturonline.tv","https:\/\/www.instagram.com\/kulturonline.tv"]},{"@type":"Person","@id":"https:\/\/kulturonline.tv\/at\/#\/schema\/person\/b0fac729bb9a0c193fb1df23449df4fe","name":"guenter.wolfgang"}]}},"_links":{"self":[{"href":"https:\/\/kulturonline.tv\/at\/wp-json\/wp\/v2\/posts\/18065","targetHints":{"allow":["GET"]}}],"collection":[{"href":"https:\/\/kulturonline.tv\/at\/wp-json\/wp\/v2\/posts"}],"about":[{"href":"https:\/\/kulturonline.tv\/at\/wp-json\/wp\/v2\/types\/post"}],"author":[{"embeddable":true,"href":"https:\/\/kulturonline.tv\/at\/wp-json\/wp\/v2\/users\/2"}],"replies":[{"embeddable":true,"href":"https:\/\/kulturonline.tv\/at\/wp-json\/wp\/v2\/comments?post=18065"}],"version-history":[{"count":0,"href":"https:\/\/kulturonline.tv\/at\/wp-json\/wp\/v2\/posts\/18065\/revisions"}],"wp:featuredmedia":[{"embeddable":true,"href":"https:\/\/kulturonline.tv\/at\/wp-json\/wp\/v2\/media\/18069"}],"wp:attachment":[{"href":"https:\/\/kulturonline.tv\/at\/wp-json\/wp\/v2\/media?parent=18065"}],"wp:term":[{"taxonomy":"category","embeddable":true,"href":"https:\/\/kulturonline.tv\/at\/wp-json\/wp\/v2\/categories?post=18065"},{"taxonomy":"post_tag","embeddable":true,"href":"https:\/\/kulturonline.tv\/at\/wp-json\/wp\/v2\/tags?post=18065"}],"curies":[{"name":"wp","href":"https:\/\/api.w.org\/{rel}","templated":true}]}}