{"id":18401,"date":"2022-01-03T07:37:58","date_gmt":"2022-01-03T06:37:58","guid":{"rendered":"https:\/\/kulturonline.tv\/?p=18401"},"modified":"2022-01-03T07:37:58","modified_gmt":"2022-01-03T06:37:58","slug":"eva-menasse-erhaelt-bruno-kreisky-preis-2021","status":"publish","type":"post","link":"https:\/\/kulturonline.tv\/at\/eva-menasse-erhaelt-bruno-kreisky-preis-2021\/","title":{"rendered":"Eva Menasse erh\u00e4lt Bruno-Kreisky-Preis 2021"},"content":{"rendered":"\n<p><strong>Der Bruno-Kreisky-Preis f\u00fcr das Politische Buch des Jahres 2021 geht an Eva Menasse f\u00fcr ihren Roman &#8222;Dunkelblum&#8220;<\/strong><\/p>\n\n\n\n<figure class=\"wp-block-image size-full\"><img fetchpriority=\"high\" decoding=\"async\" width=\"992\" height=\"557\" src=\"https:\/\/kulturonline.tv\/wp-content\/uploads\/2022\/01\/Eva-Menasse-edited.jpg\" alt=\"\" class=\"wp-image-18405\" srcset=\"https:\/\/kulturonline.tv\/wp-content\/uploads\/2022\/01\/Eva-Menasse-edited.jpg 992w, https:\/\/kulturonline.tv\/wp-content\/uploads\/2022\/01\/Eva-Menasse-edited-600x337.jpg 600w, https:\/\/kulturonline.tv\/wp-content\/uploads\/2022\/01\/Eva-Menasse-edited-800x449.jpg 800w, https:\/\/kulturonline.tv\/wp-content\/uploads\/2022\/01\/Eva-Menasse-edited-768x431.jpg 768w\" sizes=\"(max-width: 992px) 100vw, 992px\" \/><\/figure>\n\n\n\n<p>Bei dem Werk, das sich an das Massaker von Rechnitz vom M\u00e4rz 1945 anhand des Verschweigens, Vergessens und Verdr\u00e4ngens der Menschen im fiktiven Ort Dunkelblum ann\u00e4hert, handle es sich um ein &#8222;Meisterwerk&#8220;, teilte das Karl-Renner-Institut in einer Aussendung mit. Den Preis f\u00fcr das publizistische Gesamtwerk erh\u00e4lt Franz Schuh.<\/p>\n\n\n\n<p>Menasse gelinge es, &#8222;die Zust\u00e4nde des allt\u00e4glich-banalen menschlichen Zusammenlebens zu beschreiben, in denen eben auch haarstr\u00e4ubende Gr\u00e4uel passieren k\u00f6nnen&#8220;. Dabei seien ihre Beschreibungen pr\u00e4zise und erfolgten mit der gebotenen Ernsthaftigkeit. Dennoch sei auch Raum f\u00fcr den Witz satirischer \u00dcberzeichnung gegeben, so die Begr\u00fcndung f\u00fcr die Auszeichnung.<\/p>\n\n\n\n<p>Franz Schuh erh\u00e4lt den Preis f\u00fcr das publizistische Gesamtwerk. Er sei einer der &#8222;pointiertesten und hintergr\u00fcndigsten Essayisten dieser Republik&#8220;, dessen Schreiben &#8222;stets getragen von einer Gesinnung des Humanismus, der Toleranz, der Weltoffenheit und der Selbstironie&#8220; getragen sei.<\/p>\n\n\n\n<div class=\"wp-block-media-text alignwide is-stacked-on-mobile\" style=\"grid-template-columns:32% auto\"><figure class=\"wp-block-media-text__media\"><img decoding=\"async\" width=\"992\" height=\"1600\" src=\"https:\/\/kulturonline.tv\/wp-content\/uploads\/2022\/01\/Dunkelblum-992x1600.jpg\" alt=\"\" class=\"wp-image-18407 size-full\" srcset=\"https:\/\/kulturonline.tv\/wp-content\/uploads\/2022\/01\/Dunkelblum-992x1600.jpg 992w, https:\/\/kulturonline.tv\/wp-content\/uploads\/2022\/01\/Dunkelblum-600x968.jpg 600w, https:\/\/kulturonline.tv\/wp-content\/uploads\/2022\/01\/Dunkelblum-496x800.jpg 496w, https:\/\/kulturonline.tv\/wp-content\/uploads\/2022\/01\/Dunkelblum-768x1238.jpg 768w, https:\/\/kulturonline.tv\/wp-content\/uploads\/2022\/01\/Dunkelblum-953x1536.jpg 953w, https:\/\/kulturonline.tv\/wp-content\/uploads\/2022\/01\/Dunkelblum-1270x2048.jpg 1270w, https:\/\/kulturonline.tv\/wp-content\/uploads\/2022\/01\/Dunkelblum-scaled.jpg 1588w\" sizes=\"(max-width: 992px) 100vw, 992px\" \/><\/figure><div class=\"wp-block-media-text__content\">\n<p><\/p>\n\n\n\n<p><\/p>\n\n\n\n<p><\/p>\n\n\n\n<p><\/p>\n\n\n\n<p><\/p>\n\n\n\n<p><\/p>\n\n\n\n<p><\/p>\n\n\n\n<h3 class=\"wp-block-heading\">Der Sonderpreis &#8222;Arbeitswelten &#8211; Bildungswelten&#8220; geht an G\u00fcnther Sandner und Boris Ginner f\u00fcr ihr Buch &#8222;Emanzipatorische Bildung &#8211; Wege aus der sozialen Ungleichheit&#8220;. Der Anerkennungspreis wird heuer zweifach vergeben. Natascha Strobl erh\u00e4lt ihn f\u00fcr ihre Schrift &#8222;Radikalisierter Konservatismus &#8211; Eine Analyse&#8220;, Osama Abu El Hosna f\u00fcr sein Buch &#8222;Wie wir nicht sind &#8211; Mein Pl\u00e4doyer gegen Vorurteile&#8220;. <\/h3>\n<\/div><\/div>\n\n\n\n<p>Seit 1993 wird im Sinne des Lebenswerks Bruno Kreiskys (SP\u00d6) politische Literatur ausgezeichnet, die f\u00fcr Freiheit, Gleichheit, soziale Gerechtigkeit, Solidarit\u00e4t und Toleranz einsteht. Der Bruno-Kreisky-Preis f\u00fcr das Politische Buch wird j\u00e4hrlich vom Karl-Renner-Institut in Zusammenarbeit mit dem sozialdemokratischen Parlamentsklub und der sozialdemokratischen Bildungsorganisation verliehen. Die Preisverleihungen finden im ersten Halbjahr 2022 in Wien statt.<\/p>\n\n\n\n<p>Kultur Online TV<\/p>\n\n\n\n<p>#medien #kunst #kultur #news #literatur<\/p>\n","protected":false},"excerpt":{"rendered":"<p>Der Bruno-Kreisky-Preis f\u00fcr das Politische Buch des Jahres 2021 geht an Eva Menasse f\u00fcr ihren Roman &#8222;Dunkelblum&#8220; Bei dem Werk, das sich an das Massaker von Rechnitz vom M\u00e4rz 1945 anhand des Verschweigens, Vergessens und Verdr\u00e4ngens der Menschen im fiktiven Ort Dunkelblum ann\u00e4hert, handle es sich um ein &#8222;Meisterwerk&#8220;, teilte das Karl-Renner-Institut in einer Aussendung [&hellip;]<\/p>\n","protected":false},"author":2,"featured_media":18405,"comment_status":"closed","ping_status":"closed","sticky":false,"template":"","format":"standard","meta":{"_acf_changed":false,"footnotes":""},"categories":[133],"tags":[],"class_list":["post-18401","post","type-post","status-publish","format-standard","has-post-thumbnail","hentry","category-literatur"],"acf":[],"yoast_head":"<!-- This site is optimized with the Yoast SEO plugin v26.1.1 - https:\/\/yoast.com\/wordpress\/plugins\/seo\/ -->\n<title>Eva Menasse erh\u00e4lt Bruno-Kreisky-Preis 2021 - Kultur Online TV &amp; FM<\/title>\n<meta name=\"description\" content=\"Kultur sehen und H\u00f6ren\" \/>\n<meta name=\"robots\" content=\"index, follow, max-snippet:-1, max-image-preview:large, max-video-preview:-1\" \/>\n<link rel=\"canonical\" href=\"https:\/\/kulturonline.tv\/at\/eva-menasse-erhaelt-bruno-kreisky-preis-2021\/\" \/>\n<meta property=\"og:locale\" content=\"de_DE\" \/>\n<meta property=\"og:type\" content=\"article\" \/>\n<meta property=\"og:title\" content=\"Eva Menasse erh\u00e4lt Bruno-Kreisky-Preis 2021 - Kultur Online TV &amp; FM\" \/>\n<meta property=\"og:description\" content=\"Kultur sehen und H\u00f6ren\" \/>\n<meta property=\"og:url\" content=\"https:\/\/kulturonline.tv\/at\/eva-menasse-erhaelt-bruno-kreisky-preis-2021\/\" \/>\n<meta property=\"og:site_name\" content=\"Kultur Online TV &amp; FM\" \/>\n<meta property=\"article:publisher\" content=\"https:\/\/www.facebook.com\/kulturonline.tv\" \/>\n<meta property=\"article:published_time\" content=\"2022-01-03T06:37:58+00:00\" \/>\n<meta property=\"og:image\" content=\"https:\/\/kulturonline.tv\/wp-content\/uploads\/2022\/01\/Eva-Menasse-edited.jpg\" \/>\n\t<meta property=\"og:image:width\" content=\"992\" \/>\n\t<meta property=\"og:image:height\" content=\"557\" \/>\n\t<meta property=\"og:image:type\" content=\"image\/jpeg\" \/>\n<meta name=\"author\" content=\"guenter.wolfgang\" \/>\n<meta name=\"twitter:card\" content=\"summary_large_image\" \/>\n<meta name=\"twitter:label1\" content=\"Verfasst von\" \/>\n\t<meta name=\"twitter:data1\" content=\"guenter.wolfgang\" \/>\n\t<meta name=\"twitter:label2\" content=\"Gesch\u00e4tzte Lesezeit\" \/>\n\t<meta name=\"twitter:data2\" content=\"2 Minuten\" \/>\n<script type=\"application\/ld+json\" class=\"yoast-schema-graph\">{\"@context\":\"https:\/\/schema.org\",\"@graph\":[{\"@type\":\"Article\",\"@id\":\"https:\/\/kulturonline.tv\/at\/eva-menasse-erhaelt-bruno-kreisky-preis-2021\/#article\",\"isPartOf\":{\"@id\":\"https:\/\/kulturonline.tv\/at\/eva-menasse-erhaelt-bruno-kreisky-preis-2021\/\"},\"author\":{\"name\":\"guenter.wolfgang\",\"@id\":\"https:\/\/kulturonline.tv\/at\/#\/schema\/person\/b0fac729bb9a0c193fb1df23449df4fe\"},\"headline\":\"Eva Menasse erh\u00e4lt Bruno-Kreisky-Preis 2021\",\"datePublished\":\"2022-01-03T06:37:58+00:00\",\"mainEntityOfPage\":{\"@id\":\"https:\/\/kulturonline.tv\/at\/eva-menasse-erhaelt-bruno-kreisky-preis-2021\/\"},\"wordCount\":297,\"publisher\":{\"@id\":\"https:\/\/kulturonline.tv\/at\/#organization\"},\"image\":{\"@id\":\"https:\/\/kulturonline.tv\/at\/eva-menasse-erhaelt-bruno-kreisky-preis-2021\/#primaryimage\"},\"thumbnailUrl\":\"https:\/\/kulturonline.tv\/wp-content\/uploads\/2022\/01\/Eva-Menasse-edited.jpg\",\"articleSection\":[\"Literatur\"],\"inLanguage\":\"de-AT\"},{\"@type\":\"WebPage\",\"@id\":\"https:\/\/kulturonline.tv\/at\/eva-menasse-erhaelt-bruno-kreisky-preis-2021\/\",\"url\":\"https:\/\/kulturonline.tv\/at\/eva-menasse-erhaelt-bruno-kreisky-preis-2021\/\",\"name\":\"Eva Menasse erh\u00e4lt Bruno-Kreisky-Preis 2021 - Kultur Online TV &amp; FM\",\"isPartOf\":{\"@id\":\"https:\/\/kulturonline.tv\/at\/#website\"},\"primaryImageOfPage\":{\"@id\":\"https:\/\/kulturonline.tv\/at\/eva-menasse-erhaelt-bruno-kreisky-preis-2021\/#primaryimage\"},\"image\":{\"@id\":\"https:\/\/kulturonline.tv\/at\/eva-menasse-erhaelt-bruno-kreisky-preis-2021\/#primaryimage\"},\"thumbnailUrl\":\"https:\/\/kulturonline.tv\/wp-content\/uploads\/2022\/01\/Eva-Menasse-edited.jpg\",\"datePublished\":\"2022-01-03T06:37:58+00:00\",\"description\":\"Kultur sehen und H\u00f6ren\",\"breadcrumb\":{\"@id\":\"https:\/\/kulturonline.tv\/at\/eva-menasse-erhaelt-bruno-kreisky-preis-2021\/#breadcrumb\"},\"inLanguage\":\"de-AT\",\"potentialAction\":[{\"@type\":\"ReadAction\",\"target\":[\"https:\/\/kulturonline.tv\/at\/eva-menasse-erhaelt-bruno-kreisky-preis-2021\/\"]}]},{\"@type\":\"ImageObject\",\"inLanguage\":\"de-AT\",\"@id\":\"https:\/\/kulturonline.tv\/at\/eva-menasse-erhaelt-bruno-kreisky-preis-2021\/#primaryimage\",\"url\":\"https:\/\/kulturonline.tv\/wp-content\/uploads\/2022\/01\/Eva-Menasse-edited.jpg\",\"contentUrl\":\"https:\/\/kulturonline.tv\/wp-content\/uploads\/2022\/01\/Eva-Menasse-edited.jpg\",\"width\":992,\"height\":557},{\"@type\":\"BreadcrumbList\",\"@id\":\"https:\/\/kulturonline.tv\/at\/eva-menasse-erhaelt-bruno-kreisky-preis-2021\/#breadcrumb\",\"itemListElement\":[{\"@type\":\"ListItem\",\"position\":1,\"name\":\"Startseite\",\"item\":\"https:\/\/kulturonline.tv\/at\/\"},{\"@type\":\"ListItem\",\"position\":2,\"name\":\"Eva Menasse erh\u00e4lt Bruno-Kreisky-Preis 2021\"}]},{\"@type\":\"WebSite\",\"@id\":\"https:\/\/kulturonline.tv\/at\/#website\",\"url\":\"https:\/\/kulturonline.tv\/at\/\",\"name\":\"Kultur Online TV &amp; FM\",\"description\":\"Wir sind Kultur 2.0 zum sehen &amp; h\u00f6ren\",\"publisher\":{\"@id\":\"https:\/\/kulturonline.tv\/at\/#organization\"},\"potentialAction\":[{\"@type\":\"SearchAction\",\"target\":{\"@type\":\"EntryPoint\",\"urlTemplate\":\"https:\/\/kulturonline.tv\/at\/?s={search_term_string}\"},\"query-input\":{\"@type\":\"PropertyValueSpecification\",\"valueRequired\":true,\"valueName\":\"search_term_string\"}}],\"inLanguage\":\"de-AT\"},{\"@type\":\"Organization\",\"@id\":\"https:\/\/kulturonline.tv\/at\/#organization\",\"name\":\"Kultur Online TV\",\"url\":\"https:\/\/kulturonline.tv\/at\/\",\"logo\":{\"@type\":\"ImageObject\",\"inLanguage\":\"de-AT\",\"@id\":\"https:\/\/kulturonline.tv\/at\/#\/schema\/logo\/image\/\",\"url\":\"https:\/\/kulturonline.tv\/wp-content\/uploads\/2021\/08\/Kultur-Online-Tv-Logo-Endversion-neu.png\",\"contentUrl\":\"https:\/\/kulturonline.tv\/wp-content\/uploads\/2021\/08\/Kultur-Online-Tv-Logo-Endversion-neu.png\",\"width\":200,\"height\":200,\"caption\":\"Kultur Online TV\"},\"image\":{\"@id\":\"https:\/\/kulturonline.tv\/at\/#\/schema\/logo\/image\/\"},\"sameAs\":[\"https:\/\/www.facebook.com\/kulturonline.tv\",\"https:\/\/www.instagram.com\/kulturonline.tv\"]},{\"@type\":\"Person\",\"@id\":\"https:\/\/kulturonline.tv\/at\/#\/schema\/person\/b0fac729bb9a0c193fb1df23449df4fe\",\"name\":\"guenter.wolfgang\"}]}<\/script>\n<!-- \/ Yoast SEO plugin. -->","yoast_head_json":{"title":"Eva Menasse erh\u00e4lt Bruno-Kreisky-Preis 2021 - Kultur Online TV &amp; FM","description":"Kultur sehen und H\u00f6ren","robots":{"index":"index","follow":"follow","max-snippet":"max-snippet:-1","max-image-preview":"max-image-preview:large","max-video-preview":"max-video-preview:-1"},"canonical":"https:\/\/kulturonline.tv\/at\/eva-menasse-erhaelt-bruno-kreisky-preis-2021\/","og_locale":"de_DE","og_type":"article","og_title":"Eva Menasse erh\u00e4lt Bruno-Kreisky-Preis 2021 - Kultur Online TV &amp; FM","og_description":"Kultur sehen und H\u00f6ren","og_url":"https:\/\/kulturonline.tv\/at\/eva-menasse-erhaelt-bruno-kreisky-preis-2021\/","og_site_name":"Kultur Online TV &amp; FM","article_publisher":"https:\/\/www.facebook.com\/kulturonline.tv","article_published_time":"2022-01-03T06:37:58+00:00","og_image":[{"width":992,"height":557,"url":"https:\/\/kulturonline.tv\/wp-content\/uploads\/2022\/01\/Eva-Menasse-edited.jpg","type":"image\/jpeg"}],"author":"guenter.wolfgang","twitter_card":"summary_large_image","twitter_misc":{"Verfasst von":"guenter.wolfgang","Gesch\u00e4tzte Lesezeit":"2 Minuten"},"schema":{"@context":"https:\/\/schema.org","@graph":[{"@type":"Article","@id":"https:\/\/kulturonline.tv\/at\/eva-menasse-erhaelt-bruno-kreisky-preis-2021\/#article","isPartOf":{"@id":"https:\/\/kulturonline.tv\/at\/eva-menasse-erhaelt-bruno-kreisky-preis-2021\/"},"author":{"name":"guenter.wolfgang","@id":"https:\/\/kulturonline.tv\/at\/#\/schema\/person\/b0fac729bb9a0c193fb1df23449df4fe"},"headline":"Eva Menasse erh\u00e4lt Bruno-Kreisky-Preis 2021","datePublished":"2022-01-03T06:37:58+00:00","mainEntityOfPage":{"@id":"https:\/\/kulturonline.tv\/at\/eva-menasse-erhaelt-bruno-kreisky-preis-2021\/"},"wordCount":297,"publisher":{"@id":"https:\/\/kulturonline.tv\/at\/#organization"},"image":{"@id":"https:\/\/kulturonline.tv\/at\/eva-menasse-erhaelt-bruno-kreisky-preis-2021\/#primaryimage"},"thumbnailUrl":"https:\/\/kulturonline.tv\/wp-content\/uploads\/2022\/01\/Eva-Menasse-edited.jpg","articleSection":["Literatur"],"inLanguage":"de-AT"},{"@type":"WebPage","@id":"https:\/\/kulturonline.tv\/at\/eva-menasse-erhaelt-bruno-kreisky-preis-2021\/","url":"https:\/\/kulturonline.tv\/at\/eva-menasse-erhaelt-bruno-kreisky-preis-2021\/","name":"Eva Menasse erh\u00e4lt Bruno-Kreisky-Preis 2021 - Kultur Online TV &amp; FM","isPartOf":{"@id":"https:\/\/kulturonline.tv\/at\/#website"},"primaryImageOfPage":{"@id":"https:\/\/kulturonline.tv\/at\/eva-menasse-erhaelt-bruno-kreisky-preis-2021\/#primaryimage"},"image":{"@id":"https:\/\/kulturonline.tv\/at\/eva-menasse-erhaelt-bruno-kreisky-preis-2021\/#primaryimage"},"thumbnailUrl":"https:\/\/kulturonline.tv\/wp-content\/uploads\/2022\/01\/Eva-Menasse-edited.jpg","datePublished":"2022-01-03T06:37:58+00:00","description":"Kultur sehen und H\u00f6ren","breadcrumb":{"@id":"https:\/\/kulturonline.tv\/at\/eva-menasse-erhaelt-bruno-kreisky-preis-2021\/#breadcrumb"},"inLanguage":"de-AT","potentialAction":[{"@type":"ReadAction","target":["https:\/\/kulturonline.tv\/at\/eva-menasse-erhaelt-bruno-kreisky-preis-2021\/"]}]},{"@type":"ImageObject","inLanguage":"de-AT","@id":"https:\/\/kulturonline.tv\/at\/eva-menasse-erhaelt-bruno-kreisky-preis-2021\/#primaryimage","url":"https:\/\/kulturonline.tv\/wp-content\/uploads\/2022\/01\/Eva-Menasse-edited.jpg","contentUrl":"https:\/\/kulturonline.tv\/wp-content\/uploads\/2022\/01\/Eva-Menasse-edited.jpg","width":992,"height":557},{"@type":"BreadcrumbList","@id":"https:\/\/kulturonline.tv\/at\/eva-menasse-erhaelt-bruno-kreisky-preis-2021\/#breadcrumb","itemListElement":[{"@type":"ListItem","position":1,"name":"Startseite","item":"https:\/\/kulturonline.tv\/at\/"},{"@type":"ListItem","position":2,"name":"Eva Menasse erh\u00e4lt Bruno-Kreisky-Preis 2021"}]},{"@type":"WebSite","@id":"https:\/\/kulturonline.tv\/at\/#website","url":"https:\/\/kulturonline.tv\/at\/","name":"Kultur Online TV &amp; FM","description":"Wir sind Kultur 2.0 zum sehen &amp; h\u00f6ren","publisher":{"@id":"https:\/\/kulturonline.tv\/at\/#organization"},"potentialAction":[{"@type":"SearchAction","target":{"@type":"EntryPoint","urlTemplate":"https:\/\/kulturonline.tv\/at\/?s={search_term_string}"},"query-input":{"@type":"PropertyValueSpecification","valueRequired":true,"valueName":"search_term_string"}}],"inLanguage":"de-AT"},{"@type":"Organization","@id":"https:\/\/kulturonline.tv\/at\/#organization","name":"Kultur Online TV","url":"https:\/\/kulturonline.tv\/at\/","logo":{"@type":"ImageObject","inLanguage":"de-AT","@id":"https:\/\/kulturonline.tv\/at\/#\/schema\/logo\/image\/","url":"https:\/\/kulturonline.tv\/wp-content\/uploads\/2021\/08\/Kultur-Online-Tv-Logo-Endversion-neu.png","contentUrl":"https:\/\/kulturonline.tv\/wp-content\/uploads\/2021\/08\/Kultur-Online-Tv-Logo-Endversion-neu.png","width":200,"height":200,"caption":"Kultur Online TV"},"image":{"@id":"https:\/\/kulturonline.tv\/at\/#\/schema\/logo\/image\/"},"sameAs":["https:\/\/www.facebook.com\/kulturonline.tv","https:\/\/www.instagram.com\/kulturonline.tv"]},{"@type":"Person","@id":"https:\/\/kulturonline.tv\/at\/#\/schema\/person\/b0fac729bb9a0c193fb1df23449df4fe","name":"guenter.wolfgang"}]}},"_links":{"self":[{"href":"https:\/\/kulturonline.tv\/at\/wp-json\/wp\/v2\/posts\/18401","targetHints":{"allow":["GET"]}}],"collection":[{"href":"https:\/\/kulturonline.tv\/at\/wp-json\/wp\/v2\/posts"}],"about":[{"href":"https:\/\/kulturonline.tv\/at\/wp-json\/wp\/v2\/types\/post"}],"author":[{"embeddable":true,"href":"https:\/\/kulturonline.tv\/at\/wp-json\/wp\/v2\/users\/2"}],"replies":[{"embeddable":true,"href":"https:\/\/kulturonline.tv\/at\/wp-json\/wp\/v2\/comments?post=18401"}],"version-history":[{"count":0,"href":"https:\/\/kulturonline.tv\/at\/wp-json\/wp\/v2\/posts\/18401\/revisions"}],"wp:featuredmedia":[{"embeddable":true,"href":"https:\/\/kulturonline.tv\/at\/wp-json\/wp\/v2\/media\/18405"}],"wp:attachment":[{"href":"https:\/\/kulturonline.tv\/at\/wp-json\/wp\/v2\/media?parent=18401"}],"wp:term":[{"taxonomy":"category","embeddable":true,"href":"https:\/\/kulturonline.tv\/at\/wp-json\/wp\/v2\/categories?post=18401"},{"taxonomy":"post_tag","embeddable":true,"href":"https:\/\/kulturonline.tv\/at\/wp-json\/wp\/v2\/tags?post=18401"}],"curies":[{"name":"wp","href":"https:\/\/api.w.org\/{rel}","templated":true}]}}