{"id":20174,"date":"2022-01-20T08:35:34","date_gmt":"2022-01-20T07:35:34","guid":{"rendered":"https:\/\/kulturonline.tv\/?p=20174"},"modified":"2022-01-20T08:35:36","modified_gmt":"2022-01-20T07:35:36","slug":"hoedlmoser-autor-reinhard-p-gruber-feiert-75-geburtstag","status":"publish","type":"post","link":"https:\/\/kulturonline.tv\/at\/hoedlmoser-autor-reinhard-p-gruber-feiert-75-geburtstag\/","title":{"rendered":"&#8222;H\u00f6dlmoser&#8220;-Autor Reinhard P. Gruber feiert 75. Geburtstag"},"content":{"rendered":"\n<p><strong>Reinhard P. Gruber hat eine literarische Figur geschaffen, die mit zu den prominentesten Steirern z\u00e4hlt: den &#8222;H\u00f6dlmoser&#8220;<\/strong><\/p>\n\n\n\n<figure class=\"wp-block-image size-full\"><img fetchpriority=\"high\" decoding=\"async\" width=\"1280\" height=\"720\" src=\"https:\/\/kulturonline.tv\/wp-content\/uploads\/2022\/01\/Hoedlmoser-Kultur-Online-TV.jpg\" alt=\"\" class=\"wp-image-20176\" srcset=\"https:\/\/kulturonline.tv\/wp-content\/uploads\/2022\/01\/Hoedlmoser-Kultur-Online-TV.jpg 1280w, https:\/\/kulturonline.tv\/wp-content\/uploads\/2022\/01\/Hoedlmoser-Kultur-Online-TV-600x338.jpg 600w, https:\/\/kulturonline.tv\/wp-content\/uploads\/2022\/01\/Hoedlmoser-Kultur-Online-TV-800x450.jpg 800w, https:\/\/kulturonline.tv\/wp-content\/uploads\/2022\/01\/Hoedlmoser-Kultur-Online-TV-768x432.jpg 768w\" sizes=\"(max-width: 1280px) 100vw, 1280px\" \/><\/figure>\n\n\n\n<p>In den folgenden Werken widmete er sich fast allen Genres: Romane, Erz\u00e4hlungen, Theaterst\u00fccke, ein steirisches Musical, Essays, Comics, Gedichte, ein Kinder- sowie ein Koch- und ein W\u00f6rterbuch. Am heutigen Donnerstag feiert der Schriftsteller, der mit kritischen Blick und viel Ironie Heimatbegriff und gesellschaftliche Zust\u00e4nde hinterfragt, 75. Geburtstag.<\/p>\n\n\n\n<p>&#8222;Steirerblut ist kein Himbeersaft&#8220; hei\u00dft es in dem 1973 im Residenz Verlag erschienenen Roman &#8222;Aus dem Leben H\u00f6dlmosers&#8220;. Mit dieser Satire, in dessen Mittelpunkt ein Obersteirer mit Hang zu Gewalt, stark ausgelebter Sexualit\u00e4t und Alkoholismus steht, hat Reinhard P. Gruber seinen literarischen Durchbruch geschafft. In ihm hat der aus der Obersteiermark stammende, damals 26-j\u00e4hrige Student der Theologie und Philosophie gegen das angestaubte Genre des Heimatromans angeschrieben und emotional und ideologisch aufgeladene Heimat-Diskurse ins L\u00e4cherliche gezogen.<\/p>\n\n\n\n<p>Die parodistisch-satirische Grundausrichtung seines Schreibens trat schon mit seinem Deb\u00fct &#8222;Alles \u00fcber Windm\u00fchlen&#8220; (1971) zutage. In diesem Traktat \u00fcber u. a &#8222;die windlose landschaft und ihre prinzipien den windm\u00fchlen gegen\u00fcber&#8220; nimmt der damals 24-J\u00e4hrige Wissenschaftsdiskurse satirisch aufs Korn. Die Sprach- und Wissenschaftskritik, die Anfang der 1970er-Jahre bei den jungen Autoren der &#8222;Grazer Gruppe&#8220; eine zentrale Rolle spielte, war auch bei Gruber ein Hintergrund, wie Daniela Bartens und Gerhard Fuchs &#8211; die Herausgeber des im Grazer Droschl-Verlag erschienenen Dossier-Bandes zu Reinhard P. Gruber &#8211; schon 2011 zusammenfassten.<\/p>\n\n\n\n<p>&#8222;Die verschiedenen wirklichkeiten, die mit verschiedenen sprachen erlernt werden, m\u00fcssen l\u00e4cherlich gemacht werden, zerst\u00f6rt werden &#8211; um zu zeigen, da\u00df die sprache, die die herstellerin dieser wirklichkeiten ist, keine sicherheiten bieten kann, blo\u00df fiktive wirklichkeiten erzeugen kann&#8220;, fordert er in einem undatierten Typoskript aus dem Vorlass im Besitz des Landes Steiermark. &#8222;Die Heimat ist dort zuhause, wo ich wohne. Wenn ich sie verlasse, ist sie allein&#8220;, unterminierte er beispielsweise in &#8222;Vollst\u00e4ndige Beschreibung der Welt und Umgebung&#8220; (2002) g\u00e4ngige Heimatkonzepte. Der Grazer Germanist Kurt Bartsch hat auf ihn in diesem Zusammenhang den Begriff &#8222;Heimatentheoretiker&#8220; zugeschrieben.<\/p>\n\n\n\n<p>Zuspitzung, \u00dcbertreibung, Sprachspielerei und das parodistische Spiel mit Textsorten und Gattungen waren von Beginn an die Stilmittel von Reinhard P. Gruber, dessen Lebensweg vom obersteirischen Fohnsdorf \u00fcber Wien und Graz schlie\u00dflich in die Weststeiermark bei Stainz f\u00fchrte. Diese Region rund um die Schilcher-Weinstra\u00dfe wurde immer wieder Schauplatz seiner Satire. Neben dem &#8222;H\u00f6dlmoser&#8220; machte ihn das &#8222;Schilcher-ABC&#8220; (1988) zu einem viel gelesenen Autor. Mit u. a. &#8222;Heimatlos &#8211; eine steirische Wirtshausoper in einem steirischen Rausch&#8220; (1985) und der &#8222;Geierwally&#8220; (1996) re\u00fcssierte er auch als B\u00fchnenautor.<\/p>\n\n\n\n<figure class=\"wp-block-embed is-type-video is-provider-youtube wp-block-embed-youtube wp-embed-aspect-16-9 wp-has-aspect-ratio\"><div class=\"wp-block-embed__wrapper\">\nhttps:\/\/www.youtube.com\/watch?v=0SIupJ-nd5c\n<\/div><\/figure>\n\n\n\n<p>Neben den in \u00fcber 30 Jahren publizierten Romanen, Erz\u00e4hlungen, Essays, Glossen und Gedichten findet sich auch ein Kinderbuch (&#8222;Fritz das Schaf&#8220;). Daneben hat Gruber &#8222;Asterix und der Avernerschild&#8220; und &#8222;Asterix bei den Olympischen Spielen&#8220; in die steirische Mundart \u00fcbersetzt. Er hat ein &#8222;Piefke-W\u00f6rterbuch&#8220; (2006) und ein Comic \u00fcber den Schilcherwein (&#8222;Der Schilcherkrieg&#8220;, 2009) vorgelegt und mit &#8222;Einfach essen!&#8220; (2010) ein &#8222;Kochbuch f\u00fcr harte Zeiten&#8220; geschrieben. In ihm hat er neben Rezepten auch seine Gedanken \u00fcber das Kochen, die K\u00fcche, den Hunger und die Globalisierung festgehalten.<\/p>\n\n\n\n<p>Neben weiteren Auszeichnungen wurde Gruber der &#8222;manuskripte&#8220;-Preis (1995) sowie der \u00d6sterreichische W\u00fcrdigungspreis f\u00fcr Literatur (2002) zuteil. 1997 wechselte Gruber vom Salzburger Residenzverlag zum Grazer Droschl-Verlag, der seither auch sukzessive sein Gesamtwerk neu verlegt. Bereits 2011 hat der Verlag einen Materialien-Band zum Autor in seiner &#8222;Dossier&#8220;-Reihe pr\u00e4sentiert.<\/p>\n\n\n\n<p>In seinem vorerst letzten Band &#8222;Anders denken&#8220; (2020) ist der Sprachwitz und die Ironie in den Hintergrund getreten: In ihm prangerte er unter anderem Gier und Luxus, die Ignoranz gegen\u00fcber der Klimaerw\u00e4rmung wie auch die Ausbeutung der Menschen durch Arbeit und \u00d6konomie an, schrieb aber auch von der Sehnsucht nach Solidarit\u00e4t und schlug neue Wege des Denkens und Handelns vor. &#8222;Der Kampf ums \u00dcberleben &#8211; das ist geblieben vom gloriosen Fortschritt, von der Wissenschaft, der Technik, vom Kapitalismus. An die Wand gefahren, die Systeme des Wachstums. Jetzt muss aber noch eine Wende kommen: nicht nur der \u00dcberlebenskampf steht vor uns, das \u00dcbrigbleiben als Dahinvegetierende, sondern ein \u00dcberleben, das sich auch auszahlt, f\u00fcr das es zu k\u00e4mpfen gilt: das \u00dcberleben in Freiheit. (\u2026) Nicht ein \u00dcberleben brauchen wir, sondern ein Leben mit Sinn&#8220;, liest man da sehr ernste Worte.<\/p>\n\n\n\n<p>Gruber verbringt seinen Alltag vor allem unter der sch\u00f6nen Adresse &#8222;Wald-S\u00fcd&#8220; in der weststeirischen Gemeinde Stainz. Zu den t\u00e4glichen Gewohnheiten z\u00e4hlen Spazierg\u00e4nge mit dem Hund und die Beobachtung der Weltlage auf verschiedenen Kan\u00e4len. Diese rege ihn aktuell &#8222;nicht zum Schreiben an, sondern vielmehr auf. Es wird immer banaler, die Herausforderungen liegen auf der Hand, doch die Politik weltweit reagiert nicht&#8220;, wie er im Gespr\u00e4ch mit der APA sagte.<\/p>\n\n\n\n<p>Wer ihn vormittags anruft, kann im Hintergrund durchaus auch klassische Musik zu Geh\u00f6r bekommen: &#8222;In der Studentenzeit habe ich mich sehr mit Jazz besch\u00e4ftigt und die klassische Musik ausgeklammert, das versuche ich jetzt nachzuholen&#8220;, so Gruber, der dazu durchaus auch l\u00e4ngere Wege zu Konzerten in die Landeshauptstadt in Kauf nimmt. Den Geburtstag will er &#8222;ohne gro\u00dfe Feierlichkeiten&#8220; verbringen: &#8222;Ich freue mich sehr, dass ich ihn erlebe, aber ich habe keine Lust ihn gro\u00df zu feiern und werde ihn im famili\u00e4ren Kreis zubringen&#8220;, verriet der Schriftsteller.<\/p>\n\n\n\n<p>Reinhard Peter Gruber wurde am 20. J\u00e4nner 1947 als Sohn eines Bergarbeiters im obersteirischen Fohnsdorf geboren. Nach der Matura studierte er 1966 bis 1973 Theologie und Philosophie an der Uni Wien, brach das Studium aber ab. Von 1974 bis 1977 arbeitete er als Kulturjournalist in Graz. Seit 1978 lebt er in der Weststeiermark bei Stainz. Gruber ist Vater eines 33-j\u00e4hrigen Sohnes und einer 50-j\u00e4hrigen Tochter.<\/p>\n\n\n\n<p>2009 hat das Land Steiermark den Vorlass mit Verlagskorrespondenzen, Briefen und Manuskripten gekauft. Er befindet sich am Franz-Nabl-Institut f\u00fcr Literaturforschung an der Universit\u00e4t Graz.<\/p>\n\n\n\n<p>Kultur Online TV<\/p>\n\n\n\n<p>#literatur #news <\/p>\n","protected":false},"excerpt":{"rendered":"<p>Reinhard P. Gruber hat eine literarische Figur geschaffen, die mit zu den prominentesten Steirern z\u00e4hlt: den &#8222;H\u00f6dlmoser&#8220; In den folgenden Werken widmete er sich fast allen Genres: Romane, Erz\u00e4hlungen, Theaterst\u00fccke, ein steirisches Musical, Essays, Comics, Gedichte, ein Kinder- sowie ein Koch- und ein W\u00f6rterbuch. Am heutigen Donnerstag feiert der Schriftsteller, der mit kritischen Blick und [&hellip;]<\/p>\n","protected":false},"author":2,"featured_media":20176,"comment_status":"closed","ping_status":"closed","sticky":false,"template":"","format":"standard","meta":{"_acf_changed":false,"footnotes":""},"categories":[133],"tags":[],"class_list":["post-20174","post","type-post","status-publish","format-standard","has-post-thumbnail","hentry","category-literatur"],"acf":[],"yoast_head":"<!-- This site is optimized with the Yoast SEO plugin v26.1.1 - https:\/\/yoast.com\/wordpress\/plugins\/seo\/ -->\n<title>&quot;H\u00f6dlmoser&quot;-Autor Reinhard P. Gruber feiert 75. Geburtstag - Kultur Online TV &amp; FM<\/title>\n<meta name=\"description\" content=\"Kultur sehen und H\u00f6ren\" \/>\n<meta name=\"robots\" content=\"index, follow, max-snippet:-1, max-image-preview:large, max-video-preview:-1\" \/>\n<link rel=\"canonical\" href=\"https:\/\/kulturonline.tv\/at\/hoedlmoser-autor-reinhard-p-gruber-feiert-75-geburtstag\/\" \/>\n<meta property=\"og:locale\" content=\"de_DE\" \/>\n<meta property=\"og:type\" content=\"article\" \/>\n<meta property=\"og:title\" content=\"&quot;H\u00f6dlmoser&quot;-Autor Reinhard P. Gruber feiert 75. Geburtstag - Kultur Online TV &amp; FM\" \/>\n<meta property=\"og:description\" content=\"Kultur sehen und H\u00f6ren\" \/>\n<meta property=\"og:url\" content=\"https:\/\/kulturonline.tv\/at\/hoedlmoser-autor-reinhard-p-gruber-feiert-75-geburtstag\/\" \/>\n<meta property=\"og:site_name\" content=\"Kultur Online TV &amp; FM\" \/>\n<meta property=\"article:publisher\" content=\"https:\/\/www.facebook.com\/kulturonline.tv\" \/>\n<meta property=\"article:published_time\" content=\"2022-01-20T07:35:34+00:00\" \/>\n<meta property=\"article:modified_time\" content=\"2022-01-20T07:35:36+00:00\" \/>\n<meta property=\"og:image\" content=\"https:\/\/kulturonline.tv\/wp-content\/uploads\/2022\/01\/Hoedlmoser-Kultur-Online-TV.jpg\" \/>\n\t<meta property=\"og:image:width\" content=\"1280\" \/>\n\t<meta property=\"og:image:height\" content=\"720\" \/>\n\t<meta property=\"og:image:type\" content=\"image\/jpeg\" \/>\n<meta name=\"author\" content=\"guenter.wolfgang\" \/>\n<meta name=\"twitter:card\" content=\"summary_large_image\" \/>\n<meta name=\"twitter:label1\" content=\"Verfasst von\" \/>\n\t<meta name=\"twitter:data1\" content=\"guenter.wolfgang\" \/>\n\t<meta name=\"twitter:label2\" content=\"Gesch\u00e4tzte Lesezeit\" \/>\n\t<meta name=\"twitter:data2\" content=\"6 Minuten\" \/>\n<script type=\"application\/ld+json\" class=\"yoast-schema-graph\">{\"@context\":\"https:\/\/schema.org\",\"@graph\":[{\"@type\":\"Article\",\"@id\":\"https:\/\/kulturonline.tv\/at\/hoedlmoser-autor-reinhard-p-gruber-feiert-75-geburtstag\/#article\",\"isPartOf\":{\"@id\":\"https:\/\/kulturonline.tv\/at\/hoedlmoser-autor-reinhard-p-gruber-feiert-75-geburtstag\/\"},\"author\":{\"name\":\"guenter.wolfgang\",\"@id\":\"https:\/\/kulturonline.tv\/at\/#\/schema\/person\/b0fac729bb9a0c193fb1df23449df4fe\"},\"headline\":\"&#8222;H\u00f6dlmoser&#8220;-Autor Reinhard P. Gruber feiert 75. Geburtstag\",\"datePublished\":\"2022-01-20T07:35:34+00:00\",\"dateModified\":\"2022-01-20T07:35:36+00:00\",\"mainEntityOfPage\":{\"@id\":\"https:\/\/kulturonline.tv\/at\/hoedlmoser-autor-reinhard-p-gruber-feiert-75-geburtstag\/\"},\"wordCount\":967,\"publisher\":{\"@id\":\"https:\/\/kulturonline.tv\/at\/#organization\"},\"image\":{\"@id\":\"https:\/\/kulturonline.tv\/at\/hoedlmoser-autor-reinhard-p-gruber-feiert-75-geburtstag\/#primaryimage\"},\"thumbnailUrl\":\"https:\/\/kulturonline.tv\/wp-content\/uploads\/2022\/01\/Hoedlmoser-Kultur-Online-TV.jpg\",\"articleSection\":[\"Literatur\"],\"inLanguage\":\"de-AT\"},{\"@type\":\"WebPage\",\"@id\":\"https:\/\/kulturonline.tv\/at\/hoedlmoser-autor-reinhard-p-gruber-feiert-75-geburtstag\/\",\"url\":\"https:\/\/kulturonline.tv\/at\/hoedlmoser-autor-reinhard-p-gruber-feiert-75-geburtstag\/\",\"name\":\"\\\"H\u00f6dlmoser\\\"-Autor Reinhard P. Gruber feiert 75. Geburtstag - Kultur Online TV &amp; FM\",\"isPartOf\":{\"@id\":\"https:\/\/kulturonline.tv\/at\/#website\"},\"primaryImageOfPage\":{\"@id\":\"https:\/\/kulturonline.tv\/at\/hoedlmoser-autor-reinhard-p-gruber-feiert-75-geburtstag\/#primaryimage\"},\"image\":{\"@id\":\"https:\/\/kulturonline.tv\/at\/hoedlmoser-autor-reinhard-p-gruber-feiert-75-geburtstag\/#primaryimage\"},\"thumbnailUrl\":\"https:\/\/kulturonline.tv\/wp-content\/uploads\/2022\/01\/Hoedlmoser-Kultur-Online-TV.jpg\",\"datePublished\":\"2022-01-20T07:35:34+00:00\",\"dateModified\":\"2022-01-20T07:35:36+00:00\",\"description\":\"Kultur sehen und H\u00f6ren\",\"breadcrumb\":{\"@id\":\"https:\/\/kulturonline.tv\/at\/hoedlmoser-autor-reinhard-p-gruber-feiert-75-geburtstag\/#breadcrumb\"},\"inLanguage\":\"de-AT\",\"potentialAction\":[{\"@type\":\"ReadAction\",\"target\":[\"https:\/\/kulturonline.tv\/at\/hoedlmoser-autor-reinhard-p-gruber-feiert-75-geburtstag\/\"]}]},{\"@type\":\"ImageObject\",\"inLanguage\":\"de-AT\",\"@id\":\"https:\/\/kulturonline.tv\/at\/hoedlmoser-autor-reinhard-p-gruber-feiert-75-geburtstag\/#primaryimage\",\"url\":\"https:\/\/kulturonline.tv\/wp-content\/uploads\/2022\/01\/Hoedlmoser-Kultur-Online-TV.jpg\",\"contentUrl\":\"https:\/\/kulturonline.tv\/wp-content\/uploads\/2022\/01\/Hoedlmoser-Kultur-Online-TV.jpg\",\"width\":1280,\"height\":720},{\"@type\":\"BreadcrumbList\",\"@id\":\"https:\/\/kulturonline.tv\/at\/hoedlmoser-autor-reinhard-p-gruber-feiert-75-geburtstag\/#breadcrumb\",\"itemListElement\":[{\"@type\":\"ListItem\",\"position\":1,\"name\":\"Startseite\",\"item\":\"https:\/\/kulturonline.tv\/at\/\"},{\"@type\":\"ListItem\",\"position\":2,\"name\":\"&#8222;H\u00f6dlmoser&#8220;-Autor Reinhard P. Gruber feiert 75. Geburtstag\"}]},{\"@type\":\"WebSite\",\"@id\":\"https:\/\/kulturonline.tv\/at\/#website\",\"url\":\"https:\/\/kulturonline.tv\/at\/\",\"name\":\"Kultur Online TV &amp; FM\",\"description\":\"Wir sind Kultur 2.0 zum sehen &amp; h\u00f6ren\",\"publisher\":{\"@id\":\"https:\/\/kulturonline.tv\/at\/#organization\"},\"potentialAction\":[{\"@type\":\"SearchAction\",\"target\":{\"@type\":\"EntryPoint\",\"urlTemplate\":\"https:\/\/kulturonline.tv\/at\/?s={search_term_string}\"},\"query-input\":{\"@type\":\"PropertyValueSpecification\",\"valueRequired\":true,\"valueName\":\"search_term_string\"}}],\"inLanguage\":\"de-AT\"},{\"@type\":\"Organization\",\"@id\":\"https:\/\/kulturonline.tv\/at\/#organization\",\"name\":\"Kultur Online TV\",\"url\":\"https:\/\/kulturonline.tv\/at\/\",\"logo\":{\"@type\":\"ImageObject\",\"inLanguage\":\"de-AT\",\"@id\":\"https:\/\/kulturonline.tv\/at\/#\/schema\/logo\/image\/\",\"url\":\"https:\/\/kulturonline.tv\/wp-content\/uploads\/2021\/08\/Kultur-Online-Tv-Logo-Endversion-neu.png\",\"contentUrl\":\"https:\/\/kulturonline.tv\/wp-content\/uploads\/2021\/08\/Kultur-Online-Tv-Logo-Endversion-neu.png\",\"width\":200,\"height\":200,\"caption\":\"Kultur Online TV\"},\"image\":{\"@id\":\"https:\/\/kulturonline.tv\/at\/#\/schema\/logo\/image\/\"},\"sameAs\":[\"https:\/\/www.facebook.com\/kulturonline.tv\",\"https:\/\/www.instagram.com\/kulturonline.tv\"]},{\"@type\":\"Person\",\"@id\":\"https:\/\/kulturonline.tv\/at\/#\/schema\/person\/b0fac729bb9a0c193fb1df23449df4fe\",\"name\":\"guenter.wolfgang\"}]}<\/script>\n<!-- \/ Yoast SEO plugin. -->","yoast_head_json":{"title":"\"H\u00f6dlmoser\"-Autor Reinhard P. Gruber feiert 75. Geburtstag - Kultur Online TV &amp; FM","description":"Kultur sehen und H\u00f6ren","robots":{"index":"index","follow":"follow","max-snippet":"max-snippet:-1","max-image-preview":"max-image-preview:large","max-video-preview":"max-video-preview:-1"},"canonical":"https:\/\/kulturonline.tv\/at\/hoedlmoser-autor-reinhard-p-gruber-feiert-75-geburtstag\/","og_locale":"de_DE","og_type":"article","og_title":"\"H\u00f6dlmoser\"-Autor Reinhard P. Gruber feiert 75. Geburtstag - Kultur Online TV &amp; FM","og_description":"Kultur sehen und H\u00f6ren","og_url":"https:\/\/kulturonline.tv\/at\/hoedlmoser-autor-reinhard-p-gruber-feiert-75-geburtstag\/","og_site_name":"Kultur Online TV &amp; FM","article_publisher":"https:\/\/www.facebook.com\/kulturonline.tv","article_published_time":"2022-01-20T07:35:34+00:00","article_modified_time":"2022-01-20T07:35:36+00:00","og_image":[{"width":1280,"height":720,"url":"https:\/\/kulturonline.tv\/wp-content\/uploads\/2022\/01\/Hoedlmoser-Kultur-Online-TV.jpg","type":"image\/jpeg"}],"author":"guenter.wolfgang","twitter_card":"summary_large_image","twitter_misc":{"Verfasst von":"guenter.wolfgang","Gesch\u00e4tzte Lesezeit":"6 Minuten"},"schema":{"@context":"https:\/\/schema.org","@graph":[{"@type":"Article","@id":"https:\/\/kulturonline.tv\/at\/hoedlmoser-autor-reinhard-p-gruber-feiert-75-geburtstag\/#article","isPartOf":{"@id":"https:\/\/kulturonline.tv\/at\/hoedlmoser-autor-reinhard-p-gruber-feiert-75-geburtstag\/"},"author":{"name":"guenter.wolfgang","@id":"https:\/\/kulturonline.tv\/at\/#\/schema\/person\/b0fac729bb9a0c193fb1df23449df4fe"},"headline":"&#8222;H\u00f6dlmoser&#8220;-Autor Reinhard P. Gruber feiert 75. Geburtstag","datePublished":"2022-01-20T07:35:34+00:00","dateModified":"2022-01-20T07:35:36+00:00","mainEntityOfPage":{"@id":"https:\/\/kulturonline.tv\/at\/hoedlmoser-autor-reinhard-p-gruber-feiert-75-geburtstag\/"},"wordCount":967,"publisher":{"@id":"https:\/\/kulturonline.tv\/at\/#organization"},"image":{"@id":"https:\/\/kulturonline.tv\/at\/hoedlmoser-autor-reinhard-p-gruber-feiert-75-geburtstag\/#primaryimage"},"thumbnailUrl":"https:\/\/kulturonline.tv\/wp-content\/uploads\/2022\/01\/Hoedlmoser-Kultur-Online-TV.jpg","articleSection":["Literatur"],"inLanguage":"de-AT"},{"@type":"WebPage","@id":"https:\/\/kulturonline.tv\/at\/hoedlmoser-autor-reinhard-p-gruber-feiert-75-geburtstag\/","url":"https:\/\/kulturonline.tv\/at\/hoedlmoser-autor-reinhard-p-gruber-feiert-75-geburtstag\/","name":"\"H\u00f6dlmoser\"-Autor Reinhard P. Gruber feiert 75. Geburtstag - Kultur Online TV &amp; FM","isPartOf":{"@id":"https:\/\/kulturonline.tv\/at\/#website"},"primaryImageOfPage":{"@id":"https:\/\/kulturonline.tv\/at\/hoedlmoser-autor-reinhard-p-gruber-feiert-75-geburtstag\/#primaryimage"},"image":{"@id":"https:\/\/kulturonline.tv\/at\/hoedlmoser-autor-reinhard-p-gruber-feiert-75-geburtstag\/#primaryimage"},"thumbnailUrl":"https:\/\/kulturonline.tv\/wp-content\/uploads\/2022\/01\/Hoedlmoser-Kultur-Online-TV.jpg","datePublished":"2022-01-20T07:35:34+00:00","dateModified":"2022-01-20T07:35:36+00:00","description":"Kultur sehen und H\u00f6ren","breadcrumb":{"@id":"https:\/\/kulturonline.tv\/at\/hoedlmoser-autor-reinhard-p-gruber-feiert-75-geburtstag\/#breadcrumb"},"inLanguage":"de-AT","potentialAction":[{"@type":"ReadAction","target":["https:\/\/kulturonline.tv\/at\/hoedlmoser-autor-reinhard-p-gruber-feiert-75-geburtstag\/"]}]},{"@type":"ImageObject","inLanguage":"de-AT","@id":"https:\/\/kulturonline.tv\/at\/hoedlmoser-autor-reinhard-p-gruber-feiert-75-geburtstag\/#primaryimage","url":"https:\/\/kulturonline.tv\/wp-content\/uploads\/2022\/01\/Hoedlmoser-Kultur-Online-TV.jpg","contentUrl":"https:\/\/kulturonline.tv\/wp-content\/uploads\/2022\/01\/Hoedlmoser-Kultur-Online-TV.jpg","width":1280,"height":720},{"@type":"BreadcrumbList","@id":"https:\/\/kulturonline.tv\/at\/hoedlmoser-autor-reinhard-p-gruber-feiert-75-geburtstag\/#breadcrumb","itemListElement":[{"@type":"ListItem","position":1,"name":"Startseite","item":"https:\/\/kulturonline.tv\/at\/"},{"@type":"ListItem","position":2,"name":"&#8222;H\u00f6dlmoser&#8220;-Autor Reinhard P. Gruber feiert 75. Geburtstag"}]},{"@type":"WebSite","@id":"https:\/\/kulturonline.tv\/at\/#website","url":"https:\/\/kulturonline.tv\/at\/","name":"Kultur Online TV &amp; FM","description":"Wir sind Kultur 2.0 zum sehen &amp; h\u00f6ren","publisher":{"@id":"https:\/\/kulturonline.tv\/at\/#organization"},"potentialAction":[{"@type":"SearchAction","target":{"@type":"EntryPoint","urlTemplate":"https:\/\/kulturonline.tv\/at\/?s={search_term_string}"},"query-input":{"@type":"PropertyValueSpecification","valueRequired":true,"valueName":"search_term_string"}}],"inLanguage":"de-AT"},{"@type":"Organization","@id":"https:\/\/kulturonline.tv\/at\/#organization","name":"Kultur Online TV","url":"https:\/\/kulturonline.tv\/at\/","logo":{"@type":"ImageObject","inLanguage":"de-AT","@id":"https:\/\/kulturonline.tv\/at\/#\/schema\/logo\/image\/","url":"https:\/\/kulturonline.tv\/wp-content\/uploads\/2021\/08\/Kultur-Online-Tv-Logo-Endversion-neu.png","contentUrl":"https:\/\/kulturonline.tv\/wp-content\/uploads\/2021\/08\/Kultur-Online-Tv-Logo-Endversion-neu.png","width":200,"height":200,"caption":"Kultur Online TV"},"image":{"@id":"https:\/\/kulturonline.tv\/at\/#\/schema\/logo\/image\/"},"sameAs":["https:\/\/www.facebook.com\/kulturonline.tv","https:\/\/www.instagram.com\/kulturonline.tv"]},{"@type":"Person","@id":"https:\/\/kulturonline.tv\/at\/#\/schema\/person\/b0fac729bb9a0c193fb1df23449df4fe","name":"guenter.wolfgang"}]}},"_links":{"self":[{"href":"https:\/\/kulturonline.tv\/at\/wp-json\/wp\/v2\/posts\/20174","targetHints":{"allow":["GET"]}}],"collection":[{"href":"https:\/\/kulturonline.tv\/at\/wp-json\/wp\/v2\/posts"}],"about":[{"href":"https:\/\/kulturonline.tv\/at\/wp-json\/wp\/v2\/types\/post"}],"author":[{"embeddable":true,"href":"https:\/\/kulturonline.tv\/at\/wp-json\/wp\/v2\/users\/2"}],"replies":[{"embeddable":true,"href":"https:\/\/kulturonline.tv\/at\/wp-json\/wp\/v2\/comments?post=20174"}],"version-history":[{"count":0,"href":"https:\/\/kulturonline.tv\/at\/wp-json\/wp\/v2\/posts\/20174\/revisions"}],"wp:featuredmedia":[{"embeddable":true,"href":"https:\/\/kulturonline.tv\/at\/wp-json\/wp\/v2\/media\/20176"}],"wp:attachment":[{"href":"https:\/\/kulturonline.tv\/at\/wp-json\/wp\/v2\/media?parent=20174"}],"wp:term":[{"taxonomy":"category","embeddable":true,"href":"https:\/\/kulturonline.tv\/at\/wp-json\/wp\/v2\/categories?post=20174"},{"taxonomy":"post_tag","embeddable":true,"href":"https:\/\/kulturonline.tv\/at\/wp-json\/wp\/v2\/tags?post=20174"}],"curies":[{"name":"wp","href":"https:\/\/api.w.org\/{rel}","templated":true}]}}