{"id":20194,"date":"2022-01-21T06:18:27","date_gmt":"2022-01-21T05:18:27","guid":{"rendered":"https:\/\/kulturonline.tv\/?p=20194"},"modified":"2022-01-21T06:18:29","modified_gmt":"2022-01-21T05:18:29","slug":"martin-suter-schrieb-roman-ueber-fussballer-schweinsteiger","status":"publish","type":"post","link":"https:\/\/kulturonline.tv\/at\/martin-suter-schrieb-roman-ueber-fussballer-schweinsteiger\/","title":{"rendered":"Martin Suter schrieb Roman \u00fcber Fu\u00dfballer Schweinsteiger"},"content":{"rendered":"\n<p><strong>Der Fu\u00dfball liefert oft den besten Stoff f\u00fcr Romane. Der Schweizer Autor Martin Suter hat sich dies zu Herzen genommen und einen biografischen Roman \u00fcber das Leben des deutschen Ex-Fu\u00dfballers Bastian Schweinsteiger geschrieben.<\/strong><\/p>\n\n\n\n<figure class=\"wp-block-image size-full is-resized\"><img fetchpriority=\"high\" decoding=\"async\" src=\"https:\/\/kulturonline.tv\/wp-content\/uploads\/2022\/01\/kultur-online-tv-10.jpg\" alt=\"\" class=\"wp-image-20196\" width=\"839\" height=\"471\" srcset=\"https:\/\/kulturonline.tv\/wp-content\/uploads\/2022\/01\/kultur-online-tv-10.jpg 600w, https:\/\/kulturonline.tv\/wp-content\/uploads\/2022\/01\/kultur-online-tv-10-416x234.jpg 416w\" sizes=\"(max-width: 839px) 100vw, 839px\" \/><\/figure>\n\n\n\n<p>Roman bedeutet, dass die Ereignisse, die darin vorkommen, auch frei erdacht sein d\u00fcrfen&#8220;, scheibt Suter im Vorwort. \u00c4hnlichkeiten mit Personen oder \u00dcbereinstimmungen von Namen realer Personen seien zuf\u00e4llig. Dieses Andichten sei &#8222;freundlich gemeint&#8220;.<\/p>\n\n\n\n<p>Der Schriftsteller schreibt sonst \u00fcber einen rosaroten Elefanten, der in der Dunkelheit leuchtet (&#8222;Elefant&#8220;) oder im Roman &#8222;Die dunkle Seite des Mondes&#8220; \u00fcber einen Anwalt, der nach der Einnahme halluzinogener Pilze zum M\u00f6rder wird. Bekannt sind auch seine f\u00fcr die ARD verfilmten &#8222;Allmen&#8220;-Krimis. Sportlerbiografien bewegen sich auf einem anderen Terrain, lesen sich oft \u00e4hnlich, haben teils die gleichen Autoren, deren Visitenkarten in der Fu\u00dfball-Blase herumgereicht werden. Die Einzigartigkeit des Projekts ist ihm zugutezuhalten. Aber ist er der Vermischung der Genres gerecht geworden?<\/p>\n\n\n\n<p>Die erfolgreiche Karriere des geb\u00fcrtigen Oberbayern Schweinsteiger begann beim Dorfverein FV Oberaudorf und endete 2019 beim US-Club Chicago Fire. Dazwischen holte er in 342 Bundesliga-Partien acht Deutsche Meisterschaften mit dem FC Bayern M\u00fcnchen, den Titel in der Champions League 2013, und er gewann 2014 die Weltmeisterschaft mit der deutschen Nationalmannschaft. Schweinsteiger sei h\u00e4ufig um Erlaubnis f\u00fcr eine autorisierte Biografie gebeten worden, doch er habe immer abgesagt. Als ein Freund von Suter geschw\u00e4rmt habe, sei er neugierig geworden und habe die Idee gut gefunden.<\/p>\n\n\n\n<p>Der Beginn, in dem Episoden aus der Jugend in kurzen Geschichten aneinandergereiht werden, liest sich wie ein Kinderbuch. Bis auf die Anekdote, dass der junge Schweinsteiger &#8211; im Buch oft &#8222;Basti&#8220; genannt &#8211; versehentlich nach dem Seitenwechsel den Ball in einem Jugendspiel ins eigene Tor bugsierte und daraufhin der ganze Sportplatz lachte, bleibt es auf den ersten Seiten recht ereignisarm. Die episodische Erz\u00e4hlform, die viele Geschichten verknappt, d\u00fcrfte Leser fragend zur\u00fccklassen, wenn &#8222;Basti&#8220; in einer kurzen Passage seinem Mitsch\u00fcler schildert, dass nun ein Schaf namens &#8222;Dolly&#8220; geklont wurde.<\/p>\n\n\n\n<p>Der Roman spielt seine St\u00e4rken aus, wenn er beschreibt, wie der damalige Bayern-Trainer Felix Magath Schweinsteiger nicht als Spieler erkannt hat. Es gibt liebensw\u00fcrdige Szenen, wenn er heimlich ein M\u00e4dchen nachts in das Schwimmbad ins FCB-Trainings-Zentrum mitnimmt. Gerade an diesen Stellen kommt die Schlitzohrigkeit des Ex-Profis heraus. Auch die Passage, in der der 29-j\u00e4hrige Schweinsteiger nach dem WM-Finale in ein Loch f\u00e4llt und alleine auf der Terrasse bei einigen Bieren \u00fcber Kinder, seine sportlichen Pl\u00e4ne und die Zukunft mit seiner damaligen Freundin nachdenkt, wirkt sehr eindr\u00fccklich.<\/p>\n\n\n\n<p>Die Schwierigkeiten hat der Roman-Leser wohl am ehesten mit der eigenen Verifizierung der Geschichten. Hardcore-Schweinsteiger-Fans, die zur wichtigsten Zielgruppe des Buchs geh\u00f6ren d\u00fcrften, werden viele Anekdoten und Verweise kennen. Als oberfl\u00e4chlicher Kenner des heute 37-J\u00e4hrigen fragt man sich doch bei der ein oder anderen Passage, ob das wirklich so passiert ist. Obwohl Suter schreibt, dass er den Roman &#8222;faktengetreu, aber mit literarischer Freiheit geschrieben&#8220; hat, zieht sich das Hinterfragen durch das ganze Buch.<\/p>\n\n\n\n<p>Doch es ist nicht nur eine biografische Erz\u00e4hlung \u00fcber das Leben des Fu\u00dfball-Weltmeisters geworden, sondern auch \u00fcber das seiner Frau, der fr\u00fcheren Weltklasse-Tennisspielerin Ana Ivanovi\u0107. Wirklich tiefergehend erlebt man Schweinsteiger erst zum Ende des Romans, wenn das Kennenlernen mit Ivanovi\u0107 beschrieben wird.<\/p>\n\n\n\n<p>Insgesamt fehlt bei den vielen kurzen Ausschnitten der st\u00e4rkere Fokus auf einer Anekdote. F\u00fcr den allgemeinen Fu\u00dfball-Fan w\u00e4ren n\u00e4here Eindr\u00fccke und Beschreibungen Schweinsteigers rund um die vielen Turniere mit der Nationalmannschaft spannend gewesen. Und auch der wohl bitterste Moment, als er 2012 im Champions-League-Finale in der M\u00fcnchener Allianz-Arena den entscheidenden Elfmeter vergeigte und damit Chelsea das Spiel gewann, wird nur recht kurz thematisiert. Reichlich wenig, wenn man bedenkt, dass Schweinsteiger das Erlebnis als den &#8222;dunkelsten Moment&#8220; seiner Karriere bezeichnet.<\/p>\n\n\n\n<p>Kultur Online TV<\/p>\n\n\n\n<p>#literatur #news #kultur<\/p>\n","protected":false},"excerpt":{"rendered":"<p>Der Fu\u00dfball liefert oft den besten Stoff f\u00fcr Romane. Der Schweizer Autor Martin Suter hat sich dies zu Herzen genommen und einen biografischen Roman \u00fcber das Leben des deutschen Ex-Fu\u00dfballers Bastian Schweinsteiger geschrieben. Roman bedeutet, dass die Ereignisse, die darin vorkommen, auch frei erdacht sein d\u00fcrfen&#8220;, scheibt Suter im Vorwort. \u00c4hnlichkeiten mit Personen oder \u00dcbereinstimmungen [&hellip;]<\/p>\n","protected":false},"author":2,"featured_media":20196,"comment_status":"closed","ping_status":"closed","sticky":false,"template":"","format":"standard","meta":{"_acf_changed":false,"footnotes":""},"categories":[133],"tags":[],"class_list":["post-20194","post","type-post","status-publish","format-standard","has-post-thumbnail","hentry","category-literatur"],"acf":[],"yoast_head":"<!-- This site is optimized with the Yoast SEO plugin v26.1.1 - https:\/\/yoast.com\/wordpress\/plugins\/seo\/ -->\n<title>Martin Suter schrieb Roman \u00fcber Fu\u00dfballer Schweinsteiger - Kultur Online TV &amp; FM<\/title>\n<meta name=\"description\" content=\"Kultur sehen und H\u00f6ren\" \/>\n<meta name=\"robots\" content=\"index, follow, max-snippet:-1, max-image-preview:large, max-video-preview:-1\" \/>\n<link rel=\"canonical\" href=\"https:\/\/kulturonline.tv\/at\/martin-suter-schrieb-roman-ueber-fussballer-schweinsteiger\/\" \/>\n<meta property=\"og:locale\" content=\"de_DE\" \/>\n<meta property=\"og:type\" content=\"article\" \/>\n<meta property=\"og:title\" content=\"Martin Suter schrieb Roman \u00fcber Fu\u00dfballer Schweinsteiger - Kultur Online TV &amp; FM\" \/>\n<meta property=\"og:description\" content=\"Kultur sehen und H\u00f6ren\" \/>\n<meta property=\"og:url\" content=\"https:\/\/kulturonline.tv\/at\/martin-suter-schrieb-roman-ueber-fussballer-schweinsteiger\/\" \/>\n<meta property=\"og:site_name\" content=\"Kultur Online TV &amp; FM\" \/>\n<meta property=\"article:publisher\" content=\"https:\/\/www.facebook.com\/kulturonline.tv\" \/>\n<meta property=\"article:published_time\" content=\"2022-01-21T05:18:27+00:00\" \/>\n<meta property=\"article:modified_time\" content=\"2022-01-21T05:18:29+00:00\" \/>\n<meta property=\"og:image\" content=\"https:\/\/kulturonline.tv\/wp-content\/uploads\/2022\/01\/kultur-online-tv-10.jpg\" \/>\n\t<meta property=\"og:image:width\" content=\"600\" \/>\n\t<meta property=\"og:image:height\" content=\"337\" \/>\n\t<meta property=\"og:image:type\" content=\"image\/jpeg\" \/>\n<meta name=\"author\" content=\"guenter.wolfgang\" \/>\n<meta name=\"twitter:card\" content=\"summary_large_image\" \/>\n<meta name=\"twitter:label1\" content=\"Verfasst von\" \/>\n\t<meta name=\"twitter:data1\" content=\"guenter.wolfgang\" \/>\n\t<meta name=\"twitter:label2\" content=\"Gesch\u00e4tzte Lesezeit\" \/>\n\t<meta name=\"twitter:data2\" content=\"4 Minuten\" \/>\n<script type=\"application\/ld+json\" class=\"yoast-schema-graph\">{\"@context\":\"https:\/\/schema.org\",\"@graph\":[{\"@type\":\"Article\",\"@id\":\"https:\/\/kulturonline.tv\/at\/martin-suter-schrieb-roman-ueber-fussballer-schweinsteiger\/#article\",\"isPartOf\":{\"@id\":\"https:\/\/kulturonline.tv\/at\/martin-suter-schrieb-roman-ueber-fussballer-schweinsteiger\/\"},\"author\":{\"name\":\"guenter.wolfgang\",\"@id\":\"https:\/\/kulturonline.tv\/at\/#\/schema\/person\/b0fac729bb9a0c193fb1df23449df4fe\"},\"headline\":\"Martin Suter schrieb Roman \u00fcber Fu\u00dfballer Schweinsteiger\",\"datePublished\":\"2022-01-21T05:18:27+00:00\",\"dateModified\":\"2022-01-21T05:18:29+00:00\",\"mainEntityOfPage\":{\"@id\":\"https:\/\/kulturonline.tv\/at\/martin-suter-schrieb-roman-ueber-fussballer-schweinsteiger\/\"},\"wordCount\":647,\"publisher\":{\"@id\":\"https:\/\/kulturonline.tv\/at\/#organization\"},\"image\":{\"@id\":\"https:\/\/kulturonline.tv\/at\/martin-suter-schrieb-roman-ueber-fussballer-schweinsteiger\/#primaryimage\"},\"thumbnailUrl\":\"https:\/\/kulturonline.tv\/wp-content\/uploads\/2022\/01\/kultur-online-tv-10.jpg\",\"articleSection\":[\"Literatur\"],\"inLanguage\":\"de-AT\"},{\"@type\":\"WebPage\",\"@id\":\"https:\/\/kulturonline.tv\/at\/martin-suter-schrieb-roman-ueber-fussballer-schweinsteiger\/\",\"url\":\"https:\/\/kulturonline.tv\/at\/martin-suter-schrieb-roman-ueber-fussballer-schweinsteiger\/\",\"name\":\"Martin Suter schrieb Roman \u00fcber Fu\u00dfballer Schweinsteiger - Kultur Online TV &amp; FM\",\"isPartOf\":{\"@id\":\"https:\/\/kulturonline.tv\/at\/#website\"},\"primaryImageOfPage\":{\"@id\":\"https:\/\/kulturonline.tv\/at\/martin-suter-schrieb-roman-ueber-fussballer-schweinsteiger\/#primaryimage\"},\"image\":{\"@id\":\"https:\/\/kulturonline.tv\/at\/martin-suter-schrieb-roman-ueber-fussballer-schweinsteiger\/#primaryimage\"},\"thumbnailUrl\":\"https:\/\/kulturonline.tv\/wp-content\/uploads\/2022\/01\/kultur-online-tv-10.jpg\",\"datePublished\":\"2022-01-21T05:18:27+00:00\",\"dateModified\":\"2022-01-21T05:18:29+00:00\",\"description\":\"Kultur sehen und H\u00f6ren\",\"breadcrumb\":{\"@id\":\"https:\/\/kulturonline.tv\/at\/martin-suter-schrieb-roman-ueber-fussballer-schweinsteiger\/#breadcrumb\"},\"inLanguage\":\"de-AT\",\"potentialAction\":[{\"@type\":\"ReadAction\",\"target\":[\"https:\/\/kulturonline.tv\/at\/martin-suter-schrieb-roman-ueber-fussballer-schweinsteiger\/\"]}]},{\"@type\":\"ImageObject\",\"inLanguage\":\"de-AT\",\"@id\":\"https:\/\/kulturonline.tv\/at\/martin-suter-schrieb-roman-ueber-fussballer-schweinsteiger\/#primaryimage\",\"url\":\"https:\/\/kulturonline.tv\/wp-content\/uploads\/2022\/01\/kultur-online-tv-10.jpg\",\"contentUrl\":\"https:\/\/kulturonline.tv\/wp-content\/uploads\/2022\/01\/kultur-online-tv-10.jpg\",\"width\":600,\"height\":337},{\"@type\":\"BreadcrumbList\",\"@id\":\"https:\/\/kulturonline.tv\/at\/martin-suter-schrieb-roman-ueber-fussballer-schweinsteiger\/#breadcrumb\",\"itemListElement\":[{\"@type\":\"ListItem\",\"position\":1,\"name\":\"Startseite\",\"item\":\"https:\/\/kulturonline.tv\/at\/\"},{\"@type\":\"ListItem\",\"position\":2,\"name\":\"Martin Suter schrieb Roman \u00fcber Fu\u00dfballer Schweinsteiger\"}]},{\"@type\":\"WebSite\",\"@id\":\"https:\/\/kulturonline.tv\/at\/#website\",\"url\":\"https:\/\/kulturonline.tv\/at\/\",\"name\":\"Kultur Online TV &amp; FM\",\"description\":\"Wir sind Kultur 2.0 zum sehen &amp; h\u00f6ren\",\"publisher\":{\"@id\":\"https:\/\/kulturonline.tv\/at\/#organization\"},\"potentialAction\":[{\"@type\":\"SearchAction\",\"target\":{\"@type\":\"EntryPoint\",\"urlTemplate\":\"https:\/\/kulturonline.tv\/at\/?s={search_term_string}\"},\"query-input\":{\"@type\":\"PropertyValueSpecification\",\"valueRequired\":true,\"valueName\":\"search_term_string\"}}],\"inLanguage\":\"de-AT\"},{\"@type\":\"Organization\",\"@id\":\"https:\/\/kulturonline.tv\/at\/#organization\",\"name\":\"Kultur Online TV\",\"url\":\"https:\/\/kulturonline.tv\/at\/\",\"logo\":{\"@type\":\"ImageObject\",\"inLanguage\":\"de-AT\",\"@id\":\"https:\/\/kulturonline.tv\/at\/#\/schema\/logo\/image\/\",\"url\":\"https:\/\/kulturonline.tv\/wp-content\/uploads\/2021\/08\/Kultur-Online-Tv-Logo-Endversion-neu.png\",\"contentUrl\":\"https:\/\/kulturonline.tv\/wp-content\/uploads\/2021\/08\/Kultur-Online-Tv-Logo-Endversion-neu.png\",\"width\":200,\"height\":200,\"caption\":\"Kultur Online TV\"},\"image\":{\"@id\":\"https:\/\/kulturonline.tv\/at\/#\/schema\/logo\/image\/\"},\"sameAs\":[\"https:\/\/www.facebook.com\/kulturonline.tv\",\"https:\/\/www.instagram.com\/kulturonline.tv\"]},{\"@type\":\"Person\",\"@id\":\"https:\/\/kulturonline.tv\/at\/#\/schema\/person\/b0fac729bb9a0c193fb1df23449df4fe\",\"name\":\"guenter.wolfgang\"}]}<\/script>\n<!-- \/ Yoast SEO plugin. -->","yoast_head_json":{"title":"Martin Suter schrieb Roman \u00fcber Fu\u00dfballer Schweinsteiger - Kultur Online TV &amp; FM","description":"Kultur sehen und H\u00f6ren","robots":{"index":"index","follow":"follow","max-snippet":"max-snippet:-1","max-image-preview":"max-image-preview:large","max-video-preview":"max-video-preview:-1"},"canonical":"https:\/\/kulturonline.tv\/at\/martin-suter-schrieb-roman-ueber-fussballer-schweinsteiger\/","og_locale":"de_DE","og_type":"article","og_title":"Martin Suter schrieb Roman \u00fcber Fu\u00dfballer Schweinsteiger - Kultur Online TV &amp; FM","og_description":"Kultur sehen und H\u00f6ren","og_url":"https:\/\/kulturonline.tv\/at\/martin-suter-schrieb-roman-ueber-fussballer-schweinsteiger\/","og_site_name":"Kultur Online TV &amp; FM","article_publisher":"https:\/\/www.facebook.com\/kulturonline.tv","article_published_time":"2022-01-21T05:18:27+00:00","article_modified_time":"2022-01-21T05:18:29+00:00","og_image":[{"width":600,"height":337,"url":"https:\/\/kulturonline.tv\/wp-content\/uploads\/2022\/01\/kultur-online-tv-10.jpg","type":"image\/jpeg"}],"author":"guenter.wolfgang","twitter_card":"summary_large_image","twitter_misc":{"Verfasst von":"guenter.wolfgang","Gesch\u00e4tzte Lesezeit":"4 Minuten"},"schema":{"@context":"https:\/\/schema.org","@graph":[{"@type":"Article","@id":"https:\/\/kulturonline.tv\/at\/martin-suter-schrieb-roman-ueber-fussballer-schweinsteiger\/#article","isPartOf":{"@id":"https:\/\/kulturonline.tv\/at\/martin-suter-schrieb-roman-ueber-fussballer-schweinsteiger\/"},"author":{"name":"guenter.wolfgang","@id":"https:\/\/kulturonline.tv\/at\/#\/schema\/person\/b0fac729bb9a0c193fb1df23449df4fe"},"headline":"Martin Suter schrieb Roman \u00fcber Fu\u00dfballer Schweinsteiger","datePublished":"2022-01-21T05:18:27+00:00","dateModified":"2022-01-21T05:18:29+00:00","mainEntityOfPage":{"@id":"https:\/\/kulturonline.tv\/at\/martin-suter-schrieb-roman-ueber-fussballer-schweinsteiger\/"},"wordCount":647,"publisher":{"@id":"https:\/\/kulturonline.tv\/at\/#organization"},"image":{"@id":"https:\/\/kulturonline.tv\/at\/martin-suter-schrieb-roman-ueber-fussballer-schweinsteiger\/#primaryimage"},"thumbnailUrl":"https:\/\/kulturonline.tv\/wp-content\/uploads\/2022\/01\/kultur-online-tv-10.jpg","articleSection":["Literatur"],"inLanguage":"de-AT"},{"@type":"WebPage","@id":"https:\/\/kulturonline.tv\/at\/martin-suter-schrieb-roman-ueber-fussballer-schweinsteiger\/","url":"https:\/\/kulturonline.tv\/at\/martin-suter-schrieb-roman-ueber-fussballer-schweinsteiger\/","name":"Martin Suter schrieb Roman \u00fcber Fu\u00dfballer Schweinsteiger - Kultur Online TV &amp; FM","isPartOf":{"@id":"https:\/\/kulturonline.tv\/at\/#website"},"primaryImageOfPage":{"@id":"https:\/\/kulturonline.tv\/at\/martin-suter-schrieb-roman-ueber-fussballer-schweinsteiger\/#primaryimage"},"image":{"@id":"https:\/\/kulturonline.tv\/at\/martin-suter-schrieb-roman-ueber-fussballer-schweinsteiger\/#primaryimage"},"thumbnailUrl":"https:\/\/kulturonline.tv\/wp-content\/uploads\/2022\/01\/kultur-online-tv-10.jpg","datePublished":"2022-01-21T05:18:27+00:00","dateModified":"2022-01-21T05:18:29+00:00","description":"Kultur sehen und H\u00f6ren","breadcrumb":{"@id":"https:\/\/kulturonline.tv\/at\/martin-suter-schrieb-roman-ueber-fussballer-schweinsteiger\/#breadcrumb"},"inLanguage":"de-AT","potentialAction":[{"@type":"ReadAction","target":["https:\/\/kulturonline.tv\/at\/martin-suter-schrieb-roman-ueber-fussballer-schweinsteiger\/"]}]},{"@type":"ImageObject","inLanguage":"de-AT","@id":"https:\/\/kulturonline.tv\/at\/martin-suter-schrieb-roman-ueber-fussballer-schweinsteiger\/#primaryimage","url":"https:\/\/kulturonline.tv\/wp-content\/uploads\/2022\/01\/kultur-online-tv-10.jpg","contentUrl":"https:\/\/kulturonline.tv\/wp-content\/uploads\/2022\/01\/kultur-online-tv-10.jpg","width":600,"height":337},{"@type":"BreadcrumbList","@id":"https:\/\/kulturonline.tv\/at\/martin-suter-schrieb-roman-ueber-fussballer-schweinsteiger\/#breadcrumb","itemListElement":[{"@type":"ListItem","position":1,"name":"Startseite","item":"https:\/\/kulturonline.tv\/at\/"},{"@type":"ListItem","position":2,"name":"Martin Suter schrieb Roman \u00fcber Fu\u00dfballer Schweinsteiger"}]},{"@type":"WebSite","@id":"https:\/\/kulturonline.tv\/at\/#website","url":"https:\/\/kulturonline.tv\/at\/","name":"Kultur Online TV &amp; FM","description":"Wir sind Kultur 2.0 zum sehen &amp; h\u00f6ren","publisher":{"@id":"https:\/\/kulturonline.tv\/at\/#organization"},"potentialAction":[{"@type":"SearchAction","target":{"@type":"EntryPoint","urlTemplate":"https:\/\/kulturonline.tv\/at\/?s={search_term_string}"},"query-input":{"@type":"PropertyValueSpecification","valueRequired":true,"valueName":"search_term_string"}}],"inLanguage":"de-AT"},{"@type":"Organization","@id":"https:\/\/kulturonline.tv\/at\/#organization","name":"Kultur Online TV","url":"https:\/\/kulturonline.tv\/at\/","logo":{"@type":"ImageObject","inLanguage":"de-AT","@id":"https:\/\/kulturonline.tv\/at\/#\/schema\/logo\/image\/","url":"https:\/\/kulturonline.tv\/wp-content\/uploads\/2021\/08\/Kultur-Online-Tv-Logo-Endversion-neu.png","contentUrl":"https:\/\/kulturonline.tv\/wp-content\/uploads\/2021\/08\/Kultur-Online-Tv-Logo-Endversion-neu.png","width":200,"height":200,"caption":"Kultur Online TV"},"image":{"@id":"https:\/\/kulturonline.tv\/at\/#\/schema\/logo\/image\/"},"sameAs":["https:\/\/www.facebook.com\/kulturonline.tv","https:\/\/www.instagram.com\/kulturonline.tv"]},{"@type":"Person","@id":"https:\/\/kulturonline.tv\/at\/#\/schema\/person\/b0fac729bb9a0c193fb1df23449df4fe","name":"guenter.wolfgang"}]}},"_links":{"self":[{"href":"https:\/\/kulturonline.tv\/at\/wp-json\/wp\/v2\/posts\/20194","targetHints":{"allow":["GET"]}}],"collection":[{"href":"https:\/\/kulturonline.tv\/at\/wp-json\/wp\/v2\/posts"}],"about":[{"href":"https:\/\/kulturonline.tv\/at\/wp-json\/wp\/v2\/types\/post"}],"author":[{"embeddable":true,"href":"https:\/\/kulturonline.tv\/at\/wp-json\/wp\/v2\/users\/2"}],"replies":[{"embeddable":true,"href":"https:\/\/kulturonline.tv\/at\/wp-json\/wp\/v2\/comments?post=20194"}],"version-history":[{"count":0,"href":"https:\/\/kulturonline.tv\/at\/wp-json\/wp\/v2\/posts\/20194\/revisions"}],"wp:featuredmedia":[{"embeddable":true,"href":"https:\/\/kulturonline.tv\/at\/wp-json\/wp\/v2\/media\/20196"}],"wp:attachment":[{"href":"https:\/\/kulturonline.tv\/at\/wp-json\/wp\/v2\/media?parent=20194"}],"wp:term":[{"taxonomy":"category","embeddable":true,"href":"https:\/\/kulturonline.tv\/at\/wp-json\/wp\/v2\/categories?post=20194"},{"taxonomy":"post_tag","embeddable":true,"href":"https:\/\/kulturonline.tv\/at\/wp-json\/wp\/v2\/tags?post=20194"}],"curies":[{"name":"wp","href":"https:\/\/api.w.org\/{rel}","templated":true}]}}