{"id":20199,"date":"2022-01-21T06:18:56","date_gmt":"2022-01-21T05:18:56","guid":{"rendered":"https:\/\/kulturonline.tv\/?p=20199"},"modified":"2022-01-21T06:18:58","modified_gmt":"2022-01-21T05:18:58","slug":"herta-mueller-haelt-festvortrag-bei-erich-fried-tagen","status":"publish","type":"post","link":"https:\/\/kulturonline.tv\/at\/herta-mueller-haelt-festvortrag-bei-erich-fried-tagen\/","title":{"rendered":"Herta M\u00fcller h\u00e4lt Festvortrag bei Erich Fried Tagen"},"content":{"rendered":"\n<p><strong>Das Literaturhaus Wien versteht sich als Ort der Begegnung mit internationaler Literatur, was in den vergangenen zwei Jahren pandemiebedingt nicht immer m\u00f6glich war.<\/strong><\/p>\n\n\n\n<figure class=\"wp-block-image size-full is-resized\"><img fetchpriority=\"high\" decoding=\"async\" src=\"https:\/\/kulturonline.tv\/wp-content\/uploads\/2022\/01\/kultur-2.jpg\" alt=\"\" class=\"wp-image-20201\" width=\"840\" height=\"472\" srcset=\"https:\/\/kulturonline.tv\/wp-content\/uploads\/2022\/01\/kultur-2.jpg 600w, https:\/\/kulturonline.tv\/wp-content\/uploads\/2022\/01\/kultur-2-416x234.jpg 416w\" sizes=\"(max-width: 840px) 100vw, 840px\" \/><\/figure>\n\n\n\n<p>Umso mehr betont das Haus als Veranstalter der Erich Fried Tage, heuer auf eine f\u00fcnft\u00e4gige Pr\u00e4senzveranstaltung (30. M\u00e4rz bis 3. April) zu setzen. Das Motto &#8222;F\u00fcrsprache &amp; Widerworte&#8220; k\u00f6nnte aktueller nicht sein. Mit dabei ist Literaturnobelpreistr\u00e4gerin Herta M\u00fcller, den Erich Fried Preis erh\u00e4lt Frank Witzel.<\/p>\n\n\n\n<p>Das zum 18. Mal stattfindende Literaturfestival versammelt insgesamt 20 internationale Autorinnen und Autoren, M\u00fcllers Festvortrag tr\u00e4gt den Titel &#8222;Vor der T\u00fcr sa\u00df mein Zufall&#8220;, wie es in der Ank\u00fcndigung hei\u00dft. Die eingeladenen G\u00e4ste verbinde allesamt die Auseinandersetzung mit gesellschaftspolitisch relevanten Themen, konkrete Namen wurden aber noch nicht genannt. Nur soviel: &#8222;Zu Wort kommen literarische Advokat<em>innen, die sich in ihrem Werk mit leidenschaftlicher Kraft f\u00fcr ein Anliegen, eine Idee oder eine Vision einsetzen. Ihnen gegen\u00fcber und manchmal auch Seite an Seite, stehen die Gegen-Stimmen: die Kritiker<\/em>innen, die Zweifler<em>innen und die Mahner<\/em>innen.&#8220;<\/p>\n\n\n\n<p>Zum Abschluss des Festivals wird der mit 15.000 Euro dotierte Erich Fried Preis 2021 verliehen. Der alleinige Juror Ingo Schulze hat den deutschen Autor Frank Witzel (&#8222;Die Erfindung der Roten Armee Fraktion durch einen manisch-depressiven Teenager im Sommer 1969&#8220;, Matthes und Seitz) zum Preistr\u00e4ger ernannt. Bereits zum vierten Mal findet im Rahmen der Erich Fried Tage auch ein gro\u00df angelegter Literaturwettbewerb an \u00f6sterreichischen Schulen statt: Unter dem Titel &#8222;Eine Stadt von Morgen&#8220; k\u00f6nnen noch bis 4. Februar Gedichte, Kurzerz\u00e4hlungen, Fragmente oder auch Collagen eingereicht werden.<\/p>\n\n\n\n<p>Kultur Online TV<\/p>\n\n\n\n<p>#news #kunst #kultur <\/p>\n","protected":false},"excerpt":{"rendered":"<p>Das Literaturhaus Wien versteht sich als Ort der Begegnung mit internationaler Literatur, was in den vergangenen zwei Jahren pandemiebedingt nicht immer m\u00f6glich war. Umso mehr betont das Haus als Veranstalter der Erich Fried Tage, heuer auf eine f\u00fcnft\u00e4gige Pr\u00e4senzveranstaltung (30. M\u00e4rz bis 3. April) zu setzen. Das Motto &#8222;F\u00fcrsprache &amp; Widerworte&#8220; k\u00f6nnte aktueller nicht sein. [&hellip;]<\/p>\n","protected":false},"author":2,"featured_media":20201,"comment_status":"closed","ping_status":"closed","sticky":false,"template":"","format":"standard","meta":{"_acf_changed":false,"footnotes":""},"categories":[133],"tags":[],"class_list":["post-20199","post","type-post","status-publish","format-standard","has-post-thumbnail","hentry","category-literatur"],"acf":[],"yoast_head":"<!-- This site is optimized with the Yoast SEO plugin v26.1.1 - https:\/\/yoast.com\/wordpress\/plugins\/seo\/ -->\n<title>Herta M\u00fcller h\u00e4lt Festvortrag bei Erich Fried Tagen - Kultur Online TV &amp; FM<\/title>\n<meta name=\"description\" content=\"Kultur sehen und H\u00f6ren\" \/>\n<meta name=\"robots\" content=\"index, follow, max-snippet:-1, max-image-preview:large, max-video-preview:-1\" \/>\n<link rel=\"canonical\" href=\"https:\/\/kulturonline.tv\/at\/herta-mueller-haelt-festvortrag-bei-erich-fried-tagen\/\" \/>\n<meta property=\"og:locale\" content=\"de_DE\" \/>\n<meta property=\"og:type\" content=\"article\" \/>\n<meta property=\"og:title\" content=\"Herta M\u00fcller h\u00e4lt Festvortrag bei Erich Fried Tagen - Kultur Online TV &amp; FM\" \/>\n<meta property=\"og:description\" content=\"Kultur sehen und H\u00f6ren\" \/>\n<meta property=\"og:url\" content=\"https:\/\/kulturonline.tv\/at\/herta-mueller-haelt-festvortrag-bei-erich-fried-tagen\/\" \/>\n<meta property=\"og:site_name\" content=\"Kultur Online TV &amp; FM\" \/>\n<meta property=\"article:publisher\" content=\"https:\/\/www.facebook.com\/kulturonline.tv\" \/>\n<meta property=\"article:published_time\" content=\"2022-01-21T05:18:56+00:00\" \/>\n<meta property=\"article:modified_time\" content=\"2022-01-21T05:18:58+00:00\" \/>\n<meta property=\"og:image\" content=\"https:\/\/kulturonline.tv\/wp-content\/uploads\/2022\/01\/kultur-2.jpg\" \/>\n\t<meta property=\"og:image:width\" content=\"600\" \/>\n\t<meta property=\"og:image:height\" content=\"337\" \/>\n\t<meta property=\"og:image:type\" content=\"image\/jpeg\" \/>\n<meta name=\"author\" content=\"guenter.wolfgang\" \/>\n<meta name=\"twitter:card\" content=\"summary_large_image\" \/>\n<meta name=\"twitter:label1\" content=\"Verfasst von\" \/>\n\t<meta name=\"twitter:data1\" content=\"guenter.wolfgang\" \/>\n\t<meta name=\"twitter:label2\" content=\"Gesch\u00e4tzte Lesezeit\" \/>\n\t<meta name=\"twitter:data2\" content=\"2 Minuten\" \/>\n<script type=\"application\/ld+json\" class=\"yoast-schema-graph\">{\"@context\":\"https:\/\/schema.org\",\"@graph\":[{\"@type\":\"Article\",\"@id\":\"https:\/\/kulturonline.tv\/at\/herta-mueller-haelt-festvortrag-bei-erich-fried-tagen\/#article\",\"isPartOf\":{\"@id\":\"https:\/\/kulturonline.tv\/at\/herta-mueller-haelt-festvortrag-bei-erich-fried-tagen\/\"},\"author\":{\"name\":\"guenter.wolfgang\",\"@id\":\"https:\/\/kulturonline.tv\/at\/#\/schema\/person\/b0fac729bb9a0c193fb1df23449df4fe\"},\"headline\":\"Herta M\u00fcller h\u00e4lt Festvortrag bei Erich Fried Tagen\",\"datePublished\":\"2022-01-21T05:18:56+00:00\",\"dateModified\":\"2022-01-21T05:18:58+00:00\",\"mainEntityOfPage\":{\"@id\":\"https:\/\/kulturonline.tv\/at\/herta-mueller-haelt-festvortrag-bei-erich-fried-tagen\/\"},\"wordCount\":272,\"publisher\":{\"@id\":\"https:\/\/kulturonline.tv\/at\/#organization\"},\"image\":{\"@id\":\"https:\/\/kulturonline.tv\/at\/herta-mueller-haelt-festvortrag-bei-erich-fried-tagen\/#primaryimage\"},\"thumbnailUrl\":\"https:\/\/kulturonline.tv\/wp-content\/uploads\/2022\/01\/kultur-2.jpg\",\"articleSection\":[\"Literatur\"],\"inLanguage\":\"de-AT\"},{\"@type\":\"WebPage\",\"@id\":\"https:\/\/kulturonline.tv\/at\/herta-mueller-haelt-festvortrag-bei-erich-fried-tagen\/\",\"url\":\"https:\/\/kulturonline.tv\/at\/herta-mueller-haelt-festvortrag-bei-erich-fried-tagen\/\",\"name\":\"Herta M\u00fcller h\u00e4lt Festvortrag bei Erich Fried Tagen - Kultur Online TV &amp; FM\",\"isPartOf\":{\"@id\":\"https:\/\/kulturonline.tv\/at\/#website\"},\"primaryImageOfPage\":{\"@id\":\"https:\/\/kulturonline.tv\/at\/herta-mueller-haelt-festvortrag-bei-erich-fried-tagen\/#primaryimage\"},\"image\":{\"@id\":\"https:\/\/kulturonline.tv\/at\/herta-mueller-haelt-festvortrag-bei-erich-fried-tagen\/#primaryimage\"},\"thumbnailUrl\":\"https:\/\/kulturonline.tv\/wp-content\/uploads\/2022\/01\/kultur-2.jpg\",\"datePublished\":\"2022-01-21T05:18:56+00:00\",\"dateModified\":\"2022-01-21T05:18:58+00:00\",\"description\":\"Kultur sehen und H\u00f6ren\",\"breadcrumb\":{\"@id\":\"https:\/\/kulturonline.tv\/at\/herta-mueller-haelt-festvortrag-bei-erich-fried-tagen\/#breadcrumb\"},\"inLanguage\":\"de-AT\",\"potentialAction\":[{\"@type\":\"ReadAction\",\"target\":[\"https:\/\/kulturonline.tv\/at\/herta-mueller-haelt-festvortrag-bei-erich-fried-tagen\/\"]}]},{\"@type\":\"ImageObject\",\"inLanguage\":\"de-AT\",\"@id\":\"https:\/\/kulturonline.tv\/at\/herta-mueller-haelt-festvortrag-bei-erich-fried-tagen\/#primaryimage\",\"url\":\"https:\/\/kulturonline.tv\/wp-content\/uploads\/2022\/01\/kultur-2.jpg\",\"contentUrl\":\"https:\/\/kulturonline.tv\/wp-content\/uploads\/2022\/01\/kultur-2.jpg\",\"width\":600,\"height\":337},{\"@type\":\"BreadcrumbList\",\"@id\":\"https:\/\/kulturonline.tv\/at\/herta-mueller-haelt-festvortrag-bei-erich-fried-tagen\/#breadcrumb\",\"itemListElement\":[{\"@type\":\"ListItem\",\"position\":1,\"name\":\"Startseite\",\"item\":\"https:\/\/kulturonline.tv\/at\/\"},{\"@type\":\"ListItem\",\"position\":2,\"name\":\"Herta M\u00fcller h\u00e4lt Festvortrag bei Erich Fried Tagen\"}]},{\"@type\":\"WebSite\",\"@id\":\"https:\/\/kulturonline.tv\/at\/#website\",\"url\":\"https:\/\/kulturonline.tv\/at\/\",\"name\":\"Kultur Online TV &amp; FM\",\"description\":\"Wir sind Kultur 2.0 zum sehen &amp; h\u00f6ren\",\"publisher\":{\"@id\":\"https:\/\/kulturonline.tv\/at\/#organization\"},\"potentialAction\":[{\"@type\":\"SearchAction\",\"target\":{\"@type\":\"EntryPoint\",\"urlTemplate\":\"https:\/\/kulturonline.tv\/at\/?s={search_term_string}\"},\"query-input\":{\"@type\":\"PropertyValueSpecification\",\"valueRequired\":true,\"valueName\":\"search_term_string\"}}],\"inLanguage\":\"de-AT\"},{\"@type\":\"Organization\",\"@id\":\"https:\/\/kulturonline.tv\/at\/#organization\",\"name\":\"Kultur Online TV\",\"url\":\"https:\/\/kulturonline.tv\/at\/\",\"logo\":{\"@type\":\"ImageObject\",\"inLanguage\":\"de-AT\",\"@id\":\"https:\/\/kulturonline.tv\/at\/#\/schema\/logo\/image\/\",\"url\":\"https:\/\/kulturonline.tv\/wp-content\/uploads\/2021\/08\/Kultur-Online-Tv-Logo-Endversion-neu.png\",\"contentUrl\":\"https:\/\/kulturonline.tv\/wp-content\/uploads\/2021\/08\/Kultur-Online-Tv-Logo-Endversion-neu.png\",\"width\":200,\"height\":200,\"caption\":\"Kultur Online TV\"},\"image\":{\"@id\":\"https:\/\/kulturonline.tv\/at\/#\/schema\/logo\/image\/\"},\"sameAs\":[\"https:\/\/www.facebook.com\/kulturonline.tv\",\"https:\/\/www.instagram.com\/kulturonline.tv\"]},{\"@type\":\"Person\",\"@id\":\"https:\/\/kulturonline.tv\/at\/#\/schema\/person\/b0fac729bb9a0c193fb1df23449df4fe\",\"name\":\"guenter.wolfgang\"}]}<\/script>\n<!-- \/ Yoast SEO plugin. -->","yoast_head_json":{"title":"Herta M\u00fcller h\u00e4lt Festvortrag bei Erich Fried Tagen - Kultur Online TV &amp; FM","description":"Kultur sehen und H\u00f6ren","robots":{"index":"index","follow":"follow","max-snippet":"max-snippet:-1","max-image-preview":"max-image-preview:large","max-video-preview":"max-video-preview:-1"},"canonical":"https:\/\/kulturonline.tv\/at\/herta-mueller-haelt-festvortrag-bei-erich-fried-tagen\/","og_locale":"de_DE","og_type":"article","og_title":"Herta M\u00fcller h\u00e4lt Festvortrag bei Erich Fried Tagen - Kultur Online TV &amp; FM","og_description":"Kultur sehen und H\u00f6ren","og_url":"https:\/\/kulturonline.tv\/at\/herta-mueller-haelt-festvortrag-bei-erich-fried-tagen\/","og_site_name":"Kultur Online TV &amp; FM","article_publisher":"https:\/\/www.facebook.com\/kulturonline.tv","article_published_time":"2022-01-21T05:18:56+00:00","article_modified_time":"2022-01-21T05:18:58+00:00","og_image":[{"width":600,"height":337,"url":"https:\/\/kulturonline.tv\/wp-content\/uploads\/2022\/01\/kultur-2.jpg","type":"image\/jpeg"}],"author":"guenter.wolfgang","twitter_card":"summary_large_image","twitter_misc":{"Verfasst von":"guenter.wolfgang","Gesch\u00e4tzte Lesezeit":"2 Minuten"},"schema":{"@context":"https:\/\/schema.org","@graph":[{"@type":"Article","@id":"https:\/\/kulturonline.tv\/at\/herta-mueller-haelt-festvortrag-bei-erich-fried-tagen\/#article","isPartOf":{"@id":"https:\/\/kulturonline.tv\/at\/herta-mueller-haelt-festvortrag-bei-erich-fried-tagen\/"},"author":{"name":"guenter.wolfgang","@id":"https:\/\/kulturonline.tv\/at\/#\/schema\/person\/b0fac729bb9a0c193fb1df23449df4fe"},"headline":"Herta M\u00fcller h\u00e4lt Festvortrag bei Erich Fried Tagen","datePublished":"2022-01-21T05:18:56+00:00","dateModified":"2022-01-21T05:18:58+00:00","mainEntityOfPage":{"@id":"https:\/\/kulturonline.tv\/at\/herta-mueller-haelt-festvortrag-bei-erich-fried-tagen\/"},"wordCount":272,"publisher":{"@id":"https:\/\/kulturonline.tv\/at\/#organization"},"image":{"@id":"https:\/\/kulturonline.tv\/at\/herta-mueller-haelt-festvortrag-bei-erich-fried-tagen\/#primaryimage"},"thumbnailUrl":"https:\/\/kulturonline.tv\/wp-content\/uploads\/2022\/01\/kultur-2.jpg","articleSection":["Literatur"],"inLanguage":"de-AT"},{"@type":"WebPage","@id":"https:\/\/kulturonline.tv\/at\/herta-mueller-haelt-festvortrag-bei-erich-fried-tagen\/","url":"https:\/\/kulturonline.tv\/at\/herta-mueller-haelt-festvortrag-bei-erich-fried-tagen\/","name":"Herta M\u00fcller h\u00e4lt Festvortrag bei Erich Fried Tagen - Kultur Online TV &amp; FM","isPartOf":{"@id":"https:\/\/kulturonline.tv\/at\/#website"},"primaryImageOfPage":{"@id":"https:\/\/kulturonline.tv\/at\/herta-mueller-haelt-festvortrag-bei-erich-fried-tagen\/#primaryimage"},"image":{"@id":"https:\/\/kulturonline.tv\/at\/herta-mueller-haelt-festvortrag-bei-erich-fried-tagen\/#primaryimage"},"thumbnailUrl":"https:\/\/kulturonline.tv\/wp-content\/uploads\/2022\/01\/kultur-2.jpg","datePublished":"2022-01-21T05:18:56+00:00","dateModified":"2022-01-21T05:18:58+00:00","description":"Kultur sehen und H\u00f6ren","breadcrumb":{"@id":"https:\/\/kulturonline.tv\/at\/herta-mueller-haelt-festvortrag-bei-erich-fried-tagen\/#breadcrumb"},"inLanguage":"de-AT","potentialAction":[{"@type":"ReadAction","target":["https:\/\/kulturonline.tv\/at\/herta-mueller-haelt-festvortrag-bei-erich-fried-tagen\/"]}]},{"@type":"ImageObject","inLanguage":"de-AT","@id":"https:\/\/kulturonline.tv\/at\/herta-mueller-haelt-festvortrag-bei-erich-fried-tagen\/#primaryimage","url":"https:\/\/kulturonline.tv\/wp-content\/uploads\/2022\/01\/kultur-2.jpg","contentUrl":"https:\/\/kulturonline.tv\/wp-content\/uploads\/2022\/01\/kultur-2.jpg","width":600,"height":337},{"@type":"BreadcrumbList","@id":"https:\/\/kulturonline.tv\/at\/herta-mueller-haelt-festvortrag-bei-erich-fried-tagen\/#breadcrumb","itemListElement":[{"@type":"ListItem","position":1,"name":"Startseite","item":"https:\/\/kulturonline.tv\/at\/"},{"@type":"ListItem","position":2,"name":"Herta M\u00fcller h\u00e4lt Festvortrag bei Erich Fried Tagen"}]},{"@type":"WebSite","@id":"https:\/\/kulturonline.tv\/at\/#website","url":"https:\/\/kulturonline.tv\/at\/","name":"Kultur Online TV &amp; FM","description":"Wir sind Kultur 2.0 zum sehen &amp; h\u00f6ren","publisher":{"@id":"https:\/\/kulturonline.tv\/at\/#organization"},"potentialAction":[{"@type":"SearchAction","target":{"@type":"EntryPoint","urlTemplate":"https:\/\/kulturonline.tv\/at\/?s={search_term_string}"},"query-input":{"@type":"PropertyValueSpecification","valueRequired":true,"valueName":"search_term_string"}}],"inLanguage":"de-AT"},{"@type":"Organization","@id":"https:\/\/kulturonline.tv\/at\/#organization","name":"Kultur Online TV","url":"https:\/\/kulturonline.tv\/at\/","logo":{"@type":"ImageObject","inLanguage":"de-AT","@id":"https:\/\/kulturonline.tv\/at\/#\/schema\/logo\/image\/","url":"https:\/\/kulturonline.tv\/wp-content\/uploads\/2021\/08\/Kultur-Online-Tv-Logo-Endversion-neu.png","contentUrl":"https:\/\/kulturonline.tv\/wp-content\/uploads\/2021\/08\/Kultur-Online-Tv-Logo-Endversion-neu.png","width":200,"height":200,"caption":"Kultur Online TV"},"image":{"@id":"https:\/\/kulturonline.tv\/at\/#\/schema\/logo\/image\/"},"sameAs":["https:\/\/www.facebook.com\/kulturonline.tv","https:\/\/www.instagram.com\/kulturonline.tv"]},{"@type":"Person","@id":"https:\/\/kulturonline.tv\/at\/#\/schema\/person\/b0fac729bb9a0c193fb1df23449df4fe","name":"guenter.wolfgang"}]}},"_links":{"self":[{"href":"https:\/\/kulturonline.tv\/at\/wp-json\/wp\/v2\/posts\/20199","targetHints":{"allow":["GET"]}}],"collection":[{"href":"https:\/\/kulturonline.tv\/at\/wp-json\/wp\/v2\/posts"}],"about":[{"href":"https:\/\/kulturonline.tv\/at\/wp-json\/wp\/v2\/types\/post"}],"author":[{"embeddable":true,"href":"https:\/\/kulturonline.tv\/at\/wp-json\/wp\/v2\/users\/2"}],"replies":[{"embeddable":true,"href":"https:\/\/kulturonline.tv\/at\/wp-json\/wp\/v2\/comments?post=20199"}],"version-history":[{"count":0,"href":"https:\/\/kulturonline.tv\/at\/wp-json\/wp\/v2\/posts\/20199\/revisions"}],"wp:featuredmedia":[{"embeddable":true,"href":"https:\/\/kulturonline.tv\/at\/wp-json\/wp\/v2\/media\/20201"}],"wp:attachment":[{"href":"https:\/\/kulturonline.tv\/at\/wp-json\/wp\/v2\/media?parent=20199"}],"wp:term":[{"taxonomy":"category","embeddable":true,"href":"https:\/\/kulturonline.tv\/at\/wp-json\/wp\/v2\/categories?post=20199"},{"taxonomy":"post_tag","embeddable":true,"href":"https:\/\/kulturonline.tv\/at\/wp-json\/wp\/v2\/tags?post=20199"}],"curies":[{"name":"wp","href":"https:\/\/api.w.org\/{rel}","templated":true}]}}