{"id":20253,"date":"2022-01-21T06:13:08","date_gmt":"2022-01-21T05:13:08","guid":{"rendered":"https:\/\/kulturonline.tv\/?p=20253"},"modified":"2022-01-21T06:13:10","modified_gmt":"2022-01-21T05:13:10","slug":"tipp-bodo-kirchhoff-spuert-in-linz-dem-glueck-nach","status":"publish","type":"post","link":"https:\/\/kulturonline.tv\/at\/tipp-bodo-kirchhoff-spuert-in-linz-dem-glueck-nach\/","title":{"rendered":"Tipp: Bodo Kirchhoff sp\u00fcrt in Linz dem Gl\u00fcck nach"},"content":{"rendered":"\n<p>Im Linzer Posthof liest Bodo Kirchhoff am 28. J\u00e4nner aus seinem neuen Roman \u201eBericht zur Lage des Gl\u00fccks\u201c.<\/p>\n\n\n\n<figure class=\"wp-block-image size-full\"><img fetchpriority=\"high\" decoding=\"async\" width=\"994\" height=\"558\" src=\"https:\/\/kulturonline.tv\/wp-content\/uploads\/2022\/01\/Bodo-Kirchhoff.jpg\" alt=\"\" class=\"wp-image-20255\" srcset=\"https:\/\/kulturonline.tv\/wp-content\/uploads\/2022\/01\/Bodo-Kirchhoff.jpg 994w, https:\/\/kulturonline.tv\/wp-content\/uploads\/2022\/01\/Bodo-Kirchhoff-600x337.jpg 600w, https:\/\/kulturonline.tv\/wp-content\/uploads\/2022\/01\/Bodo-Kirchhoff-800x449.jpg 800w, https:\/\/kulturonline.tv\/wp-content\/uploads\/2022\/01\/Bodo-Kirchhoff-768x431.jpg 768w\" sizes=\"(max-width: 994px) 100vw, 994px\" \/><\/figure>\n\n\n\n<p>Was man am meisten liebt, liebt man schon in dem Gef\u00fchl einer Wehmut, des unabwendbaren Endes \u2013 der Tag wird kommen, an dem wir uns aus den Augen verlieren, an dem alles gewesen sein wird, von dem an nur noch die Erinnerung z\u00e4hlt\u201c, schreibt Bodo Kirchoff in seinem neuen Roman \u201eBericht zur Lage des Gl\u00fccks\u201c, aus dem er am 28. 1. (20 Uhr) im Literatursalon im Linzer Posthof liest.<\/p>\n\n\n\n<p>Er erz\u00e4hlt von einem, der auszieht, um das eigene Ungl\u00fcck abzusch\u00fctteln, und der von einer Fremden aus seiner Egosph\u00e4re geholt wird. Vom Hamburger (73) stammen u. a. auch die Romane \u201eDie Liebe in groben Z\u00fcgen\u201c (2012), \u201eVerlangen und Melancholie\u201c (2014) und die mit dem deutschen Buchpreis ausgezeichnete Novelle \u201eWiderfahrnis\u201c (2016).<\/p>\n\n\n\n<p>Kultur Online TV<\/p>\n\n\n\n<p>#news #kunst #literatur #kultur<\/p>\n","protected":false},"excerpt":{"rendered":"<p>Im Linzer Posthof liest Bodo Kirchhoff am 28. J\u00e4nner aus seinem neuen Roman \u201eBericht zur Lage des Gl\u00fccks\u201c. Was man am meisten liebt, liebt man schon in dem Gef\u00fchl einer Wehmut, des unabwendbaren Endes \u2013 der Tag wird kommen, an dem wir uns aus den Augen verlieren, an dem alles gewesen sein wird, von dem [&hellip;]<\/p>\n","protected":false},"author":2,"featured_media":20255,"comment_status":"closed","ping_status":"closed","sticky":false,"template":"","format":"standard","meta":{"_acf_changed":false,"footnotes":""},"categories":[133],"tags":[],"class_list":["post-20253","post","type-post","status-publish","format-standard","has-post-thumbnail","hentry","category-literatur"],"acf":[],"yoast_head":"<!-- This site is optimized with the Yoast SEO plugin v26.1.1 - https:\/\/yoast.com\/wordpress\/plugins\/seo\/ -->\n<title>Tipp: Bodo Kirchhoff sp\u00fcrt in Linz dem Gl\u00fcck nach - Kultur Online TV &amp; FM<\/title>\n<meta name=\"description\" content=\"Kultur sehen und H\u00f6ren\" \/>\n<meta name=\"robots\" content=\"index, follow, max-snippet:-1, max-image-preview:large, max-video-preview:-1\" \/>\n<link rel=\"canonical\" href=\"https:\/\/kulturonline.tv\/at\/tipp-bodo-kirchhoff-spuert-in-linz-dem-glueck-nach\/\" \/>\n<meta property=\"og:locale\" content=\"de_DE\" \/>\n<meta property=\"og:type\" content=\"article\" \/>\n<meta property=\"og:title\" content=\"Tipp: Bodo Kirchhoff sp\u00fcrt in Linz dem Gl\u00fcck nach - Kultur Online TV &amp; FM\" \/>\n<meta property=\"og:description\" content=\"Kultur sehen und H\u00f6ren\" \/>\n<meta property=\"og:url\" content=\"https:\/\/kulturonline.tv\/at\/tipp-bodo-kirchhoff-spuert-in-linz-dem-glueck-nach\/\" \/>\n<meta property=\"og:site_name\" content=\"Kultur Online TV &amp; FM\" \/>\n<meta property=\"article:publisher\" content=\"https:\/\/www.facebook.com\/kulturonline.tv\" \/>\n<meta property=\"article:published_time\" content=\"2022-01-21T05:13:08+00:00\" \/>\n<meta property=\"article:modified_time\" content=\"2022-01-21T05:13:10+00:00\" \/>\n<meta property=\"og:image\" content=\"https:\/\/kulturonline.tv\/wp-content\/uploads\/2022\/01\/Bodo-Kirchhoff.jpg\" \/>\n\t<meta property=\"og:image:width\" content=\"994\" \/>\n\t<meta property=\"og:image:height\" content=\"558\" \/>\n\t<meta property=\"og:image:type\" content=\"image\/jpeg\" \/>\n<meta name=\"author\" content=\"guenter.wolfgang\" \/>\n<meta name=\"twitter:card\" content=\"summary_large_image\" \/>\n<meta name=\"twitter:label1\" content=\"Verfasst von\" \/>\n\t<meta name=\"twitter:data1\" content=\"guenter.wolfgang\" \/>\n\t<meta name=\"twitter:label2\" content=\"Gesch\u00e4tzte Lesezeit\" \/>\n\t<meta name=\"twitter:data2\" content=\"1 Minute\" \/>\n<script type=\"application\/ld+json\" class=\"yoast-schema-graph\">{\"@context\":\"https:\/\/schema.org\",\"@graph\":[{\"@type\":\"Article\",\"@id\":\"https:\/\/kulturonline.tv\/at\/tipp-bodo-kirchhoff-spuert-in-linz-dem-glueck-nach\/#article\",\"isPartOf\":{\"@id\":\"https:\/\/kulturonline.tv\/at\/tipp-bodo-kirchhoff-spuert-in-linz-dem-glueck-nach\/\"},\"author\":{\"name\":\"guenter.wolfgang\",\"@id\":\"https:\/\/kulturonline.tv\/at\/#\/schema\/person\/b0fac729bb9a0c193fb1df23449df4fe\"},\"headline\":\"Tipp: Bodo Kirchhoff sp\u00fcrt in Linz dem Gl\u00fcck nach\",\"datePublished\":\"2022-01-21T05:13:08+00:00\",\"dateModified\":\"2022-01-21T05:13:10+00:00\",\"mainEntityOfPage\":{\"@id\":\"https:\/\/kulturonline.tv\/at\/tipp-bodo-kirchhoff-spuert-in-linz-dem-glueck-nach\/\"},\"wordCount\":156,\"publisher\":{\"@id\":\"https:\/\/kulturonline.tv\/at\/#organization\"},\"image\":{\"@id\":\"https:\/\/kulturonline.tv\/at\/tipp-bodo-kirchhoff-spuert-in-linz-dem-glueck-nach\/#primaryimage\"},\"thumbnailUrl\":\"https:\/\/kulturonline.tv\/wp-content\/uploads\/2022\/01\/Bodo-Kirchhoff.jpg\",\"articleSection\":[\"Literatur\"],\"inLanguage\":\"de-AT\"},{\"@type\":\"WebPage\",\"@id\":\"https:\/\/kulturonline.tv\/at\/tipp-bodo-kirchhoff-spuert-in-linz-dem-glueck-nach\/\",\"url\":\"https:\/\/kulturonline.tv\/at\/tipp-bodo-kirchhoff-spuert-in-linz-dem-glueck-nach\/\",\"name\":\"Tipp: Bodo Kirchhoff sp\u00fcrt in Linz dem Gl\u00fcck nach - Kultur Online TV &amp; FM\",\"isPartOf\":{\"@id\":\"https:\/\/kulturonline.tv\/at\/#website\"},\"primaryImageOfPage\":{\"@id\":\"https:\/\/kulturonline.tv\/at\/tipp-bodo-kirchhoff-spuert-in-linz-dem-glueck-nach\/#primaryimage\"},\"image\":{\"@id\":\"https:\/\/kulturonline.tv\/at\/tipp-bodo-kirchhoff-spuert-in-linz-dem-glueck-nach\/#primaryimage\"},\"thumbnailUrl\":\"https:\/\/kulturonline.tv\/wp-content\/uploads\/2022\/01\/Bodo-Kirchhoff.jpg\",\"datePublished\":\"2022-01-21T05:13:08+00:00\",\"dateModified\":\"2022-01-21T05:13:10+00:00\",\"description\":\"Kultur sehen und H\u00f6ren\",\"breadcrumb\":{\"@id\":\"https:\/\/kulturonline.tv\/at\/tipp-bodo-kirchhoff-spuert-in-linz-dem-glueck-nach\/#breadcrumb\"},\"inLanguage\":\"de-AT\",\"potentialAction\":[{\"@type\":\"ReadAction\",\"target\":[\"https:\/\/kulturonline.tv\/at\/tipp-bodo-kirchhoff-spuert-in-linz-dem-glueck-nach\/\"]}]},{\"@type\":\"ImageObject\",\"inLanguage\":\"de-AT\",\"@id\":\"https:\/\/kulturonline.tv\/at\/tipp-bodo-kirchhoff-spuert-in-linz-dem-glueck-nach\/#primaryimage\",\"url\":\"https:\/\/kulturonline.tv\/wp-content\/uploads\/2022\/01\/Bodo-Kirchhoff.jpg\",\"contentUrl\":\"https:\/\/kulturonline.tv\/wp-content\/uploads\/2022\/01\/Bodo-Kirchhoff.jpg\",\"width\":994,\"height\":558},{\"@type\":\"BreadcrumbList\",\"@id\":\"https:\/\/kulturonline.tv\/at\/tipp-bodo-kirchhoff-spuert-in-linz-dem-glueck-nach\/#breadcrumb\",\"itemListElement\":[{\"@type\":\"ListItem\",\"position\":1,\"name\":\"Startseite\",\"item\":\"https:\/\/kulturonline.tv\/at\/\"},{\"@type\":\"ListItem\",\"position\":2,\"name\":\"Tipp: Bodo Kirchhoff sp\u00fcrt in Linz dem Gl\u00fcck nach\"}]},{\"@type\":\"WebSite\",\"@id\":\"https:\/\/kulturonline.tv\/at\/#website\",\"url\":\"https:\/\/kulturonline.tv\/at\/\",\"name\":\"Kultur Online TV &amp; FM\",\"description\":\"Wir sind Kultur 2.0 zum sehen &amp; h\u00f6ren\",\"publisher\":{\"@id\":\"https:\/\/kulturonline.tv\/at\/#organization\"},\"potentialAction\":[{\"@type\":\"SearchAction\",\"target\":{\"@type\":\"EntryPoint\",\"urlTemplate\":\"https:\/\/kulturonline.tv\/at\/?s={search_term_string}\"},\"query-input\":{\"@type\":\"PropertyValueSpecification\",\"valueRequired\":true,\"valueName\":\"search_term_string\"}}],\"inLanguage\":\"de-AT\"},{\"@type\":\"Organization\",\"@id\":\"https:\/\/kulturonline.tv\/at\/#organization\",\"name\":\"Kultur Online TV\",\"url\":\"https:\/\/kulturonline.tv\/at\/\",\"logo\":{\"@type\":\"ImageObject\",\"inLanguage\":\"de-AT\",\"@id\":\"https:\/\/kulturonline.tv\/at\/#\/schema\/logo\/image\/\",\"url\":\"https:\/\/kulturonline.tv\/wp-content\/uploads\/2021\/08\/Kultur-Online-Tv-Logo-Endversion-neu.png\",\"contentUrl\":\"https:\/\/kulturonline.tv\/wp-content\/uploads\/2021\/08\/Kultur-Online-Tv-Logo-Endversion-neu.png\",\"width\":200,\"height\":200,\"caption\":\"Kultur Online TV\"},\"image\":{\"@id\":\"https:\/\/kulturonline.tv\/at\/#\/schema\/logo\/image\/\"},\"sameAs\":[\"https:\/\/www.facebook.com\/kulturonline.tv\",\"https:\/\/www.instagram.com\/kulturonline.tv\"]},{\"@type\":\"Person\",\"@id\":\"https:\/\/kulturonline.tv\/at\/#\/schema\/person\/b0fac729bb9a0c193fb1df23449df4fe\",\"name\":\"guenter.wolfgang\"}]}<\/script>\n<!-- \/ Yoast SEO plugin. -->","yoast_head_json":{"title":"Tipp: Bodo Kirchhoff sp\u00fcrt in Linz dem Gl\u00fcck nach - Kultur Online TV &amp; FM","description":"Kultur sehen und H\u00f6ren","robots":{"index":"index","follow":"follow","max-snippet":"max-snippet:-1","max-image-preview":"max-image-preview:large","max-video-preview":"max-video-preview:-1"},"canonical":"https:\/\/kulturonline.tv\/at\/tipp-bodo-kirchhoff-spuert-in-linz-dem-glueck-nach\/","og_locale":"de_DE","og_type":"article","og_title":"Tipp: Bodo Kirchhoff sp\u00fcrt in Linz dem Gl\u00fcck nach - Kultur Online TV &amp; FM","og_description":"Kultur sehen und H\u00f6ren","og_url":"https:\/\/kulturonline.tv\/at\/tipp-bodo-kirchhoff-spuert-in-linz-dem-glueck-nach\/","og_site_name":"Kultur Online TV &amp; FM","article_publisher":"https:\/\/www.facebook.com\/kulturonline.tv","article_published_time":"2022-01-21T05:13:08+00:00","article_modified_time":"2022-01-21T05:13:10+00:00","og_image":[{"width":994,"height":558,"url":"https:\/\/kulturonline.tv\/wp-content\/uploads\/2022\/01\/Bodo-Kirchhoff.jpg","type":"image\/jpeg"}],"author":"guenter.wolfgang","twitter_card":"summary_large_image","twitter_misc":{"Verfasst von":"guenter.wolfgang","Gesch\u00e4tzte Lesezeit":"1 Minute"},"schema":{"@context":"https:\/\/schema.org","@graph":[{"@type":"Article","@id":"https:\/\/kulturonline.tv\/at\/tipp-bodo-kirchhoff-spuert-in-linz-dem-glueck-nach\/#article","isPartOf":{"@id":"https:\/\/kulturonline.tv\/at\/tipp-bodo-kirchhoff-spuert-in-linz-dem-glueck-nach\/"},"author":{"name":"guenter.wolfgang","@id":"https:\/\/kulturonline.tv\/at\/#\/schema\/person\/b0fac729bb9a0c193fb1df23449df4fe"},"headline":"Tipp: Bodo Kirchhoff sp\u00fcrt in Linz dem Gl\u00fcck nach","datePublished":"2022-01-21T05:13:08+00:00","dateModified":"2022-01-21T05:13:10+00:00","mainEntityOfPage":{"@id":"https:\/\/kulturonline.tv\/at\/tipp-bodo-kirchhoff-spuert-in-linz-dem-glueck-nach\/"},"wordCount":156,"publisher":{"@id":"https:\/\/kulturonline.tv\/at\/#organization"},"image":{"@id":"https:\/\/kulturonline.tv\/at\/tipp-bodo-kirchhoff-spuert-in-linz-dem-glueck-nach\/#primaryimage"},"thumbnailUrl":"https:\/\/kulturonline.tv\/wp-content\/uploads\/2022\/01\/Bodo-Kirchhoff.jpg","articleSection":["Literatur"],"inLanguage":"de-AT"},{"@type":"WebPage","@id":"https:\/\/kulturonline.tv\/at\/tipp-bodo-kirchhoff-spuert-in-linz-dem-glueck-nach\/","url":"https:\/\/kulturonline.tv\/at\/tipp-bodo-kirchhoff-spuert-in-linz-dem-glueck-nach\/","name":"Tipp: Bodo Kirchhoff sp\u00fcrt in Linz dem Gl\u00fcck nach - Kultur Online TV &amp; FM","isPartOf":{"@id":"https:\/\/kulturonline.tv\/at\/#website"},"primaryImageOfPage":{"@id":"https:\/\/kulturonline.tv\/at\/tipp-bodo-kirchhoff-spuert-in-linz-dem-glueck-nach\/#primaryimage"},"image":{"@id":"https:\/\/kulturonline.tv\/at\/tipp-bodo-kirchhoff-spuert-in-linz-dem-glueck-nach\/#primaryimage"},"thumbnailUrl":"https:\/\/kulturonline.tv\/wp-content\/uploads\/2022\/01\/Bodo-Kirchhoff.jpg","datePublished":"2022-01-21T05:13:08+00:00","dateModified":"2022-01-21T05:13:10+00:00","description":"Kultur sehen und H\u00f6ren","breadcrumb":{"@id":"https:\/\/kulturonline.tv\/at\/tipp-bodo-kirchhoff-spuert-in-linz-dem-glueck-nach\/#breadcrumb"},"inLanguage":"de-AT","potentialAction":[{"@type":"ReadAction","target":["https:\/\/kulturonline.tv\/at\/tipp-bodo-kirchhoff-spuert-in-linz-dem-glueck-nach\/"]}]},{"@type":"ImageObject","inLanguage":"de-AT","@id":"https:\/\/kulturonline.tv\/at\/tipp-bodo-kirchhoff-spuert-in-linz-dem-glueck-nach\/#primaryimage","url":"https:\/\/kulturonline.tv\/wp-content\/uploads\/2022\/01\/Bodo-Kirchhoff.jpg","contentUrl":"https:\/\/kulturonline.tv\/wp-content\/uploads\/2022\/01\/Bodo-Kirchhoff.jpg","width":994,"height":558},{"@type":"BreadcrumbList","@id":"https:\/\/kulturonline.tv\/at\/tipp-bodo-kirchhoff-spuert-in-linz-dem-glueck-nach\/#breadcrumb","itemListElement":[{"@type":"ListItem","position":1,"name":"Startseite","item":"https:\/\/kulturonline.tv\/at\/"},{"@type":"ListItem","position":2,"name":"Tipp: Bodo Kirchhoff sp\u00fcrt in Linz dem Gl\u00fcck nach"}]},{"@type":"WebSite","@id":"https:\/\/kulturonline.tv\/at\/#website","url":"https:\/\/kulturonline.tv\/at\/","name":"Kultur Online TV &amp; FM","description":"Wir sind Kultur 2.0 zum sehen &amp; h\u00f6ren","publisher":{"@id":"https:\/\/kulturonline.tv\/at\/#organization"},"potentialAction":[{"@type":"SearchAction","target":{"@type":"EntryPoint","urlTemplate":"https:\/\/kulturonline.tv\/at\/?s={search_term_string}"},"query-input":{"@type":"PropertyValueSpecification","valueRequired":true,"valueName":"search_term_string"}}],"inLanguage":"de-AT"},{"@type":"Organization","@id":"https:\/\/kulturonline.tv\/at\/#organization","name":"Kultur Online TV","url":"https:\/\/kulturonline.tv\/at\/","logo":{"@type":"ImageObject","inLanguage":"de-AT","@id":"https:\/\/kulturonline.tv\/at\/#\/schema\/logo\/image\/","url":"https:\/\/kulturonline.tv\/wp-content\/uploads\/2021\/08\/Kultur-Online-Tv-Logo-Endversion-neu.png","contentUrl":"https:\/\/kulturonline.tv\/wp-content\/uploads\/2021\/08\/Kultur-Online-Tv-Logo-Endversion-neu.png","width":200,"height":200,"caption":"Kultur Online TV"},"image":{"@id":"https:\/\/kulturonline.tv\/at\/#\/schema\/logo\/image\/"},"sameAs":["https:\/\/www.facebook.com\/kulturonline.tv","https:\/\/www.instagram.com\/kulturonline.tv"]},{"@type":"Person","@id":"https:\/\/kulturonline.tv\/at\/#\/schema\/person\/b0fac729bb9a0c193fb1df23449df4fe","name":"guenter.wolfgang"}]}},"_links":{"self":[{"href":"https:\/\/kulturonline.tv\/at\/wp-json\/wp\/v2\/posts\/20253","targetHints":{"allow":["GET"]}}],"collection":[{"href":"https:\/\/kulturonline.tv\/at\/wp-json\/wp\/v2\/posts"}],"about":[{"href":"https:\/\/kulturonline.tv\/at\/wp-json\/wp\/v2\/types\/post"}],"author":[{"embeddable":true,"href":"https:\/\/kulturonline.tv\/at\/wp-json\/wp\/v2\/users\/2"}],"replies":[{"embeddable":true,"href":"https:\/\/kulturonline.tv\/at\/wp-json\/wp\/v2\/comments?post=20253"}],"version-history":[{"count":0,"href":"https:\/\/kulturonline.tv\/at\/wp-json\/wp\/v2\/posts\/20253\/revisions"}],"wp:featuredmedia":[{"embeddable":true,"href":"https:\/\/kulturonline.tv\/at\/wp-json\/wp\/v2\/media\/20255"}],"wp:attachment":[{"href":"https:\/\/kulturonline.tv\/at\/wp-json\/wp\/v2\/media?parent=20253"}],"wp:term":[{"taxonomy":"category","embeddable":true,"href":"https:\/\/kulturonline.tv\/at\/wp-json\/wp\/v2\/categories?post=20253"},{"taxonomy":"post_tag","embeddable":true,"href":"https:\/\/kulturonline.tv\/at\/wp-json\/wp\/v2\/tags?post=20253"}],"curies":[{"name":"wp","href":"https:\/\/api.w.org\/{rel}","templated":true}]}}