{"id":20335,"date":"2022-01-22T10:11:36","date_gmt":"2022-01-22T09:11:36","guid":{"rendered":"https:\/\/kulturonline.tv\/?p=20335"},"modified":"2022-01-22T10:11:52","modified_gmt":"2022-01-22T09:11:52","slug":"brigitta-falkner-erhaelt-den-ernst-jandl-preis-fuer-lyrik","status":"publish","type":"post","link":"https:\/\/kulturonline.tv\/at\/brigitta-falkner-erhaelt-den-ernst-jandl-preis-fuer-lyrik\/","title":{"rendered":"Brigitta Falkner erh\u00e4lt den Ernst-Jandl-Preis f\u00fcr Lyrik"},"content":{"rendered":"\n<p><strong>Die 1959 in Wien geborene Dichterin, Zeichnerin und Fotografin Brigitta Falkner erh\u00e4lt den Ernst-Jandl-Preis f\u00fcr Lyrik 2021.\u00a0<\/strong><\/p>\n\n\n\n<figure class=\"wp-block-image size-full is-resized\"><img fetchpriority=\"high\" decoding=\"async\" src=\"https:\/\/kulturonline.tv\/wp-content\/uploads\/2022\/01\/Die-1959-in-Wien-geborene-Dichterin-Zeichnerin-und-Fotografin-Brigitta-Falkner-erhaelt-den-Ernst-Jandl-Preis-fuer-Lyrik-2021-Kopie.jpg\" alt=\"\" class=\"wp-image-20337\" width=\"840\" height=\"472\" srcset=\"https:\/\/kulturonline.tv\/wp-content\/uploads\/2022\/01\/Die-1959-in-Wien-geborene-Dichterin-Zeichnerin-und-Fotografin-Brigitta-Falkner-erhaelt-den-Ernst-Jandl-Preis-fuer-Lyrik-2021-Kopie.jpg 600w, https:\/\/kulturonline.tv\/wp-content\/uploads\/2022\/01\/Die-1959-in-Wien-geborene-Dichterin-Zeichnerin-und-Fotografin-Brigitta-Falkner-erhaelt-den-Ernst-Jandl-Preis-fuer-Lyrik-2021-Kopie-416x234.jpg 416w\" sizes=\"(max-width: 840px) 100vw, 840px\" \/><\/figure>\n\n\n\n<p>Er ist mit 15.000 Euro dotiert und wird am 18. Juni im Rahmen der Ernst-Jandl-Lyriktage in Neuberg an der M\u00fcrz \u00fcberreicht. Die Jury nannte sie heute &#8222;eine unerm\u00fcdliche Forscherin, deren Sprache ihr (und uns) als wendiger Lotse vorauseilt&#8220;.<\/p>\n\n\n\n<p>&#8222;Brigitta Falkner versteht es, uns mit jedem ihrer B\u00fccher aufs Neue zu \u00fcberraschen&#8220;, lie\u00df Kunst- und Kulturstaatssekret\u00e4rin Andrea Mayer (Gr\u00fcne) in einer Aussendung wissen. &#8222;Ihr k\u00fcnstlerisches Arbeitsgebiet ist nicht oder nicht nur das Gedicht, sondern umfasst Sprache, Text, Bild, Sound, Film, Radiophones, Grafisches und Fotografisches. Brigitta Falkner erschafft mit viel Witz und Wissen poetische Welten f\u00fcr uns Leserinnen und Leser: hybrid, transdisziplin\u00e4r, methodisch pr\u00e4zise, perfekt inszeniert und aufs Sch\u00f6nste gestaltet.&#8220;<\/p>\n\n\n\n<p>&#8222;Falkners Sprache f\u00fchrt uns in die vertrackte Welt des Anagramms und errichtet Panoramen, die sowohl innerlich wie \u00e4u\u00dferlich sind und spitzb\u00fcbisch das Kleinste mit dem Gr\u00f6\u00dften verkuppeln&#8220;, meint die Jury und befindet: &#8222;Mit Ernst Jandl teilt Falkner einen unsentimentalen, aber gar nicht herzlosen Blick auf die Transformationen, die den Menschen Zeit seines Lebens besch\u00e4ftigt halten.&#8220;<\/p>\n\n\n\n<p>Falkner deb\u00fctierte 1992 mit dem Buch &#8222;ABC &#8211; Anagramme Bildtexte Comics&#8220;. Es folgten u.a. &#8222;TobrevierSCHreiverbot &#8211; Palindrome&#8220;, &#8222;Fabula rasa oder Die methodische Schraube&#8220; und &#8222;Bunte Tuben &#8211; Anagramm&#8220;. Ihr verschiedene Genres verschr\u00e4nkendes Buch &#8222;Strategien der Wirtsfindung&#8220;, ein Hybrid aus kuriosem Biologienotizbuch, poetischer Graphic Novel und surrealem Gedichtband, stand 2017 auf der Shortlist zum \u00d6sterreichischen Buchpreis, erhielt den Preis der Hotlist und schaffte es auch an die Spitze der ORF-Bestenliste. Im Vorjahr wurde Falkner mit dem Veza-Canetti-Preis f\u00fcr ihr Lebenswerk ausgezeichnet.<\/p>\n\n\n\n<p>Der biennal vergebene Ernst-Jandl-Preis f\u00fcr Lyrik wurde 2001 zum Gedenken an den 2000 verstorbenen Autor und Dichter Ernst Jandl gestiftet. Bisherige Preistr\u00e4gerinnen und Preistr\u00e4ger sind Thomas Kling, Felix Philipp Ingold, Michael Donhauser, Paul W\u00fchr, Ferdinand Schmatz, Peter Waterhouse, Elke Erb, Franz Josef Czernin, Monika Rinck und Oswald Egger.<\/p>\n\n\n\n<p>Kultur Online TV<\/p>\n\n\n\n<p>#kunst #kultur #news #literatur<\/p>\n","protected":false},"excerpt":{"rendered":"<p>Die 1959 in Wien geborene Dichterin, Zeichnerin und Fotografin Brigitta Falkner erh\u00e4lt den Ernst-Jandl-Preis f\u00fcr Lyrik 2021.\u00a0 Er ist mit 15.000 Euro dotiert und wird am 18. Juni im Rahmen der Ernst-Jandl-Lyriktage in Neuberg an der M\u00fcrz \u00fcberreicht. Die Jury nannte sie heute &#8222;eine unerm\u00fcdliche Forscherin, deren Sprache ihr (und uns) als wendiger Lotse vorauseilt&#8220;. [&hellip;]<\/p>\n","protected":false},"author":2,"featured_media":20337,"comment_status":"closed","ping_status":"closed","sticky":false,"template":"","format":"standard","meta":{"_acf_changed":false,"footnotes":""},"categories":[133],"tags":[],"class_list":["post-20335","post","type-post","status-publish","format-standard","has-post-thumbnail","hentry","category-literatur"],"acf":[],"yoast_head":"<!-- This site is optimized with the Yoast SEO plugin v26.1.1 - https:\/\/yoast.com\/wordpress\/plugins\/seo\/ -->\n<title>Brigitta Falkner erh\u00e4lt den Ernst-Jandl-Preis f\u00fcr Lyrik - Kultur Online TV &amp; FM<\/title>\n<meta name=\"description\" content=\"Kultur sehen und H\u00f6ren\" \/>\n<meta name=\"robots\" content=\"index, follow, max-snippet:-1, max-image-preview:large, max-video-preview:-1\" \/>\n<link rel=\"canonical\" href=\"https:\/\/kulturonline.tv\/at\/brigitta-falkner-erhaelt-den-ernst-jandl-preis-fuer-lyrik\/\" \/>\n<meta property=\"og:locale\" content=\"de_DE\" \/>\n<meta property=\"og:type\" content=\"article\" \/>\n<meta property=\"og:title\" content=\"Brigitta Falkner erh\u00e4lt den Ernst-Jandl-Preis f\u00fcr Lyrik - Kultur Online TV &amp; FM\" \/>\n<meta property=\"og:description\" content=\"Kultur sehen und H\u00f6ren\" \/>\n<meta property=\"og:url\" content=\"https:\/\/kulturonline.tv\/at\/brigitta-falkner-erhaelt-den-ernst-jandl-preis-fuer-lyrik\/\" \/>\n<meta property=\"og:site_name\" content=\"Kultur Online TV &amp; FM\" \/>\n<meta property=\"article:publisher\" content=\"https:\/\/www.facebook.com\/kulturonline.tv\" \/>\n<meta property=\"article:published_time\" content=\"2022-01-22T09:11:36+00:00\" \/>\n<meta property=\"article:modified_time\" content=\"2022-01-22T09:11:52+00:00\" \/>\n<meta property=\"og:image\" content=\"https:\/\/kulturonline.tv\/wp-content\/uploads\/2022\/01\/Die-1959-in-Wien-geborene-Dichterin-Zeichnerin-und-Fotografin-Brigitta-Falkner-erhaelt-den-Ernst-Jandl-Preis-fuer-Lyrik-2021-Kopie.jpg\" \/>\n\t<meta property=\"og:image:width\" content=\"600\" \/>\n\t<meta property=\"og:image:height\" content=\"337\" \/>\n\t<meta property=\"og:image:type\" content=\"image\/jpeg\" \/>\n<meta name=\"author\" content=\"guenter.wolfgang\" \/>\n<meta name=\"twitter:card\" content=\"summary_large_image\" \/>\n<meta name=\"twitter:label1\" content=\"Verfasst von\" \/>\n\t<meta name=\"twitter:data1\" content=\"guenter.wolfgang\" \/>\n\t<meta name=\"twitter:label2\" content=\"Gesch\u00e4tzte Lesezeit\" \/>\n\t<meta name=\"twitter:data2\" content=\"2 Minuten\" \/>\n<script type=\"application\/ld+json\" class=\"yoast-schema-graph\">{\"@context\":\"https:\/\/schema.org\",\"@graph\":[{\"@type\":\"Article\",\"@id\":\"https:\/\/kulturonline.tv\/at\/brigitta-falkner-erhaelt-den-ernst-jandl-preis-fuer-lyrik\/#article\",\"isPartOf\":{\"@id\":\"https:\/\/kulturonline.tv\/at\/brigitta-falkner-erhaelt-den-ernst-jandl-preis-fuer-lyrik\/\"},\"author\":{\"name\":\"guenter.wolfgang\",\"@id\":\"https:\/\/kulturonline.tv\/at\/#\/schema\/person\/b0fac729bb9a0c193fb1df23449df4fe\"},\"headline\":\"Brigitta Falkner erh\u00e4lt den Ernst-Jandl-Preis f\u00fcr Lyrik\",\"datePublished\":\"2022-01-22T09:11:36+00:00\",\"dateModified\":\"2022-01-22T09:11:52+00:00\",\"mainEntityOfPage\":{\"@id\":\"https:\/\/kulturonline.tv\/at\/brigitta-falkner-erhaelt-den-ernst-jandl-preis-fuer-lyrik\/\"},\"wordCount\":341,\"publisher\":{\"@id\":\"https:\/\/kulturonline.tv\/at\/#organization\"},\"image\":{\"@id\":\"https:\/\/kulturonline.tv\/at\/brigitta-falkner-erhaelt-den-ernst-jandl-preis-fuer-lyrik\/#primaryimage\"},\"thumbnailUrl\":\"https:\/\/kulturonline.tv\/wp-content\/uploads\/2022\/01\/Die-1959-in-Wien-geborene-Dichterin-Zeichnerin-und-Fotografin-Brigitta-Falkner-erhaelt-den-Ernst-Jandl-Preis-fuer-Lyrik-2021-Kopie.jpg\",\"articleSection\":[\"Literatur\"],\"inLanguage\":\"de-AT\"},{\"@type\":\"WebPage\",\"@id\":\"https:\/\/kulturonline.tv\/at\/brigitta-falkner-erhaelt-den-ernst-jandl-preis-fuer-lyrik\/\",\"url\":\"https:\/\/kulturonline.tv\/at\/brigitta-falkner-erhaelt-den-ernst-jandl-preis-fuer-lyrik\/\",\"name\":\"Brigitta Falkner erh\u00e4lt den Ernst-Jandl-Preis f\u00fcr Lyrik - Kultur Online TV &amp; FM\",\"isPartOf\":{\"@id\":\"https:\/\/kulturonline.tv\/at\/#website\"},\"primaryImageOfPage\":{\"@id\":\"https:\/\/kulturonline.tv\/at\/brigitta-falkner-erhaelt-den-ernst-jandl-preis-fuer-lyrik\/#primaryimage\"},\"image\":{\"@id\":\"https:\/\/kulturonline.tv\/at\/brigitta-falkner-erhaelt-den-ernst-jandl-preis-fuer-lyrik\/#primaryimage\"},\"thumbnailUrl\":\"https:\/\/kulturonline.tv\/wp-content\/uploads\/2022\/01\/Die-1959-in-Wien-geborene-Dichterin-Zeichnerin-und-Fotografin-Brigitta-Falkner-erhaelt-den-Ernst-Jandl-Preis-fuer-Lyrik-2021-Kopie.jpg\",\"datePublished\":\"2022-01-22T09:11:36+00:00\",\"dateModified\":\"2022-01-22T09:11:52+00:00\",\"description\":\"Kultur sehen und H\u00f6ren\",\"breadcrumb\":{\"@id\":\"https:\/\/kulturonline.tv\/at\/brigitta-falkner-erhaelt-den-ernst-jandl-preis-fuer-lyrik\/#breadcrumb\"},\"inLanguage\":\"de-AT\",\"potentialAction\":[{\"@type\":\"ReadAction\",\"target\":[\"https:\/\/kulturonline.tv\/at\/brigitta-falkner-erhaelt-den-ernst-jandl-preis-fuer-lyrik\/\"]}]},{\"@type\":\"ImageObject\",\"inLanguage\":\"de-AT\",\"@id\":\"https:\/\/kulturonline.tv\/at\/brigitta-falkner-erhaelt-den-ernst-jandl-preis-fuer-lyrik\/#primaryimage\",\"url\":\"https:\/\/kulturonline.tv\/wp-content\/uploads\/2022\/01\/Die-1959-in-Wien-geborene-Dichterin-Zeichnerin-und-Fotografin-Brigitta-Falkner-erhaelt-den-Ernst-Jandl-Preis-fuer-Lyrik-2021-Kopie.jpg\",\"contentUrl\":\"https:\/\/kulturonline.tv\/wp-content\/uploads\/2022\/01\/Die-1959-in-Wien-geborene-Dichterin-Zeichnerin-und-Fotografin-Brigitta-Falkner-erhaelt-den-Ernst-Jandl-Preis-fuer-Lyrik-2021-Kopie.jpg\",\"width\":600,\"height\":337},{\"@type\":\"BreadcrumbList\",\"@id\":\"https:\/\/kulturonline.tv\/at\/brigitta-falkner-erhaelt-den-ernst-jandl-preis-fuer-lyrik\/#breadcrumb\",\"itemListElement\":[{\"@type\":\"ListItem\",\"position\":1,\"name\":\"Startseite\",\"item\":\"https:\/\/kulturonline.tv\/at\/\"},{\"@type\":\"ListItem\",\"position\":2,\"name\":\"Brigitta Falkner erh\u00e4lt den Ernst-Jandl-Preis f\u00fcr Lyrik\"}]},{\"@type\":\"WebSite\",\"@id\":\"https:\/\/kulturonline.tv\/at\/#website\",\"url\":\"https:\/\/kulturonline.tv\/at\/\",\"name\":\"Kultur Online TV &amp; FM\",\"description\":\"Wir sind Kultur 2.0 zum sehen &amp; h\u00f6ren\",\"publisher\":{\"@id\":\"https:\/\/kulturonline.tv\/at\/#organization\"},\"potentialAction\":[{\"@type\":\"SearchAction\",\"target\":{\"@type\":\"EntryPoint\",\"urlTemplate\":\"https:\/\/kulturonline.tv\/at\/?s={search_term_string}\"},\"query-input\":{\"@type\":\"PropertyValueSpecification\",\"valueRequired\":true,\"valueName\":\"search_term_string\"}}],\"inLanguage\":\"de-AT\"},{\"@type\":\"Organization\",\"@id\":\"https:\/\/kulturonline.tv\/at\/#organization\",\"name\":\"Kultur Online TV\",\"url\":\"https:\/\/kulturonline.tv\/at\/\",\"logo\":{\"@type\":\"ImageObject\",\"inLanguage\":\"de-AT\",\"@id\":\"https:\/\/kulturonline.tv\/at\/#\/schema\/logo\/image\/\",\"url\":\"https:\/\/kulturonline.tv\/wp-content\/uploads\/2021\/08\/Kultur-Online-Tv-Logo-Endversion-neu.png\",\"contentUrl\":\"https:\/\/kulturonline.tv\/wp-content\/uploads\/2021\/08\/Kultur-Online-Tv-Logo-Endversion-neu.png\",\"width\":200,\"height\":200,\"caption\":\"Kultur Online TV\"},\"image\":{\"@id\":\"https:\/\/kulturonline.tv\/at\/#\/schema\/logo\/image\/\"},\"sameAs\":[\"https:\/\/www.facebook.com\/kulturonline.tv\",\"https:\/\/www.instagram.com\/kulturonline.tv\"]},{\"@type\":\"Person\",\"@id\":\"https:\/\/kulturonline.tv\/at\/#\/schema\/person\/b0fac729bb9a0c193fb1df23449df4fe\",\"name\":\"guenter.wolfgang\"}]}<\/script>\n<!-- \/ Yoast SEO plugin. -->","yoast_head_json":{"title":"Brigitta Falkner erh\u00e4lt den Ernst-Jandl-Preis f\u00fcr Lyrik - Kultur Online TV &amp; FM","description":"Kultur sehen und H\u00f6ren","robots":{"index":"index","follow":"follow","max-snippet":"max-snippet:-1","max-image-preview":"max-image-preview:large","max-video-preview":"max-video-preview:-1"},"canonical":"https:\/\/kulturonline.tv\/at\/brigitta-falkner-erhaelt-den-ernst-jandl-preis-fuer-lyrik\/","og_locale":"de_DE","og_type":"article","og_title":"Brigitta Falkner erh\u00e4lt den Ernst-Jandl-Preis f\u00fcr Lyrik - Kultur Online TV &amp; FM","og_description":"Kultur sehen und H\u00f6ren","og_url":"https:\/\/kulturonline.tv\/at\/brigitta-falkner-erhaelt-den-ernst-jandl-preis-fuer-lyrik\/","og_site_name":"Kultur Online TV &amp; FM","article_publisher":"https:\/\/www.facebook.com\/kulturonline.tv","article_published_time":"2022-01-22T09:11:36+00:00","article_modified_time":"2022-01-22T09:11:52+00:00","og_image":[{"width":600,"height":337,"url":"https:\/\/kulturonline.tv\/wp-content\/uploads\/2022\/01\/Die-1959-in-Wien-geborene-Dichterin-Zeichnerin-und-Fotografin-Brigitta-Falkner-erhaelt-den-Ernst-Jandl-Preis-fuer-Lyrik-2021-Kopie.jpg","type":"image\/jpeg"}],"author":"guenter.wolfgang","twitter_card":"summary_large_image","twitter_misc":{"Verfasst von":"guenter.wolfgang","Gesch\u00e4tzte Lesezeit":"2 Minuten"},"schema":{"@context":"https:\/\/schema.org","@graph":[{"@type":"Article","@id":"https:\/\/kulturonline.tv\/at\/brigitta-falkner-erhaelt-den-ernst-jandl-preis-fuer-lyrik\/#article","isPartOf":{"@id":"https:\/\/kulturonline.tv\/at\/brigitta-falkner-erhaelt-den-ernst-jandl-preis-fuer-lyrik\/"},"author":{"name":"guenter.wolfgang","@id":"https:\/\/kulturonline.tv\/at\/#\/schema\/person\/b0fac729bb9a0c193fb1df23449df4fe"},"headline":"Brigitta Falkner erh\u00e4lt den Ernst-Jandl-Preis f\u00fcr Lyrik","datePublished":"2022-01-22T09:11:36+00:00","dateModified":"2022-01-22T09:11:52+00:00","mainEntityOfPage":{"@id":"https:\/\/kulturonline.tv\/at\/brigitta-falkner-erhaelt-den-ernst-jandl-preis-fuer-lyrik\/"},"wordCount":341,"publisher":{"@id":"https:\/\/kulturonline.tv\/at\/#organization"},"image":{"@id":"https:\/\/kulturonline.tv\/at\/brigitta-falkner-erhaelt-den-ernst-jandl-preis-fuer-lyrik\/#primaryimage"},"thumbnailUrl":"https:\/\/kulturonline.tv\/wp-content\/uploads\/2022\/01\/Die-1959-in-Wien-geborene-Dichterin-Zeichnerin-und-Fotografin-Brigitta-Falkner-erhaelt-den-Ernst-Jandl-Preis-fuer-Lyrik-2021-Kopie.jpg","articleSection":["Literatur"],"inLanguage":"de-AT"},{"@type":"WebPage","@id":"https:\/\/kulturonline.tv\/at\/brigitta-falkner-erhaelt-den-ernst-jandl-preis-fuer-lyrik\/","url":"https:\/\/kulturonline.tv\/at\/brigitta-falkner-erhaelt-den-ernst-jandl-preis-fuer-lyrik\/","name":"Brigitta Falkner erh\u00e4lt den Ernst-Jandl-Preis f\u00fcr Lyrik - Kultur Online TV &amp; FM","isPartOf":{"@id":"https:\/\/kulturonline.tv\/at\/#website"},"primaryImageOfPage":{"@id":"https:\/\/kulturonline.tv\/at\/brigitta-falkner-erhaelt-den-ernst-jandl-preis-fuer-lyrik\/#primaryimage"},"image":{"@id":"https:\/\/kulturonline.tv\/at\/brigitta-falkner-erhaelt-den-ernst-jandl-preis-fuer-lyrik\/#primaryimage"},"thumbnailUrl":"https:\/\/kulturonline.tv\/wp-content\/uploads\/2022\/01\/Die-1959-in-Wien-geborene-Dichterin-Zeichnerin-und-Fotografin-Brigitta-Falkner-erhaelt-den-Ernst-Jandl-Preis-fuer-Lyrik-2021-Kopie.jpg","datePublished":"2022-01-22T09:11:36+00:00","dateModified":"2022-01-22T09:11:52+00:00","description":"Kultur sehen und H\u00f6ren","breadcrumb":{"@id":"https:\/\/kulturonline.tv\/at\/brigitta-falkner-erhaelt-den-ernst-jandl-preis-fuer-lyrik\/#breadcrumb"},"inLanguage":"de-AT","potentialAction":[{"@type":"ReadAction","target":["https:\/\/kulturonline.tv\/at\/brigitta-falkner-erhaelt-den-ernst-jandl-preis-fuer-lyrik\/"]}]},{"@type":"ImageObject","inLanguage":"de-AT","@id":"https:\/\/kulturonline.tv\/at\/brigitta-falkner-erhaelt-den-ernst-jandl-preis-fuer-lyrik\/#primaryimage","url":"https:\/\/kulturonline.tv\/wp-content\/uploads\/2022\/01\/Die-1959-in-Wien-geborene-Dichterin-Zeichnerin-und-Fotografin-Brigitta-Falkner-erhaelt-den-Ernst-Jandl-Preis-fuer-Lyrik-2021-Kopie.jpg","contentUrl":"https:\/\/kulturonline.tv\/wp-content\/uploads\/2022\/01\/Die-1959-in-Wien-geborene-Dichterin-Zeichnerin-und-Fotografin-Brigitta-Falkner-erhaelt-den-Ernst-Jandl-Preis-fuer-Lyrik-2021-Kopie.jpg","width":600,"height":337},{"@type":"BreadcrumbList","@id":"https:\/\/kulturonline.tv\/at\/brigitta-falkner-erhaelt-den-ernst-jandl-preis-fuer-lyrik\/#breadcrumb","itemListElement":[{"@type":"ListItem","position":1,"name":"Startseite","item":"https:\/\/kulturonline.tv\/at\/"},{"@type":"ListItem","position":2,"name":"Brigitta Falkner erh\u00e4lt den Ernst-Jandl-Preis f\u00fcr Lyrik"}]},{"@type":"WebSite","@id":"https:\/\/kulturonline.tv\/at\/#website","url":"https:\/\/kulturonline.tv\/at\/","name":"Kultur Online TV &amp; FM","description":"Wir sind Kultur 2.0 zum sehen &amp; h\u00f6ren","publisher":{"@id":"https:\/\/kulturonline.tv\/at\/#organization"},"potentialAction":[{"@type":"SearchAction","target":{"@type":"EntryPoint","urlTemplate":"https:\/\/kulturonline.tv\/at\/?s={search_term_string}"},"query-input":{"@type":"PropertyValueSpecification","valueRequired":true,"valueName":"search_term_string"}}],"inLanguage":"de-AT"},{"@type":"Organization","@id":"https:\/\/kulturonline.tv\/at\/#organization","name":"Kultur Online TV","url":"https:\/\/kulturonline.tv\/at\/","logo":{"@type":"ImageObject","inLanguage":"de-AT","@id":"https:\/\/kulturonline.tv\/at\/#\/schema\/logo\/image\/","url":"https:\/\/kulturonline.tv\/wp-content\/uploads\/2021\/08\/Kultur-Online-Tv-Logo-Endversion-neu.png","contentUrl":"https:\/\/kulturonline.tv\/wp-content\/uploads\/2021\/08\/Kultur-Online-Tv-Logo-Endversion-neu.png","width":200,"height":200,"caption":"Kultur Online TV"},"image":{"@id":"https:\/\/kulturonline.tv\/at\/#\/schema\/logo\/image\/"},"sameAs":["https:\/\/www.facebook.com\/kulturonline.tv","https:\/\/www.instagram.com\/kulturonline.tv"]},{"@type":"Person","@id":"https:\/\/kulturonline.tv\/at\/#\/schema\/person\/b0fac729bb9a0c193fb1df23449df4fe","name":"guenter.wolfgang"}]}},"_links":{"self":[{"href":"https:\/\/kulturonline.tv\/at\/wp-json\/wp\/v2\/posts\/20335","targetHints":{"allow":["GET"]}}],"collection":[{"href":"https:\/\/kulturonline.tv\/at\/wp-json\/wp\/v2\/posts"}],"about":[{"href":"https:\/\/kulturonline.tv\/at\/wp-json\/wp\/v2\/types\/post"}],"author":[{"embeddable":true,"href":"https:\/\/kulturonline.tv\/at\/wp-json\/wp\/v2\/users\/2"}],"replies":[{"embeddable":true,"href":"https:\/\/kulturonline.tv\/at\/wp-json\/wp\/v2\/comments?post=20335"}],"version-history":[{"count":0,"href":"https:\/\/kulturonline.tv\/at\/wp-json\/wp\/v2\/posts\/20335\/revisions"}],"wp:featuredmedia":[{"embeddable":true,"href":"https:\/\/kulturonline.tv\/at\/wp-json\/wp\/v2\/media\/20337"}],"wp:attachment":[{"href":"https:\/\/kulturonline.tv\/at\/wp-json\/wp\/v2\/media?parent=20335"}],"wp:term":[{"taxonomy":"category","embeddable":true,"href":"https:\/\/kulturonline.tv\/at\/wp-json\/wp\/v2\/categories?post=20335"},{"taxonomy":"post_tag","embeddable":true,"href":"https:\/\/kulturonline.tv\/at\/wp-json\/wp\/v2\/tags?post=20335"}],"curies":[{"name":"wp","href":"https:\/\/api.w.org\/{rel}","templated":true}]}}