{"id":20630,"date":"2022-01-25T07:58:10","date_gmt":"2022-01-25T06:58:10","guid":{"rendered":"https:\/\/kulturonline.tv\/?p=20630"},"modified":"2022-01-25T07:58:20","modified_gmt":"2022-01-25T06:58:20","slug":"bremer-literaturpreis-fuer-judith-hermann","status":"publish","type":"post","link":"https:\/\/kulturonline.tv\/at\/bremer-literaturpreis-fuer-judith-hermann\/","title":{"rendered":"Bremer Literaturpreis f\u00fcr Judith Hermann"},"content":{"rendered":"\n<p><strong>Die Schriftstellerin Judith Hermann wird mit dem Bremer Literaturpreis ausgezeichnet.<\/strong><\/p>\n\n\n\n<figure class=\"wp-block-image size-full is-resized\"><img fetchpriority=\"high\" decoding=\"async\" src=\"https:\/\/kulturonline.tv\/wp-content\/uploads\/2022\/01\/judith-hermann.jpg\" alt=\"\" class=\"wp-image-20632\" width=\"843\" height=\"474\" srcset=\"https:\/\/kulturonline.tv\/wp-content\/uploads\/2022\/01\/judith-hermann.jpg 704w, https:\/\/kulturonline.tv\/wp-content\/uploads\/2022\/01\/judith-hermann-600x338.jpg 600w\" sizes=\"(max-width: 843px) 100vw, 843px\" \/><\/figure>\n\n\n\n<p>Hermann erh\u00e4lt den Preis an diesem Montag (24.01.2022) f\u00fcr ihren Roman &#8222;Daheim&#8220;. Darin geht es um eine Frau, die ihr fr\u00fcheres Leben hinter sich l\u00e4sst und in einem Nordsee-Dorf einen Neuanfang versucht.<\/p>\n\n\n\n<p>Der Bremer Literaturpreis ist mit 25.000 Euro dotiert und wurde 1954 zum ersten Mal vergeben. Seit 1977 gibt es zus\u00e4tzlich einen F\u00f6rderpreis. Er geht in diesem Jahr an Matthias Senkel f\u00fcr seinen Erz\u00e4hlband &#8222;Winkel der Welt&#8220;.<\/p>\n\n\n\n<p>Kultur Online Tv<\/p>\n\n\n\n<p>#news #kunst #kutltur<\/p>\n","protected":false},"excerpt":{"rendered":"<p>Die Schriftstellerin Judith Hermann wird mit dem Bremer Literaturpreis ausgezeichnet. Hermann erh\u00e4lt den Preis an diesem Montag (24.01.2022) f\u00fcr ihren Roman &#8222;Daheim&#8220;. Darin geht es um eine Frau, die ihr fr\u00fcheres Leben hinter sich l\u00e4sst und in einem Nordsee-Dorf einen Neuanfang versucht. Der Bremer Literaturpreis ist mit 25.000 Euro dotiert und wurde 1954 zum ersten [&hellip;]<\/p>\n","protected":false},"author":2,"featured_media":20632,"comment_status":"closed","ping_status":"closed","sticky":false,"template":"","format":"standard","meta":{"_acf_changed":false,"footnotes":""},"categories":[133],"tags":[],"class_list":["post-20630","post","type-post","status-publish","format-standard","has-post-thumbnail","hentry","category-literatur"],"acf":[],"yoast_head":"<!-- This site is optimized with the Yoast SEO plugin v26.1.1 - https:\/\/yoast.com\/wordpress\/plugins\/seo\/ -->\n<title>Bremer Literaturpreis f\u00fcr Judith Hermann - Kultur Online TV &amp; FM<\/title>\n<meta name=\"description\" content=\"Kultur sehen und H\u00f6ren\" \/>\n<meta name=\"robots\" content=\"index, follow, max-snippet:-1, max-image-preview:large, max-video-preview:-1\" \/>\n<link rel=\"canonical\" href=\"https:\/\/kulturonline.tv\/at\/bremer-literaturpreis-fuer-judith-hermann\/\" \/>\n<meta property=\"og:locale\" content=\"de_DE\" \/>\n<meta property=\"og:type\" content=\"article\" \/>\n<meta property=\"og:title\" content=\"Bremer Literaturpreis f\u00fcr Judith Hermann - Kultur Online TV &amp; FM\" \/>\n<meta property=\"og:description\" content=\"Kultur sehen und H\u00f6ren\" \/>\n<meta property=\"og:url\" content=\"https:\/\/kulturonline.tv\/at\/bremer-literaturpreis-fuer-judith-hermann\/\" \/>\n<meta property=\"og:site_name\" content=\"Kultur Online TV &amp; FM\" \/>\n<meta property=\"article:publisher\" content=\"https:\/\/www.facebook.com\/kulturonline.tv\" \/>\n<meta property=\"article:published_time\" content=\"2022-01-25T06:58:10+00:00\" \/>\n<meta property=\"article:modified_time\" content=\"2022-01-25T06:58:20+00:00\" \/>\n<meta property=\"og:image\" content=\"https:\/\/kulturonline.tv\/wp-content\/uploads\/2022\/01\/judith-hermann.jpg\" \/>\n\t<meta property=\"og:image:width\" content=\"704\" \/>\n\t<meta property=\"og:image:height\" content=\"396\" \/>\n\t<meta property=\"og:image:type\" content=\"image\/jpeg\" \/>\n<meta name=\"author\" content=\"guenter.wolfgang\" \/>\n<meta name=\"twitter:card\" content=\"summary_large_image\" \/>\n<meta name=\"twitter:label1\" content=\"Verfasst von\" \/>\n\t<meta name=\"twitter:data1\" content=\"guenter.wolfgang\" \/>\n\t<meta name=\"twitter:label2\" content=\"Gesch\u00e4tzte Lesezeit\" \/>\n\t<meta name=\"twitter:data2\" content=\"1 Minute\" \/>\n<script type=\"application\/ld+json\" class=\"yoast-schema-graph\">{\"@context\":\"https:\/\/schema.org\",\"@graph\":[{\"@type\":\"Article\",\"@id\":\"https:\/\/kulturonline.tv\/at\/bremer-literaturpreis-fuer-judith-hermann\/#article\",\"isPartOf\":{\"@id\":\"https:\/\/kulturonline.tv\/at\/bremer-literaturpreis-fuer-judith-hermann\/\"},\"author\":{\"name\":\"guenter.wolfgang\",\"@id\":\"https:\/\/kulturonline.tv\/at\/#\/schema\/person\/b0fac729bb9a0c193fb1df23449df4fe\"},\"headline\":\"Bremer Literaturpreis f\u00fcr Judith Hermann\",\"datePublished\":\"2022-01-25T06:58:10+00:00\",\"dateModified\":\"2022-01-25T06:58:20+00:00\",\"mainEntityOfPage\":{\"@id\":\"https:\/\/kulturonline.tv\/at\/bremer-literaturpreis-fuer-judith-hermann\/\"},\"wordCount\":94,\"publisher\":{\"@id\":\"https:\/\/kulturonline.tv\/at\/#organization\"},\"image\":{\"@id\":\"https:\/\/kulturonline.tv\/at\/bremer-literaturpreis-fuer-judith-hermann\/#primaryimage\"},\"thumbnailUrl\":\"https:\/\/kulturonline.tv\/wp-content\/uploads\/2022\/01\/judith-hermann.jpg\",\"articleSection\":[\"Literatur\"],\"inLanguage\":\"de-AT\"},{\"@type\":\"WebPage\",\"@id\":\"https:\/\/kulturonline.tv\/at\/bremer-literaturpreis-fuer-judith-hermann\/\",\"url\":\"https:\/\/kulturonline.tv\/at\/bremer-literaturpreis-fuer-judith-hermann\/\",\"name\":\"Bremer Literaturpreis f\u00fcr Judith Hermann - Kultur Online TV &amp; FM\",\"isPartOf\":{\"@id\":\"https:\/\/kulturonline.tv\/at\/#website\"},\"primaryImageOfPage\":{\"@id\":\"https:\/\/kulturonline.tv\/at\/bremer-literaturpreis-fuer-judith-hermann\/#primaryimage\"},\"image\":{\"@id\":\"https:\/\/kulturonline.tv\/at\/bremer-literaturpreis-fuer-judith-hermann\/#primaryimage\"},\"thumbnailUrl\":\"https:\/\/kulturonline.tv\/wp-content\/uploads\/2022\/01\/judith-hermann.jpg\",\"datePublished\":\"2022-01-25T06:58:10+00:00\",\"dateModified\":\"2022-01-25T06:58:20+00:00\",\"description\":\"Kultur sehen und H\u00f6ren\",\"breadcrumb\":{\"@id\":\"https:\/\/kulturonline.tv\/at\/bremer-literaturpreis-fuer-judith-hermann\/#breadcrumb\"},\"inLanguage\":\"de-AT\",\"potentialAction\":[{\"@type\":\"ReadAction\",\"target\":[\"https:\/\/kulturonline.tv\/at\/bremer-literaturpreis-fuer-judith-hermann\/\"]}]},{\"@type\":\"ImageObject\",\"inLanguage\":\"de-AT\",\"@id\":\"https:\/\/kulturonline.tv\/at\/bremer-literaturpreis-fuer-judith-hermann\/#primaryimage\",\"url\":\"https:\/\/kulturonline.tv\/wp-content\/uploads\/2022\/01\/judith-hermann.jpg\",\"contentUrl\":\"https:\/\/kulturonline.tv\/wp-content\/uploads\/2022\/01\/judith-hermann.jpg\",\"width\":704,\"height\":396},{\"@type\":\"BreadcrumbList\",\"@id\":\"https:\/\/kulturonline.tv\/at\/bremer-literaturpreis-fuer-judith-hermann\/#breadcrumb\",\"itemListElement\":[{\"@type\":\"ListItem\",\"position\":1,\"name\":\"Startseite\",\"item\":\"https:\/\/kulturonline.tv\/at\/\"},{\"@type\":\"ListItem\",\"position\":2,\"name\":\"Bremer Literaturpreis f\u00fcr Judith Hermann\"}]},{\"@type\":\"WebSite\",\"@id\":\"https:\/\/kulturonline.tv\/at\/#website\",\"url\":\"https:\/\/kulturonline.tv\/at\/\",\"name\":\"Kultur Online TV &amp; FM\",\"description\":\"Wir sind Kultur 2.0 zum sehen &amp; h\u00f6ren\",\"publisher\":{\"@id\":\"https:\/\/kulturonline.tv\/at\/#organization\"},\"potentialAction\":[{\"@type\":\"SearchAction\",\"target\":{\"@type\":\"EntryPoint\",\"urlTemplate\":\"https:\/\/kulturonline.tv\/at\/?s={search_term_string}\"},\"query-input\":{\"@type\":\"PropertyValueSpecification\",\"valueRequired\":true,\"valueName\":\"search_term_string\"}}],\"inLanguage\":\"de-AT\"},{\"@type\":\"Organization\",\"@id\":\"https:\/\/kulturonline.tv\/at\/#organization\",\"name\":\"Kultur Online TV\",\"url\":\"https:\/\/kulturonline.tv\/at\/\",\"logo\":{\"@type\":\"ImageObject\",\"inLanguage\":\"de-AT\",\"@id\":\"https:\/\/kulturonline.tv\/at\/#\/schema\/logo\/image\/\",\"url\":\"https:\/\/kulturonline.tv\/wp-content\/uploads\/2021\/08\/Kultur-Online-Tv-Logo-Endversion-neu.png\",\"contentUrl\":\"https:\/\/kulturonline.tv\/wp-content\/uploads\/2021\/08\/Kultur-Online-Tv-Logo-Endversion-neu.png\",\"width\":200,\"height\":200,\"caption\":\"Kultur Online TV\"},\"image\":{\"@id\":\"https:\/\/kulturonline.tv\/at\/#\/schema\/logo\/image\/\"},\"sameAs\":[\"https:\/\/www.facebook.com\/kulturonline.tv\",\"https:\/\/www.instagram.com\/kulturonline.tv\"]},{\"@type\":\"Person\",\"@id\":\"https:\/\/kulturonline.tv\/at\/#\/schema\/person\/b0fac729bb9a0c193fb1df23449df4fe\",\"name\":\"guenter.wolfgang\"}]}<\/script>\n<!-- \/ Yoast SEO plugin. -->","yoast_head_json":{"title":"Bremer Literaturpreis f\u00fcr Judith Hermann - Kultur Online TV &amp; FM","description":"Kultur sehen und H\u00f6ren","robots":{"index":"index","follow":"follow","max-snippet":"max-snippet:-1","max-image-preview":"max-image-preview:large","max-video-preview":"max-video-preview:-1"},"canonical":"https:\/\/kulturonline.tv\/at\/bremer-literaturpreis-fuer-judith-hermann\/","og_locale":"de_DE","og_type":"article","og_title":"Bremer Literaturpreis f\u00fcr Judith Hermann - Kultur Online TV &amp; FM","og_description":"Kultur sehen und H\u00f6ren","og_url":"https:\/\/kulturonline.tv\/at\/bremer-literaturpreis-fuer-judith-hermann\/","og_site_name":"Kultur Online TV &amp; FM","article_publisher":"https:\/\/www.facebook.com\/kulturonline.tv","article_published_time":"2022-01-25T06:58:10+00:00","article_modified_time":"2022-01-25T06:58:20+00:00","og_image":[{"width":704,"height":396,"url":"https:\/\/kulturonline.tv\/wp-content\/uploads\/2022\/01\/judith-hermann.jpg","type":"image\/jpeg"}],"author":"guenter.wolfgang","twitter_card":"summary_large_image","twitter_misc":{"Verfasst von":"guenter.wolfgang","Gesch\u00e4tzte Lesezeit":"1 Minute"},"schema":{"@context":"https:\/\/schema.org","@graph":[{"@type":"Article","@id":"https:\/\/kulturonline.tv\/at\/bremer-literaturpreis-fuer-judith-hermann\/#article","isPartOf":{"@id":"https:\/\/kulturonline.tv\/at\/bremer-literaturpreis-fuer-judith-hermann\/"},"author":{"name":"guenter.wolfgang","@id":"https:\/\/kulturonline.tv\/at\/#\/schema\/person\/b0fac729bb9a0c193fb1df23449df4fe"},"headline":"Bremer Literaturpreis f\u00fcr Judith Hermann","datePublished":"2022-01-25T06:58:10+00:00","dateModified":"2022-01-25T06:58:20+00:00","mainEntityOfPage":{"@id":"https:\/\/kulturonline.tv\/at\/bremer-literaturpreis-fuer-judith-hermann\/"},"wordCount":94,"publisher":{"@id":"https:\/\/kulturonline.tv\/at\/#organization"},"image":{"@id":"https:\/\/kulturonline.tv\/at\/bremer-literaturpreis-fuer-judith-hermann\/#primaryimage"},"thumbnailUrl":"https:\/\/kulturonline.tv\/wp-content\/uploads\/2022\/01\/judith-hermann.jpg","articleSection":["Literatur"],"inLanguage":"de-AT"},{"@type":"WebPage","@id":"https:\/\/kulturonline.tv\/at\/bremer-literaturpreis-fuer-judith-hermann\/","url":"https:\/\/kulturonline.tv\/at\/bremer-literaturpreis-fuer-judith-hermann\/","name":"Bremer Literaturpreis f\u00fcr Judith Hermann - Kultur Online TV &amp; FM","isPartOf":{"@id":"https:\/\/kulturonline.tv\/at\/#website"},"primaryImageOfPage":{"@id":"https:\/\/kulturonline.tv\/at\/bremer-literaturpreis-fuer-judith-hermann\/#primaryimage"},"image":{"@id":"https:\/\/kulturonline.tv\/at\/bremer-literaturpreis-fuer-judith-hermann\/#primaryimage"},"thumbnailUrl":"https:\/\/kulturonline.tv\/wp-content\/uploads\/2022\/01\/judith-hermann.jpg","datePublished":"2022-01-25T06:58:10+00:00","dateModified":"2022-01-25T06:58:20+00:00","description":"Kultur sehen und H\u00f6ren","breadcrumb":{"@id":"https:\/\/kulturonline.tv\/at\/bremer-literaturpreis-fuer-judith-hermann\/#breadcrumb"},"inLanguage":"de-AT","potentialAction":[{"@type":"ReadAction","target":["https:\/\/kulturonline.tv\/at\/bremer-literaturpreis-fuer-judith-hermann\/"]}]},{"@type":"ImageObject","inLanguage":"de-AT","@id":"https:\/\/kulturonline.tv\/at\/bremer-literaturpreis-fuer-judith-hermann\/#primaryimage","url":"https:\/\/kulturonline.tv\/wp-content\/uploads\/2022\/01\/judith-hermann.jpg","contentUrl":"https:\/\/kulturonline.tv\/wp-content\/uploads\/2022\/01\/judith-hermann.jpg","width":704,"height":396},{"@type":"BreadcrumbList","@id":"https:\/\/kulturonline.tv\/at\/bremer-literaturpreis-fuer-judith-hermann\/#breadcrumb","itemListElement":[{"@type":"ListItem","position":1,"name":"Startseite","item":"https:\/\/kulturonline.tv\/at\/"},{"@type":"ListItem","position":2,"name":"Bremer Literaturpreis f\u00fcr Judith Hermann"}]},{"@type":"WebSite","@id":"https:\/\/kulturonline.tv\/at\/#website","url":"https:\/\/kulturonline.tv\/at\/","name":"Kultur Online TV &amp; FM","description":"Wir sind Kultur 2.0 zum sehen &amp; h\u00f6ren","publisher":{"@id":"https:\/\/kulturonline.tv\/at\/#organization"},"potentialAction":[{"@type":"SearchAction","target":{"@type":"EntryPoint","urlTemplate":"https:\/\/kulturonline.tv\/at\/?s={search_term_string}"},"query-input":{"@type":"PropertyValueSpecification","valueRequired":true,"valueName":"search_term_string"}}],"inLanguage":"de-AT"},{"@type":"Organization","@id":"https:\/\/kulturonline.tv\/at\/#organization","name":"Kultur Online TV","url":"https:\/\/kulturonline.tv\/at\/","logo":{"@type":"ImageObject","inLanguage":"de-AT","@id":"https:\/\/kulturonline.tv\/at\/#\/schema\/logo\/image\/","url":"https:\/\/kulturonline.tv\/wp-content\/uploads\/2021\/08\/Kultur-Online-Tv-Logo-Endversion-neu.png","contentUrl":"https:\/\/kulturonline.tv\/wp-content\/uploads\/2021\/08\/Kultur-Online-Tv-Logo-Endversion-neu.png","width":200,"height":200,"caption":"Kultur Online TV"},"image":{"@id":"https:\/\/kulturonline.tv\/at\/#\/schema\/logo\/image\/"},"sameAs":["https:\/\/www.facebook.com\/kulturonline.tv","https:\/\/www.instagram.com\/kulturonline.tv"]},{"@type":"Person","@id":"https:\/\/kulturonline.tv\/at\/#\/schema\/person\/b0fac729bb9a0c193fb1df23449df4fe","name":"guenter.wolfgang"}]}},"_links":{"self":[{"href":"https:\/\/kulturonline.tv\/at\/wp-json\/wp\/v2\/posts\/20630","targetHints":{"allow":["GET"]}}],"collection":[{"href":"https:\/\/kulturonline.tv\/at\/wp-json\/wp\/v2\/posts"}],"about":[{"href":"https:\/\/kulturonline.tv\/at\/wp-json\/wp\/v2\/types\/post"}],"author":[{"embeddable":true,"href":"https:\/\/kulturonline.tv\/at\/wp-json\/wp\/v2\/users\/2"}],"replies":[{"embeddable":true,"href":"https:\/\/kulturonline.tv\/at\/wp-json\/wp\/v2\/comments?post=20630"}],"version-history":[{"count":0,"href":"https:\/\/kulturonline.tv\/at\/wp-json\/wp\/v2\/posts\/20630\/revisions"}],"wp:featuredmedia":[{"embeddable":true,"href":"https:\/\/kulturonline.tv\/at\/wp-json\/wp\/v2\/media\/20632"}],"wp:attachment":[{"href":"https:\/\/kulturonline.tv\/at\/wp-json\/wp\/v2\/media?parent=20630"}],"wp:term":[{"taxonomy":"category","embeddable":true,"href":"https:\/\/kulturonline.tv\/at\/wp-json\/wp\/v2\/categories?post=20630"},{"taxonomy":"post_tag","embeddable":true,"href":"https:\/\/kulturonline.tv\/at\/wp-json\/wp\/v2\/tags?post=20630"}],"curies":[{"name":"wp","href":"https:\/\/api.w.org\/{rel}","templated":true}]}}