{"id":20801,"date":"2022-01-26T08:25:41","date_gmt":"2022-01-26T07:25:41","guid":{"rendered":"https:\/\/kulturonline.tv\/?p=20801"},"modified":"2022-01-26T08:25:43","modified_gmt":"2022-01-26T07:25:43","slug":"ein-luftikus-als-tragischer-held-monika-helfers-loewenherz","status":"publish","type":"post","link":"https:\/\/kulturonline.tv\/at\/ein-luftikus-als-tragischer-held-monika-helfers-loewenherz\/","title":{"rendered":"Ein Luftikus als tragischer Held: Monika Helfers &#8222;L\u00f6wenherz&#8220;"},"content":{"rendered":"\n<p><strong>Mit ihren Romanen &#8222;Die Bagage&#8220; und &#8222;Vati&#8220; hat die Vorarlbergerin Monika Helfer Leserschaft und Kritik gleicherma\u00dfen \u00fcberzeugt. Nun beschlie\u00dft sie ihre Familientrilogie mit Erinnerungen an ihren Bruder Richard.\u00a0<\/strong><\/p>\n\n\n\n<figure class=\"wp-block-image size-full is-resized\"><img fetchpriority=\"high\" decoding=\"async\" src=\"https:\/\/kulturonline.tv\/wp-content\/uploads\/2022\/01\/Literatur.jpg\" alt=\"\" class=\"wp-image-20803\" width=\"835\" height=\"469\" srcset=\"https:\/\/kulturonline.tv\/wp-content\/uploads\/2022\/01\/Literatur.jpg 600w, https:\/\/kulturonline.tv\/wp-content\/uploads\/2022\/01\/Literatur-416x234.jpg 416w\" sizes=\"(max-width: 835px) 100vw, 835px\" \/><\/figure>\n\n\n\n<p><strong>Es ist nicht nur das einf\u00fchlsame Portr\u00e4t eines eigenbr\u00f6tlerischen Menschen und erz\u00e4hlt eine tragische, traurige Geschichte, diesmal sind auch die Autorin und ihr Mann, der Schriftsteller Michael K\u00f6hlmeier, im Text pr\u00e4senter als je zuvor.<\/strong><\/p>\n\n\n\n<p>Richard, von seinem Vater in Anlehnung an den von den Babenbergern 1192 bei seiner R\u00fcckkehr von einem Kreuzzug festgesetzten englischen K\u00f6nig &#8222;L\u00f6wenherz&#8220; genannt, haben die Leser schon in den beiden vorangegangenen B\u00e4nden kurz kennengelernt. Er war der Bruder der drei Schwestern Monika, Gretel und Renate und wuchs nach dem Tod der Mutter bei einer anderen Tante auf. In einer der vielen unglaublichen Szenen des Buches fragt Monika bei einem Abendessen aus heiterem Himmel: &#8222;Lebt der Bruder Richard eigentlich noch?&#8220; Worauf ein Absurdit\u00e4t kaum zu \u00fcberbietender Verwandtschaftsbesuch in Feldkirch organisiert wird, bei dessen Vorbereitung die ersten Bananen konsumiert werden und der sich stumm gebende Bruder beim Essen neben dem tats\u00e4chlich blinden Onkel sitzt und sich nur mit einer Verbeugung von den Schwestern verabschiedet.<\/p>\n\n\n\n<p>Dass die &#8222;Bagage&#8220; genannte Familie von den \u00fcbrigen Menschen als absonderlich betrachtet wurde, ist uns seit Beginn der Trilogie bekannt. Salopp k\u00f6nnte man sagen: Richard schie\u00dft nun den Vogel ab. Doch einerseits verbietet sich diese Flapsigkeit angesichts eines Lebens, das nach 30 Jahren durch eigene Hand beendet wurde, andererseits macht Monika Helfer selbst aus dem Leben dieses Sonderlings, der sich um Konventionen nichts scherte, keine Ansammlung von Skurrilit\u00e4ten und Merkw\u00fcrdigkeiten, sondern eine empathische und gleichzeitig n\u00fcchterne Erinnerungs-\u00dcbung, die immer wieder aufs Neue feststellt, dass sie Dinge beschreiben und festhalten, aber nicht erkl\u00e4ren kann.<\/p>\n\n\n\n<p>Hier kommen die Autorin und ihre M\u00e4nner immer wieder ins Spiel. Noch nie hat Helfer so offenherzig \u00fcber ihr eigenes Leben geschrieben, \u00fcber ihre ungl\u00fcckliche Ehe an der Seite ihres ersten Mannes und ihren &#8222;Liebhaber&#8220; Michael, der sp\u00e4ter ihr zweiter Mann wurde und schon fr\u00fch die Zuneigung Richards gewann. Deswegen ist Michael immer wieder auch Auskunftspartner und mit Fragen konfrontiert: &#8222;Wie war das damals?&#8220; Oder: &#8222;Wie war er?&#8220; Eine von Michaels Antworten lautet: &#8222;Er wurde zu einer Figur in den Geschichten, die er sich permanent ausdachte.&#8220;<\/p>\n\n\n\n<p>Richard nimmt das Leben und die Wahrheit nicht ernst und treibt seine Umgebung damit zur Verzweiflung. Er ist ein &#8222;Schm\u00e4htandler&#8220;, wie es seine Schwestern formulieren, ein &#8222;Luftikus&#8220;, wie er als Achtj\u00e4hriger in einer Abg\u00e4ngigkeitsanzeige genannt wird. Nie wei\u00df man, woran man bei ihm ist. Das ist eines der Grundmotive. Doch bald sch\u00e4lt sich eine zweite Hauptfigur heraus, deren Geschichte um nichts weniger tragisch ist: Putzi. Sie ist die kleine Tochter einer jungen Frau, die eines Tages dem ertrinkenden Richard das Leben rettet. Dadurch, so findet Kitti, stehe er bei ihr in der Schuld und m\u00f6ge diese abtragen, indem er die Vaterrolle bei Putzi einnehme. An sich denkt man, Kitti passte ideal zu Richard: zwei Au\u00dfenseiter, die so leben, wie es ihnen gef\u00e4llt. Doch Kitti ist noch unverfrorener und in ihrem Egoismus grenzenlos. Sie sp\u00fcrt, dass er ihr nichts entgegensetzen kann und n\u00fctzt ihn gnadenlos aus. Mehrmals gibt sie Putzi einfach bei Richard ab, saust davon und meldet sich erst Wochen sp\u00e4ter wieder. So bekommt Richard eine kleine Tochter, ohne ihr Vater zu sein.<\/p>\n\n\n\n<p>Zwischen Richard und Putzi entwickelt sich eine wundersch\u00f6ne Geschichte von Liebe, Zuneigung und F\u00fcrsorglichkeit, in die auch der Hund Schamasch mit einbezogen wird. Sie geht f\u00fcr keinen der Beteiligten gut aus und zerrei\u00dft einem fast das Herz. Sie ist voller scheinbarer Widerspr\u00fcche &#8211; so ist der privat sonst h\u00f6chst unzuverl\u00e4ssige Richard offenbar ein t\u00fcchtiger und zuverl\u00e4ssiger Schriftsetzer und dem Kind r\u00fchrend zugewandter Ziehvater &#8211; und voller H\u00f6hen und Tiefen. Einmal verliebt sich eine toughe Anw\u00e4ltin in Richard und sieht in ihm das passende Gegenst\u00fcck zur eigenen \u00dcberkorrektheit. Sie heiratet Richard und m\u00f6chte Putzi, deren Mutter seit langem abgetaucht ist, adoptieren. Der Versuch, aus unklaren Verh\u00e4ltnissen eine auch rechtlich abgesicherte gl\u00fcckliche Familie zu machen, geht gr\u00fcndlich schief. Es ist der Anfang vom Ende.<\/p>\n\n\n\n<p>An ihr Ende sind auch Monika Helfers Familienerinnerungen angelangt. &#8222;L\u00f6wenherz&#8220; ist der starke Abschluss eines beeindruckenden erz\u00e4hlerischen Projekts, mit dem sich Helfer in die erste Reihe der deutschsprachigen Gegenwartsliteratur geschrieben hat.<\/p>\n\n\n\n<p>Kultur Online TV<\/p>\n\n\n\n<p>#kunst #kultur #literatur<\/p>\n","protected":false},"excerpt":{"rendered":"<p>Mit ihren Romanen &#8222;Die Bagage&#8220; und &#8222;Vati&#8220; hat die Vorarlbergerin Monika Helfer Leserschaft und Kritik gleicherma\u00dfen \u00fcberzeugt. Nun beschlie\u00dft sie ihre Familientrilogie mit Erinnerungen an ihren Bruder Richard.\u00a0 Es ist nicht nur das einf\u00fchlsame Portr\u00e4t eines eigenbr\u00f6tlerischen Menschen und erz\u00e4hlt eine tragische, traurige Geschichte, diesmal sind auch die Autorin und ihr Mann, der Schriftsteller Michael [&hellip;]<\/p>\n","protected":false},"author":2,"featured_media":20803,"comment_status":"closed","ping_status":"closed","sticky":false,"template":"","format":"standard","meta":{"_acf_changed":false,"footnotes":""},"categories":[133],"tags":[],"class_list":["post-20801","post","type-post","status-publish","format-standard","has-post-thumbnail","hentry","category-literatur"],"acf":[],"yoast_head":"<!-- This site is optimized with the Yoast SEO plugin v26.1.1 - https:\/\/yoast.com\/wordpress\/plugins\/seo\/ -->\n<title>Ein Luftikus als tragischer Held: Monika Helfers &quot;L\u00f6wenherz&quot; - Kultur Online TV &amp; FM<\/title>\n<meta name=\"description\" content=\"Kultur sehen und H\u00f6ren\" \/>\n<meta name=\"robots\" content=\"index, follow, max-snippet:-1, max-image-preview:large, max-video-preview:-1\" \/>\n<link rel=\"canonical\" href=\"https:\/\/kulturonline.tv\/at\/ein-luftikus-als-tragischer-held-monika-helfers-loewenherz\/\" \/>\n<meta property=\"og:locale\" content=\"de_DE\" \/>\n<meta property=\"og:type\" content=\"article\" \/>\n<meta property=\"og:title\" content=\"Ein Luftikus als tragischer Held: Monika Helfers &quot;L\u00f6wenherz&quot; - Kultur Online TV &amp; FM\" \/>\n<meta property=\"og:description\" content=\"Kultur sehen und H\u00f6ren\" \/>\n<meta property=\"og:url\" content=\"https:\/\/kulturonline.tv\/at\/ein-luftikus-als-tragischer-held-monika-helfers-loewenherz\/\" \/>\n<meta property=\"og:site_name\" content=\"Kultur Online TV &amp; FM\" \/>\n<meta property=\"article:publisher\" content=\"https:\/\/www.facebook.com\/kulturonline.tv\" \/>\n<meta property=\"article:published_time\" content=\"2022-01-26T07:25:41+00:00\" \/>\n<meta property=\"article:modified_time\" content=\"2022-01-26T07:25:43+00:00\" \/>\n<meta property=\"og:image\" content=\"https:\/\/kulturonline.tv\/wp-content\/uploads\/2022\/01\/Literatur.jpg\" \/>\n\t<meta property=\"og:image:width\" content=\"600\" \/>\n\t<meta property=\"og:image:height\" content=\"337\" \/>\n\t<meta property=\"og:image:type\" content=\"image\/jpeg\" \/>\n<meta name=\"author\" content=\"guenter.wolfgang\" \/>\n<meta name=\"twitter:card\" content=\"summary_large_image\" \/>\n<meta name=\"twitter:label1\" content=\"Verfasst von\" \/>\n\t<meta name=\"twitter:data1\" content=\"guenter.wolfgang\" \/>\n\t<meta name=\"twitter:label2\" content=\"Gesch\u00e4tzte Lesezeit\" \/>\n\t<meta name=\"twitter:data2\" content=\"5 Minuten\" \/>\n<script type=\"application\/ld+json\" class=\"yoast-schema-graph\">{\"@context\":\"https:\/\/schema.org\",\"@graph\":[{\"@type\":\"Article\",\"@id\":\"https:\/\/kulturonline.tv\/at\/ein-luftikus-als-tragischer-held-monika-helfers-loewenherz\/#article\",\"isPartOf\":{\"@id\":\"https:\/\/kulturonline.tv\/at\/ein-luftikus-als-tragischer-held-monika-helfers-loewenherz\/\"},\"author\":{\"name\":\"guenter.wolfgang\",\"@id\":\"https:\/\/kulturonline.tv\/at\/#\/schema\/person\/b0fac729bb9a0c193fb1df23449df4fe\"},\"headline\":\"Ein Luftikus als tragischer Held: Monika Helfers &#8222;L\u00f6wenherz&#8220;\",\"datePublished\":\"2022-01-26T07:25:41+00:00\",\"dateModified\":\"2022-01-26T07:25:43+00:00\",\"mainEntityOfPage\":{\"@id\":\"https:\/\/kulturonline.tv\/at\/ein-luftikus-als-tragischer-held-monika-helfers-loewenherz\/\"},\"wordCount\":756,\"publisher\":{\"@id\":\"https:\/\/kulturonline.tv\/at\/#organization\"},\"image\":{\"@id\":\"https:\/\/kulturonline.tv\/at\/ein-luftikus-als-tragischer-held-monika-helfers-loewenherz\/#primaryimage\"},\"thumbnailUrl\":\"https:\/\/kulturonline.tv\/wp-content\/uploads\/2022\/01\/Literatur.jpg\",\"articleSection\":[\"Literatur\"],\"inLanguage\":\"de-AT\"},{\"@type\":\"WebPage\",\"@id\":\"https:\/\/kulturonline.tv\/at\/ein-luftikus-als-tragischer-held-monika-helfers-loewenherz\/\",\"url\":\"https:\/\/kulturonline.tv\/at\/ein-luftikus-als-tragischer-held-monika-helfers-loewenherz\/\",\"name\":\"Ein Luftikus als tragischer Held: Monika Helfers \\\"L\u00f6wenherz\\\" - Kultur Online TV &amp; FM\",\"isPartOf\":{\"@id\":\"https:\/\/kulturonline.tv\/at\/#website\"},\"primaryImageOfPage\":{\"@id\":\"https:\/\/kulturonline.tv\/at\/ein-luftikus-als-tragischer-held-monika-helfers-loewenherz\/#primaryimage\"},\"image\":{\"@id\":\"https:\/\/kulturonline.tv\/at\/ein-luftikus-als-tragischer-held-monika-helfers-loewenherz\/#primaryimage\"},\"thumbnailUrl\":\"https:\/\/kulturonline.tv\/wp-content\/uploads\/2022\/01\/Literatur.jpg\",\"datePublished\":\"2022-01-26T07:25:41+00:00\",\"dateModified\":\"2022-01-26T07:25:43+00:00\",\"description\":\"Kultur sehen und H\u00f6ren\",\"breadcrumb\":{\"@id\":\"https:\/\/kulturonline.tv\/at\/ein-luftikus-als-tragischer-held-monika-helfers-loewenherz\/#breadcrumb\"},\"inLanguage\":\"de-AT\",\"potentialAction\":[{\"@type\":\"ReadAction\",\"target\":[\"https:\/\/kulturonline.tv\/at\/ein-luftikus-als-tragischer-held-monika-helfers-loewenherz\/\"]}]},{\"@type\":\"ImageObject\",\"inLanguage\":\"de-AT\",\"@id\":\"https:\/\/kulturonline.tv\/at\/ein-luftikus-als-tragischer-held-monika-helfers-loewenherz\/#primaryimage\",\"url\":\"https:\/\/kulturonline.tv\/wp-content\/uploads\/2022\/01\/Literatur.jpg\",\"contentUrl\":\"https:\/\/kulturonline.tv\/wp-content\/uploads\/2022\/01\/Literatur.jpg\",\"width\":600,\"height\":337},{\"@type\":\"BreadcrumbList\",\"@id\":\"https:\/\/kulturonline.tv\/at\/ein-luftikus-als-tragischer-held-monika-helfers-loewenherz\/#breadcrumb\",\"itemListElement\":[{\"@type\":\"ListItem\",\"position\":1,\"name\":\"Startseite\",\"item\":\"https:\/\/kulturonline.tv\/at\/\"},{\"@type\":\"ListItem\",\"position\":2,\"name\":\"Ein Luftikus als tragischer Held: Monika Helfers &#8222;L\u00f6wenherz&#8220;\"}]},{\"@type\":\"WebSite\",\"@id\":\"https:\/\/kulturonline.tv\/at\/#website\",\"url\":\"https:\/\/kulturonline.tv\/at\/\",\"name\":\"Kultur Online TV &amp; FM\",\"description\":\"Wir sind Kultur 2.0 zum sehen &amp; h\u00f6ren\",\"publisher\":{\"@id\":\"https:\/\/kulturonline.tv\/at\/#organization\"},\"potentialAction\":[{\"@type\":\"SearchAction\",\"target\":{\"@type\":\"EntryPoint\",\"urlTemplate\":\"https:\/\/kulturonline.tv\/at\/?s={search_term_string}\"},\"query-input\":{\"@type\":\"PropertyValueSpecification\",\"valueRequired\":true,\"valueName\":\"search_term_string\"}}],\"inLanguage\":\"de-AT\"},{\"@type\":\"Organization\",\"@id\":\"https:\/\/kulturonline.tv\/at\/#organization\",\"name\":\"Kultur Online TV\",\"url\":\"https:\/\/kulturonline.tv\/at\/\",\"logo\":{\"@type\":\"ImageObject\",\"inLanguage\":\"de-AT\",\"@id\":\"https:\/\/kulturonline.tv\/at\/#\/schema\/logo\/image\/\",\"url\":\"https:\/\/kulturonline.tv\/wp-content\/uploads\/2021\/08\/Kultur-Online-Tv-Logo-Endversion-neu.png\",\"contentUrl\":\"https:\/\/kulturonline.tv\/wp-content\/uploads\/2021\/08\/Kultur-Online-Tv-Logo-Endversion-neu.png\",\"width\":200,\"height\":200,\"caption\":\"Kultur Online TV\"},\"image\":{\"@id\":\"https:\/\/kulturonline.tv\/at\/#\/schema\/logo\/image\/\"},\"sameAs\":[\"https:\/\/www.facebook.com\/kulturonline.tv\",\"https:\/\/www.instagram.com\/kulturonline.tv\"]},{\"@type\":\"Person\",\"@id\":\"https:\/\/kulturonline.tv\/at\/#\/schema\/person\/b0fac729bb9a0c193fb1df23449df4fe\",\"name\":\"guenter.wolfgang\"}]}<\/script>\n<!-- \/ Yoast SEO plugin. -->","yoast_head_json":{"title":"Ein Luftikus als tragischer Held: Monika Helfers \"L\u00f6wenherz\" - Kultur Online TV &amp; FM","description":"Kultur sehen und H\u00f6ren","robots":{"index":"index","follow":"follow","max-snippet":"max-snippet:-1","max-image-preview":"max-image-preview:large","max-video-preview":"max-video-preview:-1"},"canonical":"https:\/\/kulturonline.tv\/at\/ein-luftikus-als-tragischer-held-monika-helfers-loewenherz\/","og_locale":"de_DE","og_type":"article","og_title":"Ein Luftikus als tragischer Held: Monika Helfers \"L\u00f6wenherz\" - Kultur Online TV &amp; FM","og_description":"Kultur sehen und H\u00f6ren","og_url":"https:\/\/kulturonline.tv\/at\/ein-luftikus-als-tragischer-held-monika-helfers-loewenherz\/","og_site_name":"Kultur Online TV &amp; FM","article_publisher":"https:\/\/www.facebook.com\/kulturonline.tv","article_published_time":"2022-01-26T07:25:41+00:00","article_modified_time":"2022-01-26T07:25:43+00:00","og_image":[{"width":600,"height":337,"url":"https:\/\/kulturonline.tv\/wp-content\/uploads\/2022\/01\/Literatur.jpg","type":"image\/jpeg"}],"author":"guenter.wolfgang","twitter_card":"summary_large_image","twitter_misc":{"Verfasst von":"guenter.wolfgang","Gesch\u00e4tzte Lesezeit":"5 Minuten"},"schema":{"@context":"https:\/\/schema.org","@graph":[{"@type":"Article","@id":"https:\/\/kulturonline.tv\/at\/ein-luftikus-als-tragischer-held-monika-helfers-loewenherz\/#article","isPartOf":{"@id":"https:\/\/kulturonline.tv\/at\/ein-luftikus-als-tragischer-held-monika-helfers-loewenherz\/"},"author":{"name":"guenter.wolfgang","@id":"https:\/\/kulturonline.tv\/at\/#\/schema\/person\/b0fac729bb9a0c193fb1df23449df4fe"},"headline":"Ein Luftikus als tragischer Held: Monika Helfers &#8222;L\u00f6wenherz&#8220;","datePublished":"2022-01-26T07:25:41+00:00","dateModified":"2022-01-26T07:25:43+00:00","mainEntityOfPage":{"@id":"https:\/\/kulturonline.tv\/at\/ein-luftikus-als-tragischer-held-monika-helfers-loewenherz\/"},"wordCount":756,"publisher":{"@id":"https:\/\/kulturonline.tv\/at\/#organization"},"image":{"@id":"https:\/\/kulturonline.tv\/at\/ein-luftikus-als-tragischer-held-monika-helfers-loewenherz\/#primaryimage"},"thumbnailUrl":"https:\/\/kulturonline.tv\/wp-content\/uploads\/2022\/01\/Literatur.jpg","articleSection":["Literatur"],"inLanguage":"de-AT"},{"@type":"WebPage","@id":"https:\/\/kulturonline.tv\/at\/ein-luftikus-als-tragischer-held-monika-helfers-loewenherz\/","url":"https:\/\/kulturonline.tv\/at\/ein-luftikus-als-tragischer-held-monika-helfers-loewenherz\/","name":"Ein Luftikus als tragischer Held: Monika Helfers \"L\u00f6wenherz\" - Kultur Online TV &amp; FM","isPartOf":{"@id":"https:\/\/kulturonline.tv\/at\/#website"},"primaryImageOfPage":{"@id":"https:\/\/kulturonline.tv\/at\/ein-luftikus-als-tragischer-held-monika-helfers-loewenherz\/#primaryimage"},"image":{"@id":"https:\/\/kulturonline.tv\/at\/ein-luftikus-als-tragischer-held-monika-helfers-loewenherz\/#primaryimage"},"thumbnailUrl":"https:\/\/kulturonline.tv\/wp-content\/uploads\/2022\/01\/Literatur.jpg","datePublished":"2022-01-26T07:25:41+00:00","dateModified":"2022-01-26T07:25:43+00:00","description":"Kultur sehen und H\u00f6ren","breadcrumb":{"@id":"https:\/\/kulturonline.tv\/at\/ein-luftikus-als-tragischer-held-monika-helfers-loewenherz\/#breadcrumb"},"inLanguage":"de-AT","potentialAction":[{"@type":"ReadAction","target":["https:\/\/kulturonline.tv\/at\/ein-luftikus-als-tragischer-held-monika-helfers-loewenherz\/"]}]},{"@type":"ImageObject","inLanguage":"de-AT","@id":"https:\/\/kulturonline.tv\/at\/ein-luftikus-als-tragischer-held-monika-helfers-loewenherz\/#primaryimage","url":"https:\/\/kulturonline.tv\/wp-content\/uploads\/2022\/01\/Literatur.jpg","contentUrl":"https:\/\/kulturonline.tv\/wp-content\/uploads\/2022\/01\/Literatur.jpg","width":600,"height":337},{"@type":"BreadcrumbList","@id":"https:\/\/kulturonline.tv\/at\/ein-luftikus-als-tragischer-held-monika-helfers-loewenherz\/#breadcrumb","itemListElement":[{"@type":"ListItem","position":1,"name":"Startseite","item":"https:\/\/kulturonline.tv\/at\/"},{"@type":"ListItem","position":2,"name":"Ein Luftikus als tragischer Held: Monika Helfers &#8222;L\u00f6wenherz&#8220;"}]},{"@type":"WebSite","@id":"https:\/\/kulturonline.tv\/at\/#website","url":"https:\/\/kulturonline.tv\/at\/","name":"Kultur Online TV &amp; FM","description":"Wir sind Kultur 2.0 zum sehen &amp; h\u00f6ren","publisher":{"@id":"https:\/\/kulturonline.tv\/at\/#organization"},"potentialAction":[{"@type":"SearchAction","target":{"@type":"EntryPoint","urlTemplate":"https:\/\/kulturonline.tv\/at\/?s={search_term_string}"},"query-input":{"@type":"PropertyValueSpecification","valueRequired":true,"valueName":"search_term_string"}}],"inLanguage":"de-AT"},{"@type":"Organization","@id":"https:\/\/kulturonline.tv\/at\/#organization","name":"Kultur Online TV","url":"https:\/\/kulturonline.tv\/at\/","logo":{"@type":"ImageObject","inLanguage":"de-AT","@id":"https:\/\/kulturonline.tv\/at\/#\/schema\/logo\/image\/","url":"https:\/\/kulturonline.tv\/wp-content\/uploads\/2021\/08\/Kultur-Online-Tv-Logo-Endversion-neu.png","contentUrl":"https:\/\/kulturonline.tv\/wp-content\/uploads\/2021\/08\/Kultur-Online-Tv-Logo-Endversion-neu.png","width":200,"height":200,"caption":"Kultur Online TV"},"image":{"@id":"https:\/\/kulturonline.tv\/at\/#\/schema\/logo\/image\/"},"sameAs":["https:\/\/www.facebook.com\/kulturonline.tv","https:\/\/www.instagram.com\/kulturonline.tv"]},{"@type":"Person","@id":"https:\/\/kulturonline.tv\/at\/#\/schema\/person\/b0fac729bb9a0c193fb1df23449df4fe","name":"guenter.wolfgang"}]}},"_links":{"self":[{"href":"https:\/\/kulturonline.tv\/at\/wp-json\/wp\/v2\/posts\/20801","targetHints":{"allow":["GET"]}}],"collection":[{"href":"https:\/\/kulturonline.tv\/at\/wp-json\/wp\/v2\/posts"}],"about":[{"href":"https:\/\/kulturonline.tv\/at\/wp-json\/wp\/v2\/types\/post"}],"author":[{"embeddable":true,"href":"https:\/\/kulturonline.tv\/at\/wp-json\/wp\/v2\/users\/2"}],"replies":[{"embeddable":true,"href":"https:\/\/kulturonline.tv\/at\/wp-json\/wp\/v2\/comments?post=20801"}],"version-history":[{"count":0,"href":"https:\/\/kulturonline.tv\/at\/wp-json\/wp\/v2\/posts\/20801\/revisions"}],"wp:featuredmedia":[{"embeddable":true,"href":"https:\/\/kulturonline.tv\/at\/wp-json\/wp\/v2\/media\/20803"}],"wp:attachment":[{"href":"https:\/\/kulturonline.tv\/at\/wp-json\/wp\/v2\/media?parent=20801"}],"wp:term":[{"taxonomy":"category","embeddable":true,"href":"https:\/\/kulturonline.tv\/at\/wp-json\/wp\/v2\/categories?post=20801"},{"taxonomy":"post_tag","embeddable":true,"href":"https:\/\/kulturonline.tv\/at\/wp-json\/wp\/v2\/tags?post=20801"}],"curies":[{"name":"wp","href":"https:\/\/api.w.org\/{rel}","templated":true}]}}