{"id":20858,"date":"2022-01-26T09:19:04","date_gmt":"2022-01-26T08:19:04","guid":{"rendered":"https:\/\/kulturonline.tv\/?p=20858"},"modified":"2022-01-26T09:19:05","modified_gmt":"2022-01-26T08:19:05","slug":"tipp-margarete-schuette-lihotzkys-spuren-in-wien","status":"publish","type":"post","link":"https:\/\/kulturonline.tv\/at\/tipp-margarete-schuette-lihotzkys-spuren-in-wien\/","title":{"rendered":"Tipp: Margarete Sch\u00fctte-Lihotzkys &#8222;Spuren in Wien&#8220;"},"content":{"rendered":"\n<p><strong>Die \u00f6sterreichische Architektin Margarete Sch\u00fctte-Lihotzky hat diesen Urtyp der modernen Einbauk\u00fcche in den 1920er-Jahren entworfen und damit internationale Bekanntheit erlangt.<\/strong><\/p>\n\n\n\n<figure class=\"wp-block-image size-full\"><img fetchpriority=\"high\" decoding=\"async\" width=\"1280\" height=\"720\" src=\"https:\/\/kulturonline.tv\/wp-content\/uploads\/2022\/01\/Margarete-Schuette.jpg\" alt=\"\" class=\"wp-image-20860\" srcset=\"https:\/\/kulturonline.tv\/wp-content\/uploads\/2022\/01\/Margarete-Schuette.jpg 1280w, https:\/\/kulturonline.tv\/wp-content\/uploads\/2022\/01\/Margarete-Schuette-600x338.jpg 600w, https:\/\/kulturonline.tv\/wp-content\/uploads\/2022\/01\/Margarete-Schuette-800x450.jpg 800w, https:\/\/kulturonline.tv\/wp-content\/uploads\/2022\/01\/Margarete-Schuette-768x432.jpg 768w\" sizes=\"(max-width: 1280px) 100vw, 1280px\" \/><\/figure>\n\n\n\n<p>Ein Buch l\u00e4dt nun dazu ein, Sch\u00fctte-Lihotzkys &#8222;Spuren in Wien&#8220; zu entdecken und dabei vielleicht auch unbekanntere Seiten der Pionierin ihres Fachs und Widerstandsk\u00e4mpferin gegen die Nazis kennenzulernen.<\/p>\n\n\n\n<p>Auch wenn ihre bekannteste Arbeit den Namen der deutschen Stadt am Main im Namen tr\u00e4gt, liegt es doch nahe, die biografischen und beruflichen Stationen Sch\u00fctte-Lihotzkys in ihrer Geburts- und Sterbestadt, in der sie trotz zahlreicher mehrj\u00e4hriger Auslandsaufenthalte auch den Gro\u00dfteil ihres fast 103 Jahre dauernden Lebens verbracht hat, zu beleuchten. Das Ergebnis erscheint nun als knapp 200-seitiges Buch rechtzeitig zum 125. Geburtstag der Architektin, die am 23. J\u00e4nner 1897 auf die Welt gekommen ist, und wird am Donnerstagabend im Gleis 21 in Favoriten pr\u00e4sentiert.<\/p>\n\n\n\n<p>Die vorrangig chronologisch angelegte Spurensuche, herausgegeben von der Sch\u00fctte-Lihotzky-Forscherin Christine Zwingl, beginnt mit der Kindheit der in eine b\u00fcrgerliche Familie hineingeborenen Margarete in &#8211; wie passend &#8211; Margareten (5. Bezirk) und ihrer Ausbildungszeit an der k. u. k. Graphischen Lehr- und Versuchsanstalt sowie der Kunstgewerbeschule. Es folgen das erste Atelier in der Neuen Hofburg gleich nach dem Ende der Monarchie und erste Engagements in der Siedlerbewegung und im Roten Wien, wo sie etwa neben Adolf Loos, Josef Hoffmann oder Peter Behrens an der Planung des Donaust\u00e4dter Otto-Haas-Hof beteiligt war. 59 Wohnungen wurden als Teil dieses Gemeindebaus nach ihren Entw\u00fcrfen gebaut.<\/p>\n\n\n\n<p>In ihren Sp\u00e4tzwanzigern kehrte Sch\u00fctte-Lihotzky der Donaumetropole f\u00fcr rund eineinhalb Jahrzehnte den R\u00fccken. Zuerst zog es sie 1926 eben nach Frankfurt, dann in die Sowjetunion (1930-1937) und 1938 in die T\u00fcrkei. Zur\u00fcck nach Wien kam sie Ende 1940 im Auftrag der im Exil operierenden KP\u00d6 f\u00fcr Kurierdienste zugunsten der Widerstandsbewegung. Kurz vor ihrer R\u00fcckreise nach Istanbul wurde sie allerdings von der Gestapo aufgegriffen, inhaftiert und schlie\u00dflich in ein Zuchthaus in Bayern \u00fcberstellt.<\/p>\n\n\n\n<p>Das damalige Cafe Victoria, in dem Sch\u00fctte-Lihotzky geschnappt wurde, die Orte der Gefangenschaft, Verh\u00f6re und Verfahren &#8211; sie sind ebenso eingezeichnet in der Wien-Karte am Buchende wie andere rund 40 \u00d6rtlichkeiten der Stadt, an denen sich die Architektin mit ihrer Vita und ihrer Arbeit in die Stadt eingeschrieben hat. So entsteht eine Art Sch\u00fctte-Lihotzky-Stadtplan, mithilfe dessen man sich dank nummeriertem Ortsregister selbst auf die Spuren der im Jahr 2000 verstorbenen Pionierin begeben kann.about:blank<\/p>\n\n\n\n<p>Nicht vergessen wird im Buch der Hinweis darauf, wie schwer es die bekennende Kommunistin, die jahrzehntelang auch in der Frauen- und Friedensbewegung engagiert war, hatte, nach ihrer R\u00fcckkehr nach Wien 1947 angesichts des aufziehenden Kalten Krieges zu \u00f6ffentlichen Auftr\u00e4gen zu kommen. So war sie zwar an Konzepten f\u00fcr Kinderg\u00e4rten und Wohnhausanlagen f\u00fcr die Stadt Wien beteiligt, aber auch auf Auftr\u00e4ge der Kommunistischen Partei angewiesen &#8211; etwa als Mitgestalterin einer neuen Zentrale des parteieigenen Globus-Verlags.<\/p>\n\n\n\n<p>Neben der Herausgeberin Zwingl lieferte ein halbes Dutzend Kennerinnen und Weggef\u00e4hrtinnen von Sch\u00fctte-Lihotzky Beitr\u00e4ge f\u00fcr das mit Fotos, Faksimiles von Pl\u00e4nen und Notizen sowie Zitaten angereicherte Buch. Zu hohen Ehren kam die Architektin hierzulande erst sp\u00e4t. Erst 1993, da war sie bereits Mitte 90, richtete das MAK die erste Schau zu ihrem Gesamtwerk \u00fcberhaupt aus. Im selben Jahr bekam sie das Ehrenzeichen f\u00fcr Wissenschaft und Kunst verliehen und erst zu ihrem 100. Geburtstag wurde sie 1997 mit dem Gro\u00dfen Goldenen Ehrenzeichen der Republik ausgezeichnet. Und dennoch gibt es inzwischen einige Orte in Wien &#8211; von dem nach ihr benannten Gemeindebau in Floridsdorf \u00fcber einen Park in Margareten bis zu einem H\u00f6rsaal an der Technischen Universit\u00e4t -, die an Margarete Sch\u00fctte-Lihotzy erinnern. Und das Ehrengrab am Zentralfriedhof gibt es nat\u00fcrlich auch noch.<\/p>\n\n\n\n<p>Kultur Online TV<\/p>\n\n\n\n<p>#literatur #news #kunst<\/p>\n","protected":false},"excerpt":{"rendered":"<p>Die \u00f6sterreichische Architektin Margarete Sch\u00fctte-Lihotzky hat diesen Urtyp der modernen Einbauk\u00fcche in den 1920er-Jahren entworfen und damit internationale Bekanntheit erlangt. Ein Buch l\u00e4dt nun dazu ein, Sch\u00fctte-Lihotzkys &#8222;Spuren in Wien&#8220; zu entdecken und dabei vielleicht auch unbekanntere Seiten der Pionierin ihres Fachs und Widerstandsk\u00e4mpferin gegen die Nazis kennenzulernen. Auch wenn ihre bekannteste Arbeit den Namen [&hellip;]<\/p>\n","protected":false},"author":2,"featured_media":20860,"comment_status":"closed","ping_status":"closed","sticky":false,"template":"","format":"standard","meta":{"_acf_changed":false,"footnotes":""},"categories":[133],"tags":[],"class_list":["post-20858","post","type-post","status-publish","format-standard","has-post-thumbnail","hentry","category-literatur"],"acf":[],"yoast_head":"<!-- This site is optimized with the Yoast SEO plugin v26.1.1 - https:\/\/yoast.com\/wordpress\/plugins\/seo\/ -->\n<title>Tipp: Margarete Sch\u00fctte-Lihotzkys &quot;Spuren in Wien&quot; - Kultur Online TV &amp; FM<\/title>\n<meta name=\"description\" content=\"Kultur sehen und H\u00f6ren\" \/>\n<meta name=\"robots\" content=\"index, follow, max-snippet:-1, max-image-preview:large, max-video-preview:-1\" \/>\n<link rel=\"canonical\" href=\"https:\/\/kulturonline.tv\/at\/tipp-margarete-schuette-lihotzkys-spuren-in-wien\/\" \/>\n<meta property=\"og:locale\" content=\"de_DE\" \/>\n<meta property=\"og:type\" content=\"article\" \/>\n<meta property=\"og:title\" content=\"Tipp: Margarete Sch\u00fctte-Lihotzkys &quot;Spuren in Wien&quot; - Kultur Online TV &amp; FM\" \/>\n<meta property=\"og:description\" content=\"Kultur sehen und H\u00f6ren\" \/>\n<meta property=\"og:url\" content=\"https:\/\/kulturonline.tv\/at\/tipp-margarete-schuette-lihotzkys-spuren-in-wien\/\" \/>\n<meta property=\"og:site_name\" content=\"Kultur Online TV &amp; FM\" \/>\n<meta property=\"article:publisher\" content=\"https:\/\/www.facebook.com\/kulturonline.tv\" \/>\n<meta property=\"article:published_time\" content=\"2022-01-26T08:19:04+00:00\" \/>\n<meta property=\"article:modified_time\" content=\"2022-01-26T08:19:05+00:00\" \/>\n<meta property=\"og:image\" content=\"https:\/\/kulturonline.tv\/wp-content\/uploads\/2022\/01\/Margarete-Schuette.jpg\" \/>\n\t<meta property=\"og:image:width\" content=\"1280\" \/>\n\t<meta property=\"og:image:height\" content=\"720\" \/>\n\t<meta property=\"og:image:type\" content=\"image\/jpeg\" \/>\n<meta name=\"author\" content=\"guenter.wolfgang\" \/>\n<meta name=\"twitter:card\" content=\"summary_large_image\" \/>\n<meta name=\"twitter:label1\" content=\"Verfasst von\" \/>\n\t<meta name=\"twitter:data1\" content=\"guenter.wolfgang\" \/>\n\t<meta name=\"twitter:label2\" content=\"Gesch\u00e4tzte Lesezeit\" \/>\n\t<meta name=\"twitter:data2\" content=\"4 Minuten\" \/>\n<script type=\"application\/ld+json\" class=\"yoast-schema-graph\">{\"@context\":\"https:\/\/schema.org\",\"@graph\":[{\"@type\":\"Article\",\"@id\":\"https:\/\/kulturonline.tv\/at\/tipp-margarete-schuette-lihotzkys-spuren-in-wien\/#article\",\"isPartOf\":{\"@id\":\"https:\/\/kulturonline.tv\/at\/tipp-margarete-schuette-lihotzkys-spuren-in-wien\/\"},\"author\":{\"name\":\"guenter.wolfgang\",\"@id\":\"https:\/\/kulturonline.tv\/at\/#\/schema\/person\/b0fac729bb9a0c193fb1df23449df4fe\"},\"headline\":\"Tipp: Margarete Sch\u00fctte-Lihotzkys &#8222;Spuren in Wien&#8220;\",\"datePublished\":\"2022-01-26T08:19:04+00:00\",\"dateModified\":\"2022-01-26T08:19:05+00:00\",\"mainEntityOfPage\":{\"@id\":\"https:\/\/kulturonline.tv\/at\/tipp-margarete-schuette-lihotzkys-spuren-in-wien\/\"},\"wordCount\":625,\"publisher\":{\"@id\":\"https:\/\/kulturonline.tv\/at\/#organization\"},\"image\":{\"@id\":\"https:\/\/kulturonline.tv\/at\/tipp-margarete-schuette-lihotzkys-spuren-in-wien\/#primaryimage\"},\"thumbnailUrl\":\"https:\/\/kulturonline.tv\/wp-content\/uploads\/2022\/01\/Margarete-Schuette.jpg\",\"articleSection\":[\"Literatur\"],\"inLanguage\":\"de-AT\"},{\"@type\":\"WebPage\",\"@id\":\"https:\/\/kulturonline.tv\/at\/tipp-margarete-schuette-lihotzkys-spuren-in-wien\/\",\"url\":\"https:\/\/kulturonline.tv\/at\/tipp-margarete-schuette-lihotzkys-spuren-in-wien\/\",\"name\":\"Tipp: Margarete Sch\u00fctte-Lihotzkys \\\"Spuren in Wien\\\" - Kultur Online TV &amp; FM\",\"isPartOf\":{\"@id\":\"https:\/\/kulturonline.tv\/at\/#website\"},\"primaryImageOfPage\":{\"@id\":\"https:\/\/kulturonline.tv\/at\/tipp-margarete-schuette-lihotzkys-spuren-in-wien\/#primaryimage\"},\"image\":{\"@id\":\"https:\/\/kulturonline.tv\/at\/tipp-margarete-schuette-lihotzkys-spuren-in-wien\/#primaryimage\"},\"thumbnailUrl\":\"https:\/\/kulturonline.tv\/wp-content\/uploads\/2022\/01\/Margarete-Schuette.jpg\",\"datePublished\":\"2022-01-26T08:19:04+00:00\",\"dateModified\":\"2022-01-26T08:19:05+00:00\",\"description\":\"Kultur sehen und H\u00f6ren\",\"breadcrumb\":{\"@id\":\"https:\/\/kulturonline.tv\/at\/tipp-margarete-schuette-lihotzkys-spuren-in-wien\/#breadcrumb\"},\"inLanguage\":\"de-AT\",\"potentialAction\":[{\"@type\":\"ReadAction\",\"target\":[\"https:\/\/kulturonline.tv\/at\/tipp-margarete-schuette-lihotzkys-spuren-in-wien\/\"]}]},{\"@type\":\"ImageObject\",\"inLanguage\":\"de-AT\",\"@id\":\"https:\/\/kulturonline.tv\/at\/tipp-margarete-schuette-lihotzkys-spuren-in-wien\/#primaryimage\",\"url\":\"https:\/\/kulturonline.tv\/wp-content\/uploads\/2022\/01\/Margarete-Schuette.jpg\",\"contentUrl\":\"https:\/\/kulturonline.tv\/wp-content\/uploads\/2022\/01\/Margarete-Schuette.jpg\",\"width\":1280,\"height\":720},{\"@type\":\"BreadcrumbList\",\"@id\":\"https:\/\/kulturonline.tv\/at\/tipp-margarete-schuette-lihotzkys-spuren-in-wien\/#breadcrumb\",\"itemListElement\":[{\"@type\":\"ListItem\",\"position\":1,\"name\":\"Startseite\",\"item\":\"https:\/\/kulturonline.tv\/at\/\"},{\"@type\":\"ListItem\",\"position\":2,\"name\":\"Tipp: Margarete Sch\u00fctte-Lihotzkys &#8222;Spuren in Wien&#8220;\"}]},{\"@type\":\"WebSite\",\"@id\":\"https:\/\/kulturonline.tv\/at\/#website\",\"url\":\"https:\/\/kulturonline.tv\/at\/\",\"name\":\"Kultur Online TV &amp; FM\",\"description\":\"Wir sind Kultur 2.0 zum sehen &amp; h\u00f6ren\",\"publisher\":{\"@id\":\"https:\/\/kulturonline.tv\/at\/#organization\"},\"potentialAction\":[{\"@type\":\"SearchAction\",\"target\":{\"@type\":\"EntryPoint\",\"urlTemplate\":\"https:\/\/kulturonline.tv\/at\/?s={search_term_string}\"},\"query-input\":{\"@type\":\"PropertyValueSpecification\",\"valueRequired\":true,\"valueName\":\"search_term_string\"}}],\"inLanguage\":\"de-AT\"},{\"@type\":\"Organization\",\"@id\":\"https:\/\/kulturonline.tv\/at\/#organization\",\"name\":\"Kultur Online TV\",\"url\":\"https:\/\/kulturonline.tv\/at\/\",\"logo\":{\"@type\":\"ImageObject\",\"inLanguage\":\"de-AT\",\"@id\":\"https:\/\/kulturonline.tv\/at\/#\/schema\/logo\/image\/\",\"url\":\"https:\/\/kulturonline.tv\/wp-content\/uploads\/2021\/08\/Kultur-Online-Tv-Logo-Endversion-neu.png\",\"contentUrl\":\"https:\/\/kulturonline.tv\/wp-content\/uploads\/2021\/08\/Kultur-Online-Tv-Logo-Endversion-neu.png\",\"width\":200,\"height\":200,\"caption\":\"Kultur Online TV\"},\"image\":{\"@id\":\"https:\/\/kulturonline.tv\/at\/#\/schema\/logo\/image\/\"},\"sameAs\":[\"https:\/\/www.facebook.com\/kulturonline.tv\",\"https:\/\/www.instagram.com\/kulturonline.tv\"]},{\"@type\":\"Person\",\"@id\":\"https:\/\/kulturonline.tv\/at\/#\/schema\/person\/b0fac729bb9a0c193fb1df23449df4fe\",\"name\":\"guenter.wolfgang\"}]}<\/script>\n<!-- \/ Yoast SEO plugin. -->","yoast_head_json":{"title":"Tipp: Margarete Sch\u00fctte-Lihotzkys \"Spuren in Wien\" - Kultur Online TV &amp; FM","description":"Kultur sehen und H\u00f6ren","robots":{"index":"index","follow":"follow","max-snippet":"max-snippet:-1","max-image-preview":"max-image-preview:large","max-video-preview":"max-video-preview:-1"},"canonical":"https:\/\/kulturonline.tv\/at\/tipp-margarete-schuette-lihotzkys-spuren-in-wien\/","og_locale":"de_DE","og_type":"article","og_title":"Tipp: Margarete Sch\u00fctte-Lihotzkys \"Spuren in Wien\" - Kultur Online TV &amp; FM","og_description":"Kultur sehen und H\u00f6ren","og_url":"https:\/\/kulturonline.tv\/at\/tipp-margarete-schuette-lihotzkys-spuren-in-wien\/","og_site_name":"Kultur Online TV &amp; FM","article_publisher":"https:\/\/www.facebook.com\/kulturonline.tv","article_published_time":"2022-01-26T08:19:04+00:00","article_modified_time":"2022-01-26T08:19:05+00:00","og_image":[{"width":1280,"height":720,"url":"https:\/\/kulturonline.tv\/wp-content\/uploads\/2022\/01\/Margarete-Schuette.jpg","type":"image\/jpeg"}],"author":"guenter.wolfgang","twitter_card":"summary_large_image","twitter_misc":{"Verfasst von":"guenter.wolfgang","Gesch\u00e4tzte Lesezeit":"4 Minuten"},"schema":{"@context":"https:\/\/schema.org","@graph":[{"@type":"Article","@id":"https:\/\/kulturonline.tv\/at\/tipp-margarete-schuette-lihotzkys-spuren-in-wien\/#article","isPartOf":{"@id":"https:\/\/kulturonline.tv\/at\/tipp-margarete-schuette-lihotzkys-spuren-in-wien\/"},"author":{"name":"guenter.wolfgang","@id":"https:\/\/kulturonline.tv\/at\/#\/schema\/person\/b0fac729bb9a0c193fb1df23449df4fe"},"headline":"Tipp: Margarete Sch\u00fctte-Lihotzkys &#8222;Spuren in Wien&#8220;","datePublished":"2022-01-26T08:19:04+00:00","dateModified":"2022-01-26T08:19:05+00:00","mainEntityOfPage":{"@id":"https:\/\/kulturonline.tv\/at\/tipp-margarete-schuette-lihotzkys-spuren-in-wien\/"},"wordCount":625,"publisher":{"@id":"https:\/\/kulturonline.tv\/at\/#organization"},"image":{"@id":"https:\/\/kulturonline.tv\/at\/tipp-margarete-schuette-lihotzkys-spuren-in-wien\/#primaryimage"},"thumbnailUrl":"https:\/\/kulturonline.tv\/wp-content\/uploads\/2022\/01\/Margarete-Schuette.jpg","articleSection":["Literatur"],"inLanguage":"de-AT"},{"@type":"WebPage","@id":"https:\/\/kulturonline.tv\/at\/tipp-margarete-schuette-lihotzkys-spuren-in-wien\/","url":"https:\/\/kulturonline.tv\/at\/tipp-margarete-schuette-lihotzkys-spuren-in-wien\/","name":"Tipp: Margarete Sch\u00fctte-Lihotzkys \"Spuren in Wien\" - Kultur Online TV &amp; FM","isPartOf":{"@id":"https:\/\/kulturonline.tv\/at\/#website"},"primaryImageOfPage":{"@id":"https:\/\/kulturonline.tv\/at\/tipp-margarete-schuette-lihotzkys-spuren-in-wien\/#primaryimage"},"image":{"@id":"https:\/\/kulturonline.tv\/at\/tipp-margarete-schuette-lihotzkys-spuren-in-wien\/#primaryimage"},"thumbnailUrl":"https:\/\/kulturonline.tv\/wp-content\/uploads\/2022\/01\/Margarete-Schuette.jpg","datePublished":"2022-01-26T08:19:04+00:00","dateModified":"2022-01-26T08:19:05+00:00","description":"Kultur sehen und H\u00f6ren","breadcrumb":{"@id":"https:\/\/kulturonline.tv\/at\/tipp-margarete-schuette-lihotzkys-spuren-in-wien\/#breadcrumb"},"inLanguage":"de-AT","potentialAction":[{"@type":"ReadAction","target":["https:\/\/kulturonline.tv\/at\/tipp-margarete-schuette-lihotzkys-spuren-in-wien\/"]}]},{"@type":"ImageObject","inLanguage":"de-AT","@id":"https:\/\/kulturonline.tv\/at\/tipp-margarete-schuette-lihotzkys-spuren-in-wien\/#primaryimage","url":"https:\/\/kulturonline.tv\/wp-content\/uploads\/2022\/01\/Margarete-Schuette.jpg","contentUrl":"https:\/\/kulturonline.tv\/wp-content\/uploads\/2022\/01\/Margarete-Schuette.jpg","width":1280,"height":720},{"@type":"BreadcrumbList","@id":"https:\/\/kulturonline.tv\/at\/tipp-margarete-schuette-lihotzkys-spuren-in-wien\/#breadcrumb","itemListElement":[{"@type":"ListItem","position":1,"name":"Startseite","item":"https:\/\/kulturonline.tv\/at\/"},{"@type":"ListItem","position":2,"name":"Tipp: Margarete Sch\u00fctte-Lihotzkys &#8222;Spuren in Wien&#8220;"}]},{"@type":"WebSite","@id":"https:\/\/kulturonline.tv\/at\/#website","url":"https:\/\/kulturonline.tv\/at\/","name":"Kultur Online TV &amp; FM","description":"Wir sind Kultur 2.0 zum sehen &amp; h\u00f6ren","publisher":{"@id":"https:\/\/kulturonline.tv\/at\/#organization"},"potentialAction":[{"@type":"SearchAction","target":{"@type":"EntryPoint","urlTemplate":"https:\/\/kulturonline.tv\/at\/?s={search_term_string}"},"query-input":{"@type":"PropertyValueSpecification","valueRequired":true,"valueName":"search_term_string"}}],"inLanguage":"de-AT"},{"@type":"Organization","@id":"https:\/\/kulturonline.tv\/at\/#organization","name":"Kultur Online TV","url":"https:\/\/kulturonline.tv\/at\/","logo":{"@type":"ImageObject","inLanguage":"de-AT","@id":"https:\/\/kulturonline.tv\/at\/#\/schema\/logo\/image\/","url":"https:\/\/kulturonline.tv\/wp-content\/uploads\/2021\/08\/Kultur-Online-Tv-Logo-Endversion-neu.png","contentUrl":"https:\/\/kulturonline.tv\/wp-content\/uploads\/2021\/08\/Kultur-Online-Tv-Logo-Endversion-neu.png","width":200,"height":200,"caption":"Kultur Online TV"},"image":{"@id":"https:\/\/kulturonline.tv\/at\/#\/schema\/logo\/image\/"},"sameAs":["https:\/\/www.facebook.com\/kulturonline.tv","https:\/\/www.instagram.com\/kulturonline.tv"]},{"@type":"Person","@id":"https:\/\/kulturonline.tv\/at\/#\/schema\/person\/b0fac729bb9a0c193fb1df23449df4fe","name":"guenter.wolfgang"}]}},"_links":{"self":[{"href":"https:\/\/kulturonline.tv\/at\/wp-json\/wp\/v2\/posts\/20858","targetHints":{"allow":["GET"]}}],"collection":[{"href":"https:\/\/kulturonline.tv\/at\/wp-json\/wp\/v2\/posts"}],"about":[{"href":"https:\/\/kulturonline.tv\/at\/wp-json\/wp\/v2\/types\/post"}],"author":[{"embeddable":true,"href":"https:\/\/kulturonline.tv\/at\/wp-json\/wp\/v2\/users\/2"}],"replies":[{"embeddable":true,"href":"https:\/\/kulturonline.tv\/at\/wp-json\/wp\/v2\/comments?post=20858"}],"version-history":[{"count":0,"href":"https:\/\/kulturonline.tv\/at\/wp-json\/wp\/v2\/posts\/20858\/revisions"}],"wp:featuredmedia":[{"embeddable":true,"href":"https:\/\/kulturonline.tv\/at\/wp-json\/wp\/v2\/media\/20860"}],"wp:attachment":[{"href":"https:\/\/kulturonline.tv\/at\/wp-json\/wp\/v2\/media?parent=20858"}],"wp:term":[{"taxonomy":"category","embeddable":true,"href":"https:\/\/kulturonline.tv\/at\/wp-json\/wp\/v2\/categories?post=20858"},{"taxonomy":"post_tag","embeddable":true,"href":"https:\/\/kulturonline.tv\/at\/wp-json\/wp\/v2\/tags?post=20858"}],"curies":[{"name":"wp","href":"https:\/\/api.w.org\/{rel}","templated":true}]}}