{"id":22081,"date":"2022-02-03T07:03:09","date_gmt":"2022-02-03T06:03:09","guid":{"rendered":"https:\/\/kulturonline.tv\/?p=22081"},"modified":"2022-02-03T07:03:11","modified_gmt":"2022-02-03T06:03:11","slug":"originalmanuskript-des-kleinen-prinzen-erstmals-in-europa","status":"publish","type":"post","link":"https:\/\/kulturonline.tv\/at\/originalmanuskript-des-kleinen-prinzen-erstmals-in-europa\/","title":{"rendered":"Originalmanuskript des &#8222;Kleinen Prinzen&#8220; erstmals in Europa"},"content":{"rendered":"\n<p><strong>&#8222;Der kleine Prinz&#8220; von Antoine de Saint-Exup\u00e9ry (1900-1944) geh\u00f6rt weltweit zu den meist verkauften B\u00fcchern.<\/strong><\/p>\n\n\n\n<figure class=\"wp-block-image size-full is-resized\"><img fetchpriority=\"high\" decoding=\"async\" src=\"https:\/\/kulturonline.tv\/wp-content\/uploads\/2022\/02\/der-kleine-prinz.jpg\" alt=\"\" class=\"wp-image-22083\" width=\"838\" height=\"471\" srcset=\"https:\/\/kulturonline.tv\/wp-content\/uploads\/2022\/02\/der-kleine-prinz.jpg 704w, https:\/\/kulturonline.tv\/wp-content\/uploads\/2022\/02\/der-kleine-prinz-600x338.jpg 600w\" sizes=\"(max-width: 838px) 100vw, 838px\" \/><\/figure>\n\n\n\n<p>Nun wird das in New York aufbewahrte Manuskript des Dauerbrenners der Weltliteratur erstmals in Europa in der Ausstellung &#8222;A la rencontre du Petit Prince&#8220; in Paris zu sehen sein &#8211; zusammen mit 600 Exponaten, darunter Aquarelle, Skizzen, Zeichnungen und Fotografien. Von den 141 Seiten werden 35 im Museum f\u00fcr dekorative K\u00fcnste (Mus\u00e9e des Arts D\u00e9coratifs) gezeigt.<\/p>\n\n\n\n<p>Die m\u00e4rchenhafte Geschichte des blonden Winzlings war das letzte Werk von Saint-Exup\u00e9ry. Er kam am 31. Juli 1944 im Alter von 44 Jahren bei einem Flugzeugungl\u00fcck ums Leben. Teile der Maschine wurden erst viele Jahre sp\u00e4ter im Meer in der N\u00e4he der \u00cele de Riou s\u00fcdlich von Marseille entdeckt. Das Buch wurde erstmals am 6. April 1943 in New York ver\u00f6ffentlicht, drei Jahre sp\u00e4ter in Frankreich. Mit \u00fcber 200 Millionen verkauften Exemplaren ist es das bekannteste, meist \u00fcbersetzte und meist gelesene Werk der franz\u00f6sischen Literatur.<\/p>\n\n\n\n<p>Kultur Online TV<\/p>\n\n\n\n<p>#literatur #news #kunst<\/p>\n","protected":false},"excerpt":{"rendered":"<p>&#8222;Der kleine Prinz&#8220; von Antoine de Saint-Exup\u00e9ry (1900-1944) geh\u00f6rt weltweit zu den meist verkauften B\u00fcchern. Nun wird das in New York aufbewahrte Manuskript des Dauerbrenners der Weltliteratur erstmals in Europa in der Ausstellung &#8222;A la rencontre du Petit Prince&#8220; in Paris zu sehen sein &#8211; zusammen mit 600 Exponaten, darunter Aquarelle, Skizzen, Zeichnungen und Fotografien. [&hellip;]<\/p>\n","protected":false},"author":2,"featured_media":22083,"comment_status":"closed","ping_status":"closed","sticky":false,"template":"","format":"standard","meta":{"_acf_changed":false,"footnotes":""},"categories":[133],"tags":[],"class_list":["post-22081","post","type-post","status-publish","format-standard","has-post-thumbnail","hentry","category-literatur"],"acf":[],"yoast_head":"<!-- This site is optimized with the Yoast SEO plugin v26.1.1 - https:\/\/yoast.com\/wordpress\/plugins\/seo\/ -->\n<title>Originalmanuskript des &quot;Kleinen Prinzen&quot; erstmals in Europa - Kultur Online TV &amp; FM<\/title>\n<meta name=\"description\" content=\"Kultur sehen und H\u00f6ren\" \/>\n<meta name=\"robots\" content=\"index, follow, max-snippet:-1, max-image-preview:large, max-video-preview:-1\" \/>\n<link rel=\"canonical\" href=\"https:\/\/kulturonline.tv\/at\/originalmanuskript-des-kleinen-prinzen-erstmals-in-europa\/\" \/>\n<meta property=\"og:locale\" content=\"de_DE\" \/>\n<meta property=\"og:type\" content=\"article\" \/>\n<meta property=\"og:title\" content=\"Originalmanuskript des &quot;Kleinen Prinzen&quot; erstmals in Europa - Kultur Online TV &amp; FM\" \/>\n<meta property=\"og:description\" content=\"Kultur sehen und H\u00f6ren\" \/>\n<meta property=\"og:url\" content=\"https:\/\/kulturonline.tv\/at\/originalmanuskript-des-kleinen-prinzen-erstmals-in-europa\/\" \/>\n<meta property=\"og:site_name\" content=\"Kultur Online TV &amp; FM\" \/>\n<meta property=\"article:publisher\" content=\"https:\/\/www.facebook.com\/kulturonline.tv\" \/>\n<meta property=\"article:published_time\" content=\"2022-02-03T06:03:09+00:00\" \/>\n<meta property=\"article:modified_time\" content=\"2022-02-03T06:03:11+00:00\" \/>\n<meta property=\"og:image\" content=\"https:\/\/kulturonline.tv\/wp-content\/uploads\/2022\/02\/der-kleine-prinz.jpg\" \/>\n\t<meta property=\"og:image:width\" content=\"704\" \/>\n\t<meta property=\"og:image:height\" content=\"396\" \/>\n\t<meta property=\"og:image:type\" content=\"image\/jpeg\" \/>\n<meta name=\"author\" content=\"guenter.wolfgang\" \/>\n<meta name=\"twitter:card\" content=\"summary_large_image\" \/>\n<meta name=\"twitter:label1\" content=\"Verfasst von\" \/>\n\t<meta name=\"twitter:data1\" content=\"guenter.wolfgang\" \/>\n\t<meta name=\"twitter:label2\" content=\"Gesch\u00e4tzte Lesezeit\" \/>\n\t<meta name=\"twitter:data2\" content=\"2 Minuten\" \/>\n<script type=\"application\/ld+json\" class=\"yoast-schema-graph\">{\"@context\":\"https:\/\/schema.org\",\"@graph\":[{\"@type\":\"Article\",\"@id\":\"https:\/\/kulturonline.tv\/at\/originalmanuskript-des-kleinen-prinzen-erstmals-in-europa\/#article\",\"isPartOf\":{\"@id\":\"https:\/\/kulturonline.tv\/at\/originalmanuskript-des-kleinen-prinzen-erstmals-in-europa\/\"},\"author\":{\"name\":\"guenter.wolfgang\",\"@id\":\"https:\/\/kulturonline.tv\/at\/#\/schema\/person\/b0fac729bb9a0c193fb1df23449df4fe\"},\"headline\":\"Originalmanuskript des &#8222;Kleinen Prinzen&#8220; erstmals in Europa\",\"datePublished\":\"2022-02-03T06:03:09+00:00\",\"dateModified\":\"2022-02-03T06:03:11+00:00\",\"mainEntityOfPage\":{\"@id\":\"https:\/\/kulturonline.tv\/at\/originalmanuskript-des-kleinen-prinzen-erstmals-in-europa\/\"},\"wordCount\":176,\"publisher\":{\"@id\":\"https:\/\/kulturonline.tv\/at\/#organization\"},\"image\":{\"@id\":\"https:\/\/kulturonline.tv\/at\/originalmanuskript-des-kleinen-prinzen-erstmals-in-europa\/#primaryimage\"},\"thumbnailUrl\":\"https:\/\/kulturonline.tv\/wp-content\/uploads\/2022\/02\/der-kleine-prinz.jpg\",\"articleSection\":[\"Literatur\"],\"inLanguage\":\"de-AT\"},{\"@type\":\"WebPage\",\"@id\":\"https:\/\/kulturonline.tv\/at\/originalmanuskript-des-kleinen-prinzen-erstmals-in-europa\/\",\"url\":\"https:\/\/kulturonline.tv\/at\/originalmanuskript-des-kleinen-prinzen-erstmals-in-europa\/\",\"name\":\"Originalmanuskript des \\\"Kleinen Prinzen\\\" erstmals in Europa - Kultur Online TV &amp; FM\",\"isPartOf\":{\"@id\":\"https:\/\/kulturonline.tv\/at\/#website\"},\"primaryImageOfPage\":{\"@id\":\"https:\/\/kulturonline.tv\/at\/originalmanuskript-des-kleinen-prinzen-erstmals-in-europa\/#primaryimage\"},\"image\":{\"@id\":\"https:\/\/kulturonline.tv\/at\/originalmanuskript-des-kleinen-prinzen-erstmals-in-europa\/#primaryimage\"},\"thumbnailUrl\":\"https:\/\/kulturonline.tv\/wp-content\/uploads\/2022\/02\/der-kleine-prinz.jpg\",\"datePublished\":\"2022-02-03T06:03:09+00:00\",\"dateModified\":\"2022-02-03T06:03:11+00:00\",\"description\":\"Kultur sehen und H\u00f6ren\",\"breadcrumb\":{\"@id\":\"https:\/\/kulturonline.tv\/at\/originalmanuskript-des-kleinen-prinzen-erstmals-in-europa\/#breadcrumb\"},\"inLanguage\":\"de-AT\",\"potentialAction\":[{\"@type\":\"ReadAction\",\"target\":[\"https:\/\/kulturonline.tv\/at\/originalmanuskript-des-kleinen-prinzen-erstmals-in-europa\/\"]}]},{\"@type\":\"ImageObject\",\"inLanguage\":\"de-AT\",\"@id\":\"https:\/\/kulturonline.tv\/at\/originalmanuskript-des-kleinen-prinzen-erstmals-in-europa\/#primaryimage\",\"url\":\"https:\/\/kulturonline.tv\/wp-content\/uploads\/2022\/02\/der-kleine-prinz.jpg\",\"contentUrl\":\"https:\/\/kulturonline.tv\/wp-content\/uploads\/2022\/02\/der-kleine-prinz.jpg\",\"width\":704,\"height\":396},{\"@type\":\"BreadcrumbList\",\"@id\":\"https:\/\/kulturonline.tv\/at\/originalmanuskript-des-kleinen-prinzen-erstmals-in-europa\/#breadcrumb\",\"itemListElement\":[{\"@type\":\"ListItem\",\"position\":1,\"name\":\"Startseite\",\"item\":\"https:\/\/kulturonline.tv\/at\/\"},{\"@type\":\"ListItem\",\"position\":2,\"name\":\"Originalmanuskript des &#8222;Kleinen Prinzen&#8220; erstmals in Europa\"}]},{\"@type\":\"WebSite\",\"@id\":\"https:\/\/kulturonline.tv\/at\/#website\",\"url\":\"https:\/\/kulturonline.tv\/at\/\",\"name\":\"Kultur Online TV &amp; FM\",\"description\":\"Wir sind Kultur 2.0 zum sehen &amp; h\u00f6ren\",\"publisher\":{\"@id\":\"https:\/\/kulturonline.tv\/at\/#organization\"},\"potentialAction\":[{\"@type\":\"SearchAction\",\"target\":{\"@type\":\"EntryPoint\",\"urlTemplate\":\"https:\/\/kulturonline.tv\/at\/?s={search_term_string}\"},\"query-input\":{\"@type\":\"PropertyValueSpecification\",\"valueRequired\":true,\"valueName\":\"search_term_string\"}}],\"inLanguage\":\"de-AT\"},{\"@type\":\"Organization\",\"@id\":\"https:\/\/kulturonline.tv\/at\/#organization\",\"name\":\"Kultur Online TV\",\"url\":\"https:\/\/kulturonline.tv\/at\/\",\"logo\":{\"@type\":\"ImageObject\",\"inLanguage\":\"de-AT\",\"@id\":\"https:\/\/kulturonline.tv\/at\/#\/schema\/logo\/image\/\",\"url\":\"https:\/\/kulturonline.tv\/wp-content\/uploads\/2021\/08\/Kultur-Online-Tv-Logo-Endversion-neu.png\",\"contentUrl\":\"https:\/\/kulturonline.tv\/wp-content\/uploads\/2021\/08\/Kultur-Online-Tv-Logo-Endversion-neu.png\",\"width\":200,\"height\":200,\"caption\":\"Kultur Online TV\"},\"image\":{\"@id\":\"https:\/\/kulturonline.tv\/at\/#\/schema\/logo\/image\/\"},\"sameAs\":[\"https:\/\/www.facebook.com\/kulturonline.tv\",\"https:\/\/www.instagram.com\/kulturonline.tv\"]},{\"@type\":\"Person\",\"@id\":\"https:\/\/kulturonline.tv\/at\/#\/schema\/person\/b0fac729bb9a0c193fb1df23449df4fe\",\"name\":\"guenter.wolfgang\"}]}<\/script>\n<!-- \/ Yoast SEO plugin. -->","yoast_head_json":{"title":"Originalmanuskript des \"Kleinen Prinzen\" erstmals in Europa - Kultur Online TV &amp; FM","description":"Kultur sehen und H\u00f6ren","robots":{"index":"index","follow":"follow","max-snippet":"max-snippet:-1","max-image-preview":"max-image-preview:large","max-video-preview":"max-video-preview:-1"},"canonical":"https:\/\/kulturonline.tv\/at\/originalmanuskript-des-kleinen-prinzen-erstmals-in-europa\/","og_locale":"de_DE","og_type":"article","og_title":"Originalmanuskript des \"Kleinen Prinzen\" erstmals in Europa - Kultur Online TV &amp; FM","og_description":"Kultur sehen und H\u00f6ren","og_url":"https:\/\/kulturonline.tv\/at\/originalmanuskript-des-kleinen-prinzen-erstmals-in-europa\/","og_site_name":"Kultur Online TV &amp; FM","article_publisher":"https:\/\/www.facebook.com\/kulturonline.tv","article_published_time":"2022-02-03T06:03:09+00:00","article_modified_time":"2022-02-03T06:03:11+00:00","og_image":[{"width":704,"height":396,"url":"https:\/\/kulturonline.tv\/wp-content\/uploads\/2022\/02\/der-kleine-prinz.jpg","type":"image\/jpeg"}],"author":"guenter.wolfgang","twitter_card":"summary_large_image","twitter_misc":{"Verfasst von":"guenter.wolfgang","Gesch\u00e4tzte Lesezeit":"2 Minuten"},"schema":{"@context":"https:\/\/schema.org","@graph":[{"@type":"Article","@id":"https:\/\/kulturonline.tv\/at\/originalmanuskript-des-kleinen-prinzen-erstmals-in-europa\/#article","isPartOf":{"@id":"https:\/\/kulturonline.tv\/at\/originalmanuskript-des-kleinen-prinzen-erstmals-in-europa\/"},"author":{"name":"guenter.wolfgang","@id":"https:\/\/kulturonline.tv\/at\/#\/schema\/person\/b0fac729bb9a0c193fb1df23449df4fe"},"headline":"Originalmanuskript des &#8222;Kleinen Prinzen&#8220; erstmals in Europa","datePublished":"2022-02-03T06:03:09+00:00","dateModified":"2022-02-03T06:03:11+00:00","mainEntityOfPage":{"@id":"https:\/\/kulturonline.tv\/at\/originalmanuskript-des-kleinen-prinzen-erstmals-in-europa\/"},"wordCount":176,"publisher":{"@id":"https:\/\/kulturonline.tv\/at\/#organization"},"image":{"@id":"https:\/\/kulturonline.tv\/at\/originalmanuskript-des-kleinen-prinzen-erstmals-in-europa\/#primaryimage"},"thumbnailUrl":"https:\/\/kulturonline.tv\/wp-content\/uploads\/2022\/02\/der-kleine-prinz.jpg","articleSection":["Literatur"],"inLanguage":"de-AT"},{"@type":"WebPage","@id":"https:\/\/kulturonline.tv\/at\/originalmanuskript-des-kleinen-prinzen-erstmals-in-europa\/","url":"https:\/\/kulturonline.tv\/at\/originalmanuskript-des-kleinen-prinzen-erstmals-in-europa\/","name":"Originalmanuskript des \"Kleinen Prinzen\" erstmals in Europa - Kultur Online TV &amp; FM","isPartOf":{"@id":"https:\/\/kulturonline.tv\/at\/#website"},"primaryImageOfPage":{"@id":"https:\/\/kulturonline.tv\/at\/originalmanuskript-des-kleinen-prinzen-erstmals-in-europa\/#primaryimage"},"image":{"@id":"https:\/\/kulturonline.tv\/at\/originalmanuskript-des-kleinen-prinzen-erstmals-in-europa\/#primaryimage"},"thumbnailUrl":"https:\/\/kulturonline.tv\/wp-content\/uploads\/2022\/02\/der-kleine-prinz.jpg","datePublished":"2022-02-03T06:03:09+00:00","dateModified":"2022-02-03T06:03:11+00:00","description":"Kultur sehen und H\u00f6ren","breadcrumb":{"@id":"https:\/\/kulturonline.tv\/at\/originalmanuskript-des-kleinen-prinzen-erstmals-in-europa\/#breadcrumb"},"inLanguage":"de-AT","potentialAction":[{"@type":"ReadAction","target":["https:\/\/kulturonline.tv\/at\/originalmanuskript-des-kleinen-prinzen-erstmals-in-europa\/"]}]},{"@type":"ImageObject","inLanguage":"de-AT","@id":"https:\/\/kulturonline.tv\/at\/originalmanuskript-des-kleinen-prinzen-erstmals-in-europa\/#primaryimage","url":"https:\/\/kulturonline.tv\/wp-content\/uploads\/2022\/02\/der-kleine-prinz.jpg","contentUrl":"https:\/\/kulturonline.tv\/wp-content\/uploads\/2022\/02\/der-kleine-prinz.jpg","width":704,"height":396},{"@type":"BreadcrumbList","@id":"https:\/\/kulturonline.tv\/at\/originalmanuskript-des-kleinen-prinzen-erstmals-in-europa\/#breadcrumb","itemListElement":[{"@type":"ListItem","position":1,"name":"Startseite","item":"https:\/\/kulturonline.tv\/at\/"},{"@type":"ListItem","position":2,"name":"Originalmanuskript des &#8222;Kleinen Prinzen&#8220; erstmals in Europa"}]},{"@type":"WebSite","@id":"https:\/\/kulturonline.tv\/at\/#website","url":"https:\/\/kulturonline.tv\/at\/","name":"Kultur Online TV &amp; FM","description":"Wir sind Kultur 2.0 zum sehen &amp; h\u00f6ren","publisher":{"@id":"https:\/\/kulturonline.tv\/at\/#organization"},"potentialAction":[{"@type":"SearchAction","target":{"@type":"EntryPoint","urlTemplate":"https:\/\/kulturonline.tv\/at\/?s={search_term_string}"},"query-input":{"@type":"PropertyValueSpecification","valueRequired":true,"valueName":"search_term_string"}}],"inLanguage":"de-AT"},{"@type":"Organization","@id":"https:\/\/kulturonline.tv\/at\/#organization","name":"Kultur Online TV","url":"https:\/\/kulturonline.tv\/at\/","logo":{"@type":"ImageObject","inLanguage":"de-AT","@id":"https:\/\/kulturonline.tv\/at\/#\/schema\/logo\/image\/","url":"https:\/\/kulturonline.tv\/wp-content\/uploads\/2021\/08\/Kultur-Online-Tv-Logo-Endversion-neu.png","contentUrl":"https:\/\/kulturonline.tv\/wp-content\/uploads\/2021\/08\/Kultur-Online-Tv-Logo-Endversion-neu.png","width":200,"height":200,"caption":"Kultur Online TV"},"image":{"@id":"https:\/\/kulturonline.tv\/at\/#\/schema\/logo\/image\/"},"sameAs":["https:\/\/www.facebook.com\/kulturonline.tv","https:\/\/www.instagram.com\/kulturonline.tv"]},{"@type":"Person","@id":"https:\/\/kulturonline.tv\/at\/#\/schema\/person\/b0fac729bb9a0c193fb1df23449df4fe","name":"guenter.wolfgang"}]}},"_links":{"self":[{"href":"https:\/\/kulturonline.tv\/at\/wp-json\/wp\/v2\/posts\/22081","targetHints":{"allow":["GET"]}}],"collection":[{"href":"https:\/\/kulturonline.tv\/at\/wp-json\/wp\/v2\/posts"}],"about":[{"href":"https:\/\/kulturonline.tv\/at\/wp-json\/wp\/v2\/types\/post"}],"author":[{"embeddable":true,"href":"https:\/\/kulturonline.tv\/at\/wp-json\/wp\/v2\/users\/2"}],"replies":[{"embeddable":true,"href":"https:\/\/kulturonline.tv\/at\/wp-json\/wp\/v2\/comments?post=22081"}],"version-history":[{"count":0,"href":"https:\/\/kulturonline.tv\/at\/wp-json\/wp\/v2\/posts\/22081\/revisions"}],"wp:featuredmedia":[{"embeddable":true,"href":"https:\/\/kulturonline.tv\/at\/wp-json\/wp\/v2\/media\/22083"}],"wp:attachment":[{"href":"https:\/\/kulturonline.tv\/at\/wp-json\/wp\/v2\/media?parent=22081"}],"wp:term":[{"taxonomy":"category","embeddable":true,"href":"https:\/\/kulturonline.tv\/at\/wp-json\/wp\/v2\/categories?post=22081"},{"taxonomy":"post_tag","embeddable":true,"href":"https:\/\/kulturonline.tv\/at\/wp-json\/wp\/v2\/tags?post=22081"}],"curies":[{"name":"wp","href":"https:\/\/api.w.org\/{rel}","templated":true}]}}