{"id":22167,"date":"2022-02-04T07:50:00","date_gmt":"2022-02-04T06:50:00","guid":{"rendered":"https:\/\/kulturonline.tv\/?p=22167"},"modified":"2025-11-06T00:06:15","modified_gmt":"2025-11-05T23:06:15","slug":"tv-tipp-seefelder-geschichten-heimat-zwischen-tirol-und-bayern-und-unser-oesterreich","status":"publish","type":"post","link":"https:\/\/kulturonline.tv\/at\/tv-tipp-seefelder-geschichten-heimat-zwischen-tirol-und-bayern-und-unser-oesterreich\/","title":{"rendered":"TV Tipp: \u201eSeefelder Geschichten \u2013 Heimat zwischen Tirol und Bayern\u201c und \u201eUnser \u00d6sterreich:"},"content":{"rendered":"\n<p>m Herzen der Alpen liegt das Seefelder Plateau \u2013 eine raue Hochebene abgeschirmt von schroffen Bergen und zwei m\u00e4chtigen Fl\u00fcssen \u2013 dem Inn in Tirol und der Isar in Bayern.<\/p>\n\n\n\n<figure class=\"wp-block-image size-full\"><img fetchpriority=\"high\" decoding=\"async\" width=\"1280\" height=\"720\" src=\"https:\/\/kulturonline.tv\/wp-content\/uploads\/2022\/02\/Seefldeer.jpg\" alt=\"\" class=\"wp-image-22169\" srcset=\"https:\/\/kulturonline.tv\/wp-content\/uploads\/2022\/02\/Seefldeer.jpg 1280w, https:\/\/kulturonline.tv\/wp-content\/uploads\/2022\/02\/Seefldeer-600x338.jpg 600w, https:\/\/kulturonline.tv\/wp-content\/uploads\/2022\/02\/Seefldeer-800x450.jpg 800w, https:\/\/kulturonline.tv\/wp-content\/uploads\/2022\/02\/Seefldeer-768x432.jpg 768w\" sizes=\"(max-width: 1280px) 100vw, 1280px\" \/><\/figure>\n\n\n\n<p>\u201eUniversum History\u201c zeigt am Freitag, dem 4. Februar 2022, um 22.35 Uhr in ORF 2 Christian Pulujs Dokumentation \u201eSeefelder Geschichten \u2013 Heimat zwischen Tirol und Bayern\u201c \u00fcber das Seefelder Plateau, eine Grenzregion, deren Geschichte \u00fcber Jahrhunderte vom Ringen um Vormacht gepr\u00e4gt ist \u2013 zwischen bayerischen und tirolerischen Einfl\u00fcssen und der Konkurrenz zweier gro\u00dfer europ\u00e4ischer Herrscherh\u00e4user, der Habsburger und der Wittelsbacher. Um 23.20 Uhr erz\u00e4hlt die \u201eUniversum History\u201c Dokumentation \u201eUnser \u00d6sterreich:<br>Tirol \u2013 Geteilte Heimat\u201c die wechselvolle Geschichte Tirols am Beispiel einer Familie in Innsbruck, die ihre Wurzeln in S\u00fcdtirol hat.<\/p>\n\n\n\n<p>\u201eSeefelder Geschichten \u2013 Heimat zwischen Tirol und Bayern\u201c \u2013 Ein Film von Christian Puluj<\/p>\n\n\n\n<p>Ein Kr\u00e4ftemessen zwischen Bayern und Tirolern findet heute im friedlichen Wettstreit statt \u2013 sei es beim Erklimmen der Gipfel des grenz\u00fcberschreitenden Karwendelgebirges, sei es bei den nordischen Sportbewerben, die in den 1930er Jahren begannen und ihre H\u00f6hepunkte bei Ereignissen wie den Olympischen Spielen 1964 und 1976 in Innsbruck fanden. Anhand von Pers\u00f6nlichkeiten aus Tirol und Bayern zeigt Regisseur Christian Puluj die wechselvolle historische Entwicklung des Ortes im Spannungsfeld einer Nachbarschaft. Neben Historikern, einheimischen Expertinnen und Experten sowie einem bayerisch-tirolerischen H\u00fcttenwirte-Ehepaar ist eine Legende des nordischen Skisports, die in Seefeld ihre zweite Heimat gefunden hat, prominentester Protagonist: Toni Innauer zeigt, wie sehr auch Sport Teil von Geschichte geworden ist.<\/p>\n\n\n\n<p>Regisseur Christian Puluj \u00fcber die Produktion: \u201eDie besondere Herausforderung lag darin, zwei eigenst\u00e4ndige Geschichten spannend zu erz\u00e4hlen und zusammen in einem attraktiven Konstrukt zu vermengen:<br>erstens die komplexe und konfliktreiche Beziehung der Tiroler zu ihren Nachbarn, den Bayern; zweitens die Geschichte des Ortes Seefeld, dessen Entstehung sich am Rande der gr\u00f6\u00dferen historischen Geschehnisse ergab und dessen Entwicklung erst ab der Wende des 19. zum 20. Jahrhundert wirklich Fahrt aufgenommen hat. Neben der stimmigen Darstellung historischer Sachverhalte ging es mir darum, den Bewohnerinnen und Bewohnern der Region Anerkennung zu zollen. Denn das Leben am Plateau war stets karg und entbehrungsreich, unwirtlich und gef\u00e4hrlich. Umso atemberaubender die Wandlung, die die Region im Verlauf der letzten 150 Jahre genommen hat, umso respekteinfl\u00f6\u00dfender die Leistungen ihrer Menschen, die es geschafft haben, aus denkbar ung\u00fcnstigen Voraussetzungen eine Quelle von Wohlstand und Anerkennung zu machen.\u201c<\/p>\n\n\n\n<p>\u201eSeefelder Geschichten \u2013 Heimat zwischen Tirol und Bayern\u201c entstand als Koproduktion von ORF, Interspot Film, BR und BMBWF, gef\u00f6rdert von Fernsehfonds Austria und Cine Tirol in Zusammenarbeit mit ORF-Enterprise.<\/p>\n\n\n\n<p>\u201eUnser \u00d6sterreich: Tirol \u2013 Geteilte Heimat\u201c \u2013 Ein Film von Georg Laich, szenische Regie: Ernst Gossner<\/p>\n\n\n\n<p>Die Grenzziehung am Brenner, der Verlust S\u00fcdtirols und die Abtrennung Osttirols vom verbliebenen Landesteil \u2013 nichts hat die Entwicklung Tirols im 20. Jahrhundert mehr gepr\u00e4gt. Die \u201eSchandgrenze\u201c sorgte f\u00fcr innenpolitischen und au\u00dfenpolitischen \u201eZ\u00fcndstoff\u201c \u2013 in den 1960er Jahren sogar wortw\u00f6rtlich. Die Auseinandersetzung mit der Einheit Tirols f\u00fchrte aber auch zu neuen Impulsen. Wirtschaftlich wurden die Grenzen \u2013 pionierhaft durch die Landeshauptleute Walln\u00f6fer und Magnago \u2013 \u00fcberwunden. Resultat ist die heutige Europaregion Tirol. \u201eUnser \u00d6sterreich: Tirol \u2013 Geteilte Heimat\u201c erz\u00e4hlt diese wechselvolle Geschichte um 23.20 Uhr am Beispiel einer Familie in Innsbruck, die ihre Wurzeln in S\u00fcdtirol hat.<\/p>\n\n\n\n<p>Urgro\u00dfvater Alois Molling war als ehemaliger Offizier der k. u. k. Armee Mitglied der \u00f6sterreichisch-italienischen Grenzziehungskommission 1919 und engagierte sich bei der Heimwehr gegen den aufkommenden Nationalsozialismus. Gro\u00dfmutter Herlinde Molling \u2013 und ihr Mann Klaudius \u2013 unterst\u00fctzten seit den sp\u00e4ten 1950er Jahren den \u201eBefreiungsausschuss S\u00fcdtirol\u201c bei Sprengstoffanschl\u00e4gen. Sogar als Schwangere schmuggelte sie Sprengstoff \u00fcber die Grenze \u2013 eine Tatsache, mit der ihre Tochter Dominika, mittlerweile selbst Mutter, bis heute hadert und sich die Frage stellt, ob eine Landesteilung die Gef\u00e4hrdung des eigenen Lebens und das seines ungeborenen Kindes wert ist. F\u00fcr die junge Generation, die in einem Europa ohne Grenzbalken aufgewachsen ist, stellt sich die Frage, ob hinter dem Brenner ein anderer Staat beginnt, gar nicht.<\/p>\n\n\n\n<p>Der zeitliche Bogen spannt sich von 1918 bis heute. In diesen 100 Jahren wird die Frage von Zugeh\u00f6rigkeit in kurzen Abst\u00e4nden mehrfach gestellt. 1918, 1938, 1945, 1955, 1995 \u2013 die dramatischen Wendejahre in der Geschichte \u00d6sterreichs liefern die Eckpunkte. Ob Abwehrkampf im S\u00fcden gegen Italien oder das SHS-K\u00f6nigreich, ob im Norden die Bestrebung, die langj\u00e4hrigen Zugeh\u00f6rigkeit zu Bayern fortzusetzen \u2013 die Transformation der Kronl\u00e4nder der Habsburger-Monarchie in die Republik \u00d6sterreich l\u00f6st eine Identit\u00e4tskrise aus, die die Jahrzehnte bis zum sogenannten \u201eAnschluss\u201c pr\u00e4gen \u2013 eine Gesellschaft zerrissen zwischen R\u00fcckbesinnung auf alte und Finden von neuen Identit\u00e4ten. Mit der erneuten Katastrophe eines Weltkriegs werden 1945 die Fragen der Grenzziehung wieder gestellt \u2013 ob am Brenner oder an den Karawanken, ob an der Thaya oder an der Enns. Nicht nur die Grenzen von 1918 sind wieder ein Thema, sondern auch die Grenzen der Besatzungszonen, die mitten durch einige Bundesl\u00e4nder gehen. Sogar die Gefahr einer Teilung mitten durch \u00d6sterreich besteht im Kalten Krieg. Erst der Staatsvertrag eint als Stiftungsereignis die Republik und ihre Bundesl\u00e4nder. Die Position der L\u00e4nder bleibt durch das f\u00f6deralistische Prinzip bis heute stark \u2013 ein Erbe der Geschichte. Es ist Gegengewicht zum Zentralismus des Bundes.<\/p>\n\n\n\n<p>Mit dem Ende des Eisernen Vorhangs und dem Schengener Abkommen beginnt eine \u00c4ra, in der Grenzen keine Bedeutung zu haben scheinen \u2013 der Nationalstaat ist am R\u00fcckzug vor einem geeinten Europa. Einige der alten Kultur- und Wirtschaftsr\u00e4ume (Waldviertel und S\u00fcdb\u00f6hmen, Innviertel und Niederbayern, Nord- und S\u00fcdtirol) werden dadurch wiedergeeint. Staaten\u00fcbergreifende Kooperationen werden gef\u00f6rdert wie etwa zwischen K\u00e4rnten und Friaul, Burgenland und Ungarn. Fast scheint es, als k\u00f6nnten die alten Kronl\u00e4nder Paten daf\u00fcr sein. Doch das Europa der Regionen ist bisher nur eine Vision, vor allem, wenn es um politische Partizipation in der EU geht. So stellt sich die Frage der Zugeh\u00f6rigkeit wieder und nach wie vor \u2013 ein Spagat zwischen Vergangenheit und Gegenwart.<\/p>\n\n\n\n<p>\u201eUnser \u00d6sterreich: Tirol \u2013 Geteilte Heimat\u201c ist eine Produktion der Interspot Film f\u00fcr den ORF, gef\u00f6rdert von BMBF, Zukunftsfonds der Republik \u00d6sterreich, Cine Tirol und Land Tirol. Die Dokumentation und weitere Ausgaben aus der \u201eUniversum History\u201c-Reihe k\u00f6nnen auch auf Flimmit (flimmit.at) gestreamt werden.<\/p>\n\n\n\n<p>Kultur Online TV<\/p>\n\n\n\n<p>#news #kunst #kultur<\/p>\n\n\n\n<p><\/p>\n","protected":false},"excerpt":{"rendered":"<p>m Herzen der Alpen liegt das Seefelder Plateau \u2013 eine raue Hochebene abgeschirmt von schroffen Bergen und zwei m\u00e4chtigen Fl\u00fcssen \u2013 dem Inn in Tirol und der Isar in Bayern. \u201eUniversum History\u201c zeigt am Freitag, dem 4. Februar 2022, um 22.35 Uhr in ORF 2 Christian Pulujs Dokumentation \u201eSeefelder Geschichten \u2013 Heimat zwischen Tirol und [&hellip;]<\/p>\n","protected":false},"author":2,"featured_media":22169,"comment_status":"closed","ping_status":"closed","sticky":false,"template":"","format":"standard","meta":{"_acf_changed":false,"footnotes":""},"categories":[955],"tags":[],"class_list":["post-22167","post","type-post","status-publish","format-standard","has-post-thumbnail","hentry","category-aus-den-regionen-tirol"],"acf":[],"yoast_head":"<!-- This site is optimized with the Yoast SEO plugin v26.1.1 - https:\/\/yoast.com\/wordpress\/plugins\/seo\/ -->\n<title>TV Tipp: \u201eSeefelder Geschichten \u2013 Heimat zwischen Tirol und Bayern\u201c und \u201eUnser \u00d6sterreich: - Kultur Online TV &amp; FM<\/title>\n<meta name=\"description\" content=\"Kultur sehen und H\u00f6ren\" \/>\n<meta name=\"robots\" content=\"index, follow, max-snippet:-1, max-image-preview:large, max-video-preview:-1\" \/>\n<link rel=\"canonical\" href=\"https:\/\/kulturonline.tv\/at\/tv-tipp-seefelder-geschichten-heimat-zwischen-tirol-und-bayern-und-unser-oesterreich\/\" \/>\n<meta property=\"og:locale\" content=\"de_DE\" \/>\n<meta property=\"og:type\" content=\"article\" \/>\n<meta property=\"og:title\" content=\"TV Tipp: \u201eSeefelder Geschichten \u2013 Heimat zwischen Tirol und Bayern\u201c und \u201eUnser \u00d6sterreich: - Kultur Online TV &amp; FM\" \/>\n<meta property=\"og:description\" content=\"Kultur sehen und H\u00f6ren\" \/>\n<meta property=\"og:url\" content=\"https:\/\/kulturonline.tv\/at\/tv-tipp-seefelder-geschichten-heimat-zwischen-tirol-und-bayern-und-unser-oesterreich\/\" \/>\n<meta property=\"og:site_name\" content=\"Kultur Online TV &amp; FM\" \/>\n<meta property=\"article:publisher\" content=\"https:\/\/www.facebook.com\/kulturonline.tv\" \/>\n<meta property=\"article:published_time\" content=\"2022-02-04T06:50:00+00:00\" \/>\n<meta property=\"article:modified_time\" content=\"2025-11-05T23:06:15+00:00\" \/>\n<meta property=\"og:image\" content=\"https:\/\/kulturonline.tv\/wp-content\/uploads\/2022\/02\/Seefldeer.jpg\" \/>\n\t<meta property=\"og:image:width\" content=\"1280\" \/>\n\t<meta property=\"og:image:height\" content=\"720\" \/>\n\t<meta property=\"og:image:type\" content=\"image\/jpeg\" \/>\n<meta name=\"author\" content=\"guenter.wolfgang\" \/>\n<meta name=\"twitter:card\" content=\"summary_large_image\" \/>\n<meta name=\"twitter:label1\" content=\"Verfasst von\" \/>\n\t<meta name=\"twitter:data1\" content=\"guenter.wolfgang\" \/>\n\t<meta name=\"twitter:label2\" content=\"Gesch\u00e4tzte Lesezeit\" \/>\n\t<meta name=\"twitter:data2\" content=\"6 Minuten\" \/>\n<script type=\"application\/ld+json\" class=\"yoast-schema-graph\">{\"@context\":\"https:\/\/schema.org\",\"@graph\":[{\"@type\":\"Article\",\"@id\":\"https:\/\/kulturonline.tv\/at\/tv-tipp-seefelder-geschichten-heimat-zwischen-tirol-und-bayern-und-unser-oesterreich\/#article\",\"isPartOf\":{\"@id\":\"https:\/\/kulturonline.tv\/at\/tv-tipp-seefelder-geschichten-heimat-zwischen-tirol-und-bayern-und-unser-oesterreich\/\"},\"author\":{\"name\":\"guenter.wolfgang\",\"@id\":\"https:\/\/kulturonline.tv\/at\/#\/schema\/person\/b0fac729bb9a0c193fb1df23449df4fe\"},\"headline\":\"TV Tipp: \u201eSeefelder Geschichten \u2013 Heimat zwischen Tirol und Bayern\u201c und \u201eUnser \u00d6sterreich:\",\"datePublished\":\"2022-02-04T06:50:00+00:00\",\"dateModified\":\"2025-11-05T23:06:15+00:00\",\"mainEntityOfPage\":{\"@id\":\"https:\/\/kulturonline.tv\/at\/tv-tipp-seefelder-geschichten-heimat-zwischen-tirol-und-bayern-und-unser-oesterreich\/\"},\"wordCount\":1030,\"publisher\":{\"@id\":\"https:\/\/kulturonline.tv\/at\/#organization\"},\"image\":{\"@id\":\"https:\/\/kulturonline.tv\/at\/tv-tipp-seefelder-geschichten-heimat-zwischen-tirol-und-bayern-und-unser-oesterreich\/#primaryimage\"},\"thumbnailUrl\":\"https:\/\/kulturonline.tv\/wp-content\/uploads\/2022\/02\/Seefldeer.jpg\",\"articleSection\":[\"Aus den Regionen Tirol\"],\"inLanguage\":\"de-AT\"},{\"@type\":\"WebPage\",\"@id\":\"https:\/\/kulturonline.tv\/at\/tv-tipp-seefelder-geschichten-heimat-zwischen-tirol-und-bayern-und-unser-oesterreich\/\",\"url\":\"https:\/\/kulturonline.tv\/at\/tv-tipp-seefelder-geschichten-heimat-zwischen-tirol-und-bayern-und-unser-oesterreich\/\",\"name\":\"TV Tipp: \u201eSeefelder Geschichten \u2013 Heimat zwischen Tirol und Bayern\u201c und \u201eUnser \u00d6sterreich: - Kultur Online TV &amp; FM\",\"isPartOf\":{\"@id\":\"https:\/\/kulturonline.tv\/at\/#website\"},\"primaryImageOfPage\":{\"@id\":\"https:\/\/kulturonline.tv\/at\/tv-tipp-seefelder-geschichten-heimat-zwischen-tirol-und-bayern-und-unser-oesterreich\/#primaryimage\"},\"image\":{\"@id\":\"https:\/\/kulturonline.tv\/at\/tv-tipp-seefelder-geschichten-heimat-zwischen-tirol-und-bayern-und-unser-oesterreich\/#primaryimage\"},\"thumbnailUrl\":\"https:\/\/kulturonline.tv\/wp-content\/uploads\/2022\/02\/Seefldeer.jpg\",\"datePublished\":\"2022-02-04T06:50:00+00:00\",\"dateModified\":\"2025-11-05T23:06:15+00:00\",\"description\":\"Kultur sehen und H\u00f6ren\",\"breadcrumb\":{\"@id\":\"https:\/\/kulturonline.tv\/at\/tv-tipp-seefelder-geschichten-heimat-zwischen-tirol-und-bayern-und-unser-oesterreich\/#breadcrumb\"},\"inLanguage\":\"de-AT\",\"potentialAction\":[{\"@type\":\"ReadAction\",\"target\":[\"https:\/\/kulturonline.tv\/at\/tv-tipp-seefelder-geschichten-heimat-zwischen-tirol-und-bayern-und-unser-oesterreich\/\"]}]},{\"@type\":\"ImageObject\",\"inLanguage\":\"de-AT\",\"@id\":\"https:\/\/kulturonline.tv\/at\/tv-tipp-seefelder-geschichten-heimat-zwischen-tirol-und-bayern-und-unser-oesterreich\/#primaryimage\",\"url\":\"https:\/\/kulturonline.tv\/wp-content\/uploads\/2022\/02\/Seefldeer.jpg\",\"contentUrl\":\"https:\/\/kulturonline.tv\/wp-content\/uploads\/2022\/02\/Seefldeer.jpg\",\"width\":1280,\"height\":720},{\"@type\":\"BreadcrumbList\",\"@id\":\"https:\/\/kulturonline.tv\/at\/tv-tipp-seefelder-geschichten-heimat-zwischen-tirol-und-bayern-und-unser-oesterreich\/#breadcrumb\",\"itemListElement\":[{\"@type\":\"ListItem\",\"position\":1,\"name\":\"Startseite\",\"item\":\"https:\/\/kulturonline.tv\/at\/\"},{\"@type\":\"ListItem\",\"position\":2,\"name\":\"TV Tipp: \u201eSeefelder Geschichten \u2013 Heimat zwischen Tirol und Bayern\u201c und \u201eUnser \u00d6sterreich:\"}]},{\"@type\":\"WebSite\",\"@id\":\"https:\/\/kulturonline.tv\/at\/#website\",\"url\":\"https:\/\/kulturonline.tv\/at\/\",\"name\":\"Kultur Online TV &amp; FM\",\"description\":\"Wir sind Kultur 2.0 zum sehen &amp; h\u00f6ren\",\"publisher\":{\"@id\":\"https:\/\/kulturonline.tv\/at\/#organization\"},\"potentialAction\":[{\"@type\":\"SearchAction\",\"target\":{\"@type\":\"EntryPoint\",\"urlTemplate\":\"https:\/\/kulturonline.tv\/at\/?s={search_term_string}\"},\"query-input\":{\"@type\":\"PropertyValueSpecification\",\"valueRequired\":true,\"valueName\":\"search_term_string\"}}],\"inLanguage\":\"de-AT\"},{\"@type\":\"Organization\",\"@id\":\"https:\/\/kulturonline.tv\/at\/#organization\",\"name\":\"Kultur Online TV\",\"url\":\"https:\/\/kulturonline.tv\/at\/\",\"logo\":{\"@type\":\"ImageObject\",\"inLanguage\":\"de-AT\",\"@id\":\"https:\/\/kulturonline.tv\/at\/#\/schema\/logo\/image\/\",\"url\":\"https:\/\/kulturonline.tv\/wp-content\/uploads\/2021\/08\/Kultur-Online-Tv-Logo-Endversion-neu.png\",\"contentUrl\":\"https:\/\/kulturonline.tv\/wp-content\/uploads\/2021\/08\/Kultur-Online-Tv-Logo-Endversion-neu.png\",\"width\":200,\"height\":200,\"caption\":\"Kultur Online TV\"},\"image\":{\"@id\":\"https:\/\/kulturonline.tv\/at\/#\/schema\/logo\/image\/\"},\"sameAs\":[\"https:\/\/www.facebook.com\/kulturonline.tv\",\"https:\/\/www.instagram.com\/kulturonline.tv\"]},{\"@type\":\"Person\",\"@id\":\"https:\/\/kulturonline.tv\/at\/#\/schema\/person\/b0fac729bb9a0c193fb1df23449df4fe\",\"name\":\"guenter.wolfgang\"}]}<\/script>\n<!-- \/ Yoast SEO plugin. -->","yoast_head_json":{"title":"TV Tipp: \u201eSeefelder Geschichten \u2013 Heimat zwischen Tirol und Bayern\u201c und \u201eUnser \u00d6sterreich: - Kultur Online TV &amp; FM","description":"Kultur sehen und H\u00f6ren","robots":{"index":"index","follow":"follow","max-snippet":"max-snippet:-1","max-image-preview":"max-image-preview:large","max-video-preview":"max-video-preview:-1"},"canonical":"https:\/\/kulturonline.tv\/at\/tv-tipp-seefelder-geschichten-heimat-zwischen-tirol-und-bayern-und-unser-oesterreich\/","og_locale":"de_DE","og_type":"article","og_title":"TV Tipp: \u201eSeefelder Geschichten \u2013 Heimat zwischen Tirol und Bayern\u201c und \u201eUnser \u00d6sterreich: - Kultur Online TV &amp; FM","og_description":"Kultur sehen und H\u00f6ren","og_url":"https:\/\/kulturonline.tv\/at\/tv-tipp-seefelder-geschichten-heimat-zwischen-tirol-und-bayern-und-unser-oesterreich\/","og_site_name":"Kultur Online TV &amp; FM","article_publisher":"https:\/\/www.facebook.com\/kulturonline.tv","article_published_time":"2022-02-04T06:50:00+00:00","article_modified_time":"2025-11-05T23:06:15+00:00","og_image":[{"width":1280,"height":720,"url":"https:\/\/kulturonline.tv\/wp-content\/uploads\/2022\/02\/Seefldeer.jpg","type":"image\/jpeg"}],"author":"guenter.wolfgang","twitter_card":"summary_large_image","twitter_misc":{"Verfasst von":"guenter.wolfgang","Gesch\u00e4tzte Lesezeit":"6 Minuten"},"schema":{"@context":"https:\/\/schema.org","@graph":[{"@type":"Article","@id":"https:\/\/kulturonline.tv\/at\/tv-tipp-seefelder-geschichten-heimat-zwischen-tirol-und-bayern-und-unser-oesterreich\/#article","isPartOf":{"@id":"https:\/\/kulturonline.tv\/at\/tv-tipp-seefelder-geschichten-heimat-zwischen-tirol-und-bayern-und-unser-oesterreich\/"},"author":{"name":"guenter.wolfgang","@id":"https:\/\/kulturonline.tv\/at\/#\/schema\/person\/b0fac729bb9a0c193fb1df23449df4fe"},"headline":"TV Tipp: \u201eSeefelder Geschichten \u2013 Heimat zwischen Tirol und Bayern\u201c und \u201eUnser \u00d6sterreich:","datePublished":"2022-02-04T06:50:00+00:00","dateModified":"2025-11-05T23:06:15+00:00","mainEntityOfPage":{"@id":"https:\/\/kulturonline.tv\/at\/tv-tipp-seefelder-geschichten-heimat-zwischen-tirol-und-bayern-und-unser-oesterreich\/"},"wordCount":1030,"publisher":{"@id":"https:\/\/kulturonline.tv\/at\/#organization"},"image":{"@id":"https:\/\/kulturonline.tv\/at\/tv-tipp-seefelder-geschichten-heimat-zwischen-tirol-und-bayern-und-unser-oesterreich\/#primaryimage"},"thumbnailUrl":"https:\/\/kulturonline.tv\/wp-content\/uploads\/2022\/02\/Seefldeer.jpg","articleSection":["Aus den Regionen Tirol"],"inLanguage":"de-AT"},{"@type":"WebPage","@id":"https:\/\/kulturonline.tv\/at\/tv-tipp-seefelder-geschichten-heimat-zwischen-tirol-und-bayern-und-unser-oesterreich\/","url":"https:\/\/kulturonline.tv\/at\/tv-tipp-seefelder-geschichten-heimat-zwischen-tirol-und-bayern-und-unser-oesterreich\/","name":"TV Tipp: \u201eSeefelder Geschichten \u2013 Heimat zwischen Tirol und Bayern\u201c und \u201eUnser \u00d6sterreich: - Kultur Online TV &amp; FM","isPartOf":{"@id":"https:\/\/kulturonline.tv\/at\/#website"},"primaryImageOfPage":{"@id":"https:\/\/kulturonline.tv\/at\/tv-tipp-seefelder-geschichten-heimat-zwischen-tirol-und-bayern-und-unser-oesterreich\/#primaryimage"},"image":{"@id":"https:\/\/kulturonline.tv\/at\/tv-tipp-seefelder-geschichten-heimat-zwischen-tirol-und-bayern-und-unser-oesterreich\/#primaryimage"},"thumbnailUrl":"https:\/\/kulturonline.tv\/wp-content\/uploads\/2022\/02\/Seefldeer.jpg","datePublished":"2022-02-04T06:50:00+00:00","dateModified":"2025-11-05T23:06:15+00:00","description":"Kultur sehen und H\u00f6ren","breadcrumb":{"@id":"https:\/\/kulturonline.tv\/at\/tv-tipp-seefelder-geschichten-heimat-zwischen-tirol-und-bayern-und-unser-oesterreich\/#breadcrumb"},"inLanguage":"de-AT","potentialAction":[{"@type":"ReadAction","target":["https:\/\/kulturonline.tv\/at\/tv-tipp-seefelder-geschichten-heimat-zwischen-tirol-und-bayern-und-unser-oesterreich\/"]}]},{"@type":"ImageObject","inLanguage":"de-AT","@id":"https:\/\/kulturonline.tv\/at\/tv-tipp-seefelder-geschichten-heimat-zwischen-tirol-und-bayern-und-unser-oesterreich\/#primaryimage","url":"https:\/\/kulturonline.tv\/wp-content\/uploads\/2022\/02\/Seefldeer.jpg","contentUrl":"https:\/\/kulturonline.tv\/wp-content\/uploads\/2022\/02\/Seefldeer.jpg","width":1280,"height":720},{"@type":"BreadcrumbList","@id":"https:\/\/kulturonline.tv\/at\/tv-tipp-seefelder-geschichten-heimat-zwischen-tirol-und-bayern-und-unser-oesterreich\/#breadcrumb","itemListElement":[{"@type":"ListItem","position":1,"name":"Startseite","item":"https:\/\/kulturonline.tv\/at\/"},{"@type":"ListItem","position":2,"name":"TV Tipp: \u201eSeefelder Geschichten \u2013 Heimat zwischen Tirol und Bayern\u201c und \u201eUnser \u00d6sterreich:"}]},{"@type":"WebSite","@id":"https:\/\/kulturonline.tv\/at\/#website","url":"https:\/\/kulturonline.tv\/at\/","name":"Kultur Online TV &amp; FM","description":"Wir sind Kultur 2.0 zum sehen &amp; h\u00f6ren","publisher":{"@id":"https:\/\/kulturonline.tv\/at\/#organization"},"potentialAction":[{"@type":"SearchAction","target":{"@type":"EntryPoint","urlTemplate":"https:\/\/kulturonline.tv\/at\/?s={search_term_string}"},"query-input":{"@type":"PropertyValueSpecification","valueRequired":true,"valueName":"search_term_string"}}],"inLanguage":"de-AT"},{"@type":"Organization","@id":"https:\/\/kulturonline.tv\/at\/#organization","name":"Kultur Online TV","url":"https:\/\/kulturonline.tv\/at\/","logo":{"@type":"ImageObject","inLanguage":"de-AT","@id":"https:\/\/kulturonline.tv\/at\/#\/schema\/logo\/image\/","url":"https:\/\/kulturonline.tv\/wp-content\/uploads\/2021\/08\/Kultur-Online-Tv-Logo-Endversion-neu.png","contentUrl":"https:\/\/kulturonline.tv\/wp-content\/uploads\/2021\/08\/Kultur-Online-Tv-Logo-Endversion-neu.png","width":200,"height":200,"caption":"Kultur Online TV"},"image":{"@id":"https:\/\/kulturonline.tv\/at\/#\/schema\/logo\/image\/"},"sameAs":["https:\/\/www.facebook.com\/kulturonline.tv","https:\/\/www.instagram.com\/kulturonline.tv"]},{"@type":"Person","@id":"https:\/\/kulturonline.tv\/at\/#\/schema\/person\/b0fac729bb9a0c193fb1df23449df4fe","name":"guenter.wolfgang"}]}},"_links":{"self":[{"href":"https:\/\/kulturonline.tv\/at\/wp-json\/wp\/v2\/posts\/22167","targetHints":{"allow":["GET"]}}],"collection":[{"href":"https:\/\/kulturonline.tv\/at\/wp-json\/wp\/v2\/posts"}],"about":[{"href":"https:\/\/kulturonline.tv\/at\/wp-json\/wp\/v2\/types\/post"}],"author":[{"embeddable":true,"href":"https:\/\/kulturonline.tv\/at\/wp-json\/wp\/v2\/users\/2"}],"replies":[{"embeddable":true,"href":"https:\/\/kulturonline.tv\/at\/wp-json\/wp\/v2\/comments?post=22167"}],"version-history":[{"count":1,"href":"https:\/\/kulturonline.tv\/at\/wp-json\/wp\/v2\/posts\/22167\/revisions"}],"predecessor-version":[{"id":128526,"href":"https:\/\/kulturonline.tv\/at\/wp-json\/wp\/v2\/posts\/22167\/revisions\/128526"}],"wp:featuredmedia":[{"embeddable":true,"href":"https:\/\/kulturonline.tv\/at\/wp-json\/wp\/v2\/media\/22169"}],"wp:attachment":[{"href":"https:\/\/kulturonline.tv\/at\/wp-json\/wp\/v2\/media?parent=22167"}],"wp:term":[{"taxonomy":"category","embeddable":true,"href":"https:\/\/kulturonline.tv\/at\/wp-json\/wp\/v2\/categories?post=22167"},{"taxonomy":"post_tag","embeddable":true,"href":"https:\/\/kulturonline.tv\/at\/wp-json\/wp\/v2\/tags?post=22167"}],"curies":[{"name":"wp","href":"https:\/\/api.w.org\/{rel}","templated":true}]}}