{"id":22450,"date":"2022-02-08T00:17:48","date_gmt":"2022-02-07T23:17:48","guid":{"rendered":"https:\/\/kulturonline.tv\/?p=22450"},"modified":"2022-02-08T00:17:50","modified_gmt":"2022-02-07T23:17:50","slug":"filmkomponist-john-williams-kehrt-in-den-musikverein-zurueck","status":"publish","type":"post","link":"https:\/\/kulturonline.tv\/at\/filmkomponist-john-williams-kehrt-in-den-musikverein-zurueck\/","title":{"rendered":"Filmkomponist John Williams kehrt in den Musikverein zur\u00fcck"},"content":{"rendered":"\n<p><strong>Der US-Filmkomponist feiert heute (08.02.2022) seinen 90. Geburtstag. Er wird gemeinsam mit den Wiener Philharmonikern und Stargeigerin Anne-Sophie Mutter zwei Konzerte im Musikverein spielen. Am 12. und 13. M\u00e4rz ist Williams, der die weltbekannten Melodien zu &#8222;Star Wars&#8220; oder &#8222;Harry Potter&#8220; schuf, in Wien zu Gast.<\/strong><\/p>\n\n\n\n<figure class=\"wp-block-image size-full is-resized\"><img decoding=\"async\" src=\"https:\/\/kulturonline.tv\/wp-content\/uploads\/2022\/02\/John-Wlliams-edited.jpg\" alt=\"\" class=\"wp-image-22453\" width=\"841\" srcset=\"https:\/\/kulturonline.tv\/wp-content\/uploads\/2022\/02\/John-Wlliams-edited.jpg 600w, https:\/\/kulturonline.tv\/wp-content\/uploads\/2022\/02\/John-Wlliams-edited-416x234.jpg 416w\" sizes=\"(max-width: 600px) 100vw, 600px\" \/><\/figure>\n\n\n\n<p>Bereits Anfang 2020 gab es die Kombination aus Williams, Mutter und den Philharmonikern zu erleben, nun kommt es zu einer erneuten Zusammenarbeit. &#8222;Am Programm stehen neben den legend\u00e4ren Filmkompositionen eine europ\u00e4ische Erstauff\u00fchrung des Violinkonzertes Nr. 2, entstanden 2021&#8220;, freuten sich Philharmoniker-Vorstand Daniel Froschauer und Gesch\u00e4ftsf\u00fchrer Michael Bladerer in einer Aussendung. &#8222;John Williams hat das Werk f\u00fcr Anne-Sophie Mutter geschrieben. So feiern wir gemeinsam mit ihm und Anne-Sophie Mutter als Solistin seinen 90. Geburtstag.&#8220;<\/p>\n\n\n\n<p>Auch Musikvereinsintendant Stephan Pauly zeigte sich angetan vom Hollywoodgastspiel in seinem Haus. &#8222;Mit seiner Musik hat John Williams \u00fcber Jahrzehnte viele Millionen Menschen erreicht. Ihn nun live als Dirigent seiner Werke gemeinsam mit den Wiener Philharmonikern bei uns im Goldenen Saal begr\u00fc\u00dfen zu k\u00f6nnen, ist f\u00fcr uns eine gro\u00dfe Ehre und enorme Freude.&#8220;<\/p>\n\n\n\n<p>Der Vorverkauf f\u00fcr Mitglieder der Gesellschaft der Musikfreunde startet bereits am morgigen Dienstag. In den allgemeinen Verkauf gehen die Karten f\u00fcr die beiden Konzerte dann am 10. Februar.<\/p>\n\n\n\n<figure class=\"wp-block-embed is-type-video is-provider-youtube wp-block-embed-youtube wp-embed-aspect-16-9 wp-has-aspect-ratio\"><div class=\"wp-block-embed__wrapper\">\n<iframe title=\"John Williams &amp; Vienna Philharmonic \u2013 Williams: Imperial March (from \u201cStar Wars\u201d)\" width=\"800\" height=\"450\" src=\"https:\/\/www.youtube.com\/embed\/vsMWVW4xtwI?feature=oembed\" frameborder=\"0\" allow=\"accelerometer; autoplay; clipboard-write; encrypted-media; gyroscope; picture-in-picture; web-share\" referrerpolicy=\"strict-origin-when-cross-origin\" allowfullscreen><\/iframe>\n<\/div><\/figure>\n\n\n\n<p>Kultur Online TV<\/p>\n\n\n\n<p>#musik #news <\/p>\n","protected":false},"excerpt":{"rendered":"<p>Der US-Filmkomponist feiert heute (08.02.2022) seinen 90. Geburtstag. Er wird gemeinsam mit den Wiener Philharmonikern und Stargeigerin Anne-Sophie Mutter zwei Konzerte im Musikverein spielen. Am 12. und 13. M\u00e4rz ist Williams, der die weltbekannten Melodien zu &#8222;Star Wars&#8220; oder &#8222;Harry Potter&#8220; schuf, in Wien zu Gast. Bereits Anfang 2020 gab es die Kombination aus Williams, [&hellip;]<\/p>\n","protected":false},"author":2,"featured_media":22453,"comment_status":"closed","ping_status":"closed","sticky":false,"template":"","format":"standard","meta":{"_acf_changed":false,"footnotes":""},"categories":[132],"tags":[],"class_list":["post-22450","post","type-post","status-publish","format-standard","has-post-thumbnail","hentry","category-musik"],"acf":[],"yoast_head":"<!-- This site is optimized with the Yoast SEO plugin v26.1.1 - https:\/\/yoast.com\/wordpress\/plugins\/seo\/ -->\n<title>Filmkomponist John Williams kehrt in den Musikverein zur\u00fcck - Kultur Online TV &amp; FM<\/title>\n<meta name=\"description\" content=\"Kultur sehen und H\u00f6ren\" \/>\n<meta name=\"robots\" content=\"index, follow, max-snippet:-1, max-image-preview:large, max-video-preview:-1\" \/>\n<link rel=\"canonical\" href=\"https:\/\/kulturonline.tv\/at\/filmkomponist-john-williams-kehrt-in-den-musikverein-zurueck\/\" \/>\n<meta property=\"og:locale\" content=\"de_DE\" \/>\n<meta property=\"og:type\" content=\"article\" \/>\n<meta property=\"og:title\" content=\"Filmkomponist John Williams kehrt in den Musikverein zur\u00fcck - Kultur Online TV &amp; FM\" \/>\n<meta property=\"og:description\" content=\"Kultur sehen und H\u00f6ren\" \/>\n<meta property=\"og:url\" content=\"https:\/\/kulturonline.tv\/at\/filmkomponist-john-williams-kehrt-in-den-musikverein-zurueck\/\" \/>\n<meta property=\"og:site_name\" content=\"Kultur Online TV &amp; FM\" \/>\n<meta property=\"article:publisher\" content=\"https:\/\/www.facebook.com\/kulturonline.tv\" \/>\n<meta property=\"article:published_time\" content=\"2022-02-07T23:17:48+00:00\" \/>\n<meta property=\"article:modified_time\" content=\"2022-02-07T23:17:50+00:00\" \/>\n<meta property=\"og:image\" content=\"https:\/\/kulturonline.tv\/wp-content\/uploads\/2022\/02\/John-Wlliams-edited.jpg\" \/>\n\t<meta property=\"og:image:width\" content=\"600\" \/>\n\t<meta property=\"og:image:height\" content=\"337\" \/>\n\t<meta property=\"og:image:type\" content=\"image\/jpeg\" \/>\n<meta name=\"author\" content=\"guenter.wolfgang\" \/>\n<meta name=\"twitter:card\" content=\"summary_large_image\" \/>\n<meta name=\"twitter:label1\" content=\"Verfasst von\" \/>\n\t<meta name=\"twitter:data1\" content=\"guenter.wolfgang\" \/>\n\t<meta name=\"twitter:label2\" content=\"Gesch\u00e4tzte Lesezeit\" \/>\n\t<meta name=\"twitter:data2\" content=\"2 Minuten\" \/>\n<script type=\"application\/ld+json\" class=\"yoast-schema-graph\">{\"@context\":\"https:\/\/schema.org\",\"@graph\":[{\"@type\":\"Article\",\"@id\":\"https:\/\/kulturonline.tv\/at\/filmkomponist-john-williams-kehrt-in-den-musikverein-zurueck\/#article\",\"isPartOf\":{\"@id\":\"https:\/\/kulturonline.tv\/at\/filmkomponist-john-williams-kehrt-in-den-musikverein-zurueck\/\"},\"author\":{\"name\":\"guenter.wolfgang\",\"@id\":\"https:\/\/kulturonline.tv\/at\/#\/schema\/person\/b0fac729bb9a0c193fb1df23449df4fe\"},\"headline\":\"Filmkomponist John Williams kehrt in den Musikverein zur\u00fcck\",\"datePublished\":\"2022-02-07T23:17:48+00:00\",\"dateModified\":\"2022-02-07T23:17:50+00:00\",\"mainEntityOfPage\":{\"@id\":\"https:\/\/kulturonline.tv\/at\/filmkomponist-john-williams-kehrt-in-den-musikverein-zurueck\/\"},\"wordCount\":226,\"publisher\":{\"@id\":\"https:\/\/kulturonline.tv\/at\/#organization\"},\"image\":{\"@id\":\"https:\/\/kulturonline.tv\/at\/filmkomponist-john-williams-kehrt-in-den-musikverein-zurueck\/#primaryimage\"},\"thumbnailUrl\":\"https:\/\/kulturonline.tv\/wp-content\/uploads\/2022\/02\/John-Wlliams-edited.jpg\",\"articleSection\":[\"Musik\"],\"inLanguage\":\"de-AT\"},{\"@type\":\"WebPage\",\"@id\":\"https:\/\/kulturonline.tv\/at\/filmkomponist-john-williams-kehrt-in-den-musikverein-zurueck\/\",\"url\":\"https:\/\/kulturonline.tv\/at\/filmkomponist-john-williams-kehrt-in-den-musikverein-zurueck\/\",\"name\":\"Filmkomponist John Williams kehrt in den Musikverein zur\u00fcck - Kultur Online TV &amp; FM\",\"isPartOf\":{\"@id\":\"https:\/\/kulturonline.tv\/at\/#website\"},\"primaryImageOfPage\":{\"@id\":\"https:\/\/kulturonline.tv\/at\/filmkomponist-john-williams-kehrt-in-den-musikverein-zurueck\/#primaryimage\"},\"image\":{\"@id\":\"https:\/\/kulturonline.tv\/at\/filmkomponist-john-williams-kehrt-in-den-musikverein-zurueck\/#primaryimage\"},\"thumbnailUrl\":\"https:\/\/kulturonline.tv\/wp-content\/uploads\/2022\/02\/John-Wlliams-edited.jpg\",\"datePublished\":\"2022-02-07T23:17:48+00:00\",\"dateModified\":\"2022-02-07T23:17:50+00:00\",\"description\":\"Kultur sehen und H\u00f6ren\",\"breadcrumb\":{\"@id\":\"https:\/\/kulturonline.tv\/at\/filmkomponist-john-williams-kehrt-in-den-musikverein-zurueck\/#breadcrumb\"},\"inLanguage\":\"de-AT\",\"potentialAction\":[{\"@type\":\"ReadAction\",\"target\":[\"https:\/\/kulturonline.tv\/at\/filmkomponist-john-williams-kehrt-in-den-musikverein-zurueck\/\"]}]},{\"@type\":\"ImageObject\",\"inLanguage\":\"de-AT\",\"@id\":\"https:\/\/kulturonline.tv\/at\/filmkomponist-john-williams-kehrt-in-den-musikverein-zurueck\/#primaryimage\",\"url\":\"https:\/\/kulturonline.tv\/wp-content\/uploads\/2022\/02\/John-Wlliams-edited.jpg\",\"contentUrl\":\"https:\/\/kulturonline.tv\/wp-content\/uploads\/2022\/02\/John-Wlliams-edited.jpg\",\"width\":600,\"height\":337},{\"@type\":\"BreadcrumbList\",\"@id\":\"https:\/\/kulturonline.tv\/at\/filmkomponist-john-williams-kehrt-in-den-musikverein-zurueck\/#breadcrumb\",\"itemListElement\":[{\"@type\":\"ListItem\",\"position\":1,\"name\":\"Startseite\",\"item\":\"https:\/\/kulturonline.tv\/at\/\"},{\"@type\":\"ListItem\",\"position\":2,\"name\":\"Filmkomponist John Williams kehrt in den Musikverein zur\u00fcck\"}]},{\"@type\":\"WebSite\",\"@id\":\"https:\/\/kulturonline.tv\/at\/#website\",\"url\":\"https:\/\/kulturonline.tv\/at\/\",\"name\":\"Kultur Online TV &amp; FM\",\"description\":\"Wir sind Kultur 2.0 zum sehen &amp; h\u00f6ren\",\"publisher\":{\"@id\":\"https:\/\/kulturonline.tv\/at\/#organization\"},\"potentialAction\":[{\"@type\":\"SearchAction\",\"target\":{\"@type\":\"EntryPoint\",\"urlTemplate\":\"https:\/\/kulturonline.tv\/at\/?s={search_term_string}\"},\"query-input\":{\"@type\":\"PropertyValueSpecification\",\"valueRequired\":true,\"valueName\":\"search_term_string\"}}],\"inLanguage\":\"de-AT\"},{\"@type\":\"Organization\",\"@id\":\"https:\/\/kulturonline.tv\/at\/#organization\",\"name\":\"Kultur Online TV\",\"url\":\"https:\/\/kulturonline.tv\/at\/\",\"logo\":{\"@type\":\"ImageObject\",\"inLanguage\":\"de-AT\",\"@id\":\"https:\/\/kulturonline.tv\/at\/#\/schema\/logo\/image\/\",\"url\":\"https:\/\/kulturonline.tv\/wp-content\/uploads\/2021\/08\/Kultur-Online-Tv-Logo-Endversion-neu.png\",\"contentUrl\":\"https:\/\/kulturonline.tv\/wp-content\/uploads\/2021\/08\/Kultur-Online-Tv-Logo-Endversion-neu.png\",\"width\":200,\"height\":200,\"caption\":\"Kultur Online TV\"},\"image\":{\"@id\":\"https:\/\/kulturonline.tv\/at\/#\/schema\/logo\/image\/\"},\"sameAs\":[\"https:\/\/www.facebook.com\/kulturonline.tv\",\"https:\/\/www.instagram.com\/kulturonline.tv\"]},{\"@type\":\"Person\",\"@id\":\"https:\/\/kulturonline.tv\/at\/#\/schema\/person\/b0fac729bb9a0c193fb1df23449df4fe\",\"name\":\"guenter.wolfgang\"}]}<\/script>\n<!-- \/ Yoast SEO plugin. -->","yoast_head_json":{"title":"Filmkomponist John Williams kehrt in den Musikverein zur\u00fcck - Kultur Online TV &amp; FM","description":"Kultur sehen und H\u00f6ren","robots":{"index":"index","follow":"follow","max-snippet":"max-snippet:-1","max-image-preview":"max-image-preview:large","max-video-preview":"max-video-preview:-1"},"canonical":"https:\/\/kulturonline.tv\/at\/filmkomponist-john-williams-kehrt-in-den-musikverein-zurueck\/","og_locale":"de_DE","og_type":"article","og_title":"Filmkomponist John Williams kehrt in den Musikverein zur\u00fcck - Kultur Online TV &amp; FM","og_description":"Kultur sehen und H\u00f6ren","og_url":"https:\/\/kulturonline.tv\/at\/filmkomponist-john-williams-kehrt-in-den-musikverein-zurueck\/","og_site_name":"Kultur Online TV &amp; FM","article_publisher":"https:\/\/www.facebook.com\/kulturonline.tv","article_published_time":"2022-02-07T23:17:48+00:00","article_modified_time":"2022-02-07T23:17:50+00:00","og_image":[{"width":600,"height":337,"url":"https:\/\/kulturonline.tv\/wp-content\/uploads\/2022\/02\/John-Wlliams-edited.jpg","type":"image\/jpeg"}],"author":"guenter.wolfgang","twitter_card":"summary_large_image","twitter_misc":{"Verfasst von":"guenter.wolfgang","Gesch\u00e4tzte Lesezeit":"2 Minuten"},"schema":{"@context":"https:\/\/schema.org","@graph":[{"@type":"Article","@id":"https:\/\/kulturonline.tv\/at\/filmkomponist-john-williams-kehrt-in-den-musikverein-zurueck\/#article","isPartOf":{"@id":"https:\/\/kulturonline.tv\/at\/filmkomponist-john-williams-kehrt-in-den-musikverein-zurueck\/"},"author":{"name":"guenter.wolfgang","@id":"https:\/\/kulturonline.tv\/at\/#\/schema\/person\/b0fac729bb9a0c193fb1df23449df4fe"},"headline":"Filmkomponist John Williams kehrt in den Musikverein zur\u00fcck","datePublished":"2022-02-07T23:17:48+00:00","dateModified":"2022-02-07T23:17:50+00:00","mainEntityOfPage":{"@id":"https:\/\/kulturonline.tv\/at\/filmkomponist-john-williams-kehrt-in-den-musikverein-zurueck\/"},"wordCount":226,"publisher":{"@id":"https:\/\/kulturonline.tv\/at\/#organization"},"image":{"@id":"https:\/\/kulturonline.tv\/at\/filmkomponist-john-williams-kehrt-in-den-musikverein-zurueck\/#primaryimage"},"thumbnailUrl":"https:\/\/kulturonline.tv\/wp-content\/uploads\/2022\/02\/John-Wlliams-edited.jpg","articleSection":["Musik"],"inLanguage":"de-AT"},{"@type":"WebPage","@id":"https:\/\/kulturonline.tv\/at\/filmkomponist-john-williams-kehrt-in-den-musikverein-zurueck\/","url":"https:\/\/kulturonline.tv\/at\/filmkomponist-john-williams-kehrt-in-den-musikverein-zurueck\/","name":"Filmkomponist John Williams kehrt in den Musikverein zur\u00fcck - Kultur Online TV &amp; FM","isPartOf":{"@id":"https:\/\/kulturonline.tv\/at\/#website"},"primaryImageOfPage":{"@id":"https:\/\/kulturonline.tv\/at\/filmkomponist-john-williams-kehrt-in-den-musikverein-zurueck\/#primaryimage"},"image":{"@id":"https:\/\/kulturonline.tv\/at\/filmkomponist-john-williams-kehrt-in-den-musikverein-zurueck\/#primaryimage"},"thumbnailUrl":"https:\/\/kulturonline.tv\/wp-content\/uploads\/2022\/02\/John-Wlliams-edited.jpg","datePublished":"2022-02-07T23:17:48+00:00","dateModified":"2022-02-07T23:17:50+00:00","description":"Kultur sehen und H\u00f6ren","breadcrumb":{"@id":"https:\/\/kulturonline.tv\/at\/filmkomponist-john-williams-kehrt-in-den-musikverein-zurueck\/#breadcrumb"},"inLanguage":"de-AT","potentialAction":[{"@type":"ReadAction","target":["https:\/\/kulturonline.tv\/at\/filmkomponist-john-williams-kehrt-in-den-musikverein-zurueck\/"]}]},{"@type":"ImageObject","inLanguage":"de-AT","@id":"https:\/\/kulturonline.tv\/at\/filmkomponist-john-williams-kehrt-in-den-musikverein-zurueck\/#primaryimage","url":"https:\/\/kulturonline.tv\/wp-content\/uploads\/2022\/02\/John-Wlliams-edited.jpg","contentUrl":"https:\/\/kulturonline.tv\/wp-content\/uploads\/2022\/02\/John-Wlliams-edited.jpg","width":600,"height":337},{"@type":"BreadcrumbList","@id":"https:\/\/kulturonline.tv\/at\/filmkomponist-john-williams-kehrt-in-den-musikverein-zurueck\/#breadcrumb","itemListElement":[{"@type":"ListItem","position":1,"name":"Startseite","item":"https:\/\/kulturonline.tv\/at\/"},{"@type":"ListItem","position":2,"name":"Filmkomponist John Williams kehrt in den Musikverein zur\u00fcck"}]},{"@type":"WebSite","@id":"https:\/\/kulturonline.tv\/at\/#website","url":"https:\/\/kulturonline.tv\/at\/","name":"Kultur Online TV &amp; FM","description":"Wir sind Kultur 2.0 zum sehen &amp; h\u00f6ren","publisher":{"@id":"https:\/\/kulturonline.tv\/at\/#organization"},"potentialAction":[{"@type":"SearchAction","target":{"@type":"EntryPoint","urlTemplate":"https:\/\/kulturonline.tv\/at\/?s={search_term_string}"},"query-input":{"@type":"PropertyValueSpecification","valueRequired":true,"valueName":"search_term_string"}}],"inLanguage":"de-AT"},{"@type":"Organization","@id":"https:\/\/kulturonline.tv\/at\/#organization","name":"Kultur Online TV","url":"https:\/\/kulturonline.tv\/at\/","logo":{"@type":"ImageObject","inLanguage":"de-AT","@id":"https:\/\/kulturonline.tv\/at\/#\/schema\/logo\/image\/","url":"https:\/\/kulturonline.tv\/wp-content\/uploads\/2021\/08\/Kultur-Online-Tv-Logo-Endversion-neu.png","contentUrl":"https:\/\/kulturonline.tv\/wp-content\/uploads\/2021\/08\/Kultur-Online-Tv-Logo-Endversion-neu.png","width":200,"height":200,"caption":"Kultur Online TV"},"image":{"@id":"https:\/\/kulturonline.tv\/at\/#\/schema\/logo\/image\/"},"sameAs":["https:\/\/www.facebook.com\/kulturonline.tv","https:\/\/www.instagram.com\/kulturonline.tv"]},{"@type":"Person","@id":"https:\/\/kulturonline.tv\/at\/#\/schema\/person\/b0fac729bb9a0c193fb1df23449df4fe","name":"guenter.wolfgang"}]}},"_links":{"self":[{"href":"https:\/\/kulturonline.tv\/at\/wp-json\/wp\/v2\/posts\/22450","targetHints":{"allow":["GET"]}}],"collection":[{"href":"https:\/\/kulturonline.tv\/at\/wp-json\/wp\/v2\/posts"}],"about":[{"href":"https:\/\/kulturonline.tv\/at\/wp-json\/wp\/v2\/types\/post"}],"author":[{"embeddable":true,"href":"https:\/\/kulturonline.tv\/at\/wp-json\/wp\/v2\/users\/2"}],"replies":[{"embeddable":true,"href":"https:\/\/kulturonline.tv\/at\/wp-json\/wp\/v2\/comments?post=22450"}],"version-history":[{"count":0,"href":"https:\/\/kulturonline.tv\/at\/wp-json\/wp\/v2\/posts\/22450\/revisions"}],"wp:featuredmedia":[{"embeddable":true,"href":"https:\/\/kulturonline.tv\/at\/wp-json\/wp\/v2\/media\/22453"}],"wp:attachment":[{"href":"https:\/\/kulturonline.tv\/at\/wp-json\/wp\/v2\/media?parent=22450"}],"wp:term":[{"taxonomy":"category","embeddable":true,"href":"https:\/\/kulturonline.tv\/at\/wp-json\/wp\/v2\/categories?post=22450"},{"taxonomy":"post_tag","embeddable":true,"href":"https:\/\/kulturonline.tv\/at\/wp-json\/wp\/v2\/tags?post=22450"}],"curies":[{"name":"wp","href":"https:\/\/api.w.org\/{rel}","templated":true}]}}