{"id":22605,"date":"2022-02-09T08:59:33","date_gmt":"2022-02-09T07:59:33","guid":{"rendered":"https:\/\/kulturonline.tv\/?p=22605"},"modified":"2022-02-09T09:52:27","modified_gmt":"2022-02-09T08:52:27","slug":"anna-albinus-erhaelt-rauriser-literaturpreis","status":"publish","type":"post","link":"https:\/\/kulturonline.tv\/at\/anna-albinus-erhaelt-rauriser-literaturpreis\/","title":{"rendered":"Anna Albinus erh\u00e4lt Rauriser Literaturpreis"},"content":{"rendered":"\n<p><strong>Der Rauriser Literaturpreis geht in diesem Jahr an die aus Mainz stammende Autorin Anna Albinus f\u00fcr ihre Novelle &#8222;Revolver Christi&#8220;.<\/strong><\/p>\n\n\n\n<figure class=\"wp-block-image size-full\"><img fetchpriority=\"high\" decoding=\"async\" width=\"1438\" height=\"809\" src=\"https:\/\/kulturonline.tv\/wp-content\/uploads\/2022\/02\/full.jpg\" alt=\"\" class=\"wp-image-22606\" srcset=\"https:\/\/kulturonline.tv\/wp-content\/uploads\/2022\/02\/full.jpg 1438w, https:\/\/kulturonline.tv\/wp-content\/uploads\/2022\/02\/full-600x338.jpg 600w, https:\/\/kulturonline.tv\/wp-content\/uploads\/2022\/02\/full-800x450.jpg 800w, https:\/\/kulturonline.tv\/wp-content\/uploads\/2022\/02\/full-768x432.jpg 768w\" sizes=\"(max-width: 1438px) 100vw, 1438px\" \/><\/figure>\n\n\n\n<p>Den F\u00f6rderpreis 2022 bekommt Alexandra Koch f\u00fcr den Text &#8222;vattern muttern k\u00fcnd&#8220;. Das gab der f\u00fcr Kultur verantwortliche LHStv. Heinrich Schellhorn (Gr\u00fcne) am Dienstag bei einem Pressegespr\u00e4ch bekannt, bei dem das Programm der 51. Rauriser Literaturtage (30. M\u00e4rz bis 3. April) vorgestellt wurde. Das Festival erz\u00e4hlt &#8222;Von Tieren und Menschen&#8220;.<\/p>\n\n\n\n<p>Ein &#8222;grandioses Erstlingswerk&#8220; urteilte die Jury \u00fcber &#8222;Revolver Christi&#8220;. Der Text ziehe auf r\u00e4tselhafte Art in seinen Bann. &#8222;Der Autorin gelingt es, bis zur letzten Seite die Spannung und gleichzeitig das Geheimnis ihrer an Anspielungen, Motiven und Bibelstellen reichen Geschichte zu bewahren&#8220;, hei\u00dft es in der Begr\u00fcndung. Albinus, 1986 in Mainz geboren, studierte Theologie, Judaistik und Kunstgeschichte und lebt nach zehn Jahren in Wien nun in Greifswald. Sie hat f\u00fcr ihre erste Ver\u00f6ffentlichung auch den Deb\u00fctpreis beim \u00d6sterreichischen Buchpreis 2021 erhalten.<\/p>\n\n\n\n<p>Die eigenwillige Sprache und Form sowie der Humor haben die Jury am Text &#8222;vattern muttern k\u00fcnd&#8220; fasziniert. &#8222;Die gelungene Ausgestaltung des Inhalts in seiner spezifischen Sprachform macht den Text laut vorgetragen au\u00dferdem zu einem eindrucksvollen H\u00f6rerlebnis&#8220;, schrieb die Jury \u00fcber die Arbeit der F\u00f6rderpreistr\u00e4gerin Koch. Zu h\u00f6ren sein werden beide Autorinnen bei der 51. Auflage der Rauriser Literaturtage.<\/p>\n\n\n\n<p>&#8222;Wir sind zuversichtlich, dass wir uns heuer alle vor Ort in Rauris sehen werden&#8220;, sagten die Intendanten Ines Sch\u00fctz und Manfred Mittermayer. Trotzdem sind auch Online-\u00dcbertragungen der Veranstaltungen vorgesehen. Im Vorjahr habe es rund 6.000 Zugriffe auf die gestreamten Lesungen gegeben, sagte Mittermayer. Diese auch geografische Erweiterung des Publikums &#8211; es gab auch Zugriffe aus den USA und Frankreich &#8211; wolle man nicht verlieren, begr\u00fcndete er die hybride Version des Festivals.<\/p>\n\n\n\n<p>&#8222;Tiere haben in der letzten Zeit eine erstaunliche Konjunktur in der \u00f6ffentlichen Wahrnehmung erlebt, auch in der Kunst und in der Literatur&#8220;, sagte Mittermayer zur Wahl des Festivalthemas &#8222;Von Tieren und Menschen&#8220;. &#8222;Die Auseinandersetzung mit Tieren f\u00fchrt uns auch sehr rasch in die Auseinandersetzung mit \u00f6kologischen Fragen&#8220;, will er das Motto sehr breit verstanden wissen. Oftmals seien Tiere auch ein Vehikel f\u00fcr die Erforschung menschlicher Verhaltensweisen und damit der Selbsterforschung.<\/p>\n\n\n\n<p>Erwartet werden an den vier Festivaltagen in Rauris unter anderem John von D\u00fcffel, Michael K\u00f6hlmeier, Teresa Pr\u00e4auer, Barbara Frischmuth, Olga Flor, Leander Fischer oder Alois Hotschnig. Aus dem Jubil\u00e4umsprogramm des Vorjahres wird &#8211; in Zusammenarbeit mit den Salzburger Festspielen &#8211; eine Lesung mit Gerti Drassl und Sami Loris aus Texten ehemaliger Rauris-Preistr\u00e4ger nachgeholt. Ebenfalls noch ein versp\u00e4tetes Geschenk zum 50. Geburtstag der Literaturtage ist das f\u00fcr Samstagabend geplante Konzert von &#8222;Die Strottern&#8220;.<\/p>\n\n\n\n<p>Spoken World verspricht mit Yasmin Hafedh, Dalibor Markovic und Anna-Lena Obermoser Rap und Poetry Slam. Und auch Rauris.Lyrik sowie Gespr\u00e4che von Studierenden \u00f6sterreichischer Universit\u00e4ten mit Autoren oder die Schreibwerkstatt geh\u00f6ren zu den Fixpunkten des Literaturfestivals.<\/p>\n\n\n\n<p>Kultur Online TV<\/p>\n\n\n\n<p>#literatur #news #kunst<\/p>\n","protected":false},"excerpt":{"rendered":"<p>Der Rauriser Literaturpreis geht in diesem Jahr an die aus Mainz stammende Autorin Anna Albinus f\u00fcr ihre Novelle &#8222;Revolver Christi&#8220;. Den F\u00f6rderpreis 2022 bekommt Alexandra Koch f\u00fcr den Text &#8222;vattern muttern k\u00fcnd&#8220;. Das gab der f\u00fcr Kultur verantwortliche LHStv. Heinrich Schellhorn (Gr\u00fcne) am Dienstag bei einem Pressegespr\u00e4ch bekannt, bei dem das Programm der 51. Rauriser [&hellip;]<\/p>\n","protected":false},"author":2,"featured_media":22606,"comment_status":"closed","ping_status":"closed","sticky":false,"template":"","format":"standard","meta":{"_acf_changed":false,"footnotes":""},"categories":[133],"tags":[],"class_list":["post-22605","post","type-post","status-publish","format-standard","has-post-thumbnail","hentry","category-literatur"],"acf":[],"yoast_head":"<!-- This site is optimized with the Yoast SEO plugin v26.1.1 - https:\/\/yoast.com\/wordpress\/plugins\/seo\/ -->\n<title>Anna Albinus erh\u00e4lt Rauriser Literaturpreis - Kultur Online TV &amp; FM<\/title>\n<meta name=\"description\" content=\"Kultur sehen und H\u00f6ren\" \/>\n<meta name=\"robots\" content=\"index, follow, max-snippet:-1, max-image-preview:large, max-video-preview:-1\" \/>\n<link rel=\"canonical\" href=\"https:\/\/kulturonline.tv\/at\/anna-albinus-erhaelt-rauriser-literaturpreis\/\" \/>\n<meta property=\"og:locale\" content=\"de_DE\" \/>\n<meta property=\"og:type\" content=\"article\" \/>\n<meta property=\"og:title\" content=\"Anna Albinus erh\u00e4lt Rauriser Literaturpreis - Kultur Online TV &amp; FM\" \/>\n<meta property=\"og:description\" content=\"Kultur sehen und H\u00f6ren\" \/>\n<meta property=\"og:url\" content=\"https:\/\/kulturonline.tv\/at\/anna-albinus-erhaelt-rauriser-literaturpreis\/\" \/>\n<meta property=\"og:site_name\" content=\"Kultur Online TV &amp; FM\" \/>\n<meta property=\"article:publisher\" content=\"https:\/\/www.facebook.com\/kulturonline.tv\" \/>\n<meta property=\"article:published_time\" content=\"2022-02-09T07:59:33+00:00\" \/>\n<meta property=\"article:modified_time\" content=\"2022-02-09T08:52:27+00:00\" \/>\n<meta property=\"og:image\" content=\"https:\/\/kulturonline.tv\/wp-content\/uploads\/2022\/02\/full.jpg\" \/>\n\t<meta property=\"og:image:width\" content=\"1438\" \/>\n\t<meta property=\"og:image:height\" content=\"809\" \/>\n\t<meta property=\"og:image:type\" content=\"image\/jpeg\" \/>\n<meta name=\"author\" content=\"guenter.wolfgang\" \/>\n<meta name=\"twitter:card\" content=\"summary_large_image\" \/>\n<meta name=\"twitter:label1\" content=\"Verfasst von\" \/>\n\t<meta name=\"twitter:data1\" content=\"guenter.wolfgang\" \/>\n\t<meta name=\"twitter:label2\" content=\"Gesch\u00e4tzte Lesezeit\" \/>\n\t<meta name=\"twitter:data2\" content=\"3 Minuten\" \/>\n<script type=\"application\/ld+json\" class=\"yoast-schema-graph\">{\"@context\":\"https:\/\/schema.org\",\"@graph\":[{\"@type\":\"Article\",\"@id\":\"https:\/\/kulturonline.tv\/at\/anna-albinus-erhaelt-rauriser-literaturpreis\/#article\",\"isPartOf\":{\"@id\":\"https:\/\/kulturonline.tv\/at\/anna-albinus-erhaelt-rauriser-literaturpreis\/\"},\"author\":{\"name\":\"guenter.wolfgang\",\"@id\":\"https:\/\/kulturonline.tv\/at\/#\/schema\/person\/b0fac729bb9a0c193fb1df23449df4fe\"},\"headline\":\"Anna Albinus erh\u00e4lt Rauriser Literaturpreis\",\"datePublished\":\"2022-02-09T07:59:33+00:00\",\"dateModified\":\"2022-02-09T08:52:27+00:00\",\"mainEntityOfPage\":{\"@id\":\"https:\/\/kulturonline.tv\/at\/anna-albinus-erhaelt-rauriser-literaturpreis\/\"},\"wordCount\":497,\"publisher\":{\"@id\":\"https:\/\/kulturonline.tv\/at\/#organization\"},\"image\":{\"@id\":\"https:\/\/kulturonline.tv\/at\/anna-albinus-erhaelt-rauriser-literaturpreis\/#primaryimage\"},\"thumbnailUrl\":\"https:\/\/kulturonline.tv\/wp-content\/uploads\/2022\/02\/full.jpg\",\"articleSection\":[\"Literatur\"],\"inLanguage\":\"de-AT\"},{\"@type\":\"WebPage\",\"@id\":\"https:\/\/kulturonline.tv\/at\/anna-albinus-erhaelt-rauriser-literaturpreis\/\",\"url\":\"https:\/\/kulturonline.tv\/at\/anna-albinus-erhaelt-rauriser-literaturpreis\/\",\"name\":\"Anna Albinus erh\u00e4lt Rauriser Literaturpreis - Kultur Online TV &amp; FM\",\"isPartOf\":{\"@id\":\"https:\/\/kulturonline.tv\/at\/#website\"},\"primaryImageOfPage\":{\"@id\":\"https:\/\/kulturonline.tv\/at\/anna-albinus-erhaelt-rauriser-literaturpreis\/#primaryimage\"},\"image\":{\"@id\":\"https:\/\/kulturonline.tv\/at\/anna-albinus-erhaelt-rauriser-literaturpreis\/#primaryimage\"},\"thumbnailUrl\":\"https:\/\/kulturonline.tv\/wp-content\/uploads\/2022\/02\/full.jpg\",\"datePublished\":\"2022-02-09T07:59:33+00:00\",\"dateModified\":\"2022-02-09T08:52:27+00:00\",\"description\":\"Kultur sehen und H\u00f6ren\",\"breadcrumb\":{\"@id\":\"https:\/\/kulturonline.tv\/at\/anna-albinus-erhaelt-rauriser-literaturpreis\/#breadcrumb\"},\"inLanguage\":\"de-AT\",\"potentialAction\":[{\"@type\":\"ReadAction\",\"target\":[\"https:\/\/kulturonline.tv\/at\/anna-albinus-erhaelt-rauriser-literaturpreis\/\"]}]},{\"@type\":\"ImageObject\",\"inLanguage\":\"de-AT\",\"@id\":\"https:\/\/kulturonline.tv\/at\/anna-albinus-erhaelt-rauriser-literaturpreis\/#primaryimage\",\"url\":\"https:\/\/kulturonline.tv\/wp-content\/uploads\/2022\/02\/full.jpg\",\"contentUrl\":\"https:\/\/kulturonline.tv\/wp-content\/uploads\/2022\/02\/full.jpg\",\"width\":1438,\"height\":809},{\"@type\":\"BreadcrumbList\",\"@id\":\"https:\/\/kulturonline.tv\/at\/anna-albinus-erhaelt-rauriser-literaturpreis\/#breadcrumb\",\"itemListElement\":[{\"@type\":\"ListItem\",\"position\":1,\"name\":\"Startseite\",\"item\":\"https:\/\/kulturonline.tv\/at\/\"},{\"@type\":\"ListItem\",\"position\":2,\"name\":\"Anna Albinus erh\u00e4lt Rauriser Literaturpreis\"}]},{\"@type\":\"WebSite\",\"@id\":\"https:\/\/kulturonline.tv\/at\/#website\",\"url\":\"https:\/\/kulturonline.tv\/at\/\",\"name\":\"Kultur Online TV &amp; FM\",\"description\":\"Wir sind Kultur 2.0 zum sehen &amp; h\u00f6ren\",\"publisher\":{\"@id\":\"https:\/\/kulturonline.tv\/at\/#organization\"},\"potentialAction\":[{\"@type\":\"SearchAction\",\"target\":{\"@type\":\"EntryPoint\",\"urlTemplate\":\"https:\/\/kulturonline.tv\/at\/?s={search_term_string}\"},\"query-input\":{\"@type\":\"PropertyValueSpecification\",\"valueRequired\":true,\"valueName\":\"search_term_string\"}}],\"inLanguage\":\"de-AT\"},{\"@type\":\"Organization\",\"@id\":\"https:\/\/kulturonline.tv\/at\/#organization\",\"name\":\"Kultur Online TV\",\"url\":\"https:\/\/kulturonline.tv\/at\/\",\"logo\":{\"@type\":\"ImageObject\",\"inLanguage\":\"de-AT\",\"@id\":\"https:\/\/kulturonline.tv\/at\/#\/schema\/logo\/image\/\",\"url\":\"https:\/\/kulturonline.tv\/wp-content\/uploads\/2021\/08\/Kultur-Online-Tv-Logo-Endversion-neu.png\",\"contentUrl\":\"https:\/\/kulturonline.tv\/wp-content\/uploads\/2021\/08\/Kultur-Online-Tv-Logo-Endversion-neu.png\",\"width\":200,\"height\":200,\"caption\":\"Kultur Online TV\"},\"image\":{\"@id\":\"https:\/\/kulturonline.tv\/at\/#\/schema\/logo\/image\/\"},\"sameAs\":[\"https:\/\/www.facebook.com\/kulturonline.tv\",\"https:\/\/www.instagram.com\/kulturonline.tv\"]},{\"@type\":\"Person\",\"@id\":\"https:\/\/kulturonline.tv\/at\/#\/schema\/person\/b0fac729bb9a0c193fb1df23449df4fe\",\"name\":\"guenter.wolfgang\"}]}<\/script>\n<!-- \/ Yoast SEO plugin. -->","yoast_head_json":{"title":"Anna Albinus erh\u00e4lt Rauriser Literaturpreis - Kultur Online TV &amp; FM","description":"Kultur sehen und H\u00f6ren","robots":{"index":"index","follow":"follow","max-snippet":"max-snippet:-1","max-image-preview":"max-image-preview:large","max-video-preview":"max-video-preview:-1"},"canonical":"https:\/\/kulturonline.tv\/at\/anna-albinus-erhaelt-rauriser-literaturpreis\/","og_locale":"de_DE","og_type":"article","og_title":"Anna Albinus erh\u00e4lt Rauriser Literaturpreis - Kultur Online TV &amp; FM","og_description":"Kultur sehen und H\u00f6ren","og_url":"https:\/\/kulturonline.tv\/at\/anna-albinus-erhaelt-rauriser-literaturpreis\/","og_site_name":"Kultur Online TV &amp; FM","article_publisher":"https:\/\/www.facebook.com\/kulturonline.tv","article_published_time":"2022-02-09T07:59:33+00:00","article_modified_time":"2022-02-09T08:52:27+00:00","og_image":[{"width":1438,"height":809,"url":"https:\/\/kulturonline.tv\/wp-content\/uploads\/2022\/02\/full.jpg","type":"image\/jpeg"}],"author":"guenter.wolfgang","twitter_card":"summary_large_image","twitter_misc":{"Verfasst von":"guenter.wolfgang","Gesch\u00e4tzte Lesezeit":"3 Minuten"},"schema":{"@context":"https:\/\/schema.org","@graph":[{"@type":"Article","@id":"https:\/\/kulturonline.tv\/at\/anna-albinus-erhaelt-rauriser-literaturpreis\/#article","isPartOf":{"@id":"https:\/\/kulturonline.tv\/at\/anna-albinus-erhaelt-rauriser-literaturpreis\/"},"author":{"name":"guenter.wolfgang","@id":"https:\/\/kulturonline.tv\/at\/#\/schema\/person\/b0fac729bb9a0c193fb1df23449df4fe"},"headline":"Anna Albinus erh\u00e4lt Rauriser Literaturpreis","datePublished":"2022-02-09T07:59:33+00:00","dateModified":"2022-02-09T08:52:27+00:00","mainEntityOfPage":{"@id":"https:\/\/kulturonline.tv\/at\/anna-albinus-erhaelt-rauriser-literaturpreis\/"},"wordCount":497,"publisher":{"@id":"https:\/\/kulturonline.tv\/at\/#organization"},"image":{"@id":"https:\/\/kulturonline.tv\/at\/anna-albinus-erhaelt-rauriser-literaturpreis\/#primaryimage"},"thumbnailUrl":"https:\/\/kulturonline.tv\/wp-content\/uploads\/2022\/02\/full.jpg","articleSection":["Literatur"],"inLanguage":"de-AT"},{"@type":"WebPage","@id":"https:\/\/kulturonline.tv\/at\/anna-albinus-erhaelt-rauriser-literaturpreis\/","url":"https:\/\/kulturonline.tv\/at\/anna-albinus-erhaelt-rauriser-literaturpreis\/","name":"Anna Albinus erh\u00e4lt Rauriser Literaturpreis - Kultur Online TV &amp; FM","isPartOf":{"@id":"https:\/\/kulturonline.tv\/at\/#website"},"primaryImageOfPage":{"@id":"https:\/\/kulturonline.tv\/at\/anna-albinus-erhaelt-rauriser-literaturpreis\/#primaryimage"},"image":{"@id":"https:\/\/kulturonline.tv\/at\/anna-albinus-erhaelt-rauriser-literaturpreis\/#primaryimage"},"thumbnailUrl":"https:\/\/kulturonline.tv\/wp-content\/uploads\/2022\/02\/full.jpg","datePublished":"2022-02-09T07:59:33+00:00","dateModified":"2022-02-09T08:52:27+00:00","description":"Kultur sehen und H\u00f6ren","breadcrumb":{"@id":"https:\/\/kulturonline.tv\/at\/anna-albinus-erhaelt-rauriser-literaturpreis\/#breadcrumb"},"inLanguage":"de-AT","potentialAction":[{"@type":"ReadAction","target":["https:\/\/kulturonline.tv\/at\/anna-albinus-erhaelt-rauriser-literaturpreis\/"]}]},{"@type":"ImageObject","inLanguage":"de-AT","@id":"https:\/\/kulturonline.tv\/at\/anna-albinus-erhaelt-rauriser-literaturpreis\/#primaryimage","url":"https:\/\/kulturonline.tv\/wp-content\/uploads\/2022\/02\/full.jpg","contentUrl":"https:\/\/kulturonline.tv\/wp-content\/uploads\/2022\/02\/full.jpg","width":1438,"height":809},{"@type":"BreadcrumbList","@id":"https:\/\/kulturonline.tv\/at\/anna-albinus-erhaelt-rauriser-literaturpreis\/#breadcrumb","itemListElement":[{"@type":"ListItem","position":1,"name":"Startseite","item":"https:\/\/kulturonline.tv\/at\/"},{"@type":"ListItem","position":2,"name":"Anna Albinus erh\u00e4lt Rauriser Literaturpreis"}]},{"@type":"WebSite","@id":"https:\/\/kulturonline.tv\/at\/#website","url":"https:\/\/kulturonline.tv\/at\/","name":"Kultur Online TV &amp; FM","description":"Wir sind Kultur 2.0 zum sehen &amp; h\u00f6ren","publisher":{"@id":"https:\/\/kulturonline.tv\/at\/#organization"},"potentialAction":[{"@type":"SearchAction","target":{"@type":"EntryPoint","urlTemplate":"https:\/\/kulturonline.tv\/at\/?s={search_term_string}"},"query-input":{"@type":"PropertyValueSpecification","valueRequired":true,"valueName":"search_term_string"}}],"inLanguage":"de-AT"},{"@type":"Organization","@id":"https:\/\/kulturonline.tv\/at\/#organization","name":"Kultur Online TV","url":"https:\/\/kulturonline.tv\/at\/","logo":{"@type":"ImageObject","inLanguage":"de-AT","@id":"https:\/\/kulturonline.tv\/at\/#\/schema\/logo\/image\/","url":"https:\/\/kulturonline.tv\/wp-content\/uploads\/2021\/08\/Kultur-Online-Tv-Logo-Endversion-neu.png","contentUrl":"https:\/\/kulturonline.tv\/wp-content\/uploads\/2021\/08\/Kultur-Online-Tv-Logo-Endversion-neu.png","width":200,"height":200,"caption":"Kultur Online TV"},"image":{"@id":"https:\/\/kulturonline.tv\/at\/#\/schema\/logo\/image\/"},"sameAs":["https:\/\/www.facebook.com\/kulturonline.tv","https:\/\/www.instagram.com\/kulturonline.tv"]},{"@type":"Person","@id":"https:\/\/kulturonline.tv\/at\/#\/schema\/person\/b0fac729bb9a0c193fb1df23449df4fe","name":"guenter.wolfgang"}]}},"_links":{"self":[{"href":"https:\/\/kulturonline.tv\/at\/wp-json\/wp\/v2\/posts\/22605","targetHints":{"allow":["GET"]}}],"collection":[{"href":"https:\/\/kulturonline.tv\/at\/wp-json\/wp\/v2\/posts"}],"about":[{"href":"https:\/\/kulturonline.tv\/at\/wp-json\/wp\/v2\/types\/post"}],"author":[{"embeddable":true,"href":"https:\/\/kulturonline.tv\/at\/wp-json\/wp\/v2\/users\/2"}],"replies":[{"embeddable":true,"href":"https:\/\/kulturonline.tv\/at\/wp-json\/wp\/v2\/comments?post=22605"}],"version-history":[{"count":0,"href":"https:\/\/kulturonline.tv\/at\/wp-json\/wp\/v2\/posts\/22605\/revisions"}],"wp:featuredmedia":[{"embeddable":true,"href":"https:\/\/kulturonline.tv\/at\/wp-json\/wp\/v2\/media\/22606"}],"wp:attachment":[{"href":"https:\/\/kulturonline.tv\/at\/wp-json\/wp\/v2\/media?parent=22605"}],"wp:term":[{"taxonomy":"category","embeddable":true,"href":"https:\/\/kulturonline.tv\/at\/wp-json\/wp\/v2\/categories?post=22605"},{"taxonomy":"post_tag","embeddable":true,"href":"https:\/\/kulturonline.tv\/at\/wp-json\/wp\/v2\/tags?post=22605"}],"curies":[{"name":"wp","href":"https:\/\/api.w.org\/{rel}","templated":true}]}}