{"id":22690,"date":"2022-02-10T06:36:42","date_gmt":"2022-02-10T05:36:42","guid":{"rendered":"https:\/\/kulturonline.tv\/?p=22690"},"modified":"2022-02-23T11:38:31","modified_gmt":"2022-02-23T10:38:31","slug":"news-des-tages-vom-10-02-2022","status":"publish","type":"post","link":"https:\/\/kulturonline.tv\/at\/news-des-tages-vom-10-02-2022\/","title":{"rendered":"News des Tages"},"content":{"rendered":"\n<p>10.02.2022<\/p>\n\n\n\n<figure class=\"wp-block-embed is-type-video is-provider-youtube wp-block-embed-youtube wp-embed-aspect-16-9 wp-has-aspect-ratio\"><div class=\"wp-block-embed__wrapper\">\nhttps:\/\/www.youtube.com\/watch?v=CMU4qx89PNo&#038;feature=youtu.be\n<\/div><\/figure>\n\n\n<form role=\"search\" method=\"get\" action=\"https:\/\/kulturonline.tv\/at\/\" class=\"wp-block-search__button-outside wp-block-search__text-button wp-block-search\"    ><label class=\"wp-block-search__label\" for=\"wp-block-search__input-1\" >Suchen<\/label><div class=\"wp-block-search__inside-wrapper \" ><input class=\"wp-block-search__input\" id=\"wp-block-search__input-1\" placeholder=\"\" value=\"\" type=\"search\" name=\"s\" required \/><button aria-label=\"Suchen\" class=\"wp-block-search__button wp-element-button\" type=\"submit\" >Suchen<\/button><\/div><\/form>\n\n\n<p><a href=\"https:\/\/kulturonline.tv\/at\/film\/kultregisseur-reinhard-schwabenitzky-mit-74-jahren-verstorben\">Kultregisseur Reinhard Schwabenitzky mit 74 Jahren verstorben<\/a><\/p>\n\n\n\n<div class=\"wp-block-query is-layout-flow wp-block-query-is-layout-flow\"><ul class=\"wp-block-post-template is-layout-flow wp-block-post-template-is-layout-flow\"><li class=\"wp-block-post post-148055 post type-post status-publish format-standard has-post-thumbnail hentry category-themenbeitraege-gesellschaft-politik-at\">\n\n<div class=\"wp-block-group is-layout-flow wp-block-group-is-layout-flow\" style=\"padding-top:30px;padding-right:30px;padding-bottom:30px;padding-left:30px\"><h2 class=\"wp-block-post-title\"><a href=\"https:\/\/kulturonline.tv\/at\/feiern-wie-die-kaiserin-glanzvoller-geburtstag-fuer-das-hotel-grand-elisabeth-in-bad-ischl\/\" target=\"_self\" >Feiern wie die Kaiserin: Glanzvoller Geburtstag f\u00fcr das Hotel Grand Elisabeth in Bad Ischl<\/a><\/h2>\n\n<div class=\"wp-block-post-excerpt\"><p class=\"wp-block-post-excerpt__excerpt\">Bad Ischl \u2013 Ganz im Zeichen kaiserlicher Eleganz stand der erste Geburtstag des Hotels Grand Elisabeth in Bad Ischl. Das 4-Sterne-Superior-Haus feierte sein einj\u00e4hriges Bestehen mit einem rauschenden Fest und schlug dabei eine stilvolle Br\u00fccke zur Geschichte: Zeitgleich wurde auch der Hochzeitstag von Kaiserin Elisabeth (\u201eSisi\u201c) und Kaiser Franz Joseph zelebriert. Prominenter Stargast des Abends&hellip; <\/p><\/div>\n\n<div class=\"wp-block-post-date\"><time datetime=\"2026-04-29T11:16:13+02:00\">29. April 2026<\/time><\/div><\/div>\n\n<\/li><li class=\"wp-block-post post-148041 post type-post status-publish format-standard has-post-thumbnail hentry category-kunst\">\n\n<div class=\"wp-block-group is-layout-flow wp-block-group-is-layout-flow\" style=\"padding-top:30px;padding-right:30px;padding-bottom:30px;padding-left:30px\"><h2 class=\"wp-block-post-title\"><a href=\"https:\/\/kulturonline.tv\/at\/fruehlingserwachen-vernissage-von-alexandra-kordas\/\" target=\"_self\" >\u201eFr\u00fchlingserwachen\u201c Vernissage von Alexandra Kordas<\/a><\/h2>\n\n<div class=\"wp-block-post-excerpt\"><p class=\"wp-block-post-excerpt__excerpt\">Ein 1. Fr\u00fchlings VIP-\u00a0Highlight im Kunstfoyer der LV1871 in M\u00fcnchen ! Fr\u00fchlingsduft lag in der Luft bei der Vernissage von \u201eFr\u00fchlingserwachen\u201c der M\u00fcnchner K\u00fcnstlerin Alexandra Kordas im Kunstfoyer der LV1871, die zu einem glanzvollen Treffpunkt f\u00fcr Pers\u00f6nlich-keiten aus Kultur, dem Showbiz, den Medien und der Wirtschaft wurde. Wolfgang Reichel, Vorsitzender des Vorstands LV1871 und Dr.&hellip; <\/p><\/div>\n\n<div class=\"wp-block-post-date\"><time datetime=\"2026-04-29T10:57:10+02:00\">29. April 2026<\/time><\/div><\/div>\n\n<\/li><li class=\"wp-block-post post-145731 post type-post status-publish format-standard has-post-thumbnail hentry category-newsflash category-unkategorisiert\">\n\n<div class=\"wp-block-group is-layout-flow wp-block-group-is-layout-flow\" style=\"padding-top:30px;padding-right:30px;padding-bottom:30px;padding-left:30px\"><h2 class=\"wp-block-post-title\"><a href=\"https:\/\/kulturonline.tv\/at\/tiefpunkt-der-medienkultur-wenn-voyeuristischer-schlamm-die-debatte-ersetzt\/\" target=\"_self\" >Tiefpunkt der Medienkultur: Wenn voyeuristischer Schlamm die Debatte ersetzt.<\/a><\/h2>\n\n<div class=\"wp-block-post-excerpt\"><p class=\"wp-block-post-excerpt__excerpt\">Was sich derzeit in der \u00f6sterreichischen Medienlandschaft rund um die Causa des ehemaligen ORF-Generaldirektors Roland Wei\u00dfmann abspielt, ist ein beispielloser Absturz in der Berichterstattung. Ein Spektakel der Niveaulosigkeit Dieser Talk-Spezial auf OE24 TV zum \u201eFall Wei\u00dfmann\u201c illustriert eindrucksvoll den massiven Konflikt zwischen journalistischem Aufkl\u00e4rungsanspruch, rechtlicher Grauzone und einer Medienkultur, die zunehmend jede Schamgrenze hinter sich&hellip; <\/p><\/div>\n\n<div class=\"wp-block-post-date\"><time datetime=\"2026-04-22T23:56:26+02:00\">22. April 2026<\/time><\/div><\/div>\n\n<\/li><li class=\"wp-block-post post-143649 post type-post status-publish format-standard has-post-thumbnail hentry category-medien category-newsflash\">\n\n<div class=\"wp-block-group is-layout-flow wp-block-group-is-layout-flow\" style=\"padding-top:30px;padding-right:30px;padding-bottom:30px;padding-left:30px\"><h2 class=\"wp-block-post-title\"><a href=\"https:\/\/kulturonline.tv\/at\/vizekanzler-und-medienminister-andreas-babler-will-echten-journalismus-statt-inseratenkorruption\/\" target=\"_self\" >Vizekanzler und Medienminister Andreas Babler will \u201eechten Journalismus\u201c statt Inseratenkorruption<\/a><\/h2>\n\n<div class=\"wp-block-post-excerpt\"><p class=\"wp-block-post-excerpt__excerpt\">In der \u00f6sterreichischen Medienlandschaft steht kein Stein auf dem anderen. Medienminister und Vizekanzler Andreas Babler (SP\u00d6) hat diese Woche bei einem Symposium zu \u201eMedien und Demokratie\u201c (April 2026) weitreichende Reformen angek\u00fcndigt. Sein Ziel: Weg von der umstrittenen Inseratenpolitik, hin zu einer transparenten, qualit\u00e4tsgebundenen F\u00f6rderung. \u00a9 Bild: KI generiert 2026 Kultur Online TV Andreas Babler findet&hellip; <\/p><\/div>\n\n<div class=\"wp-block-post-date\"><time datetime=\"2026-04-16T09:43:18+02:00\">16. April 2026<\/time><\/div><\/div>\n\n<\/li><li class=\"wp-block-post post-143641 post type-post status-publish format-standard has-post-thumbnail hentry category-kulinarik-genuss category-uncategorized\">\n\n<div class=\"wp-block-group is-layout-flow wp-block-group-is-layout-flow\" style=\"padding-top:30px;padding-right:30px;padding-bottom:30px;padding-left:30px\"><h2 class=\"wp-block-post-title\"><a href=\"https:\/\/kulturonline.tv\/at\/haubenkueche-zum-fixpreis-der-countdown-fuer-die-fruehlingsgenusswoche-laeuft\/\" target=\"_self\" >Haubenk\u00fcche zum Fixpreis: Der Countdown f\u00fcr die Fr\u00fchlingsgenusswoche l\u00e4uft!<\/a><\/h2>\n\n<div class=\"wp-block-post-excerpt\"><p class=\"wp-block-post-excerpt__excerpt\">Die Fr\u00fchlingsgenusswoche ist eines der kulinarischen Highlights des Jahres in Wien und Umgebung. Sie bietet die perfekte Gelegenheit, die gehobene Gastronomie der Stadt auf unkomplizierte Weise kennenzulernen \u2013 ohne b\u00f6se \u00dcberraschungen beim Blick auf die Rechnung. \u00a9 Bild: KI generiert 2026 Hier ist ein allgemeiner \u00dcberblick \u00fcber das Event, das Konzept und was dich erwartet:&hellip; <\/p><\/div>\n\n<div class=\"wp-block-post-date\"><time datetime=\"2026-04-16T09:21:27+02:00\">16. April 2026<\/time><\/div><\/div>\n\n<\/li><li class=\"wp-block-post post-143639 post type-post status-publish format-standard has-post-thumbnail hentry category-veranstaltungstipps-at\">\n\n<div class=\"wp-block-group is-layout-flow wp-block-group-is-layout-flow\" style=\"padding-top:30px;padding-right:30px;padding-bottom:30px;padding-left:30px\"><h2 class=\"wp-block-post-title\"><a href=\"https:\/\/kulturonline.tv\/at\/wien-im-song-contest-fieber\/\" target=\"_self\" >Wien im Song-Contest-Fieber<\/a><\/h2>\n\n<div class=\"wp-block-post-excerpt\"><p class=\"wp-block-post-excerpt__excerpt\">Wien setzt im Mai 2026 neue Ma\u00dfst\u00e4be f\u00fcr das ESC-Rahmenprogramm. Am Mittwoch, dem 13. Mai 2026, verwandelt sich der Wiener Naschmarkt von 14:00 bis 19:00 Uhr in den Schauplatz des ersten \u201eEurovision Markt Contests\u201c. \u00a9 Bild: KI generiert Anstatt nur vor dem Fernseher mitzufiebern, k\u00f6nnen sich Besucherinnen und Besucher beim \u201eEurovision Markt Contest\u201c quer durch&hellip; <\/p><\/div>\n\n<div class=\"wp-block-post-date\"><time datetime=\"2026-04-16T08:54:39+02:00\">16. April 2026<\/time><\/div><\/div>\n\n<\/li><\/ul><\/div>\n","protected":false},"excerpt":{"rendered":"<p>10.02.2022 Kultregisseur Reinhard Schwabenitzky mit 74 Jahren verstorben<\/p>\n","protected":false},"author":2,"featured_media":23511,"comment_status":"closed","ping_status":"closed","sticky":false,"template":"","format":"standard","meta":{"_acf_changed":false,"footnotes":""},"categories":[118],"tags":[],"class_list":["post-22690","post","type-post","status-publish","format-standard","has-post-thumbnail","hentry","category-uncategorized"],"acf":[],"yoast_head":"<!-- This site is optimized with the Yoast SEO plugin v26.1.1 - https:\/\/yoast.com\/wordpress\/plugins\/seo\/ -->\n<title>News des Tages - Kultur Online TV &amp; FM<\/title>\n<meta name=\"description\" content=\"Kultur sehen und H\u00f6ren\" \/>\n<meta name=\"robots\" content=\"index, follow, max-snippet:-1, max-image-preview:large, max-video-preview:-1\" \/>\n<link rel=\"canonical\" href=\"https:\/\/kulturonline.tv\/at\/news-des-tages-vom-10-02-2022\/\" \/>\n<meta property=\"og:locale\" content=\"de_DE\" \/>\n<meta property=\"og:type\" content=\"article\" \/>\n<meta property=\"og:title\" content=\"News des Tages - Kultur Online TV &amp; FM\" \/>\n<meta property=\"og:description\" content=\"Kultur sehen und H\u00f6ren\" \/>\n<meta property=\"og:url\" content=\"https:\/\/kulturonline.tv\/at\/news-des-tages-vom-10-02-2022\/\" \/>\n<meta property=\"og:site_name\" content=\"Kultur Online TV &amp; FM\" \/>\n<meta property=\"article:publisher\" content=\"https:\/\/www.facebook.com\/kulturonline.tv\" \/>\n<meta property=\"article:published_time\" content=\"2022-02-10T05:36:42+00:00\" \/>\n<meta property=\"article:modified_time\" content=\"2022-02-23T10:38:31+00:00\" \/>\n<meta property=\"og:image\" content=\"https:\/\/kulturonline.tv\/wp-content\/uploads\/2022\/02\/music-5.png\" \/>\n\t<meta property=\"og:image:width\" content=\"1280\" \/>\n\t<meta property=\"og:image:height\" content=\"720\" \/>\n\t<meta property=\"og:image:type\" content=\"image\/png\" \/>\n<meta name=\"author\" content=\"guenter.wolfgang\" \/>\n<meta name=\"twitter:card\" content=\"summary_large_image\" \/>\n<meta name=\"twitter:label1\" content=\"Verfasst von\" \/>\n\t<meta name=\"twitter:data1\" content=\"guenter.wolfgang\" \/>\n\t<meta name=\"twitter:label2\" content=\"Gesch\u00e4tzte Lesezeit\" \/>\n\t<meta name=\"twitter:data2\" content=\"1 Minute\" \/>\n<script type=\"application\/ld+json\" class=\"yoast-schema-graph\">{\"@context\":\"https:\/\/schema.org\",\"@graph\":[{\"@type\":\"Article\",\"@id\":\"https:\/\/kulturonline.tv\/at\/news-des-tages-vom-10-02-2022\/#article\",\"isPartOf\":{\"@id\":\"https:\/\/kulturonline.tv\/at\/news-des-tages-vom-10-02-2022\/\"},\"author\":{\"name\":\"guenter.wolfgang\",\"@id\":\"https:\/\/kulturonline.tv\/at\/#\/schema\/person\/b0fac729bb9a0c193fb1df23449df4fe\"},\"headline\":\"News des Tages\",\"datePublished\":\"2022-02-10T05:36:42+00:00\",\"dateModified\":\"2022-02-23T10:38:31+00:00\",\"mainEntityOfPage\":{\"@id\":\"https:\/\/kulturonline.tv\/at\/news-des-tages-vom-10-02-2022\/\"},\"wordCount\":22,\"publisher\":{\"@id\":\"https:\/\/kulturonline.tv\/at\/#organization\"},\"image\":{\"@id\":\"https:\/\/kulturonline.tv\/at\/news-des-tages-vom-10-02-2022\/#primaryimage\"},\"thumbnailUrl\":\"https:\/\/kulturonline.tv\/wp-content\/uploads\/2022\/02\/music-5.png\",\"articleSection\":[\"Uncategorized @at\"],\"inLanguage\":\"de-AT\"},{\"@type\":\"WebPage\",\"@id\":\"https:\/\/kulturonline.tv\/at\/news-des-tages-vom-10-02-2022\/\",\"url\":\"https:\/\/kulturonline.tv\/at\/news-des-tages-vom-10-02-2022\/\",\"name\":\"News des Tages - Kultur Online TV &amp; FM\",\"isPartOf\":{\"@id\":\"https:\/\/kulturonline.tv\/at\/#website\"},\"primaryImageOfPage\":{\"@id\":\"https:\/\/kulturonline.tv\/at\/news-des-tages-vom-10-02-2022\/#primaryimage\"},\"image\":{\"@id\":\"https:\/\/kulturonline.tv\/at\/news-des-tages-vom-10-02-2022\/#primaryimage\"},\"thumbnailUrl\":\"https:\/\/kulturonline.tv\/wp-content\/uploads\/2022\/02\/music-5.png\",\"datePublished\":\"2022-02-10T05:36:42+00:00\",\"dateModified\":\"2022-02-23T10:38:31+00:00\",\"description\":\"Kultur sehen und H\u00f6ren\",\"breadcrumb\":{\"@id\":\"https:\/\/kulturonline.tv\/at\/news-des-tages-vom-10-02-2022\/#breadcrumb\"},\"inLanguage\":\"de-AT\",\"potentialAction\":[{\"@type\":\"ReadAction\",\"target\":[\"https:\/\/kulturonline.tv\/at\/news-des-tages-vom-10-02-2022\/\"]}]},{\"@type\":\"ImageObject\",\"inLanguage\":\"de-AT\",\"@id\":\"https:\/\/kulturonline.tv\/at\/news-des-tages-vom-10-02-2022\/#primaryimage\",\"url\":\"https:\/\/kulturonline.tv\/wp-content\/uploads\/2022\/02\/music-5.png\",\"contentUrl\":\"https:\/\/kulturonline.tv\/wp-content\/uploads\/2022\/02\/music-5.png\",\"width\":1280,\"height\":720},{\"@type\":\"BreadcrumbList\",\"@id\":\"https:\/\/kulturonline.tv\/at\/news-des-tages-vom-10-02-2022\/#breadcrumb\",\"itemListElement\":[{\"@type\":\"ListItem\",\"position\":1,\"name\":\"Startseite\",\"item\":\"https:\/\/kulturonline.tv\/at\/\"},{\"@type\":\"ListItem\",\"position\":2,\"name\":\"News des Tages\"}]},{\"@type\":\"WebSite\",\"@id\":\"https:\/\/kulturonline.tv\/at\/#website\",\"url\":\"https:\/\/kulturonline.tv\/at\/\",\"name\":\"Kultur Online TV &amp; FM\",\"description\":\"Wir sind Kultur 2.0 zum sehen &amp; h\u00f6ren\",\"publisher\":{\"@id\":\"https:\/\/kulturonline.tv\/at\/#organization\"},\"potentialAction\":[{\"@type\":\"SearchAction\",\"target\":{\"@type\":\"EntryPoint\",\"urlTemplate\":\"https:\/\/kulturonline.tv\/at\/?s={search_term_string}\"},\"query-input\":{\"@type\":\"PropertyValueSpecification\",\"valueRequired\":true,\"valueName\":\"search_term_string\"}}],\"inLanguage\":\"de-AT\"},{\"@type\":\"Organization\",\"@id\":\"https:\/\/kulturonline.tv\/at\/#organization\",\"name\":\"Kultur Online TV\",\"url\":\"https:\/\/kulturonline.tv\/at\/\",\"logo\":{\"@type\":\"ImageObject\",\"inLanguage\":\"de-AT\",\"@id\":\"https:\/\/kulturonline.tv\/at\/#\/schema\/logo\/image\/\",\"url\":\"https:\/\/kulturonline.tv\/wp-content\/uploads\/2021\/08\/Kultur-Online-Tv-Logo-Endversion-neu.png\",\"contentUrl\":\"https:\/\/kulturonline.tv\/wp-content\/uploads\/2021\/08\/Kultur-Online-Tv-Logo-Endversion-neu.png\",\"width\":200,\"height\":200,\"caption\":\"Kultur Online TV\"},\"image\":{\"@id\":\"https:\/\/kulturonline.tv\/at\/#\/schema\/logo\/image\/\"},\"sameAs\":[\"https:\/\/www.facebook.com\/kulturonline.tv\",\"https:\/\/www.instagram.com\/kulturonline.tv\"]},{\"@type\":\"Person\",\"@id\":\"https:\/\/kulturonline.tv\/at\/#\/schema\/person\/b0fac729bb9a0c193fb1df23449df4fe\",\"name\":\"guenter.wolfgang\"}]}<\/script>\n<!-- \/ Yoast SEO plugin. -->","yoast_head_json":{"title":"News des Tages - Kultur Online TV &amp; FM","description":"Kultur sehen und H\u00f6ren","robots":{"index":"index","follow":"follow","max-snippet":"max-snippet:-1","max-image-preview":"max-image-preview:large","max-video-preview":"max-video-preview:-1"},"canonical":"https:\/\/kulturonline.tv\/at\/news-des-tages-vom-10-02-2022\/","og_locale":"de_DE","og_type":"article","og_title":"News des Tages - Kultur Online TV &amp; FM","og_description":"Kultur sehen und H\u00f6ren","og_url":"https:\/\/kulturonline.tv\/at\/news-des-tages-vom-10-02-2022\/","og_site_name":"Kultur Online TV &amp; FM","article_publisher":"https:\/\/www.facebook.com\/kulturonline.tv","article_published_time":"2022-02-10T05:36:42+00:00","article_modified_time":"2022-02-23T10:38:31+00:00","og_image":[{"width":1280,"height":720,"url":"https:\/\/kulturonline.tv\/wp-content\/uploads\/2022\/02\/music-5.png","type":"image\/png"}],"author":"guenter.wolfgang","twitter_card":"summary_large_image","twitter_misc":{"Verfasst von":"guenter.wolfgang","Gesch\u00e4tzte Lesezeit":"1 Minute"},"schema":{"@context":"https:\/\/schema.org","@graph":[{"@type":"Article","@id":"https:\/\/kulturonline.tv\/at\/news-des-tages-vom-10-02-2022\/#article","isPartOf":{"@id":"https:\/\/kulturonline.tv\/at\/news-des-tages-vom-10-02-2022\/"},"author":{"name":"guenter.wolfgang","@id":"https:\/\/kulturonline.tv\/at\/#\/schema\/person\/b0fac729bb9a0c193fb1df23449df4fe"},"headline":"News des Tages","datePublished":"2022-02-10T05:36:42+00:00","dateModified":"2022-02-23T10:38:31+00:00","mainEntityOfPage":{"@id":"https:\/\/kulturonline.tv\/at\/news-des-tages-vom-10-02-2022\/"},"wordCount":22,"publisher":{"@id":"https:\/\/kulturonline.tv\/at\/#organization"},"image":{"@id":"https:\/\/kulturonline.tv\/at\/news-des-tages-vom-10-02-2022\/#primaryimage"},"thumbnailUrl":"https:\/\/kulturonline.tv\/wp-content\/uploads\/2022\/02\/music-5.png","articleSection":["Uncategorized @at"],"inLanguage":"de-AT"},{"@type":"WebPage","@id":"https:\/\/kulturonline.tv\/at\/news-des-tages-vom-10-02-2022\/","url":"https:\/\/kulturonline.tv\/at\/news-des-tages-vom-10-02-2022\/","name":"News des Tages - Kultur Online TV &amp; FM","isPartOf":{"@id":"https:\/\/kulturonline.tv\/at\/#website"},"primaryImageOfPage":{"@id":"https:\/\/kulturonline.tv\/at\/news-des-tages-vom-10-02-2022\/#primaryimage"},"image":{"@id":"https:\/\/kulturonline.tv\/at\/news-des-tages-vom-10-02-2022\/#primaryimage"},"thumbnailUrl":"https:\/\/kulturonline.tv\/wp-content\/uploads\/2022\/02\/music-5.png","datePublished":"2022-02-10T05:36:42+00:00","dateModified":"2022-02-23T10:38:31+00:00","description":"Kultur sehen und H\u00f6ren","breadcrumb":{"@id":"https:\/\/kulturonline.tv\/at\/news-des-tages-vom-10-02-2022\/#breadcrumb"},"inLanguage":"de-AT","potentialAction":[{"@type":"ReadAction","target":["https:\/\/kulturonline.tv\/at\/news-des-tages-vom-10-02-2022\/"]}]},{"@type":"ImageObject","inLanguage":"de-AT","@id":"https:\/\/kulturonline.tv\/at\/news-des-tages-vom-10-02-2022\/#primaryimage","url":"https:\/\/kulturonline.tv\/wp-content\/uploads\/2022\/02\/music-5.png","contentUrl":"https:\/\/kulturonline.tv\/wp-content\/uploads\/2022\/02\/music-5.png","width":1280,"height":720},{"@type":"BreadcrumbList","@id":"https:\/\/kulturonline.tv\/at\/news-des-tages-vom-10-02-2022\/#breadcrumb","itemListElement":[{"@type":"ListItem","position":1,"name":"Startseite","item":"https:\/\/kulturonline.tv\/at\/"},{"@type":"ListItem","position":2,"name":"News des Tages"}]},{"@type":"WebSite","@id":"https:\/\/kulturonline.tv\/at\/#website","url":"https:\/\/kulturonline.tv\/at\/","name":"Kultur Online TV &amp; FM","description":"Wir sind Kultur 2.0 zum sehen &amp; h\u00f6ren","publisher":{"@id":"https:\/\/kulturonline.tv\/at\/#organization"},"potentialAction":[{"@type":"SearchAction","target":{"@type":"EntryPoint","urlTemplate":"https:\/\/kulturonline.tv\/at\/?s={search_term_string}"},"query-input":{"@type":"PropertyValueSpecification","valueRequired":true,"valueName":"search_term_string"}}],"inLanguage":"de-AT"},{"@type":"Organization","@id":"https:\/\/kulturonline.tv\/at\/#organization","name":"Kultur Online TV","url":"https:\/\/kulturonline.tv\/at\/","logo":{"@type":"ImageObject","inLanguage":"de-AT","@id":"https:\/\/kulturonline.tv\/at\/#\/schema\/logo\/image\/","url":"https:\/\/kulturonline.tv\/wp-content\/uploads\/2021\/08\/Kultur-Online-Tv-Logo-Endversion-neu.png","contentUrl":"https:\/\/kulturonline.tv\/wp-content\/uploads\/2021\/08\/Kultur-Online-Tv-Logo-Endversion-neu.png","width":200,"height":200,"caption":"Kultur Online TV"},"image":{"@id":"https:\/\/kulturonline.tv\/at\/#\/schema\/logo\/image\/"},"sameAs":["https:\/\/www.facebook.com\/kulturonline.tv","https:\/\/www.instagram.com\/kulturonline.tv"]},{"@type":"Person","@id":"https:\/\/kulturonline.tv\/at\/#\/schema\/person\/b0fac729bb9a0c193fb1df23449df4fe","name":"guenter.wolfgang"}]}},"_links":{"self":[{"href":"https:\/\/kulturonline.tv\/at\/wp-json\/wp\/v2\/posts\/22690","targetHints":{"allow":["GET"]}}],"collection":[{"href":"https:\/\/kulturonline.tv\/at\/wp-json\/wp\/v2\/posts"}],"about":[{"href":"https:\/\/kulturonline.tv\/at\/wp-json\/wp\/v2\/types\/post"}],"author":[{"embeddable":true,"href":"https:\/\/kulturonline.tv\/at\/wp-json\/wp\/v2\/users\/2"}],"replies":[{"embeddable":true,"href":"https:\/\/kulturonline.tv\/at\/wp-json\/wp\/v2\/comments?post=22690"}],"version-history":[{"count":0,"href":"https:\/\/kulturonline.tv\/at\/wp-json\/wp\/v2\/posts\/22690\/revisions"}],"wp:featuredmedia":[{"embeddable":true,"href":"https:\/\/kulturonline.tv\/at\/wp-json\/wp\/v2\/media\/23511"}],"wp:attachment":[{"href":"https:\/\/kulturonline.tv\/at\/wp-json\/wp\/v2\/media?parent=22690"}],"wp:term":[{"taxonomy":"category","embeddable":true,"href":"https:\/\/kulturonline.tv\/at\/wp-json\/wp\/v2\/categories?post=22690"},{"taxonomy":"post_tag","embeddable":true,"href":"https:\/\/kulturonline.tv\/at\/wp-json\/wp\/v2\/tags?post=22690"}],"curies":[{"name":"wp","href":"https:\/\/api.w.org\/{rel}","templated":true}]}}