{"id":24210,"date":"2022-03-13T19:01:11","date_gmt":"2022-03-13T18:01:11","guid":{"rendered":"https:\/\/kulturonline.tv\/?p=24210"},"modified":"2022-03-13T22:43:24","modified_gmt":"2022-03-13T21:43:24","slug":"wolf-haas-stuermt-deutsche-bestseller-charts","status":"publish","type":"post","link":"https:\/\/kulturonline.tv\/at\/wolf-haas-stuermt-deutsche-bestseller-charts\/","title":{"rendered":"Wolf Haas st\u00fcrmt deutsche Bestseller-Charts"},"content":{"rendered":"\n<p><strong>Der \u00f6sterreichische Autor Wolf Haas hat es mit seinem neuen Brenner-Krimi &#8222;M\u00fcll&#8220; (Hoffmann und Campe) sofort an die Spitze der Belletristik-Bestsellerlisten der deutschen Wochenmagazine &#8222;Spiegel&#8220; und &#8222;Focus&#8220; geschafft.<\/strong><\/p>\n\n\n\n<figure class=\"wp-block-image size-full\"><img fetchpriority=\"high\" decoding=\"async\" width=\"991\" height=\"558\" src=\"https:\/\/kulturonline.tv\/wp-content\/uploads\/2022\/03\/Wolf-Hass-edited.jpg\" alt=\"\" class=\"wp-image-24213\" srcset=\"https:\/\/kulturonline.tv\/wp-content\/uploads\/2022\/03\/Wolf-Hass-edited.jpg 991w, https:\/\/kulturonline.tv\/wp-content\/uploads\/2022\/03\/Wolf-Hass-edited-600x338.jpg 600w, https:\/\/kulturonline.tv\/wp-content\/uploads\/2022\/03\/Wolf-Hass-edited-800x450.jpg 800w, https:\/\/kulturonline.tv\/wp-content\/uploads\/2022\/03\/Wolf-Hass-edited-768x432.jpg 768w\" sizes=\"(max-width: 991px) 100vw, 991px\" \/><\/figure>\n\n\n\n<p>F\u00fcr den &#8222;Spiegel&#8220; ermittelt das Fachmagazin &#8222;buchreport&#8220; w\u00f6chentlich die Bestsellerlisten durch elektronische Abfrage der Verkaufszahlen bei rund 450 Buchh\u00e4ndlern. Diese wurden so ausgew\u00e4hlt, dass sie mit ihren Ums\u00e4tzen und Standorten der Gesamtheit des Buchhandels in Deutschland entsprechen. Die &#8222;Focus&#8220;-Bestsellerliste wird im Auftrag des Magazins vom Marktforschungsunternehmen media control GmbH ermittelt. Im Auftrag des Hauptverbands des \u00f6sterreichischen Buchhandels ermittelt das Marktforschungsinstitut Media Control die einzige offizielle Buchverkaufsliste im gesamten station\u00e4ren Buchhandel und auf allen Online-Plattformen in \u00d6sterreich. 600 Verkaufsstellen und knapp 90 Prozent aller Barverk\u00e4ufe sind damit erfasst.<\/p>\n\n\n\n<p>Kultur Online TV<\/p>\n\n\n\n<p>#literatur #kunst #kultur #news<\/p>\n","protected":false},"excerpt":{"rendered":"<p>Der \u00f6sterreichische Autor Wolf Haas hat es mit seinem neuen Brenner-Krimi &#8222;M\u00fcll&#8220; (Hoffmann und Campe) sofort an die Spitze der Belletristik-Bestsellerlisten der deutschen Wochenmagazine &#8222;Spiegel&#8220; und &#8222;Focus&#8220; geschafft. F\u00fcr den &#8222;Spiegel&#8220; ermittelt das Fachmagazin &#8222;buchreport&#8220; w\u00f6chentlich die Bestsellerlisten durch elektronische Abfrage der Verkaufszahlen bei rund 450 Buchh\u00e4ndlern. Diese wurden so ausgew\u00e4hlt, dass sie mit ihren [&hellip;]<\/p>\n","protected":false},"author":2,"featured_media":24213,"comment_status":"closed","ping_status":"closed","sticky":false,"template":"","format":"standard","meta":{"_acf_changed":false,"footnotes":""},"categories":[133],"tags":[],"class_list":["post-24210","post","type-post","status-publish","format-standard","has-post-thumbnail","hentry","category-literatur"],"acf":[],"yoast_head":"<!-- This site is optimized with the Yoast SEO plugin v26.1.1 - https:\/\/yoast.com\/wordpress\/plugins\/seo\/ -->\n<title>Wolf Haas st\u00fcrmt deutsche Bestseller-Charts - Kultur Online TV &amp; FM<\/title>\n<meta name=\"description\" content=\"Kultur sehen und H\u00f6ren\" \/>\n<meta name=\"robots\" content=\"index, follow, max-snippet:-1, max-image-preview:large, max-video-preview:-1\" \/>\n<link rel=\"canonical\" href=\"https:\/\/kulturonline.tv\/at\/wolf-haas-stuermt-deutsche-bestseller-charts\/\" \/>\n<meta property=\"og:locale\" content=\"de_DE\" \/>\n<meta property=\"og:type\" content=\"article\" \/>\n<meta property=\"og:title\" content=\"Wolf Haas st\u00fcrmt deutsche Bestseller-Charts - Kultur Online TV &amp; FM\" \/>\n<meta property=\"og:description\" content=\"Kultur sehen und H\u00f6ren\" \/>\n<meta property=\"og:url\" content=\"https:\/\/kulturonline.tv\/at\/wolf-haas-stuermt-deutsche-bestseller-charts\/\" \/>\n<meta property=\"og:site_name\" content=\"Kultur Online TV &amp; FM\" \/>\n<meta property=\"article:publisher\" content=\"https:\/\/www.facebook.com\/kulturonline.tv\" \/>\n<meta property=\"article:published_time\" content=\"2022-03-13T18:01:11+00:00\" \/>\n<meta property=\"article:modified_time\" content=\"2022-03-13T21:43:24+00:00\" \/>\n<meta property=\"og:image\" content=\"https:\/\/kulturonline.tv\/wp-content\/uploads\/2022\/03\/Wolf-Hass-edited.jpg\" \/>\n\t<meta property=\"og:image:width\" content=\"991\" \/>\n\t<meta property=\"og:image:height\" content=\"558\" \/>\n\t<meta property=\"og:image:type\" content=\"image\/jpeg\" \/>\n<meta name=\"author\" content=\"guenter.wolfgang\" \/>\n<meta name=\"twitter:card\" content=\"summary_large_image\" \/>\n<meta name=\"twitter:label1\" content=\"Verfasst von\" \/>\n\t<meta name=\"twitter:data1\" content=\"guenter.wolfgang\" \/>\n\t<meta name=\"twitter:label2\" content=\"Gesch\u00e4tzte Lesezeit\" \/>\n\t<meta name=\"twitter:data2\" content=\"1 Minute\" \/>\n<script type=\"application\/ld+json\" class=\"yoast-schema-graph\">{\"@context\":\"https:\/\/schema.org\",\"@graph\":[{\"@type\":\"Article\",\"@id\":\"https:\/\/kulturonline.tv\/at\/wolf-haas-stuermt-deutsche-bestseller-charts\/#article\",\"isPartOf\":{\"@id\":\"https:\/\/kulturonline.tv\/at\/wolf-haas-stuermt-deutsche-bestseller-charts\/\"},\"author\":{\"name\":\"guenter.wolfgang\",\"@id\":\"https:\/\/kulturonline.tv\/at\/#\/schema\/person\/b0fac729bb9a0c193fb1df23449df4fe\"},\"headline\":\"Wolf Haas st\u00fcrmt deutsche Bestseller-Charts\",\"datePublished\":\"2022-03-13T18:01:11+00:00\",\"dateModified\":\"2022-03-13T21:43:24+00:00\",\"mainEntityOfPage\":{\"@id\":\"https:\/\/kulturonline.tv\/at\/wolf-haas-stuermt-deutsche-bestseller-charts\/\"},\"wordCount\":134,\"publisher\":{\"@id\":\"https:\/\/kulturonline.tv\/at\/#organization\"},\"image\":{\"@id\":\"https:\/\/kulturonline.tv\/at\/wolf-haas-stuermt-deutsche-bestseller-charts\/#primaryimage\"},\"thumbnailUrl\":\"https:\/\/kulturonline.tv\/wp-content\/uploads\/2022\/03\/Wolf-Hass-edited.jpg\",\"articleSection\":[\"Literatur\"],\"inLanguage\":\"de-AT\"},{\"@type\":\"WebPage\",\"@id\":\"https:\/\/kulturonline.tv\/at\/wolf-haas-stuermt-deutsche-bestseller-charts\/\",\"url\":\"https:\/\/kulturonline.tv\/at\/wolf-haas-stuermt-deutsche-bestseller-charts\/\",\"name\":\"Wolf Haas st\u00fcrmt deutsche Bestseller-Charts - Kultur Online TV &amp; FM\",\"isPartOf\":{\"@id\":\"https:\/\/kulturonline.tv\/at\/#website\"},\"primaryImageOfPage\":{\"@id\":\"https:\/\/kulturonline.tv\/at\/wolf-haas-stuermt-deutsche-bestseller-charts\/#primaryimage\"},\"image\":{\"@id\":\"https:\/\/kulturonline.tv\/at\/wolf-haas-stuermt-deutsche-bestseller-charts\/#primaryimage\"},\"thumbnailUrl\":\"https:\/\/kulturonline.tv\/wp-content\/uploads\/2022\/03\/Wolf-Hass-edited.jpg\",\"datePublished\":\"2022-03-13T18:01:11+00:00\",\"dateModified\":\"2022-03-13T21:43:24+00:00\",\"description\":\"Kultur sehen und H\u00f6ren\",\"breadcrumb\":{\"@id\":\"https:\/\/kulturonline.tv\/at\/wolf-haas-stuermt-deutsche-bestseller-charts\/#breadcrumb\"},\"inLanguage\":\"de-AT\",\"potentialAction\":[{\"@type\":\"ReadAction\",\"target\":[\"https:\/\/kulturonline.tv\/at\/wolf-haas-stuermt-deutsche-bestseller-charts\/\"]}]},{\"@type\":\"ImageObject\",\"inLanguage\":\"de-AT\",\"@id\":\"https:\/\/kulturonline.tv\/at\/wolf-haas-stuermt-deutsche-bestseller-charts\/#primaryimage\",\"url\":\"https:\/\/kulturonline.tv\/wp-content\/uploads\/2022\/03\/Wolf-Hass-edited.jpg\",\"contentUrl\":\"https:\/\/kulturonline.tv\/wp-content\/uploads\/2022\/03\/Wolf-Hass-edited.jpg\",\"width\":991,\"height\":558},{\"@type\":\"BreadcrumbList\",\"@id\":\"https:\/\/kulturonline.tv\/at\/wolf-haas-stuermt-deutsche-bestseller-charts\/#breadcrumb\",\"itemListElement\":[{\"@type\":\"ListItem\",\"position\":1,\"name\":\"Startseite\",\"item\":\"https:\/\/kulturonline.tv\/at\/\"},{\"@type\":\"ListItem\",\"position\":2,\"name\":\"Wolf Haas st\u00fcrmt deutsche Bestseller-Charts\"}]},{\"@type\":\"WebSite\",\"@id\":\"https:\/\/kulturonline.tv\/at\/#website\",\"url\":\"https:\/\/kulturonline.tv\/at\/\",\"name\":\"Kultur Online TV &amp; FM\",\"description\":\"Wir sind Kultur 2.0 zum sehen &amp; h\u00f6ren\",\"publisher\":{\"@id\":\"https:\/\/kulturonline.tv\/at\/#organization\"},\"potentialAction\":[{\"@type\":\"SearchAction\",\"target\":{\"@type\":\"EntryPoint\",\"urlTemplate\":\"https:\/\/kulturonline.tv\/at\/?s={search_term_string}\"},\"query-input\":{\"@type\":\"PropertyValueSpecification\",\"valueRequired\":true,\"valueName\":\"search_term_string\"}}],\"inLanguage\":\"de-AT\"},{\"@type\":\"Organization\",\"@id\":\"https:\/\/kulturonline.tv\/at\/#organization\",\"name\":\"Kultur Online TV\",\"url\":\"https:\/\/kulturonline.tv\/at\/\",\"logo\":{\"@type\":\"ImageObject\",\"inLanguage\":\"de-AT\",\"@id\":\"https:\/\/kulturonline.tv\/at\/#\/schema\/logo\/image\/\",\"url\":\"https:\/\/kulturonline.tv\/wp-content\/uploads\/2021\/08\/Kultur-Online-Tv-Logo-Endversion-neu.png\",\"contentUrl\":\"https:\/\/kulturonline.tv\/wp-content\/uploads\/2021\/08\/Kultur-Online-Tv-Logo-Endversion-neu.png\",\"width\":200,\"height\":200,\"caption\":\"Kultur Online TV\"},\"image\":{\"@id\":\"https:\/\/kulturonline.tv\/at\/#\/schema\/logo\/image\/\"},\"sameAs\":[\"https:\/\/www.facebook.com\/kulturonline.tv\",\"https:\/\/www.instagram.com\/kulturonline.tv\"]},{\"@type\":\"Person\",\"@id\":\"https:\/\/kulturonline.tv\/at\/#\/schema\/person\/b0fac729bb9a0c193fb1df23449df4fe\",\"name\":\"guenter.wolfgang\"}]}<\/script>\n<!-- \/ Yoast SEO plugin. -->","yoast_head_json":{"title":"Wolf Haas st\u00fcrmt deutsche Bestseller-Charts - Kultur Online TV &amp; FM","description":"Kultur sehen und H\u00f6ren","robots":{"index":"index","follow":"follow","max-snippet":"max-snippet:-1","max-image-preview":"max-image-preview:large","max-video-preview":"max-video-preview:-1"},"canonical":"https:\/\/kulturonline.tv\/at\/wolf-haas-stuermt-deutsche-bestseller-charts\/","og_locale":"de_DE","og_type":"article","og_title":"Wolf Haas st\u00fcrmt deutsche Bestseller-Charts - Kultur Online TV &amp; FM","og_description":"Kultur sehen und H\u00f6ren","og_url":"https:\/\/kulturonline.tv\/at\/wolf-haas-stuermt-deutsche-bestseller-charts\/","og_site_name":"Kultur Online TV &amp; FM","article_publisher":"https:\/\/www.facebook.com\/kulturonline.tv","article_published_time":"2022-03-13T18:01:11+00:00","article_modified_time":"2022-03-13T21:43:24+00:00","og_image":[{"width":991,"height":558,"url":"https:\/\/kulturonline.tv\/wp-content\/uploads\/2022\/03\/Wolf-Hass-edited.jpg","type":"image\/jpeg"}],"author":"guenter.wolfgang","twitter_card":"summary_large_image","twitter_misc":{"Verfasst von":"guenter.wolfgang","Gesch\u00e4tzte Lesezeit":"1 Minute"},"schema":{"@context":"https:\/\/schema.org","@graph":[{"@type":"Article","@id":"https:\/\/kulturonline.tv\/at\/wolf-haas-stuermt-deutsche-bestseller-charts\/#article","isPartOf":{"@id":"https:\/\/kulturonline.tv\/at\/wolf-haas-stuermt-deutsche-bestseller-charts\/"},"author":{"name":"guenter.wolfgang","@id":"https:\/\/kulturonline.tv\/at\/#\/schema\/person\/b0fac729bb9a0c193fb1df23449df4fe"},"headline":"Wolf Haas st\u00fcrmt deutsche Bestseller-Charts","datePublished":"2022-03-13T18:01:11+00:00","dateModified":"2022-03-13T21:43:24+00:00","mainEntityOfPage":{"@id":"https:\/\/kulturonline.tv\/at\/wolf-haas-stuermt-deutsche-bestseller-charts\/"},"wordCount":134,"publisher":{"@id":"https:\/\/kulturonline.tv\/at\/#organization"},"image":{"@id":"https:\/\/kulturonline.tv\/at\/wolf-haas-stuermt-deutsche-bestseller-charts\/#primaryimage"},"thumbnailUrl":"https:\/\/kulturonline.tv\/wp-content\/uploads\/2022\/03\/Wolf-Hass-edited.jpg","articleSection":["Literatur"],"inLanguage":"de-AT"},{"@type":"WebPage","@id":"https:\/\/kulturonline.tv\/at\/wolf-haas-stuermt-deutsche-bestseller-charts\/","url":"https:\/\/kulturonline.tv\/at\/wolf-haas-stuermt-deutsche-bestseller-charts\/","name":"Wolf Haas st\u00fcrmt deutsche Bestseller-Charts - Kultur Online TV &amp; FM","isPartOf":{"@id":"https:\/\/kulturonline.tv\/at\/#website"},"primaryImageOfPage":{"@id":"https:\/\/kulturonline.tv\/at\/wolf-haas-stuermt-deutsche-bestseller-charts\/#primaryimage"},"image":{"@id":"https:\/\/kulturonline.tv\/at\/wolf-haas-stuermt-deutsche-bestseller-charts\/#primaryimage"},"thumbnailUrl":"https:\/\/kulturonline.tv\/wp-content\/uploads\/2022\/03\/Wolf-Hass-edited.jpg","datePublished":"2022-03-13T18:01:11+00:00","dateModified":"2022-03-13T21:43:24+00:00","description":"Kultur sehen und H\u00f6ren","breadcrumb":{"@id":"https:\/\/kulturonline.tv\/at\/wolf-haas-stuermt-deutsche-bestseller-charts\/#breadcrumb"},"inLanguage":"de-AT","potentialAction":[{"@type":"ReadAction","target":["https:\/\/kulturonline.tv\/at\/wolf-haas-stuermt-deutsche-bestseller-charts\/"]}]},{"@type":"ImageObject","inLanguage":"de-AT","@id":"https:\/\/kulturonline.tv\/at\/wolf-haas-stuermt-deutsche-bestseller-charts\/#primaryimage","url":"https:\/\/kulturonline.tv\/wp-content\/uploads\/2022\/03\/Wolf-Hass-edited.jpg","contentUrl":"https:\/\/kulturonline.tv\/wp-content\/uploads\/2022\/03\/Wolf-Hass-edited.jpg","width":991,"height":558},{"@type":"BreadcrumbList","@id":"https:\/\/kulturonline.tv\/at\/wolf-haas-stuermt-deutsche-bestseller-charts\/#breadcrumb","itemListElement":[{"@type":"ListItem","position":1,"name":"Startseite","item":"https:\/\/kulturonline.tv\/at\/"},{"@type":"ListItem","position":2,"name":"Wolf Haas st\u00fcrmt deutsche Bestseller-Charts"}]},{"@type":"WebSite","@id":"https:\/\/kulturonline.tv\/at\/#website","url":"https:\/\/kulturonline.tv\/at\/","name":"Kultur Online TV &amp; FM","description":"Wir sind Kultur 2.0 zum sehen &amp; h\u00f6ren","publisher":{"@id":"https:\/\/kulturonline.tv\/at\/#organization"},"potentialAction":[{"@type":"SearchAction","target":{"@type":"EntryPoint","urlTemplate":"https:\/\/kulturonline.tv\/at\/?s={search_term_string}"},"query-input":{"@type":"PropertyValueSpecification","valueRequired":true,"valueName":"search_term_string"}}],"inLanguage":"de-AT"},{"@type":"Organization","@id":"https:\/\/kulturonline.tv\/at\/#organization","name":"Kultur Online TV","url":"https:\/\/kulturonline.tv\/at\/","logo":{"@type":"ImageObject","inLanguage":"de-AT","@id":"https:\/\/kulturonline.tv\/at\/#\/schema\/logo\/image\/","url":"https:\/\/kulturonline.tv\/wp-content\/uploads\/2021\/08\/Kultur-Online-Tv-Logo-Endversion-neu.png","contentUrl":"https:\/\/kulturonline.tv\/wp-content\/uploads\/2021\/08\/Kultur-Online-Tv-Logo-Endversion-neu.png","width":200,"height":200,"caption":"Kultur Online TV"},"image":{"@id":"https:\/\/kulturonline.tv\/at\/#\/schema\/logo\/image\/"},"sameAs":["https:\/\/www.facebook.com\/kulturonline.tv","https:\/\/www.instagram.com\/kulturonline.tv"]},{"@type":"Person","@id":"https:\/\/kulturonline.tv\/at\/#\/schema\/person\/b0fac729bb9a0c193fb1df23449df4fe","name":"guenter.wolfgang"}]}},"_links":{"self":[{"href":"https:\/\/kulturonline.tv\/at\/wp-json\/wp\/v2\/posts\/24210","targetHints":{"allow":["GET"]}}],"collection":[{"href":"https:\/\/kulturonline.tv\/at\/wp-json\/wp\/v2\/posts"}],"about":[{"href":"https:\/\/kulturonline.tv\/at\/wp-json\/wp\/v2\/types\/post"}],"author":[{"embeddable":true,"href":"https:\/\/kulturonline.tv\/at\/wp-json\/wp\/v2\/users\/2"}],"replies":[{"embeddable":true,"href":"https:\/\/kulturonline.tv\/at\/wp-json\/wp\/v2\/comments?post=24210"}],"version-history":[{"count":0,"href":"https:\/\/kulturonline.tv\/at\/wp-json\/wp\/v2\/posts\/24210\/revisions"}],"wp:featuredmedia":[{"embeddable":true,"href":"https:\/\/kulturonline.tv\/at\/wp-json\/wp\/v2\/media\/24213"}],"wp:attachment":[{"href":"https:\/\/kulturonline.tv\/at\/wp-json\/wp\/v2\/media?parent=24210"}],"wp:term":[{"taxonomy":"category","embeddable":true,"href":"https:\/\/kulturonline.tv\/at\/wp-json\/wp\/v2\/categories?post=24210"},{"taxonomy":"post_tag","embeddable":true,"href":"https:\/\/kulturonline.tv\/at\/wp-json\/wp\/v2\/tags?post=24210"}],"curies":[{"name":"wp","href":"https:\/\/api.w.org\/{rel}","templated":true}]}}