{"id":24575,"date":"2022-03-20T12:46:59","date_gmt":"2022-03-20T11:46:59","guid":{"rendered":"https:\/\/kulturonline.tv\/?p=24575"},"modified":"2022-03-20T12:47:01","modified_gmt":"2022-03-20T11:47:01","slug":"autor-karl-markus-gauss-erhielt-buchpreis-zur-europaeischen-verstaendigung","status":"publish","type":"post","link":"https:\/\/kulturonline.tv\/at\/autor-karl-markus-gauss-erhielt-buchpreis-zur-europaeischen-verstaendigung\/","title":{"rendered":"Autor Karl-Markus-Gau\u00df erhielt Buchpreis zur Europ\u00e4ischen Verst\u00e4ndigung"},"content":{"rendered":"\n<p><strong>Der Salzburger Autor und Publizist Karl-Markus Gau\u00df ist am Mittwochabend in der Leipziger Nikolaikirche mit dem Leipziger Buchpreis zur Europ\u00e4ischen Verst\u00e4ndigung ausgezeichnet worden. Der 67-J\u00e4hrige wird f\u00fcr sein Buch &#8222;Die unaufh\u00f6rliche Wanderung: Reportagen&#8220; \u00fcber besondere Menschen und Orte in Europa ausgezeichnet. Der Preis ist mit 15.000 Euro dotiert.<\/strong><\/p>\n\n\n\n<figure class=\"wp-block-image size-full is-resized\"><img fetchpriority=\"high\" decoding=\"async\" src=\"https:\/\/kulturonline.tv\/wp-content\/uploads\/2022\/03\/Karl-markus-Gaus-Kultur-Online-Tv.jpg\" alt=\"\" class=\"wp-image-24576\" width=\"840\" height=\"474\" srcset=\"https:\/\/kulturonline.tv\/wp-content\/uploads\/2022\/03\/Karl-markus-Gaus-Kultur-Online-Tv.jpg 616w, https:\/\/kulturonline.tv\/wp-content\/uploads\/2022\/03\/Karl-markus-Gaus-Kultur-Online-Tv-600x338.jpg 600w\" sizes=\"(max-width: 840px) 100vw, 840px\" \/><\/figure>\n\n\n\n<p>Die Veranstaltung wurde vom Krieg in der Ukraine \u00fcberschattet. Vor der Verleihung gab es unter dem Titel &#8222;Recht auf Frieden&#8220; eine Friedensaktion mit anschlie\u00dfender Kundgebung, zu der die Stadt, der B\u00f6rsenverein des Deutschen Buchhandels und die Nikolaikirche aufgerufen hatten. Auch Gau\u00df kam schon zu Beginn seiner Rede auf den Krieg zu sprechen. &#8222;Was sind das f\u00fcr Zeiten, in denen es nicht m\u00f6glich ist, eine Dankesrede auch nur zwei Wochen im Voraus zu verfassen! Kaum hat man sie schriftlich mit geb\u00fchrendem Ernst und angemessener Freude verfertigt und zu Ende gebracht, w\u00e4re es schon ruchlos, sie vorzutragen, hie\u00dfe es doch zu schweigen \u00fcber so vieles, das seither geschehen ist.&#8220;<\/p>\n\n\n\n<p>Die erste Version seiner Rede, begonnen Ende J\u00e4nner, habe von seinen B\u00fcchern und seinen Reisen, bei denen er h\u00e4ufig von seinem Interesse an den oftmals vergessenen Minderheiten Europas angetrieben gewesen sei, gehandelt. &#8222;Doch dann kam die Nachricht, dass die Leipziger Buchmesse abgesagt wurde, nicht etwa weil es die Pandemie erforderte, sondern manche aus der Verlagsbranche selbst allzu z\u00f6gerlich waren, vor allem aber ausgerechnet die m\u00e4chtigsten Verlagskonzerne ihre Teilnahme stornierten. Mir erschien das als Verrat, als Verrat an der Literatur selbst und an den vielen, die ihr aus Berufung und von Berufs wegen ihre Zeit, ihre Talente, Liebe und Leidenschaft widmen, auf welche Weise und auf welchem Posten immer.&#8220; Man d\u00fcrfe nicht die Buchhaltung \u00fcber B\u00fccher und Buchmessen entscheiden lassen, so Gau\u00df. Mit der russischen Invasion sei jedoch auch seine zweite Dankesrede obsolet geworden.<\/p>\n\n\n\n<figure class=\"wp-block-embed is-type-video is-provider-youtube wp-block-embed-youtube wp-embed-aspect-16-9 wp-has-aspect-ratio\"><div class=\"wp-block-embed__wrapper\">\n<iframe title=\"Leselounge: Karl-Markus Gau\u00df im Gespr\u00e4ch mit G\u00fcnter Kaindlstorfer\" width=\"800\" height=\"450\" src=\"https:\/\/www.youtube.com\/embed\/i441dRbOuQ4?feature=oembed\" frameborder=\"0\" allow=\"accelerometer; autoplay; clipboard-write; encrypted-media; gyroscope; picture-in-picture; web-share\" referrerpolicy=\"strict-origin-when-cross-origin\" allowfullscreen><\/iframe>\n<\/div><\/figure>\n\n\n\n<p>&#8222;Unbestreitbar ist, dass dieser Krieg selbst ein einziges Kriegsverbrechen darstellt, wobei er in Russland ja bei Strafe von bis zu f\u00fcnfzehn Jahren Haft nicht als solcher, sondern als &#8218;milit\u00e4rische Sonderoperation&#8216; bezeichnet werden muss. Der Angriffskrieg ist auch als milit\u00e4rische Sonderoperation gegen die Sprache angelegt&#8220;, wobei sich eine Tendenz fortgesetzt habe: &#8222;Wir haben in den letzten Jahren erlebt, wie skrupellos W\u00f6rter in unseren L\u00e4ndern umgedeutet wurden, indem sich Gegner von Impfungen zu tapferen Dissidenten, wagemutigen Rebellen, gar zu Widerstandsk\u00e4mpfern erkl\u00e4rten oder sich des Judensterns bem\u00e4chtigten, um sich den Status von Opfern anzueignen.&#8220; Die Ukraine sei &#8222;ein Land vieler Nationalit\u00e4ten, mit verschwimmenden \u00dcberg\u00e4ngen&#8220;, das nicht einfach \u00fcber den Umweg der Sprache geteilt werden k\u00f6nnte. Deutlich distanzierte sich Gau\u00df daher auch von der Forderung von vier der wichtigsten Literaturinstitutionen der Ukraine, die Anfang M\u00e4rz gefordert hatten, russische Verlage und Autorinnen und Autoren zu boykottieren. Diese Forderungen seien unannehmbar, t\u00f6richt und &#8222;n\u00fctzen der ukrainischen Sache keineswegs, sondern desavouieren sie und zeigen nicht den geringsten Respekt vor jenen Russinnen und Russen, die heute in ihrem Land auf die Stra\u00dfe gehen, ihr Wort erheben&#8220;, sagte Gau\u00df.<\/p>\n\n\n\n<p>Die Wiener Literaturwissenschafterin Daniela Strigl befasste sich in ihrer Laudatio mit den &#8222;sieben Sachen des Wanderers&#8220;, dem symbolischen Rucksack des unerm\u00fcdlichen Forschers und Reporters Karl-Markus Gau\u00df: Neugier, Trittsicherheit, Schwindelfreiheit, leichtes Gep\u00e4ck (&#8222;Gau\u00df ist als Einzelg\u00e4nger unterwegs, er kommt ohne Seilschaft aus. Auch deshalb setzt er auf leichtes Gep\u00e4ck: keine ehernen Wahrheiten, kein Pathos, kein Denkverbot, keine Vorurteile.&#8220;), festes Schuhwerk, Kompass und Kondition. &#8222;Die M\u00fchen der Ebene entmutigen diesen Wanderer nicht und auch nicht die Durststrecken&#8220;, so Strigl und w\u00fcnschte &#8222;dem unaufh\u00f6rlichen Wanderer andauernde Ausdauer auf seinem Weg&#8220;.<\/p>\n\n\n\n<p>Kultur Online TV<\/p>\n\n\n\n<p>#kunst #literatur #news<\/p>\n","protected":false},"excerpt":{"rendered":"<p>Der Salzburger Autor und Publizist Karl-Markus Gau\u00df ist am Mittwochabend in der Leipziger Nikolaikirche mit dem Leipziger Buchpreis zur Europ\u00e4ischen Verst\u00e4ndigung ausgezeichnet worden. Der 67-J\u00e4hrige wird f\u00fcr sein Buch &#8222;Die unaufh\u00f6rliche Wanderung: Reportagen&#8220; \u00fcber besondere Menschen und Orte in Europa ausgezeichnet. Der Preis ist mit 15.000 Euro dotiert. Die Veranstaltung wurde vom Krieg in der [&hellip;]<\/p>\n","protected":false},"author":2,"featured_media":24576,"comment_status":"closed","ping_status":"closed","sticky":false,"template":"","format":"standard","meta":{"_acf_changed":false,"footnotes":""},"categories":[133],"tags":[],"class_list":["post-24575","post","type-post","status-publish","format-standard","has-post-thumbnail","hentry","category-literatur"],"acf":[],"yoast_head":"<!-- This site is optimized with the Yoast SEO plugin v26.1.1 - https:\/\/yoast.com\/wordpress\/plugins\/seo\/ -->\n<title>Autor Karl-Markus-Gau\u00df erhielt Buchpreis zur Europ\u00e4ischen Verst\u00e4ndigung - Kultur Online TV &amp; FM<\/title>\n<meta name=\"description\" content=\"Kultur sehen und H\u00f6ren\" \/>\n<meta name=\"robots\" content=\"index, follow, max-snippet:-1, max-image-preview:large, max-video-preview:-1\" \/>\n<link rel=\"canonical\" href=\"https:\/\/kulturonline.tv\/at\/autor-karl-markus-gauss-erhielt-buchpreis-zur-europaeischen-verstaendigung\/\" \/>\n<meta property=\"og:locale\" content=\"de_DE\" \/>\n<meta property=\"og:type\" content=\"article\" \/>\n<meta property=\"og:title\" content=\"Autor Karl-Markus-Gau\u00df erhielt Buchpreis zur Europ\u00e4ischen Verst\u00e4ndigung - Kultur Online TV &amp; FM\" \/>\n<meta property=\"og:description\" content=\"Kultur sehen und H\u00f6ren\" \/>\n<meta property=\"og:url\" content=\"https:\/\/kulturonline.tv\/at\/autor-karl-markus-gauss-erhielt-buchpreis-zur-europaeischen-verstaendigung\/\" \/>\n<meta property=\"og:site_name\" content=\"Kultur Online TV &amp; FM\" \/>\n<meta property=\"article:publisher\" content=\"https:\/\/www.facebook.com\/kulturonline.tv\" \/>\n<meta property=\"article:published_time\" content=\"2022-03-20T11:46:59+00:00\" \/>\n<meta property=\"article:modified_time\" content=\"2022-03-20T11:47:01+00:00\" \/>\n<meta property=\"og:image\" content=\"https:\/\/kulturonline.tv\/wp-content\/uploads\/2022\/03\/Karl-markus-Gaus-Kultur-Online-Tv.jpg\" \/>\n\t<meta property=\"og:image:width\" content=\"616\" \/>\n\t<meta property=\"og:image:height\" content=\"347\" \/>\n\t<meta property=\"og:image:type\" content=\"image\/jpeg\" \/>\n<meta name=\"author\" content=\"guenter.wolfgang\" \/>\n<meta name=\"twitter:card\" content=\"summary_large_image\" \/>\n<meta name=\"twitter:label1\" content=\"Verfasst von\" \/>\n\t<meta name=\"twitter:data1\" content=\"guenter.wolfgang\" \/>\n\t<meta name=\"twitter:label2\" content=\"Gesch\u00e4tzte Lesezeit\" \/>\n\t<meta name=\"twitter:data2\" content=\"4 Minuten\" \/>\n<script type=\"application\/ld+json\" class=\"yoast-schema-graph\">{\"@context\":\"https:\/\/schema.org\",\"@graph\":[{\"@type\":\"Article\",\"@id\":\"https:\/\/kulturonline.tv\/at\/autor-karl-markus-gauss-erhielt-buchpreis-zur-europaeischen-verstaendigung\/#article\",\"isPartOf\":{\"@id\":\"https:\/\/kulturonline.tv\/at\/autor-karl-markus-gauss-erhielt-buchpreis-zur-europaeischen-verstaendigung\/\"},\"author\":{\"name\":\"guenter.wolfgang\",\"@id\":\"https:\/\/kulturonline.tv\/at\/#\/schema\/person\/b0fac729bb9a0c193fb1df23449df4fe\"},\"headline\":\"Autor Karl-Markus-Gau\u00df erhielt Buchpreis zur Europ\u00e4ischen Verst\u00e4ndigung\",\"datePublished\":\"2022-03-20T11:46:59+00:00\",\"dateModified\":\"2022-03-20T11:47:01+00:00\",\"mainEntityOfPage\":{\"@id\":\"https:\/\/kulturonline.tv\/at\/autor-karl-markus-gauss-erhielt-buchpreis-zur-europaeischen-verstaendigung\/\"},\"wordCount\":618,\"publisher\":{\"@id\":\"https:\/\/kulturonline.tv\/at\/#organization\"},\"image\":{\"@id\":\"https:\/\/kulturonline.tv\/at\/autor-karl-markus-gauss-erhielt-buchpreis-zur-europaeischen-verstaendigung\/#primaryimage\"},\"thumbnailUrl\":\"https:\/\/kulturonline.tv\/wp-content\/uploads\/2022\/03\/Karl-markus-Gaus-Kultur-Online-Tv.jpg\",\"articleSection\":[\"Literatur\"],\"inLanguage\":\"de-AT\"},{\"@type\":\"WebPage\",\"@id\":\"https:\/\/kulturonline.tv\/at\/autor-karl-markus-gauss-erhielt-buchpreis-zur-europaeischen-verstaendigung\/\",\"url\":\"https:\/\/kulturonline.tv\/at\/autor-karl-markus-gauss-erhielt-buchpreis-zur-europaeischen-verstaendigung\/\",\"name\":\"Autor Karl-Markus-Gau\u00df erhielt Buchpreis zur Europ\u00e4ischen Verst\u00e4ndigung - Kultur Online TV &amp; FM\",\"isPartOf\":{\"@id\":\"https:\/\/kulturonline.tv\/at\/#website\"},\"primaryImageOfPage\":{\"@id\":\"https:\/\/kulturonline.tv\/at\/autor-karl-markus-gauss-erhielt-buchpreis-zur-europaeischen-verstaendigung\/#primaryimage\"},\"image\":{\"@id\":\"https:\/\/kulturonline.tv\/at\/autor-karl-markus-gauss-erhielt-buchpreis-zur-europaeischen-verstaendigung\/#primaryimage\"},\"thumbnailUrl\":\"https:\/\/kulturonline.tv\/wp-content\/uploads\/2022\/03\/Karl-markus-Gaus-Kultur-Online-Tv.jpg\",\"datePublished\":\"2022-03-20T11:46:59+00:00\",\"dateModified\":\"2022-03-20T11:47:01+00:00\",\"description\":\"Kultur sehen und H\u00f6ren\",\"breadcrumb\":{\"@id\":\"https:\/\/kulturonline.tv\/at\/autor-karl-markus-gauss-erhielt-buchpreis-zur-europaeischen-verstaendigung\/#breadcrumb\"},\"inLanguage\":\"de-AT\",\"potentialAction\":[{\"@type\":\"ReadAction\",\"target\":[\"https:\/\/kulturonline.tv\/at\/autor-karl-markus-gauss-erhielt-buchpreis-zur-europaeischen-verstaendigung\/\"]}]},{\"@type\":\"ImageObject\",\"inLanguage\":\"de-AT\",\"@id\":\"https:\/\/kulturonline.tv\/at\/autor-karl-markus-gauss-erhielt-buchpreis-zur-europaeischen-verstaendigung\/#primaryimage\",\"url\":\"https:\/\/kulturonline.tv\/wp-content\/uploads\/2022\/03\/Karl-markus-Gaus-Kultur-Online-Tv.jpg\",\"contentUrl\":\"https:\/\/kulturonline.tv\/wp-content\/uploads\/2022\/03\/Karl-markus-Gaus-Kultur-Online-Tv.jpg\",\"width\":616,\"height\":347},{\"@type\":\"BreadcrumbList\",\"@id\":\"https:\/\/kulturonline.tv\/at\/autor-karl-markus-gauss-erhielt-buchpreis-zur-europaeischen-verstaendigung\/#breadcrumb\",\"itemListElement\":[{\"@type\":\"ListItem\",\"position\":1,\"name\":\"Startseite\",\"item\":\"https:\/\/kulturonline.tv\/at\/\"},{\"@type\":\"ListItem\",\"position\":2,\"name\":\"Autor Karl-Markus-Gau\u00df erhielt Buchpreis zur Europ\u00e4ischen Verst\u00e4ndigung\"}]},{\"@type\":\"WebSite\",\"@id\":\"https:\/\/kulturonline.tv\/at\/#website\",\"url\":\"https:\/\/kulturonline.tv\/at\/\",\"name\":\"Kultur Online TV &amp; FM\",\"description\":\"Wir sind Kultur 2.0 zum sehen &amp; h\u00f6ren\",\"publisher\":{\"@id\":\"https:\/\/kulturonline.tv\/at\/#organization\"},\"potentialAction\":[{\"@type\":\"SearchAction\",\"target\":{\"@type\":\"EntryPoint\",\"urlTemplate\":\"https:\/\/kulturonline.tv\/at\/?s={search_term_string}\"},\"query-input\":{\"@type\":\"PropertyValueSpecification\",\"valueRequired\":true,\"valueName\":\"search_term_string\"}}],\"inLanguage\":\"de-AT\"},{\"@type\":\"Organization\",\"@id\":\"https:\/\/kulturonline.tv\/at\/#organization\",\"name\":\"Kultur Online TV\",\"url\":\"https:\/\/kulturonline.tv\/at\/\",\"logo\":{\"@type\":\"ImageObject\",\"inLanguage\":\"de-AT\",\"@id\":\"https:\/\/kulturonline.tv\/at\/#\/schema\/logo\/image\/\",\"url\":\"https:\/\/kulturonline.tv\/wp-content\/uploads\/2021\/08\/Kultur-Online-Tv-Logo-Endversion-neu.png\",\"contentUrl\":\"https:\/\/kulturonline.tv\/wp-content\/uploads\/2021\/08\/Kultur-Online-Tv-Logo-Endversion-neu.png\",\"width\":200,\"height\":200,\"caption\":\"Kultur Online TV\"},\"image\":{\"@id\":\"https:\/\/kulturonline.tv\/at\/#\/schema\/logo\/image\/\"},\"sameAs\":[\"https:\/\/www.facebook.com\/kulturonline.tv\",\"https:\/\/www.instagram.com\/kulturonline.tv\"]},{\"@type\":\"Person\",\"@id\":\"https:\/\/kulturonline.tv\/at\/#\/schema\/person\/b0fac729bb9a0c193fb1df23449df4fe\",\"name\":\"guenter.wolfgang\"}]}<\/script>\n<!-- \/ Yoast SEO plugin. -->","yoast_head_json":{"title":"Autor Karl-Markus-Gau\u00df erhielt Buchpreis zur Europ\u00e4ischen Verst\u00e4ndigung - Kultur Online TV &amp; FM","description":"Kultur sehen und H\u00f6ren","robots":{"index":"index","follow":"follow","max-snippet":"max-snippet:-1","max-image-preview":"max-image-preview:large","max-video-preview":"max-video-preview:-1"},"canonical":"https:\/\/kulturonline.tv\/at\/autor-karl-markus-gauss-erhielt-buchpreis-zur-europaeischen-verstaendigung\/","og_locale":"de_DE","og_type":"article","og_title":"Autor Karl-Markus-Gau\u00df erhielt Buchpreis zur Europ\u00e4ischen Verst\u00e4ndigung - Kultur Online TV &amp; FM","og_description":"Kultur sehen und H\u00f6ren","og_url":"https:\/\/kulturonline.tv\/at\/autor-karl-markus-gauss-erhielt-buchpreis-zur-europaeischen-verstaendigung\/","og_site_name":"Kultur Online TV &amp; FM","article_publisher":"https:\/\/www.facebook.com\/kulturonline.tv","article_published_time":"2022-03-20T11:46:59+00:00","article_modified_time":"2022-03-20T11:47:01+00:00","og_image":[{"width":616,"height":347,"url":"https:\/\/kulturonline.tv\/wp-content\/uploads\/2022\/03\/Karl-markus-Gaus-Kultur-Online-Tv.jpg","type":"image\/jpeg"}],"author":"guenter.wolfgang","twitter_card":"summary_large_image","twitter_misc":{"Verfasst von":"guenter.wolfgang","Gesch\u00e4tzte Lesezeit":"4 Minuten"},"schema":{"@context":"https:\/\/schema.org","@graph":[{"@type":"Article","@id":"https:\/\/kulturonline.tv\/at\/autor-karl-markus-gauss-erhielt-buchpreis-zur-europaeischen-verstaendigung\/#article","isPartOf":{"@id":"https:\/\/kulturonline.tv\/at\/autor-karl-markus-gauss-erhielt-buchpreis-zur-europaeischen-verstaendigung\/"},"author":{"name":"guenter.wolfgang","@id":"https:\/\/kulturonline.tv\/at\/#\/schema\/person\/b0fac729bb9a0c193fb1df23449df4fe"},"headline":"Autor Karl-Markus-Gau\u00df erhielt Buchpreis zur Europ\u00e4ischen Verst\u00e4ndigung","datePublished":"2022-03-20T11:46:59+00:00","dateModified":"2022-03-20T11:47:01+00:00","mainEntityOfPage":{"@id":"https:\/\/kulturonline.tv\/at\/autor-karl-markus-gauss-erhielt-buchpreis-zur-europaeischen-verstaendigung\/"},"wordCount":618,"publisher":{"@id":"https:\/\/kulturonline.tv\/at\/#organization"},"image":{"@id":"https:\/\/kulturonline.tv\/at\/autor-karl-markus-gauss-erhielt-buchpreis-zur-europaeischen-verstaendigung\/#primaryimage"},"thumbnailUrl":"https:\/\/kulturonline.tv\/wp-content\/uploads\/2022\/03\/Karl-markus-Gaus-Kultur-Online-Tv.jpg","articleSection":["Literatur"],"inLanguage":"de-AT"},{"@type":"WebPage","@id":"https:\/\/kulturonline.tv\/at\/autor-karl-markus-gauss-erhielt-buchpreis-zur-europaeischen-verstaendigung\/","url":"https:\/\/kulturonline.tv\/at\/autor-karl-markus-gauss-erhielt-buchpreis-zur-europaeischen-verstaendigung\/","name":"Autor Karl-Markus-Gau\u00df erhielt Buchpreis zur Europ\u00e4ischen Verst\u00e4ndigung - Kultur Online TV &amp; FM","isPartOf":{"@id":"https:\/\/kulturonline.tv\/at\/#website"},"primaryImageOfPage":{"@id":"https:\/\/kulturonline.tv\/at\/autor-karl-markus-gauss-erhielt-buchpreis-zur-europaeischen-verstaendigung\/#primaryimage"},"image":{"@id":"https:\/\/kulturonline.tv\/at\/autor-karl-markus-gauss-erhielt-buchpreis-zur-europaeischen-verstaendigung\/#primaryimage"},"thumbnailUrl":"https:\/\/kulturonline.tv\/wp-content\/uploads\/2022\/03\/Karl-markus-Gaus-Kultur-Online-Tv.jpg","datePublished":"2022-03-20T11:46:59+00:00","dateModified":"2022-03-20T11:47:01+00:00","description":"Kultur sehen und H\u00f6ren","breadcrumb":{"@id":"https:\/\/kulturonline.tv\/at\/autor-karl-markus-gauss-erhielt-buchpreis-zur-europaeischen-verstaendigung\/#breadcrumb"},"inLanguage":"de-AT","potentialAction":[{"@type":"ReadAction","target":["https:\/\/kulturonline.tv\/at\/autor-karl-markus-gauss-erhielt-buchpreis-zur-europaeischen-verstaendigung\/"]}]},{"@type":"ImageObject","inLanguage":"de-AT","@id":"https:\/\/kulturonline.tv\/at\/autor-karl-markus-gauss-erhielt-buchpreis-zur-europaeischen-verstaendigung\/#primaryimage","url":"https:\/\/kulturonline.tv\/wp-content\/uploads\/2022\/03\/Karl-markus-Gaus-Kultur-Online-Tv.jpg","contentUrl":"https:\/\/kulturonline.tv\/wp-content\/uploads\/2022\/03\/Karl-markus-Gaus-Kultur-Online-Tv.jpg","width":616,"height":347},{"@type":"BreadcrumbList","@id":"https:\/\/kulturonline.tv\/at\/autor-karl-markus-gauss-erhielt-buchpreis-zur-europaeischen-verstaendigung\/#breadcrumb","itemListElement":[{"@type":"ListItem","position":1,"name":"Startseite","item":"https:\/\/kulturonline.tv\/at\/"},{"@type":"ListItem","position":2,"name":"Autor Karl-Markus-Gau\u00df erhielt Buchpreis zur Europ\u00e4ischen Verst\u00e4ndigung"}]},{"@type":"WebSite","@id":"https:\/\/kulturonline.tv\/at\/#website","url":"https:\/\/kulturonline.tv\/at\/","name":"Kultur Online TV &amp; FM","description":"Wir sind Kultur 2.0 zum sehen &amp; h\u00f6ren","publisher":{"@id":"https:\/\/kulturonline.tv\/at\/#organization"},"potentialAction":[{"@type":"SearchAction","target":{"@type":"EntryPoint","urlTemplate":"https:\/\/kulturonline.tv\/at\/?s={search_term_string}"},"query-input":{"@type":"PropertyValueSpecification","valueRequired":true,"valueName":"search_term_string"}}],"inLanguage":"de-AT"},{"@type":"Organization","@id":"https:\/\/kulturonline.tv\/at\/#organization","name":"Kultur Online TV","url":"https:\/\/kulturonline.tv\/at\/","logo":{"@type":"ImageObject","inLanguage":"de-AT","@id":"https:\/\/kulturonline.tv\/at\/#\/schema\/logo\/image\/","url":"https:\/\/kulturonline.tv\/wp-content\/uploads\/2021\/08\/Kultur-Online-Tv-Logo-Endversion-neu.png","contentUrl":"https:\/\/kulturonline.tv\/wp-content\/uploads\/2021\/08\/Kultur-Online-Tv-Logo-Endversion-neu.png","width":200,"height":200,"caption":"Kultur Online TV"},"image":{"@id":"https:\/\/kulturonline.tv\/at\/#\/schema\/logo\/image\/"},"sameAs":["https:\/\/www.facebook.com\/kulturonline.tv","https:\/\/www.instagram.com\/kulturonline.tv"]},{"@type":"Person","@id":"https:\/\/kulturonline.tv\/at\/#\/schema\/person\/b0fac729bb9a0c193fb1df23449df4fe","name":"guenter.wolfgang"}]}},"_links":{"self":[{"href":"https:\/\/kulturonline.tv\/at\/wp-json\/wp\/v2\/posts\/24575","targetHints":{"allow":["GET"]}}],"collection":[{"href":"https:\/\/kulturonline.tv\/at\/wp-json\/wp\/v2\/posts"}],"about":[{"href":"https:\/\/kulturonline.tv\/at\/wp-json\/wp\/v2\/types\/post"}],"author":[{"embeddable":true,"href":"https:\/\/kulturonline.tv\/at\/wp-json\/wp\/v2\/users\/2"}],"replies":[{"embeddable":true,"href":"https:\/\/kulturonline.tv\/at\/wp-json\/wp\/v2\/comments?post=24575"}],"version-history":[{"count":0,"href":"https:\/\/kulturonline.tv\/at\/wp-json\/wp\/v2\/posts\/24575\/revisions"}],"wp:featuredmedia":[{"embeddable":true,"href":"https:\/\/kulturonline.tv\/at\/wp-json\/wp\/v2\/media\/24576"}],"wp:attachment":[{"href":"https:\/\/kulturonline.tv\/at\/wp-json\/wp\/v2\/media?parent=24575"}],"wp:term":[{"taxonomy":"category","embeddable":true,"href":"https:\/\/kulturonline.tv\/at\/wp-json\/wp\/v2\/categories?post=24575"},{"taxonomy":"post_tag","embeddable":true,"href":"https:\/\/kulturonline.tv\/at\/wp-json\/wp\/v2\/tags?post=24575"}],"curies":[{"name":"wp","href":"https:\/\/api.w.org\/{rel}","templated":true}]}}