{"id":24595,"date":"2022-03-20T12:57:46","date_gmt":"2022-03-20T11:57:46","guid":{"rendered":"https:\/\/kulturonline.tv\/?p=24595"},"modified":"2022-03-20T12:57:48","modified_gmt":"2022-03-20T11:57:48","slug":"kathrin-roeggla-mit-franz-nabl-preis-ausgezeichnet","status":"publish","type":"post","link":"https:\/\/kulturonline.tv\/at\/kathrin-roeggla-mit-franz-nabl-preis-ausgezeichnet\/","title":{"rendered":"Kathrin R\u00f6ggla mit Franz-Nabl-Preis ausgezeichnet"},"content":{"rendered":"\n<p>Die \u00f6sterreichische Schriftstellerin Kathrin R\u00f6ggla (geb. 1971) hat am Mittwoch den mit 15.000 Euro dotierten Franz-Nabl-Preis 2021 der Stadt Graz erhalten.<\/p>\n\n\n\n<figure class=\"wp-block-image size-full is-resized\"><img fetchpriority=\"high\" decoding=\"async\" src=\"https:\/\/kulturonline.tv\/wp-content\/uploads\/2022\/03\/bild.jpg\" alt=\"\" class=\"wp-image-24596\" width=\"843\" height=\"473\" srcset=\"https:\/\/kulturonline.tv\/wp-content\/uploads\/2022\/03\/bild.jpg 600w, https:\/\/kulturonline.tv\/wp-content\/uploads\/2022\/03\/bild-416x234.jpg 416w\" sizes=\"(max-width: 843px) 100vw, 843px\" \/><\/figure>\n\n\n\n<p>Die Auszeichnung wird seit 1975 alle zwei Jahre vergeben und ist der h\u00f6chstdotierte Grazer Literaturpreis. Der erstmals verliehene Alfred Kolleritsch-W\u00fcrdigungspreis ging geteilt an den slowenischen Autor und global agierenden Literaturmultiplikator Ale\u0161 \u0160teger und die Initiative &#8222;poesiegalerie&#8220;, teilte die Stadt mit.<\/p>\n\n\n\n<p>Die in Salzburg geborene Autorin verbl\u00fcfft immer wieder mit Umfang und Reichweite ihres Werks &#8211; von Prosa, Dramatik und Essayistik bis zum H\u00f6rspiel und multimedialer Installation. Die Jury begr\u00fcndete ihre Wahl insbesondere mit R\u00f6gglas Bedeutung als einer der &#8222;produktivsten und innovativsten Autorinnen der deutschsprachigen Literatur&#8220;, die sowohl Gesellschaftskritik wie auch Sprachkritik &#8222;den Werten der Aufkl\u00e4rung verpflichtet&#8220; zu vereinen wisse. Teresa Pr\u00e4auer charakterisierte in ihrer Laudatio R\u00f6ggla als eine Autorin, die die Frage nach der &#8222;Welthaltigkeit&#8220; und dem &#8222;Wirklichkeitsbezug&#8220; von Literatur besonders genau stelle.<\/p>\n\n\n\n<p>R\u00f6ggla wurde 1971 in Salzburg geboren, studierte Germanistik und Publizistik an der Universit\u00e4t Salzburg und lebt in Berlin und K\u00f6ln. Sie arbeitet als Prosa- und Theaterautorin und entwickelt Radiost\u00fccke und akustische Installationen. Seit 2012 ist sie Mitglied der Akademie der K\u00fcnste in Berlin und seit 2015 der Deutschen Akademie f\u00fcr Sprache und Dichtung in Darmstadt. Poetikdozenturen f\u00fchrten sie nach Saarbr\u00fccken, Z\u00fcrich, Bamberg und K\u00f6ln. F\u00fcr ihre B\u00fccher erhielt sie zahlreiche Preise, darunter den Italo-Svevo-Preis, den Anton-Wildgans-Preis, den Arthur-Schnitzler-Preis, den Bruno-Kreisky-Preis f\u00fcr das politische Buch sowie den Franz-Hessel-Preis. Mit dem Grazer Franz-Nabl-Preis stehe sie nun in einer prominenten Reihe von Ausgezeichneten wie den Nobelpreistr\u00e4ger Elias Canetti, Peter Handke und Herta M\u00fcller oder Ilse Aichinger, Martin Walser, Christoph Ransmayr und D\u017eevad Karahasan, um einige Namen zu nennen.<\/p>\n\n\n\n<p>Aufgrund der Corona-Pandemie wurde auch der erstmalig vergebene Alfred Kolleritsch-Preis f\u00fcr das Jahr 2020 erst am Mittwoch vergeben. Der mit insgesamt 7.500 Euro dotierte Preis soll vor allem Pers\u00f6nlichkeiten und Institutionen auszeichnen, die sich wie Kolleritsch um die F\u00f6rderung und Vermittlung von Literatur verdient gemacht haben. Die Auszeichnung ging je zur H\u00e4lfte an den slowenischen Autor und global agierenden Literaturmultiplikator Ale\u0161 \u0160teger und die Initiative &#8222;poesiegalerie&#8220; von Udo Kawasser. Die Initiative setzt sich als Online-Portal f\u00fcr ein vielformatiges Schreiben \u00fcber Lyrik ein, mittels analoger Lyriklesungen, begleitet von opulent best\u00fcckten B\u00fcchertischen, f\u00f6rdert sie die Begegnung von Lyrikschaffenden mit ihrem Publikum.<\/p>\n\n\n\n<p>Kultur Online TV<\/p>\n\n\n\n<p>#news #kunst #kultur <\/p>\n","protected":false},"excerpt":{"rendered":"<p>Die \u00f6sterreichische Schriftstellerin Kathrin R\u00f6ggla (geb. 1971) hat am Mittwoch den mit 15.000 Euro dotierten Franz-Nabl-Preis 2021 der Stadt Graz erhalten. Die Auszeichnung wird seit 1975 alle zwei Jahre vergeben und ist der h\u00f6chstdotierte Grazer Literaturpreis. Der erstmals verliehene Alfred Kolleritsch-W\u00fcrdigungspreis ging geteilt an den slowenischen Autor und global agierenden Literaturmultiplikator Ale\u0161 \u0160teger und die [&hellip;]<\/p>\n","protected":false},"author":2,"featured_media":24596,"comment_status":"closed","ping_status":"closed","sticky":false,"template":"","format":"standard","meta":{"_acf_changed":false,"footnotes":""},"categories":[133],"tags":[],"class_list":["post-24595","post","type-post","status-publish","format-standard","has-post-thumbnail","hentry","category-literatur"],"acf":[],"yoast_head":"<!-- This site is optimized with the Yoast SEO plugin v26.1.1 - https:\/\/yoast.com\/wordpress\/plugins\/seo\/ -->\n<title>Kathrin R\u00f6ggla mit Franz-Nabl-Preis ausgezeichnet - Kultur Online TV &amp; FM<\/title>\n<meta name=\"description\" content=\"Kultur sehen und H\u00f6ren\" \/>\n<meta name=\"robots\" content=\"index, follow, max-snippet:-1, max-image-preview:large, max-video-preview:-1\" \/>\n<link rel=\"canonical\" href=\"https:\/\/kulturonline.tv\/at\/kathrin-roeggla-mit-franz-nabl-preis-ausgezeichnet\/\" \/>\n<meta property=\"og:locale\" content=\"de_DE\" \/>\n<meta property=\"og:type\" content=\"article\" \/>\n<meta property=\"og:title\" content=\"Kathrin R\u00f6ggla mit Franz-Nabl-Preis ausgezeichnet - Kultur Online TV &amp; FM\" \/>\n<meta property=\"og:description\" content=\"Kultur sehen und H\u00f6ren\" \/>\n<meta property=\"og:url\" content=\"https:\/\/kulturonline.tv\/at\/kathrin-roeggla-mit-franz-nabl-preis-ausgezeichnet\/\" \/>\n<meta property=\"og:site_name\" content=\"Kultur Online TV &amp; FM\" \/>\n<meta property=\"article:publisher\" content=\"https:\/\/www.facebook.com\/kulturonline.tv\" \/>\n<meta property=\"article:published_time\" content=\"2022-03-20T11:57:46+00:00\" \/>\n<meta property=\"article:modified_time\" content=\"2022-03-20T11:57:48+00:00\" \/>\n<meta property=\"og:image\" content=\"https:\/\/kulturonline.tv\/wp-content\/uploads\/2022\/03\/bild.jpg\" \/>\n\t<meta property=\"og:image:width\" content=\"600\" \/>\n\t<meta property=\"og:image:height\" content=\"337\" \/>\n\t<meta property=\"og:image:type\" content=\"image\/jpeg\" \/>\n<meta name=\"author\" content=\"guenter.wolfgang\" \/>\n<meta name=\"twitter:card\" content=\"summary_large_image\" \/>\n<meta name=\"twitter:label1\" content=\"Verfasst von\" \/>\n\t<meta name=\"twitter:data1\" content=\"guenter.wolfgang\" \/>\n\t<meta name=\"twitter:label2\" content=\"Gesch\u00e4tzte Lesezeit\" \/>\n\t<meta name=\"twitter:data2\" content=\"3 Minuten\" \/>\n<script type=\"application\/ld+json\" class=\"yoast-schema-graph\">{\"@context\":\"https:\/\/schema.org\",\"@graph\":[{\"@type\":\"Article\",\"@id\":\"https:\/\/kulturonline.tv\/at\/kathrin-roeggla-mit-franz-nabl-preis-ausgezeichnet\/#article\",\"isPartOf\":{\"@id\":\"https:\/\/kulturonline.tv\/at\/kathrin-roeggla-mit-franz-nabl-preis-ausgezeichnet\/\"},\"author\":{\"name\":\"guenter.wolfgang\",\"@id\":\"https:\/\/kulturonline.tv\/at\/#\/schema\/person\/b0fac729bb9a0c193fb1df23449df4fe\"},\"headline\":\"Kathrin R\u00f6ggla mit Franz-Nabl-Preis ausgezeichnet\",\"datePublished\":\"2022-03-20T11:57:46+00:00\",\"dateModified\":\"2022-03-20T11:57:48+00:00\",\"mainEntityOfPage\":{\"@id\":\"https:\/\/kulturonline.tv\/at\/kathrin-roeggla-mit-franz-nabl-preis-ausgezeichnet\/\"},\"wordCount\":405,\"publisher\":{\"@id\":\"https:\/\/kulturonline.tv\/at\/#organization\"},\"image\":{\"@id\":\"https:\/\/kulturonline.tv\/at\/kathrin-roeggla-mit-franz-nabl-preis-ausgezeichnet\/#primaryimage\"},\"thumbnailUrl\":\"https:\/\/kulturonline.tv\/wp-content\/uploads\/2022\/03\/bild.jpg\",\"articleSection\":[\"Literatur\"],\"inLanguage\":\"de-AT\"},{\"@type\":\"WebPage\",\"@id\":\"https:\/\/kulturonline.tv\/at\/kathrin-roeggla-mit-franz-nabl-preis-ausgezeichnet\/\",\"url\":\"https:\/\/kulturonline.tv\/at\/kathrin-roeggla-mit-franz-nabl-preis-ausgezeichnet\/\",\"name\":\"Kathrin R\u00f6ggla mit Franz-Nabl-Preis ausgezeichnet - Kultur Online TV &amp; FM\",\"isPartOf\":{\"@id\":\"https:\/\/kulturonline.tv\/at\/#website\"},\"primaryImageOfPage\":{\"@id\":\"https:\/\/kulturonline.tv\/at\/kathrin-roeggla-mit-franz-nabl-preis-ausgezeichnet\/#primaryimage\"},\"image\":{\"@id\":\"https:\/\/kulturonline.tv\/at\/kathrin-roeggla-mit-franz-nabl-preis-ausgezeichnet\/#primaryimage\"},\"thumbnailUrl\":\"https:\/\/kulturonline.tv\/wp-content\/uploads\/2022\/03\/bild.jpg\",\"datePublished\":\"2022-03-20T11:57:46+00:00\",\"dateModified\":\"2022-03-20T11:57:48+00:00\",\"description\":\"Kultur sehen und H\u00f6ren\",\"breadcrumb\":{\"@id\":\"https:\/\/kulturonline.tv\/at\/kathrin-roeggla-mit-franz-nabl-preis-ausgezeichnet\/#breadcrumb\"},\"inLanguage\":\"de-AT\",\"potentialAction\":[{\"@type\":\"ReadAction\",\"target\":[\"https:\/\/kulturonline.tv\/at\/kathrin-roeggla-mit-franz-nabl-preis-ausgezeichnet\/\"]}]},{\"@type\":\"ImageObject\",\"inLanguage\":\"de-AT\",\"@id\":\"https:\/\/kulturonline.tv\/at\/kathrin-roeggla-mit-franz-nabl-preis-ausgezeichnet\/#primaryimage\",\"url\":\"https:\/\/kulturonline.tv\/wp-content\/uploads\/2022\/03\/bild.jpg\",\"contentUrl\":\"https:\/\/kulturonline.tv\/wp-content\/uploads\/2022\/03\/bild.jpg\",\"width\":600,\"height\":337},{\"@type\":\"BreadcrumbList\",\"@id\":\"https:\/\/kulturonline.tv\/at\/kathrin-roeggla-mit-franz-nabl-preis-ausgezeichnet\/#breadcrumb\",\"itemListElement\":[{\"@type\":\"ListItem\",\"position\":1,\"name\":\"Startseite\",\"item\":\"https:\/\/kulturonline.tv\/at\/\"},{\"@type\":\"ListItem\",\"position\":2,\"name\":\"Kathrin R\u00f6ggla mit Franz-Nabl-Preis ausgezeichnet\"}]},{\"@type\":\"WebSite\",\"@id\":\"https:\/\/kulturonline.tv\/at\/#website\",\"url\":\"https:\/\/kulturonline.tv\/at\/\",\"name\":\"Kultur Online TV &amp; FM\",\"description\":\"Wir sind Kultur 2.0 zum sehen &amp; h\u00f6ren\",\"publisher\":{\"@id\":\"https:\/\/kulturonline.tv\/at\/#organization\"},\"potentialAction\":[{\"@type\":\"SearchAction\",\"target\":{\"@type\":\"EntryPoint\",\"urlTemplate\":\"https:\/\/kulturonline.tv\/at\/?s={search_term_string}\"},\"query-input\":{\"@type\":\"PropertyValueSpecification\",\"valueRequired\":true,\"valueName\":\"search_term_string\"}}],\"inLanguage\":\"de-AT\"},{\"@type\":\"Organization\",\"@id\":\"https:\/\/kulturonline.tv\/at\/#organization\",\"name\":\"Kultur Online TV\",\"url\":\"https:\/\/kulturonline.tv\/at\/\",\"logo\":{\"@type\":\"ImageObject\",\"inLanguage\":\"de-AT\",\"@id\":\"https:\/\/kulturonline.tv\/at\/#\/schema\/logo\/image\/\",\"url\":\"https:\/\/kulturonline.tv\/wp-content\/uploads\/2021\/08\/Kultur-Online-Tv-Logo-Endversion-neu.png\",\"contentUrl\":\"https:\/\/kulturonline.tv\/wp-content\/uploads\/2021\/08\/Kultur-Online-Tv-Logo-Endversion-neu.png\",\"width\":200,\"height\":200,\"caption\":\"Kultur Online TV\"},\"image\":{\"@id\":\"https:\/\/kulturonline.tv\/at\/#\/schema\/logo\/image\/\"},\"sameAs\":[\"https:\/\/www.facebook.com\/kulturonline.tv\",\"https:\/\/www.instagram.com\/kulturonline.tv\"]},{\"@type\":\"Person\",\"@id\":\"https:\/\/kulturonline.tv\/at\/#\/schema\/person\/b0fac729bb9a0c193fb1df23449df4fe\",\"name\":\"guenter.wolfgang\"}]}<\/script>\n<!-- \/ Yoast SEO plugin. -->","yoast_head_json":{"title":"Kathrin R\u00f6ggla mit Franz-Nabl-Preis ausgezeichnet - Kultur Online TV &amp; FM","description":"Kultur sehen und H\u00f6ren","robots":{"index":"index","follow":"follow","max-snippet":"max-snippet:-1","max-image-preview":"max-image-preview:large","max-video-preview":"max-video-preview:-1"},"canonical":"https:\/\/kulturonline.tv\/at\/kathrin-roeggla-mit-franz-nabl-preis-ausgezeichnet\/","og_locale":"de_DE","og_type":"article","og_title":"Kathrin R\u00f6ggla mit Franz-Nabl-Preis ausgezeichnet - Kultur Online TV &amp; FM","og_description":"Kultur sehen und H\u00f6ren","og_url":"https:\/\/kulturonline.tv\/at\/kathrin-roeggla-mit-franz-nabl-preis-ausgezeichnet\/","og_site_name":"Kultur Online TV &amp; FM","article_publisher":"https:\/\/www.facebook.com\/kulturonline.tv","article_published_time":"2022-03-20T11:57:46+00:00","article_modified_time":"2022-03-20T11:57:48+00:00","og_image":[{"width":600,"height":337,"url":"https:\/\/kulturonline.tv\/wp-content\/uploads\/2022\/03\/bild.jpg","type":"image\/jpeg"}],"author":"guenter.wolfgang","twitter_card":"summary_large_image","twitter_misc":{"Verfasst von":"guenter.wolfgang","Gesch\u00e4tzte Lesezeit":"3 Minuten"},"schema":{"@context":"https:\/\/schema.org","@graph":[{"@type":"Article","@id":"https:\/\/kulturonline.tv\/at\/kathrin-roeggla-mit-franz-nabl-preis-ausgezeichnet\/#article","isPartOf":{"@id":"https:\/\/kulturonline.tv\/at\/kathrin-roeggla-mit-franz-nabl-preis-ausgezeichnet\/"},"author":{"name":"guenter.wolfgang","@id":"https:\/\/kulturonline.tv\/at\/#\/schema\/person\/b0fac729bb9a0c193fb1df23449df4fe"},"headline":"Kathrin R\u00f6ggla mit Franz-Nabl-Preis ausgezeichnet","datePublished":"2022-03-20T11:57:46+00:00","dateModified":"2022-03-20T11:57:48+00:00","mainEntityOfPage":{"@id":"https:\/\/kulturonline.tv\/at\/kathrin-roeggla-mit-franz-nabl-preis-ausgezeichnet\/"},"wordCount":405,"publisher":{"@id":"https:\/\/kulturonline.tv\/at\/#organization"},"image":{"@id":"https:\/\/kulturonline.tv\/at\/kathrin-roeggla-mit-franz-nabl-preis-ausgezeichnet\/#primaryimage"},"thumbnailUrl":"https:\/\/kulturonline.tv\/wp-content\/uploads\/2022\/03\/bild.jpg","articleSection":["Literatur"],"inLanguage":"de-AT"},{"@type":"WebPage","@id":"https:\/\/kulturonline.tv\/at\/kathrin-roeggla-mit-franz-nabl-preis-ausgezeichnet\/","url":"https:\/\/kulturonline.tv\/at\/kathrin-roeggla-mit-franz-nabl-preis-ausgezeichnet\/","name":"Kathrin R\u00f6ggla mit Franz-Nabl-Preis ausgezeichnet - Kultur Online TV &amp; FM","isPartOf":{"@id":"https:\/\/kulturonline.tv\/at\/#website"},"primaryImageOfPage":{"@id":"https:\/\/kulturonline.tv\/at\/kathrin-roeggla-mit-franz-nabl-preis-ausgezeichnet\/#primaryimage"},"image":{"@id":"https:\/\/kulturonline.tv\/at\/kathrin-roeggla-mit-franz-nabl-preis-ausgezeichnet\/#primaryimage"},"thumbnailUrl":"https:\/\/kulturonline.tv\/wp-content\/uploads\/2022\/03\/bild.jpg","datePublished":"2022-03-20T11:57:46+00:00","dateModified":"2022-03-20T11:57:48+00:00","description":"Kultur sehen und H\u00f6ren","breadcrumb":{"@id":"https:\/\/kulturonline.tv\/at\/kathrin-roeggla-mit-franz-nabl-preis-ausgezeichnet\/#breadcrumb"},"inLanguage":"de-AT","potentialAction":[{"@type":"ReadAction","target":["https:\/\/kulturonline.tv\/at\/kathrin-roeggla-mit-franz-nabl-preis-ausgezeichnet\/"]}]},{"@type":"ImageObject","inLanguage":"de-AT","@id":"https:\/\/kulturonline.tv\/at\/kathrin-roeggla-mit-franz-nabl-preis-ausgezeichnet\/#primaryimage","url":"https:\/\/kulturonline.tv\/wp-content\/uploads\/2022\/03\/bild.jpg","contentUrl":"https:\/\/kulturonline.tv\/wp-content\/uploads\/2022\/03\/bild.jpg","width":600,"height":337},{"@type":"BreadcrumbList","@id":"https:\/\/kulturonline.tv\/at\/kathrin-roeggla-mit-franz-nabl-preis-ausgezeichnet\/#breadcrumb","itemListElement":[{"@type":"ListItem","position":1,"name":"Startseite","item":"https:\/\/kulturonline.tv\/at\/"},{"@type":"ListItem","position":2,"name":"Kathrin R\u00f6ggla mit Franz-Nabl-Preis ausgezeichnet"}]},{"@type":"WebSite","@id":"https:\/\/kulturonline.tv\/at\/#website","url":"https:\/\/kulturonline.tv\/at\/","name":"Kultur Online TV &amp; FM","description":"Wir sind Kultur 2.0 zum sehen &amp; h\u00f6ren","publisher":{"@id":"https:\/\/kulturonline.tv\/at\/#organization"},"potentialAction":[{"@type":"SearchAction","target":{"@type":"EntryPoint","urlTemplate":"https:\/\/kulturonline.tv\/at\/?s={search_term_string}"},"query-input":{"@type":"PropertyValueSpecification","valueRequired":true,"valueName":"search_term_string"}}],"inLanguage":"de-AT"},{"@type":"Organization","@id":"https:\/\/kulturonline.tv\/at\/#organization","name":"Kultur Online TV","url":"https:\/\/kulturonline.tv\/at\/","logo":{"@type":"ImageObject","inLanguage":"de-AT","@id":"https:\/\/kulturonline.tv\/at\/#\/schema\/logo\/image\/","url":"https:\/\/kulturonline.tv\/wp-content\/uploads\/2021\/08\/Kultur-Online-Tv-Logo-Endversion-neu.png","contentUrl":"https:\/\/kulturonline.tv\/wp-content\/uploads\/2021\/08\/Kultur-Online-Tv-Logo-Endversion-neu.png","width":200,"height":200,"caption":"Kultur Online TV"},"image":{"@id":"https:\/\/kulturonline.tv\/at\/#\/schema\/logo\/image\/"},"sameAs":["https:\/\/www.facebook.com\/kulturonline.tv","https:\/\/www.instagram.com\/kulturonline.tv"]},{"@type":"Person","@id":"https:\/\/kulturonline.tv\/at\/#\/schema\/person\/b0fac729bb9a0c193fb1df23449df4fe","name":"guenter.wolfgang"}]}},"_links":{"self":[{"href":"https:\/\/kulturonline.tv\/at\/wp-json\/wp\/v2\/posts\/24595","targetHints":{"allow":["GET"]}}],"collection":[{"href":"https:\/\/kulturonline.tv\/at\/wp-json\/wp\/v2\/posts"}],"about":[{"href":"https:\/\/kulturonline.tv\/at\/wp-json\/wp\/v2\/types\/post"}],"author":[{"embeddable":true,"href":"https:\/\/kulturonline.tv\/at\/wp-json\/wp\/v2\/users\/2"}],"replies":[{"embeddable":true,"href":"https:\/\/kulturonline.tv\/at\/wp-json\/wp\/v2\/comments?post=24595"}],"version-history":[{"count":0,"href":"https:\/\/kulturonline.tv\/at\/wp-json\/wp\/v2\/posts\/24595\/revisions"}],"wp:featuredmedia":[{"embeddable":true,"href":"https:\/\/kulturonline.tv\/at\/wp-json\/wp\/v2\/media\/24596"}],"wp:attachment":[{"href":"https:\/\/kulturonline.tv\/at\/wp-json\/wp\/v2\/media?parent=24595"}],"wp:term":[{"taxonomy":"category","embeddable":true,"href":"https:\/\/kulturonline.tv\/at\/wp-json\/wp\/v2\/categories?post=24595"},{"taxonomy":"post_tag","embeddable":true,"href":"https:\/\/kulturonline.tv\/at\/wp-json\/wp\/v2\/tags?post=24595"}],"curies":[{"name":"wp","href":"https:\/\/api.w.org\/{rel}","templated":true}]}}