{"id":24918,"date":"2022-03-27T19:28:56","date_gmt":"2022-03-27T17:28:56","guid":{"rendered":"https:\/\/kulturonline.tv\/?p=24918"},"modified":"2022-03-27T19:30:22","modified_gmt":"2022-03-27T17:30:22","slug":"linda-wolfsgruber-erhaelt-den-christine-noestlinger-preis","status":"publish","type":"post","link":"https:\/\/kulturonline.tv\/at\/linda-wolfsgruber-erhaelt-den-christine-noestlinger-preis\/","title":{"rendered":"Linda Wolfsgruber erh\u00e4lt den Christine-N\u00f6stlinger-Preis"},"content":{"rendered":"\n<p><strong>Die Illustratorin Linda Wolfsgruber erh\u00e4lt den heuer zum zweiten Mal vergebenen Christine-N\u00f6stlinger-Preis f\u00fcr Kinder- und Jugendliteratur.<\/strong><\/p>\n\n\n\n<figure class=\"wp-block-image size-full\"><img fetchpriority=\"high\" decoding=\"async\" width=\"1000\" height=\"563\" src=\"https:\/\/kulturonline.tv\/wp-content\/uploads\/2022\/03\/linda-wolfsgruber-edited.jpg\" alt=\"\" class=\"wp-image-24921\" srcset=\"https:\/\/kulturonline.tv\/wp-content\/uploads\/2022\/03\/linda-wolfsgruber-edited.jpg 1000w, https:\/\/kulturonline.tv\/wp-content\/uploads\/2022\/03\/linda-wolfsgruber-edited-600x338.jpg 600w, https:\/\/kulturonline.tv\/wp-content\/uploads\/2022\/03\/linda-wolfsgruber-edited-800x450.jpg 800w, https:\/\/kulturonline.tv\/wp-content\/uploads\/2022\/03\/linda-wolfsgruber-edited-768x432.jpg 768w\" sizes=\"(max-width: 1000px) 100vw, 1000px\" \/><\/figure>\n\n\n\n<p>Die Illustratorin Linda Wolfsgruber erh\u00e4lt den heuer zum zweiten Mal vergebenen Christine-N\u00f6stlinger-Preis f\u00fcr Kinder- und Jugendliteratur. Der von der Stadt Wien, Christine N\u00f6stlingers Buchstabenfabrik und dem Hauptverband des \u00d6sterreichischen Buchhandels gemeinsam ausgerichtete Preis ist mit 10.000 Euro dotiert. Wolfsgruber wurde 1961 in Bruneck (S\u00fcdtirol) geboren und lebt in Wien. Ihre B\u00fccher wurden bisher in 17 Sprachen \u00fcbersetzt.<\/p>\n\n\n\n<p>&#8222;Seit bald vier Jahrzehnten schenkt die K\u00fcnstlerin Linda Wolfsgruber Kindern das Gl\u00fcck von Bildern, die sie in Tr\u00e4ume ziehen, das Herz weiten und kostbare innere Zust\u00e4nde sp\u00fcrbar machen. In ihrem mittlerweile \u00fcber 70 B\u00fccher umfassenden Werk l\u00e4sst sie zu Kinderbuch-Texten renommierter Autorinnen und Autoren z\u00e4rtliche visuelle Resonanzr\u00e4ume erstehen. Stil ist bei dieser Illustratorin nicht ein gleichbleibendes besonderes Gepr\u00e4ge, sondern vielmehr Wandlungsf\u00e4higkeit. Wolfsgruber ist eine Meisterin darin, sich auf Erz\u00e4hltes einzustellen, hineinhorchend stets neue Zug\u00e4nge und Techniken zu finden und diese mit liebevoller Sorgfalt umzusetzen&#8220;, urteilt die Jury. Wolfsgruber habe einen Blick &#8222;f\u00fcr feine Gef\u00fchlsnuancen und Stimmungen, die sich einfachen Zuschreibungen entziehen, ebenso wie f\u00fcr die Kostbarkeit und Sch\u00f6nheit des vermeintlich Nebens\u00e4chlichen&#8220;.<\/p>\n\n\n\n<p>&#8222;M\u00f6glichkeitsr\u00e4ume zu er\u00f6ffnen als Widerstand gegen Anma\u00dfung, Unterdr\u00fcckung und Ungerechtigkeit, war eine der ganz gro\u00dfen St\u00e4rken von Christine N\u00f6stlinger. Auch im k\u00fcnstlerischen Werk von Linda Wolfsgruber werden den kleinen und gro\u00dfen Betrachter*innen R\u00e4ume f\u00fcr philosophische Gedankenspiele er\u00f6ffnet. Die w\u00f6rtliche Aussage der Texte dient dabei als Sprungbrett f\u00fcr das eigene, assoziative Weiterspinnen&#8220;, kommentierte die Wiener Kulturstadtr\u00e4tin Veronica Kaup-Hasler (SP\u00d6) in einer Aussendung.<\/p>\n\n\n\n<p>Kultur Online TV<\/p>\n\n\n\n<p>#literatur #kunst #kultur #news<\/p>\n","protected":false},"excerpt":{"rendered":"<p>Die Illustratorin Linda Wolfsgruber erh\u00e4lt den heuer zum zweiten Mal vergebenen Christine-N\u00f6stlinger-Preis f\u00fcr Kinder- und Jugendliteratur. Die Illustratorin Linda Wolfsgruber erh\u00e4lt den heuer zum zweiten Mal vergebenen Christine-N\u00f6stlinger-Preis f\u00fcr Kinder- und Jugendliteratur. Der von der Stadt Wien, Christine N\u00f6stlingers Buchstabenfabrik und dem Hauptverband des \u00d6sterreichischen Buchhandels gemeinsam ausgerichtete Preis ist mit 10.000 Euro dotiert. Wolfsgruber [&hellip;]<\/p>\n","protected":false},"author":2,"featured_media":24921,"comment_status":"closed","ping_status":"closed","sticky":false,"template":"","format":"standard","meta":{"_acf_changed":false,"footnotes":""},"categories":[133],"tags":[],"class_list":["post-24918","post","type-post","status-publish","format-standard","has-post-thumbnail","hentry","category-literatur"],"acf":[],"yoast_head":"<!-- This site is optimized with the Yoast SEO plugin v26.1.1 - https:\/\/yoast.com\/wordpress\/plugins\/seo\/ -->\n<title>Linda Wolfsgruber erh\u00e4lt den Christine-N\u00f6stlinger-Preis - Kultur Online TV &amp; FM<\/title>\n<meta name=\"description\" content=\"Kultur sehen und H\u00f6ren\" \/>\n<meta name=\"robots\" content=\"index, follow, max-snippet:-1, max-image-preview:large, max-video-preview:-1\" \/>\n<link rel=\"canonical\" href=\"https:\/\/kulturonline.tv\/at\/linda-wolfsgruber-erhaelt-den-christine-noestlinger-preis\/\" \/>\n<meta property=\"og:locale\" content=\"de_DE\" \/>\n<meta property=\"og:type\" content=\"article\" \/>\n<meta property=\"og:title\" content=\"Linda Wolfsgruber erh\u00e4lt den Christine-N\u00f6stlinger-Preis - Kultur Online TV &amp; FM\" \/>\n<meta property=\"og:description\" content=\"Kultur sehen und H\u00f6ren\" \/>\n<meta property=\"og:url\" content=\"https:\/\/kulturonline.tv\/at\/linda-wolfsgruber-erhaelt-den-christine-noestlinger-preis\/\" \/>\n<meta property=\"og:site_name\" content=\"Kultur Online TV &amp; FM\" \/>\n<meta property=\"article:publisher\" content=\"https:\/\/www.facebook.com\/kulturonline.tv\" \/>\n<meta property=\"article:published_time\" content=\"2022-03-27T17:28:56+00:00\" \/>\n<meta property=\"article:modified_time\" content=\"2022-03-27T17:30:22+00:00\" \/>\n<meta property=\"og:image\" content=\"https:\/\/kulturonline.tv\/wp-content\/uploads\/2022\/03\/linda-wolfsgruber-edited.jpg\" \/>\n\t<meta property=\"og:image:width\" content=\"1000\" \/>\n\t<meta property=\"og:image:height\" content=\"563\" \/>\n\t<meta property=\"og:image:type\" content=\"image\/jpeg\" \/>\n<meta name=\"author\" content=\"guenter.wolfgang\" \/>\n<meta name=\"twitter:card\" content=\"summary_large_image\" \/>\n<meta name=\"twitter:label1\" content=\"Verfasst von\" \/>\n\t<meta name=\"twitter:data1\" content=\"guenter.wolfgang\" \/>\n\t<meta name=\"twitter:label2\" content=\"Gesch\u00e4tzte Lesezeit\" \/>\n\t<meta name=\"twitter:data2\" content=\"2 Minuten\" \/>\n<script type=\"application\/ld+json\" class=\"yoast-schema-graph\">{\"@context\":\"https:\/\/schema.org\",\"@graph\":[{\"@type\":\"Article\",\"@id\":\"https:\/\/kulturonline.tv\/at\/linda-wolfsgruber-erhaelt-den-christine-noestlinger-preis\/#article\",\"isPartOf\":{\"@id\":\"https:\/\/kulturonline.tv\/at\/linda-wolfsgruber-erhaelt-den-christine-noestlinger-preis\/\"},\"author\":{\"name\":\"guenter.wolfgang\",\"@id\":\"https:\/\/kulturonline.tv\/at\/#\/schema\/person\/b0fac729bb9a0c193fb1df23449df4fe\"},\"headline\":\"Linda Wolfsgruber erh\u00e4lt den Christine-N\u00f6stlinger-Preis\",\"datePublished\":\"2022-03-27T17:28:56+00:00\",\"dateModified\":\"2022-03-27T17:30:22+00:00\",\"mainEntityOfPage\":{\"@id\":\"https:\/\/kulturonline.tv\/at\/linda-wolfsgruber-erhaelt-den-christine-noestlinger-preis\/\"},\"wordCount\":299,\"publisher\":{\"@id\":\"https:\/\/kulturonline.tv\/at\/#organization\"},\"image\":{\"@id\":\"https:\/\/kulturonline.tv\/at\/linda-wolfsgruber-erhaelt-den-christine-noestlinger-preis\/#primaryimage\"},\"thumbnailUrl\":\"https:\/\/kulturonline.tv\/wp-content\/uploads\/2022\/03\/linda-wolfsgruber-edited.jpg\",\"articleSection\":[\"Literatur\"],\"inLanguage\":\"de-AT\"},{\"@type\":\"WebPage\",\"@id\":\"https:\/\/kulturonline.tv\/at\/linda-wolfsgruber-erhaelt-den-christine-noestlinger-preis\/\",\"url\":\"https:\/\/kulturonline.tv\/at\/linda-wolfsgruber-erhaelt-den-christine-noestlinger-preis\/\",\"name\":\"Linda Wolfsgruber erh\u00e4lt den Christine-N\u00f6stlinger-Preis - Kultur Online TV &amp; FM\",\"isPartOf\":{\"@id\":\"https:\/\/kulturonline.tv\/at\/#website\"},\"primaryImageOfPage\":{\"@id\":\"https:\/\/kulturonline.tv\/at\/linda-wolfsgruber-erhaelt-den-christine-noestlinger-preis\/#primaryimage\"},\"image\":{\"@id\":\"https:\/\/kulturonline.tv\/at\/linda-wolfsgruber-erhaelt-den-christine-noestlinger-preis\/#primaryimage\"},\"thumbnailUrl\":\"https:\/\/kulturonline.tv\/wp-content\/uploads\/2022\/03\/linda-wolfsgruber-edited.jpg\",\"datePublished\":\"2022-03-27T17:28:56+00:00\",\"dateModified\":\"2022-03-27T17:30:22+00:00\",\"description\":\"Kultur sehen und H\u00f6ren\",\"breadcrumb\":{\"@id\":\"https:\/\/kulturonline.tv\/at\/linda-wolfsgruber-erhaelt-den-christine-noestlinger-preis\/#breadcrumb\"},\"inLanguage\":\"de-AT\",\"potentialAction\":[{\"@type\":\"ReadAction\",\"target\":[\"https:\/\/kulturonline.tv\/at\/linda-wolfsgruber-erhaelt-den-christine-noestlinger-preis\/\"]}]},{\"@type\":\"ImageObject\",\"inLanguage\":\"de-AT\",\"@id\":\"https:\/\/kulturonline.tv\/at\/linda-wolfsgruber-erhaelt-den-christine-noestlinger-preis\/#primaryimage\",\"url\":\"https:\/\/kulturonline.tv\/wp-content\/uploads\/2022\/03\/linda-wolfsgruber-edited.jpg\",\"contentUrl\":\"https:\/\/kulturonline.tv\/wp-content\/uploads\/2022\/03\/linda-wolfsgruber-edited.jpg\",\"width\":1000,\"height\":563},{\"@type\":\"BreadcrumbList\",\"@id\":\"https:\/\/kulturonline.tv\/at\/linda-wolfsgruber-erhaelt-den-christine-noestlinger-preis\/#breadcrumb\",\"itemListElement\":[{\"@type\":\"ListItem\",\"position\":1,\"name\":\"Startseite\",\"item\":\"https:\/\/kulturonline.tv\/at\/\"},{\"@type\":\"ListItem\",\"position\":2,\"name\":\"Linda Wolfsgruber erh\u00e4lt den Christine-N\u00f6stlinger-Preis\"}]},{\"@type\":\"WebSite\",\"@id\":\"https:\/\/kulturonline.tv\/at\/#website\",\"url\":\"https:\/\/kulturonline.tv\/at\/\",\"name\":\"Kultur Online TV &amp; FM\",\"description\":\"Wir sind Kultur 2.0 zum sehen &amp; h\u00f6ren\",\"publisher\":{\"@id\":\"https:\/\/kulturonline.tv\/at\/#organization\"},\"potentialAction\":[{\"@type\":\"SearchAction\",\"target\":{\"@type\":\"EntryPoint\",\"urlTemplate\":\"https:\/\/kulturonline.tv\/at\/?s={search_term_string}\"},\"query-input\":{\"@type\":\"PropertyValueSpecification\",\"valueRequired\":true,\"valueName\":\"search_term_string\"}}],\"inLanguage\":\"de-AT\"},{\"@type\":\"Organization\",\"@id\":\"https:\/\/kulturonline.tv\/at\/#organization\",\"name\":\"Kultur Online TV\",\"url\":\"https:\/\/kulturonline.tv\/at\/\",\"logo\":{\"@type\":\"ImageObject\",\"inLanguage\":\"de-AT\",\"@id\":\"https:\/\/kulturonline.tv\/at\/#\/schema\/logo\/image\/\",\"url\":\"https:\/\/kulturonline.tv\/wp-content\/uploads\/2021\/08\/Kultur-Online-Tv-Logo-Endversion-neu.png\",\"contentUrl\":\"https:\/\/kulturonline.tv\/wp-content\/uploads\/2021\/08\/Kultur-Online-Tv-Logo-Endversion-neu.png\",\"width\":200,\"height\":200,\"caption\":\"Kultur Online TV\"},\"image\":{\"@id\":\"https:\/\/kulturonline.tv\/at\/#\/schema\/logo\/image\/\"},\"sameAs\":[\"https:\/\/www.facebook.com\/kulturonline.tv\",\"https:\/\/www.instagram.com\/kulturonline.tv\"]},{\"@type\":\"Person\",\"@id\":\"https:\/\/kulturonline.tv\/at\/#\/schema\/person\/b0fac729bb9a0c193fb1df23449df4fe\",\"name\":\"guenter.wolfgang\"}]}<\/script>\n<!-- \/ Yoast SEO plugin. -->","yoast_head_json":{"title":"Linda Wolfsgruber erh\u00e4lt den Christine-N\u00f6stlinger-Preis - Kultur Online TV &amp; FM","description":"Kultur sehen und H\u00f6ren","robots":{"index":"index","follow":"follow","max-snippet":"max-snippet:-1","max-image-preview":"max-image-preview:large","max-video-preview":"max-video-preview:-1"},"canonical":"https:\/\/kulturonline.tv\/at\/linda-wolfsgruber-erhaelt-den-christine-noestlinger-preis\/","og_locale":"de_DE","og_type":"article","og_title":"Linda Wolfsgruber erh\u00e4lt den Christine-N\u00f6stlinger-Preis - Kultur Online TV &amp; FM","og_description":"Kultur sehen und H\u00f6ren","og_url":"https:\/\/kulturonline.tv\/at\/linda-wolfsgruber-erhaelt-den-christine-noestlinger-preis\/","og_site_name":"Kultur Online TV &amp; FM","article_publisher":"https:\/\/www.facebook.com\/kulturonline.tv","article_published_time":"2022-03-27T17:28:56+00:00","article_modified_time":"2022-03-27T17:30:22+00:00","og_image":[{"width":1000,"height":563,"url":"https:\/\/kulturonline.tv\/wp-content\/uploads\/2022\/03\/linda-wolfsgruber-edited.jpg","type":"image\/jpeg"}],"author":"guenter.wolfgang","twitter_card":"summary_large_image","twitter_misc":{"Verfasst von":"guenter.wolfgang","Gesch\u00e4tzte Lesezeit":"2 Minuten"},"schema":{"@context":"https:\/\/schema.org","@graph":[{"@type":"Article","@id":"https:\/\/kulturonline.tv\/at\/linda-wolfsgruber-erhaelt-den-christine-noestlinger-preis\/#article","isPartOf":{"@id":"https:\/\/kulturonline.tv\/at\/linda-wolfsgruber-erhaelt-den-christine-noestlinger-preis\/"},"author":{"name":"guenter.wolfgang","@id":"https:\/\/kulturonline.tv\/at\/#\/schema\/person\/b0fac729bb9a0c193fb1df23449df4fe"},"headline":"Linda Wolfsgruber erh\u00e4lt den Christine-N\u00f6stlinger-Preis","datePublished":"2022-03-27T17:28:56+00:00","dateModified":"2022-03-27T17:30:22+00:00","mainEntityOfPage":{"@id":"https:\/\/kulturonline.tv\/at\/linda-wolfsgruber-erhaelt-den-christine-noestlinger-preis\/"},"wordCount":299,"publisher":{"@id":"https:\/\/kulturonline.tv\/at\/#organization"},"image":{"@id":"https:\/\/kulturonline.tv\/at\/linda-wolfsgruber-erhaelt-den-christine-noestlinger-preis\/#primaryimage"},"thumbnailUrl":"https:\/\/kulturonline.tv\/wp-content\/uploads\/2022\/03\/linda-wolfsgruber-edited.jpg","articleSection":["Literatur"],"inLanguage":"de-AT"},{"@type":"WebPage","@id":"https:\/\/kulturonline.tv\/at\/linda-wolfsgruber-erhaelt-den-christine-noestlinger-preis\/","url":"https:\/\/kulturonline.tv\/at\/linda-wolfsgruber-erhaelt-den-christine-noestlinger-preis\/","name":"Linda Wolfsgruber erh\u00e4lt den Christine-N\u00f6stlinger-Preis - Kultur Online TV &amp; FM","isPartOf":{"@id":"https:\/\/kulturonline.tv\/at\/#website"},"primaryImageOfPage":{"@id":"https:\/\/kulturonline.tv\/at\/linda-wolfsgruber-erhaelt-den-christine-noestlinger-preis\/#primaryimage"},"image":{"@id":"https:\/\/kulturonline.tv\/at\/linda-wolfsgruber-erhaelt-den-christine-noestlinger-preis\/#primaryimage"},"thumbnailUrl":"https:\/\/kulturonline.tv\/wp-content\/uploads\/2022\/03\/linda-wolfsgruber-edited.jpg","datePublished":"2022-03-27T17:28:56+00:00","dateModified":"2022-03-27T17:30:22+00:00","description":"Kultur sehen und H\u00f6ren","breadcrumb":{"@id":"https:\/\/kulturonline.tv\/at\/linda-wolfsgruber-erhaelt-den-christine-noestlinger-preis\/#breadcrumb"},"inLanguage":"de-AT","potentialAction":[{"@type":"ReadAction","target":["https:\/\/kulturonline.tv\/at\/linda-wolfsgruber-erhaelt-den-christine-noestlinger-preis\/"]}]},{"@type":"ImageObject","inLanguage":"de-AT","@id":"https:\/\/kulturonline.tv\/at\/linda-wolfsgruber-erhaelt-den-christine-noestlinger-preis\/#primaryimage","url":"https:\/\/kulturonline.tv\/wp-content\/uploads\/2022\/03\/linda-wolfsgruber-edited.jpg","contentUrl":"https:\/\/kulturonline.tv\/wp-content\/uploads\/2022\/03\/linda-wolfsgruber-edited.jpg","width":1000,"height":563},{"@type":"BreadcrumbList","@id":"https:\/\/kulturonline.tv\/at\/linda-wolfsgruber-erhaelt-den-christine-noestlinger-preis\/#breadcrumb","itemListElement":[{"@type":"ListItem","position":1,"name":"Startseite","item":"https:\/\/kulturonline.tv\/at\/"},{"@type":"ListItem","position":2,"name":"Linda Wolfsgruber erh\u00e4lt den Christine-N\u00f6stlinger-Preis"}]},{"@type":"WebSite","@id":"https:\/\/kulturonline.tv\/at\/#website","url":"https:\/\/kulturonline.tv\/at\/","name":"Kultur Online TV &amp; FM","description":"Wir sind Kultur 2.0 zum sehen &amp; h\u00f6ren","publisher":{"@id":"https:\/\/kulturonline.tv\/at\/#organization"},"potentialAction":[{"@type":"SearchAction","target":{"@type":"EntryPoint","urlTemplate":"https:\/\/kulturonline.tv\/at\/?s={search_term_string}"},"query-input":{"@type":"PropertyValueSpecification","valueRequired":true,"valueName":"search_term_string"}}],"inLanguage":"de-AT"},{"@type":"Organization","@id":"https:\/\/kulturonline.tv\/at\/#organization","name":"Kultur Online TV","url":"https:\/\/kulturonline.tv\/at\/","logo":{"@type":"ImageObject","inLanguage":"de-AT","@id":"https:\/\/kulturonline.tv\/at\/#\/schema\/logo\/image\/","url":"https:\/\/kulturonline.tv\/wp-content\/uploads\/2021\/08\/Kultur-Online-Tv-Logo-Endversion-neu.png","contentUrl":"https:\/\/kulturonline.tv\/wp-content\/uploads\/2021\/08\/Kultur-Online-Tv-Logo-Endversion-neu.png","width":200,"height":200,"caption":"Kultur Online TV"},"image":{"@id":"https:\/\/kulturonline.tv\/at\/#\/schema\/logo\/image\/"},"sameAs":["https:\/\/www.facebook.com\/kulturonline.tv","https:\/\/www.instagram.com\/kulturonline.tv"]},{"@type":"Person","@id":"https:\/\/kulturonline.tv\/at\/#\/schema\/person\/b0fac729bb9a0c193fb1df23449df4fe","name":"guenter.wolfgang"}]}},"_links":{"self":[{"href":"https:\/\/kulturonline.tv\/at\/wp-json\/wp\/v2\/posts\/24918","targetHints":{"allow":["GET"]}}],"collection":[{"href":"https:\/\/kulturonline.tv\/at\/wp-json\/wp\/v2\/posts"}],"about":[{"href":"https:\/\/kulturonline.tv\/at\/wp-json\/wp\/v2\/types\/post"}],"author":[{"embeddable":true,"href":"https:\/\/kulturonline.tv\/at\/wp-json\/wp\/v2\/users\/2"}],"replies":[{"embeddable":true,"href":"https:\/\/kulturonline.tv\/at\/wp-json\/wp\/v2\/comments?post=24918"}],"version-history":[{"count":0,"href":"https:\/\/kulturonline.tv\/at\/wp-json\/wp\/v2\/posts\/24918\/revisions"}],"wp:featuredmedia":[{"embeddable":true,"href":"https:\/\/kulturonline.tv\/at\/wp-json\/wp\/v2\/media\/24921"}],"wp:attachment":[{"href":"https:\/\/kulturonline.tv\/at\/wp-json\/wp\/v2\/media?parent=24918"}],"wp:term":[{"taxonomy":"category","embeddable":true,"href":"https:\/\/kulturonline.tv\/at\/wp-json\/wp\/v2\/categories?post=24918"},{"taxonomy":"post_tag","embeddable":true,"href":"https:\/\/kulturonline.tv\/at\/wp-json\/wp\/v2\/tags?post=24918"}],"curies":[{"name":"wp","href":"https:\/\/api.w.org\/{rel}","templated":true}]}}