{"id":26330,"date":"2022-05-10T11:05:04","date_gmt":"2022-05-10T09:05:04","guid":{"rendered":"https:\/\/kulturonline.tv\/uncategorized\/comiczeichner-george-perez-ist-tot"},"modified":"2022-05-10T11:05:16","modified_gmt":"2022-05-10T09:05:16","slug":"comiczeichner-george-perez-ist-tot","status":"publish","type":"post","link":"https:\/\/kulturonline.tv\/at\/comiczeichner-george-perez-ist-tot\/","title":{"rendered":"Comiczeichner George P\u00e9rez ist tot"},"content":{"rendered":"\n<p><strong>Der US-amerikanische Comiczeichner George P\u00e9rez ist im Alter von 67 Jahren an den Folgen von Bauchspeicheldr\u00fcsenkrebs gestorben.<\/strong><\/p>\n\n\n\n<figure class=\"wp-block-image size-full\"><img fetchpriority=\"high\" decoding=\"async\" width=\"870\" height=\"490\" src=\"https:\/\/kulturonline.tv\/wp-content\/uploads\/2022\/05\/123-edited.jpg\" alt=\"\" class=\"wp-image-26327\" srcset=\"https:\/\/kulturonline.tv\/wp-content\/uploads\/2022\/05\/123-edited.jpg 870w, https:\/\/kulturonline.tv\/wp-content\/uploads\/2022\/05\/123-edited-600x338.jpg 600w, https:\/\/kulturonline.tv\/wp-content\/uploads\/2022\/05\/123-edited-800x451.jpg 800w, https:\/\/kulturonline.tv\/wp-content\/uploads\/2022\/05\/123-edited-768x433.jpg 768w\" sizes=\"(max-width: 870px) 100vw, 870px\" \/><\/figure>\n\n\n\n<p>Er gilt als einer der einflussreichsten Sch\u00f6pfer der Superhelden-Comics. In seiner rund f\u00fcnfzigj\u00e4hrigen Karriere hat er viele Figuren f\u00fcr Marvel und DC erschaffen. Dazu geh\u00f6rten die Avengers, Wonder Woman und die Teen Titans.<\/p>\n\n\n\n<p>Am ber\u00fchmtesten ist wohl seine Arbeit f\u00fcr die Comicbuchserie &#8222;Crisis on Infinite Earths&#8220; aus den Achtzigerjahren. Von 1987 bis 1992 hat P\u00e9rez die Serie um die Superheldin Wonder Woman neugestaltet. Seine Version gilt bis heute als einer der H\u00f6hepunkte in der \u00fcber sechzigj\u00e4hrigen Ver\u00f6ffentlichungsgeschichte des Charakters.<\/p>\n\n\n\n<p>Kultur Online TV<\/p>\n\n\n\n<p>#kunst #news #kultur<\/p>\n","protected":false},"excerpt":{"rendered":"<p>Der US-amerikanische Comiczeichner George P\u00e9rez ist im Alter von 67 Jahren an den Folgen von Bauchspeicheldr\u00fcsenkrebs gestorben. Er gilt als einer der einflussreichsten Sch\u00f6pfer der Superhelden-Comics. In seiner rund f\u00fcnfzigj\u00e4hrigen Karriere hat er viele Figuren f\u00fcr Marvel und DC erschaffen. Dazu geh\u00f6rten die Avengers, Wonder Woman und die Teen Titans. Am ber\u00fchmtesten ist wohl seine [&hellip;]<\/p>\n","protected":false},"author":2,"featured_media":26328,"comment_status":"closed","ping_status":"closed","sticky":false,"template":"","format":"standard","meta":{"_acf_changed":false,"footnotes":""},"categories":[133],"tags":[],"class_list":["post-26330","post","type-post","status-publish","format-standard","has-post-thumbnail","hentry","category-literatur"],"acf":[],"yoast_head":"<!-- This site is optimized with the Yoast SEO plugin v26.1.1 - https:\/\/yoast.com\/wordpress\/plugins\/seo\/ -->\n<title>Comiczeichner George P\u00e9rez ist tot - Kultur Online TV &amp; FM<\/title>\n<meta name=\"description\" content=\"Kultur sehen und H\u00f6ren\" \/>\n<meta name=\"robots\" content=\"index, follow, max-snippet:-1, max-image-preview:large, max-video-preview:-1\" \/>\n<link rel=\"canonical\" href=\"https:\/\/kulturonline.tv\/at\/comiczeichner-george-perez-ist-tot\/\" \/>\n<meta property=\"og:locale\" content=\"de_DE\" \/>\n<meta property=\"og:type\" content=\"article\" \/>\n<meta property=\"og:title\" content=\"Comiczeichner George P\u00e9rez ist tot - Kultur Online TV &amp; FM\" \/>\n<meta property=\"og:description\" content=\"Kultur sehen und H\u00f6ren\" \/>\n<meta property=\"og:url\" content=\"https:\/\/kulturonline.tv\/at\/comiczeichner-george-perez-ist-tot\/\" \/>\n<meta property=\"og:site_name\" content=\"Kultur Online TV &amp; FM\" \/>\n<meta property=\"article:publisher\" content=\"https:\/\/www.facebook.com\/kulturonline.tv\" \/>\n<meta property=\"article:published_time\" content=\"2022-05-10T09:05:04+00:00\" \/>\n<meta property=\"article:modified_time\" content=\"2022-05-10T09:05:16+00:00\" \/>\n<meta property=\"og:image\" content=\"https:\/\/kulturonline.tv\/wp-content\/uploads\/2022\/05\/123-edited.jpg\" \/>\n\t<meta property=\"og:image:width\" content=\"870\" \/>\n\t<meta property=\"og:image:height\" content=\"490\" \/>\n\t<meta property=\"og:image:type\" content=\"image\/jpeg\" \/>\n<meta name=\"author\" content=\"guenter.wolfgang\" \/>\n<meta name=\"twitter:card\" content=\"summary_large_image\" \/>\n<meta name=\"twitter:label1\" content=\"Verfasst von\" \/>\n\t<meta name=\"twitter:data1\" content=\"guenter.wolfgang\" \/>\n\t<meta name=\"twitter:label2\" content=\"Gesch\u00e4tzte Lesezeit\" \/>\n\t<meta name=\"twitter:data2\" content=\"1 Minute\" \/>\n<script type=\"application\/ld+json\" class=\"yoast-schema-graph\">{\"@context\":\"https:\/\/schema.org\",\"@graph\":[{\"@type\":\"Article\",\"@id\":\"https:\/\/kulturonline.tv\/at\/comiczeichner-george-perez-ist-tot\/#article\",\"isPartOf\":{\"@id\":\"https:\/\/kulturonline.tv\/at\/comiczeichner-george-perez-ist-tot\/\"},\"author\":{\"name\":\"guenter.wolfgang\",\"@id\":\"https:\/\/kulturonline.tv\/at\/#\/schema\/person\/b0fac729bb9a0c193fb1df23449df4fe\"},\"headline\":\"Comiczeichner George P\u00e9rez ist tot\",\"datePublished\":\"2022-05-10T09:05:04+00:00\",\"dateModified\":\"2022-05-10T09:05:16+00:00\",\"mainEntityOfPage\":{\"@id\":\"https:\/\/kulturonline.tv\/at\/comiczeichner-george-perez-ist-tot\/\"},\"wordCount\":118,\"publisher\":{\"@id\":\"https:\/\/kulturonline.tv\/at\/#organization\"},\"image\":{\"@id\":\"https:\/\/kulturonline.tv\/at\/comiczeichner-george-perez-ist-tot\/#primaryimage\"},\"thumbnailUrl\":\"https:\/\/kulturonline.tv\/wp-content\/uploads\/2022\/05\/123-edited.jpg\",\"articleSection\":[\"Literatur\"],\"inLanguage\":\"de-AT\"},{\"@type\":\"WebPage\",\"@id\":\"https:\/\/kulturonline.tv\/at\/comiczeichner-george-perez-ist-tot\/\",\"url\":\"https:\/\/kulturonline.tv\/at\/comiczeichner-george-perez-ist-tot\/\",\"name\":\"Comiczeichner George P\u00e9rez ist tot - Kultur Online TV &amp; FM\",\"isPartOf\":{\"@id\":\"https:\/\/kulturonline.tv\/at\/#website\"},\"primaryImageOfPage\":{\"@id\":\"https:\/\/kulturonline.tv\/at\/comiczeichner-george-perez-ist-tot\/#primaryimage\"},\"image\":{\"@id\":\"https:\/\/kulturonline.tv\/at\/comiczeichner-george-perez-ist-tot\/#primaryimage\"},\"thumbnailUrl\":\"https:\/\/kulturonline.tv\/wp-content\/uploads\/2022\/05\/123-edited.jpg\",\"datePublished\":\"2022-05-10T09:05:04+00:00\",\"dateModified\":\"2022-05-10T09:05:16+00:00\",\"description\":\"Kultur sehen und H\u00f6ren\",\"breadcrumb\":{\"@id\":\"https:\/\/kulturonline.tv\/at\/comiczeichner-george-perez-ist-tot\/#breadcrumb\"},\"inLanguage\":\"de-AT\",\"potentialAction\":[{\"@type\":\"ReadAction\",\"target\":[\"https:\/\/kulturonline.tv\/at\/comiczeichner-george-perez-ist-tot\/\"]}]},{\"@type\":\"ImageObject\",\"inLanguage\":\"de-AT\",\"@id\":\"https:\/\/kulturonline.tv\/at\/comiczeichner-george-perez-ist-tot\/#primaryimage\",\"url\":\"https:\/\/kulturonline.tv\/wp-content\/uploads\/2022\/05\/123-edited.jpg\",\"contentUrl\":\"https:\/\/kulturonline.tv\/wp-content\/uploads\/2022\/05\/123-edited.jpg\",\"width\":870,\"height\":490},{\"@type\":\"BreadcrumbList\",\"@id\":\"https:\/\/kulturonline.tv\/at\/comiczeichner-george-perez-ist-tot\/#breadcrumb\",\"itemListElement\":[{\"@type\":\"ListItem\",\"position\":1,\"name\":\"Startseite\",\"item\":\"https:\/\/kulturonline.tv\/at\/\"},{\"@type\":\"ListItem\",\"position\":2,\"name\":\"Comiczeichner George P\u00e9rez ist tot\"}]},{\"@type\":\"WebSite\",\"@id\":\"https:\/\/kulturonline.tv\/at\/#website\",\"url\":\"https:\/\/kulturonline.tv\/at\/\",\"name\":\"Kultur Online TV &amp; FM\",\"description\":\"Wir sind Kultur 2.0 zum sehen &amp; h\u00f6ren\",\"publisher\":{\"@id\":\"https:\/\/kulturonline.tv\/at\/#organization\"},\"potentialAction\":[{\"@type\":\"SearchAction\",\"target\":{\"@type\":\"EntryPoint\",\"urlTemplate\":\"https:\/\/kulturonline.tv\/at\/?s={search_term_string}\"},\"query-input\":{\"@type\":\"PropertyValueSpecification\",\"valueRequired\":true,\"valueName\":\"search_term_string\"}}],\"inLanguage\":\"de-AT\"},{\"@type\":\"Organization\",\"@id\":\"https:\/\/kulturonline.tv\/at\/#organization\",\"name\":\"Kultur Online TV\",\"url\":\"https:\/\/kulturonline.tv\/at\/\",\"logo\":{\"@type\":\"ImageObject\",\"inLanguage\":\"de-AT\",\"@id\":\"https:\/\/kulturonline.tv\/at\/#\/schema\/logo\/image\/\",\"url\":\"https:\/\/kulturonline.tv\/wp-content\/uploads\/2021\/08\/Kultur-Online-Tv-Logo-Endversion-neu.png\",\"contentUrl\":\"https:\/\/kulturonline.tv\/wp-content\/uploads\/2021\/08\/Kultur-Online-Tv-Logo-Endversion-neu.png\",\"width\":200,\"height\":200,\"caption\":\"Kultur Online TV\"},\"image\":{\"@id\":\"https:\/\/kulturonline.tv\/at\/#\/schema\/logo\/image\/\"},\"sameAs\":[\"https:\/\/www.facebook.com\/kulturonline.tv\",\"https:\/\/www.instagram.com\/kulturonline.tv\"]},{\"@type\":\"Person\",\"@id\":\"https:\/\/kulturonline.tv\/at\/#\/schema\/person\/b0fac729bb9a0c193fb1df23449df4fe\",\"name\":\"guenter.wolfgang\"}]}<\/script>\n<!-- \/ Yoast SEO plugin. -->","yoast_head_json":{"title":"Comiczeichner George P\u00e9rez ist tot - Kultur Online TV &amp; FM","description":"Kultur sehen und H\u00f6ren","robots":{"index":"index","follow":"follow","max-snippet":"max-snippet:-1","max-image-preview":"max-image-preview:large","max-video-preview":"max-video-preview:-1"},"canonical":"https:\/\/kulturonline.tv\/at\/comiczeichner-george-perez-ist-tot\/","og_locale":"de_DE","og_type":"article","og_title":"Comiczeichner George P\u00e9rez ist tot - Kultur Online TV &amp; FM","og_description":"Kultur sehen und H\u00f6ren","og_url":"https:\/\/kulturonline.tv\/at\/comiczeichner-george-perez-ist-tot\/","og_site_name":"Kultur Online TV &amp; FM","article_publisher":"https:\/\/www.facebook.com\/kulturonline.tv","article_published_time":"2022-05-10T09:05:04+00:00","article_modified_time":"2022-05-10T09:05:16+00:00","og_image":[{"width":870,"height":490,"url":"https:\/\/kulturonline.tv\/wp-content\/uploads\/2022\/05\/123-edited.jpg","type":"image\/jpeg"}],"author":"guenter.wolfgang","twitter_card":"summary_large_image","twitter_misc":{"Verfasst von":"guenter.wolfgang","Gesch\u00e4tzte Lesezeit":"1 Minute"},"schema":{"@context":"https:\/\/schema.org","@graph":[{"@type":"Article","@id":"https:\/\/kulturonline.tv\/at\/comiczeichner-george-perez-ist-tot\/#article","isPartOf":{"@id":"https:\/\/kulturonline.tv\/at\/comiczeichner-george-perez-ist-tot\/"},"author":{"name":"guenter.wolfgang","@id":"https:\/\/kulturonline.tv\/at\/#\/schema\/person\/b0fac729bb9a0c193fb1df23449df4fe"},"headline":"Comiczeichner George P\u00e9rez ist tot","datePublished":"2022-05-10T09:05:04+00:00","dateModified":"2022-05-10T09:05:16+00:00","mainEntityOfPage":{"@id":"https:\/\/kulturonline.tv\/at\/comiczeichner-george-perez-ist-tot\/"},"wordCount":118,"publisher":{"@id":"https:\/\/kulturonline.tv\/at\/#organization"},"image":{"@id":"https:\/\/kulturonline.tv\/at\/comiczeichner-george-perez-ist-tot\/#primaryimage"},"thumbnailUrl":"https:\/\/kulturonline.tv\/wp-content\/uploads\/2022\/05\/123-edited.jpg","articleSection":["Literatur"],"inLanguage":"de-AT"},{"@type":"WebPage","@id":"https:\/\/kulturonline.tv\/at\/comiczeichner-george-perez-ist-tot\/","url":"https:\/\/kulturonline.tv\/at\/comiczeichner-george-perez-ist-tot\/","name":"Comiczeichner George P\u00e9rez ist tot - Kultur Online TV &amp; FM","isPartOf":{"@id":"https:\/\/kulturonline.tv\/at\/#website"},"primaryImageOfPage":{"@id":"https:\/\/kulturonline.tv\/at\/comiczeichner-george-perez-ist-tot\/#primaryimage"},"image":{"@id":"https:\/\/kulturonline.tv\/at\/comiczeichner-george-perez-ist-tot\/#primaryimage"},"thumbnailUrl":"https:\/\/kulturonline.tv\/wp-content\/uploads\/2022\/05\/123-edited.jpg","datePublished":"2022-05-10T09:05:04+00:00","dateModified":"2022-05-10T09:05:16+00:00","description":"Kultur sehen und H\u00f6ren","breadcrumb":{"@id":"https:\/\/kulturonline.tv\/at\/comiczeichner-george-perez-ist-tot\/#breadcrumb"},"inLanguage":"de-AT","potentialAction":[{"@type":"ReadAction","target":["https:\/\/kulturonline.tv\/at\/comiczeichner-george-perez-ist-tot\/"]}]},{"@type":"ImageObject","inLanguage":"de-AT","@id":"https:\/\/kulturonline.tv\/at\/comiczeichner-george-perez-ist-tot\/#primaryimage","url":"https:\/\/kulturonline.tv\/wp-content\/uploads\/2022\/05\/123-edited.jpg","contentUrl":"https:\/\/kulturonline.tv\/wp-content\/uploads\/2022\/05\/123-edited.jpg","width":870,"height":490},{"@type":"BreadcrumbList","@id":"https:\/\/kulturonline.tv\/at\/comiczeichner-george-perez-ist-tot\/#breadcrumb","itemListElement":[{"@type":"ListItem","position":1,"name":"Startseite","item":"https:\/\/kulturonline.tv\/at\/"},{"@type":"ListItem","position":2,"name":"Comiczeichner George P\u00e9rez ist tot"}]},{"@type":"WebSite","@id":"https:\/\/kulturonline.tv\/at\/#website","url":"https:\/\/kulturonline.tv\/at\/","name":"Kultur Online TV &amp; FM","description":"Wir sind Kultur 2.0 zum sehen &amp; h\u00f6ren","publisher":{"@id":"https:\/\/kulturonline.tv\/at\/#organization"},"potentialAction":[{"@type":"SearchAction","target":{"@type":"EntryPoint","urlTemplate":"https:\/\/kulturonline.tv\/at\/?s={search_term_string}"},"query-input":{"@type":"PropertyValueSpecification","valueRequired":true,"valueName":"search_term_string"}}],"inLanguage":"de-AT"},{"@type":"Organization","@id":"https:\/\/kulturonline.tv\/at\/#organization","name":"Kultur Online TV","url":"https:\/\/kulturonline.tv\/at\/","logo":{"@type":"ImageObject","inLanguage":"de-AT","@id":"https:\/\/kulturonline.tv\/at\/#\/schema\/logo\/image\/","url":"https:\/\/kulturonline.tv\/wp-content\/uploads\/2021\/08\/Kultur-Online-Tv-Logo-Endversion-neu.png","contentUrl":"https:\/\/kulturonline.tv\/wp-content\/uploads\/2021\/08\/Kultur-Online-Tv-Logo-Endversion-neu.png","width":200,"height":200,"caption":"Kultur Online TV"},"image":{"@id":"https:\/\/kulturonline.tv\/at\/#\/schema\/logo\/image\/"},"sameAs":["https:\/\/www.facebook.com\/kulturonline.tv","https:\/\/www.instagram.com\/kulturonline.tv"]},{"@type":"Person","@id":"https:\/\/kulturonline.tv\/at\/#\/schema\/person\/b0fac729bb9a0c193fb1df23449df4fe","name":"guenter.wolfgang"}]}},"_links":{"self":[{"href":"https:\/\/kulturonline.tv\/at\/wp-json\/wp\/v2\/posts\/26330","targetHints":{"allow":["GET"]}}],"collection":[{"href":"https:\/\/kulturonline.tv\/at\/wp-json\/wp\/v2\/posts"}],"about":[{"href":"https:\/\/kulturonline.tv\/at\/wp-json\/wp\/v2\/types\/post"}],"author":[{"embeddable":true,"href":"https:\/\/kulturonline.tv\/at\/wp-json\/wp\/v2\/users\/2"}],"replies":[{"embeddable":true,"href":"https:\/\/kulturonline.tv\/at\/wp-json\/wp\/v2\/comments?post=26330"}],"version-history":[{"count":0,"href":"https:\/\/kulturonline.tv\/at\/wp-json\/wp\/v2\/posts\/26330\/revisions"}],"wp:featuredmedia":[{"embeddable":true,"href":"https:\/\/kulturonline.tv\/at\/wp-json\/wp\/v2\/media\/26328"}],"wp:attachment":[{"href":"https:\/\/kulturonline.tv\/at\/wp-json\/wp\/v2\/media?parent=26330"}],"wp:term":[{"taxonomy":"category","embeddable":true,"href":"https:\/\/kulturonline.tv\/at\/wp-json\/wp\/v2\/categories?post=26330"},{"taxonomy":"post_tag","embeddable":true,"href":"https:\/\/kulturonline.tv\/at\/wp-json\/wp\/v2\/tags?post=26330"}],"curies":[{"name":"wp","href":"https:\/\/api.w.org\/{rel}","templated":true}]}}